{"id":4338,"date":"2010-02-22T08:00:29","date_gmt":"2010-02-22T14:00:29","guid":{"rendered":"http:\/\/quechilero.com\/blog\/?p=4338"},"modified":"2010-02-22T08:00:29","modified_gmt":"2010-02-22T14:00:29","slug":"intentalo-con-calma","status":"publish","type":"post","link":"https:\/\/quechilero.com\/blog\/2010\/02\/22\/intentalo-con-calma\/","title":{"rendered":"\u00a1Int\u00e9ntalo con calma!"},"content":{"rendered":"<p>Ser\u00e9nate y podr\u00e1s enfrentar tus dificultades, ahorrar energ\u00edas y mantener la paz interior.<\/p>\n<p>Si est\u00e1s confundido por un conflicto, y no puedes ver la salida conveniente, no protestes diciendo que no sabes c\u00f3mo conseguir la calma porque tu problema es muy grave.<\/p>\n<p>La paciencia se logra pacientemente. Crea condiciones de eficacia a tu capacidad de pensar, realizando ejercicios de serenidad.<\/p>\n<p>Lograr\u00e1s \u00e9xito en tus empresas si mantienes la posesi\u00f3n de ti mismo y act\u00faas con tranquilidad, con diligencia y creatividad.<\/p>\n<p>Cuando te conviertas en una persona mentalmente organizada, tus energ\u00edas se multiplicar\u00e1n.<\/p>\n<p><strong><em>Del libro \u00ab366 Maravillosas Motivaciones\u00bb , de Tiberio L\u00f3pez Fern\u00e1ndez<\/em><\/strong><\/p>\n","protected":false},"excerpt":{"rendered":"<p>Ser\u00e9nate y podr\u00e1s enfrentar tus dificultades, ahorrar energ\u00edas y mantener la paz interior. Si est\u00e1s confundido por un conflicto, y no puedes ver la salida conveniente, no protestes diciendo que no sabes c\u00f3mo conseguir la calma porque tu problema es muy grave. La paciencia se logra pacientemente. Crea condiciones de eficacia a tu capacidad de &#8230; <a title=\"\u00a1Int\u00e9ntalo con calma!\" class=\"read-more\" href=\"https:\/\/quechilero.com\/blog\/2010\/02\/22\/intentalo-con-calma\/\" aria-label=\"Leer m\u00e1s sobre \u00a1Int\u00e9ntalo con calma!\">Leer m\u00e1s<\/a><\/p>\n","protected":false},"author":1,"featured_media":0,"comment_status":"open","ping_status":"open","sticky":false,"template":"","format":"standard","meta":{"advanced_seo_description":"","jetpack_seo_html_title":"","jetpack_seo_noindex":false,"jetpack_seo_schema_type":"","episode_type":"","audio_file":"","podmotor_file_id":"","podmotor_episode_id":"","cover_image":"","cover_image_id":"","duration":"","filesize":"","filesize_raw":"","date_recorded":"","explicit":"","block":"","_jetpack_newsletter_access":"","_jetpack_dont_email_post_to_subs":false,"_jetpack_newsletter_tier_id":0,"_jetpack_memberships_contains_paywalled_content":false,"_jetpack_feature_clip_id":0,"_jetpack_memberships_contains_paid_content":false,"footnotes":"","jetpack_publicize_message":"","jetpack_publicize_feature_enabled":true,"jetpack_social_post_already_shared":false,"jetpack_social_options":{"image_generator_settings":{"template":"highway","default_image_id":0,"font":"","enabled":false},"version":2},"jetpack_post_was_ever_published":false},"categories":[2],"tags":[71,72,60,40,21,24],"series":[],"class_list":["post-4338","post","type-post","status-publish","format-standard","hentry","category-limones","tag-energia","tag-libro","tag-paciencia","tag-paz","tag-problema","tag-vida"],"episode_featured_image":false,"episode_player_image":"https:\/\/i0.wp.com\/quechilero.com\/blog\/imagenes\/podcast.png?fit=1831%2C1831&ssl=1","download_link":"","player_link":"","audio_player":false,"episode_data":{"playerMode":"dark","subscribeUrls":{"amazon":{"key":"amazon","url":"","label":"Amazon","class":"amazon","icon":"amazon.png"},"apple_podcasts":{"key":"apple_podcasts","url":"","label":"Apple Podcasts","class":"apple_podcasts","icon":"apple-podcasts.png"},"castbox":{"key":"castbox","url":"","label":"CastBox","class":"castbox","icon":"castbox.png"},"deezer":{"key":"deezer","url":"","label":"Deezer","class":"deezer","icon":"deezer.png"},"google_podcasts":{"key":"google_podcasts","url":"","label":"Google Podcasts","class":"google_podcasts","icon":"google-podcasts.png"},"listen_notes":{"key":"listen_notes","url":"","label":"Listen Notes","class":"listen_notes","icon":"listen-notes.png"},"pandora":{"key":"pandora","url":"","label":"Pandora","class":"pandora","icon":"pandora.png"},"podbean":{"key":"podbean","url":"","label":"Podbean","class":"podbean","icon":"podbean.png"},"podcast_republic":{"key":"podcast_republic","url":"","label":"Podcast Republic","class":"podcast_republic","icon":"podcast-republic.png"},"rss":{"key":"rss","url":"","label":"RSS","class":"rss","icon":"rss.png"},"spotify":{"key":"spotify","url":"","label":"Spotify","class":"spotify","icon":"spotify.png"},"stitcher":{"key":"stitcher","url":"","label":"Stitcher","class":"stitcher","icon":"stitcher.png"},"tunein":{"key":"tunein","url":"","label":"TuneIn","class":"tunein","icon":"tunein.png"},"youtube":{"key":"youtube","url":"","label":"YouTube","class":"youtube","icon":"youtube.png"},"iheartradio":{"key":"iheartradio","url":"","label":"iHeartRadio","class":"iheartradio","icon":"iheartradio.png"},"ivoox":{"key":"ivoox","url":"","label":"iVoox","class":"ivoox","icon":"ivoox.png"}},"rssFeedUrl":"https:\/\/quechilero.com\/blog\/feed\/podcast\/si-la-vida-nos-da-limones","embedCode":"<blockquote class=\"wp-embedded-content\" data-secret=\"8RKG62JAGb\"><a href=\"https:\/\/quechilero.com\/blog\/2010\/02\/22\/intentalo-con-calma\/\">\u00a1Int\u00e9ntalo con calma!<\/a><\/blockquote><iframe sandbox=\"allow-scripts\" security=\"restricted\" src=\"https:\/\/quechilero.com\/blog\/2010\/02\/22\/intentalo-con-calma\/embed\/#?secret=8RKG62JAGb\" width=\"500\" height=\"350\" title=\"\u00ab\u00a1Int\u00e9ntalo con calma!\u00bb \u2014 Si la Vida nos da Limones...\" data-secret=\"8RKG62JAGb\" frameborder=\"0\" marginwidth=\"0\" marginheight=\"0\" scrolling=\"no\" class=\"wp-embedded-content\"><\/iframe><script>\n\/*! This file is auto-generated *\/\n!function(d,l){\"use strict\";l.querySelector&&d.addEventListener&&\"undefined\"!=typeof URL&&(d.wp=d.wp||{},d.wp.receiveEmbedMessage||(d.wp.receiveEmbedMessage=function(e){var t=e.data;if((t||t.secret||t.message||t.value)&&!\/[^a-zA-Z0-9]\/.test(t.secret)){for(var s,r,n,a=l.querySelectorAll('iframe[data-secret=\"'+t.secret+'\"]'),o=l.querySelectorAll('blockquote[data-secret=\"'+t.secret+'\"]'),c=new RegExp(\"^https?:$\",\"i\"),i=0;i<o.length;i++)o[i].style.display=\"none\";for(i=0;i<a.length;i++)s=a[i],e.source===s.contentWindow&&(s.removeAttribute(\"style\"),\"height\"===t.message?(1e3<(r=parseInt(t.value,10))?r=1e3:~~r<200&&(r=200),s.height=r):\"link\"===t.message&&(r=new URL(s.getAttribute(\"src\")),n=new URL(t.value),c.test(n.protocol))&&n.host===r.host&&l.activeElement===s&&(d.top.location.href=t.value))}},d.addEventListener(\"message\",d.wp.receiveEmbedMessage,!1),l.addEventListener(\"DOMContentLoaded\",function(){for(var e,t,s=l.querySelectorAll(\"iframe.wp-embedded-content\"),r=0;r<s.length;r++)(t=(e=s[r]).getAttribute(\"data-secret\"))||(t=Math.random().toString(36).substring(2,12),e.src+=\"#?secret=\"+t,e.setAttribute(\"data-secret\",t)),e.contentWindow.postMessage({message:\"ready\",secret:t},\"*\")},!1)))}(window,document);\n\/\/# sourceURL=https:\/\/quechilero.com\/blog\/wp-includes\/js\/wp-embed.min.js\n<\/script>\n"},"jetpack_publicize_connections":[],"jetpack_shortlink":"https:\/\/wp.me\/pDKli-17Y","jetpack_sharing_enabled":true,"jetpack-related-posts":[{"id":17897,"url":"https:\/\/quechilero.com\/blog\/2014\/06\/14\/violencia-domestica-que-haces-tu\/","url_meta":{"origin":4338,"position":0},"title":"Violencia dom\u00e9stica \u00bfque haces tu?","author":"Pepe Barrascout Ortiz","date":"14 junio 2014","format":false,"excerpt":"https:\/\/youtu.be\/VU5LAslbcts Esta historia es una dramatizaci\u00f3n de una acci\u00f3n que es mas com\u00fan de lo que parece, lamentablemente. La veo y no deja de incomodar pero a la vez agradecer que realmente no sucedi\u00f3 as\u00ed. Sin embargo, es m\u00e1s real de lo que crees, \u2013 una mujer es golpeada por\u2026","rel":"","context":"En \u00abVideoBlog\u00bb","block_context":{"text":"VideoBlog","link":"https:\/\/quechilero.com\/blog\/category\/videoblog\/"},"img":{"alt_text":"","src":"https:\/\/i0.wp.com\/img.youtube.com\/vi\/VU5LAslbcts\/0.jpg?resize=350%2C200","width":350,"height":200},"classes":[]},{"id":5998,"url":"https:\/\/quechilero.com\/blog\/2010\/11\/15\/como-superar-un-mal-momento\/","url_meta":{"origin":4338,"position":1},"title":"Como superar un mal momento","author":"Pepe Barrascout Ortiz","date":"15 noviembre 2010","format":false,"excerpt":"Cuando pasas por un mal momento, seguramente te sentiste mal emocionalmente hablando, te pones triste, deprimido y no sabes qu\u00e9 hacer. No te preocupes, presta atenci\u00f3n aqu\u00ed te doy tres tips de c\u00f3mo cambiar ese estado de \u00e1nimo y salir de ese pozo tan oscuro en el cual no encuentras\u2026","rel":"","context":"En \u00abLimones\u00bb","block_context":{"text":"Limones","link":"https:\/\/quechilero.com\/blog\/category\/limones\/"},"img":{"alt_text":"","src":"","width":0,"height":0},"classes":[]},{"id":2492,"url":"https:\/\/quechilero.com\/blog\/2009\/05\/06\/tenha-a-leveza-dos-passaros\/","url_meta":{"origin":4338,"position":2},"title":"Tenha a leveza dos p\u00e1ssaros","author":"Pepe Barrascout Ortiz","date":"6 mayo 2009","format":false,"excerpt":"\u201cApesar de todas indiferen\u00e7as, n\u00e3o guardo rancor e jamais guardarei e continuarei amando o meu pr\u00f3ximo como sempre. Amei\u201d. N\u00e3o temas as fantasias nem os desejos mais profundos. A melhor express\u00e3o da energia do amor e da confian\u00e7a em qualquer rela\u00e7\u00e3o \u00e9 quando se pode falar e demonstrar tudo o\u2026","rel":"","context":"En \u00abLimones\u00bb","block_context":{"text":"Limones","link":"https:\/\/quechilero.com\/blog\/category\/limones\/"},"img":{"alt_text":"","src":"","width":0,"height":0},"classes":[]},{"id":4978,"url":"https:\/\/quechilero.com\/blog\/2010\/06\/20\/el-estres-es-destructivo\/","url_meta":{"origin":4338,"position":3},"title":"El estr\u00e9s es destructivo","author":"Pepe Barrascout Ortiz","date":"20 junio 2010","format":false,"excerpt":"Sufren estr\u00e9s quienes no saben atender, con calma, las exigencias de su trabajo; quienes se dejan apabullar por los conflictos de su hogar; quienes se sobrecargan de compromisos escolares, laborales y sociales. Los efectos de esta dolencia son trastornos cardiovasculares, alteraciones de la presi\u00f3n arterial, mal humor y \u00falceras estomacales,\u2026","rel":"","context":"En \u00abLimones\u00bb","block_context":{"text":"Limones","link":"https:\/\/quechilero.com\/blog\/category\/limones\/"},"img":{"alt_text":"","src":"","width":0,"height":0},"classes":[]},{"id":14891,"url":"https:\/\/quechilero.com\/blog\/2012\/10\/26\/el-labrador-y-sus-hijos-2\/","url_meta":{"origin":4338,"position":4},"title":"El Labrador y sus Hijos","author":"Pepe Barrascout Ortiz","date":"26 octubre 2012","format":false,"excerpt":"Un labrador anciano ten\u00eda varios hijos j\u00f3venes que se llevaban mal entre s\u00ed, peleaban constantemente. Un d\u00eda les congreg\u00f3 a todos y mand\u00f3 traer unas cu\u00e1ntas varas, las coloc\u00f3 todas juntas e hizo un haz con ellas, les pregunt\u00f3 cu\u00e1l de ellos se atrev\u00eda a romperlo. Uno tras otro todos\u2026","rel":"","context":"En \u00abLimones\u00bb","block_context":{"text":"Limones","link":"https:\/\/quechilero.com\/blog\/category\/limones\/"},"img":{"alt_text":"","src":"","width":0,"height":0},"classes":[]},{"id":24260,"url":"https:\/\/quechilero.com\/blog\/2011\/12\/22\/podcast-las-6-de-la-manana-episodio-435\/","url_meta":{"origin":4338,"position":5},"title":"Podcast: Las 6 de la ma\u00f1ana, episodio 435","author":"Pepe Barrascout Ortiz","date":"22 diciembre 2011","format":false,"excerpt":"Bienvenidos al cuadringent\u00e9simo trig\u00e9simo quinto episodio de\u00a0\u201cLas \u00a06 de la ma\u00f1ana\u201d, un podcast que trae 6 canciones, para que iniciemos el d\u00eda, de forma positiva y con \u00e1nimo. El listado para hoy es: Artista \/ Tema 01 - FAMILIA REGGAE - ayudame senior 02 - Sundayers - Que Paciencia! 03\u2026","rel":"","context":"En \u00abLas 6 de la ma\u00f1ana\u00bb","block_context":{"text":"Las 6 de la ma\u00f1ana","link":"https:\/\/quechilero.com\/blog\/category\/podcast\/las-6-de-la-manana\/"},"img":{"alt_text":"","src":"https:\/\/i0.wp.com\/quechilero.com\/blog\/imagenes\/las6am.jpg?fit=620%2C350&ssl=1&resize=350%2C200","width":350,"height":200,"srcset":"https:\/\/i0.wp.com\/quechilero.com\/blog\/imagenes\/las6am.jpg?fit=620%2C350&ssl=1&resize=350%2C200 1x, https:\/\/i0.wp.com\/quechilero.com\/blog\/imagenes\/las6am.jpg?fit=620%2C350&ssl=1&resize=525%2C300 1.5x"},"classes":[]}],"jetpack_featured_media_url":"","_links":{"self":[{"href":"https:\/\/quechilero.com\/blog\/wp-json\/wp\/v2\/posts\/4338","targetHints":{"allow":["GET"]}}],"collection":[{"href":"https:\/\/quechilero.com\/blog\/wp-json\/wp\/v2\/posts"}],"about":[{"href":"https:\/\/quechilero.com\/blog\/wp-json\/wp\/v2\/types\/post"}],"author":[{"embeddable":true,"href":"https:\/\/quechilero.com\/blog\/wp-json\/wp\/v2\/users\/1"}],"replies":[{"embeddable":true,"href":"https:\/\/quechilero.com\/blog\/wp-json\/wp\/v2\/comments?post=4338"}],"version-history":[{"count":0,"href":"https:\/\/quechilero.com\/blog\/wp-json\/wp\/v2\/posts\/4338\/revisions"}],"wp:attachment":[{"href":"https:\/\/quechilero.com\/blog\/wp-json\/wp\/v2\/media?parent=4338"}],"wp:term":[{"taxonomy":"category","embeddable":true,"href":"https:\/\/quechilero.com\/blog\/wp-json\/wp\/v2\/categories?post=4338"},{"taxonomy":"post_tag","embeddable":true,"href":"https:\/\/quechilero.com\/blog\/wp-json\/wp\/v2\/tags?post=4338"},{"taxonomy":"series","embeddable":true,"href":"https:\/\/quechilero.com\/blog\/wp-json\/wp\/v2\/series?post=4338"}],"curies":[{"name":"wp","href":"https:\/\/api.w.org\/{rel}","templated":true}]}}