{"id":4336,"date":"2010-02-21T08:00:20","date_gmt":"2010-02-21T14:00:20","guid":{"rendered":"http:\/\/quechilero.com\/blog\/?p=4336"},"modified":"2010-02-21T08:00:20","modified_gmt":"2010-02-21T14:00:20","slug":"eres-mi-vida","status":"publish","type":"post","link":"https:\/\/quechilero.com\/blog\/2010\/02\/21\/eres-mi-vida\/","title":{"rendered":"Eres mi vida"},"content":{"rendered":"<p>Hab\u00eda un ni\u00f1o de la India que fue enviado por sus padres a un internado. Antes de ser enviado, este muchacho fue el alumno m\u00e1s brillante de su clase. Era el primero en todo. \u00c9l era un campe\u00f3n.<\/p>\n<p>Pero el muchacho cambi\u00f3 despu\u00e9s de salir de casa. Sus notas empezaron a desmejorar. Odiaba estar en el grupo. Estaba solo todo el tiempo. Hubo momentos tan oscuros que hasta pensaba en el suicidio. Todo esto porque se sent\u00eda in\u00fatil y que nadie lo amaba.<\/p>\n<p>Sus padres comenzaron a preocuparse, pero incluso ellos no sab\u00edan lo que estaba mal con \u00e9l. As\u00ed que su pap\u00e1 decidi\u00f3 viajar a la escuela y hablar con \u00e9l.<\/p>\n<p>Se sentaron en la orilla del lago, cerca de la escuela. El padre comenz\u00f3 haci\u00e9ndole preguntas ocasionales acerca de sus clases, los profesores y los deportes. Despu\u00e9s de un tiempo, su padre dijo: <em>\u00ab\u00bfSabes hijo, la raz\u00f3n por la que estoy aqu\u00ed hoy?\u00bb<\/em><\/p>\n<p>El joven contest\u00f3: <em>\u00ab\u00bfPara comprobar mis calificaciones? \u00ab<\/em><\/p>\n<p><em>\u00abNo, no&#8230;\u00bb<\/em>, respondi\u00f3 su padre. <em>\u00abEstoy aqu\u00ed para decirte que eres la persona m\u00e1s importante para m\u00ed. Quiero verte feliz. A m\u00ed no me importan las calificaciones. Me importas t\u00fa, me preocupo por ti y me importa tu Felicidad. ERES MI VIDA.\u00bb<\/em><\/p>\n<p>Estas palabras causaron que los ojos del muchacho de se llenaran de l\u00e1grimas. Abraz\u00f3 a su pap\u00e1 y se mantuvieron en silencio por un largo tiempo. No hab\u00eda nada m\u00e1s que decir.<\/p>\n<p>Ahora el muchacho ten\u00eda todo lo que quer\u00eda. Sab\u00eda que alguien en esta tierra se preocupaba por \u00e9l y le amaba profundamente. Significaba el Mundo para alguien.<\/p>\n<p>Hoy este joven est\u00e1 en la universidad y es el mejor de su clase. Nadie le ha visto triste jam\u00e1s.<\/p>\n<p>Muchas gracias pap\u00e1. T\u00fa tambi\u00e9n eres es mi vida&#8230;<\/p>\n<p><strong><em>Viraj Bhandare<\/em><\/strong><\/p>\n","protected":false},"excerpt":{"rendered":"<p>Hab\u00eda un ni\u00f1o de la India que fue enviado por sus padres a un internado. Antes de ser enviado, este muchacho fue el alumno m\u00e1s brillante de su clase. Era el primero en todo. \u00c9l era un campe\u00f3n. Pero el muchacho cambi\u00f3 despu\u00e9s de salir de casa. Sus notas empezaron a desmejorar. Odiaba estar en &#8230; <a title=\"Eres mi vida\" class=\"read-more\" href=\"https:\/\/quechilero.com\/blog\/2010\/02\/21\/eres-mi-vida\/\" aria-label=\"Leer m\u00e1s sobre Eres mi vida\">Leer m\u00e1s<\/a><\/p>\n","protected":false},"author":1,"featured_media":0,"comment_status":"open","ping_status":"open","sticky":false,"template":"","format":"standard","meta":{"advanced_seo_description":"","jetpack_seo_html_title":"","jetpack_seo_noindex":false,"jetpack_seo_schema_type":"","episode_type":"","audio_file":"","podmotor_file_id":"","podmotor_episode_id":"","cover_image":"","cover_image_id":"","duration":"","filesize":"","filesize_raw":"","date_recorded":"","explicit":"","block":"","_jetpack_newsletter_access":"","_jetpack_dont_email_post_to_subs":false,"_jetpack_newsletter_tier_id":0,"_jetpack_memberships_contains_paywalled_content":false,"_jetpack_feature_clip_id":0,"_jetpack_memberships_contains_paid_content":false,"footnotes":"","jetpack_publicize_message":"","jetpack_publicize_feature_enabled":true,"jetpack_social_post_already_shared":false,"jetpack_social_options":{"image_generator_settings":{"template":"highway","default_image_id":0,"font":"","enabled":false},"version":2},"jetpack_post_was_ever_published":false},"categories":[2],"tags":[46,42,5,24],"series":[],"class_list":["post-4336","post","type-post","status-publish","format-standard","hentry","category-limones","tag-feliz","tag-palabra","tag-tiempo","tag-vida"],"episode_featured_image":false,"episode_player_image":"https:\/\/i0.wp.com\/quechilero.com\/blog\/imagenes\/podcast.png?fit=1831%2C1831&ssl=1","download_link":"","player_link":"","audio_player":false,"episode_data":{"playerMode":"dark","subscribeUrls":{"amazon":{"key":"amazon","url":"","label":"Amazon","class":"amazon","icon":"amazon.png"},"apple_podcasts":{"key":"apple_podcasts","url":"","label":"Apple Podcasts","class":"apple_podcasts","icon":"apple-podcasts.png"},"castbox":{"key":"castbox","url":"","label":"CastBox","class":"castbox","icon":"castbox.png"},"deezer":{"key":"deezer","url":"","label":"Deezer","class":"deezer","icon":"deezer.png"},"google_podcasts":{"key":"google_podcasts","url":"","label":"Google Podcasts","class":"google_podcasts","icon":"google-podcasts.png"},"listen_notes":{"key":"listen_notes","url":"","label":"Listen Notes","class":"listen_notes","icon":"listen-notes.png"},"pandora":{"key":"pandora","url":"","label":"Pandora","class":"pandora","icon":"pandora.png"},"podbean":{"key":"podbean","url":"","label":"Podbean","class":"podbean","icon":"podbean.png"},"podcast_republic":{"key":"podcast_republic","url":"","label":"Podcast Republic","class":"podcast_republic","icon":"podcast-republic.png"},"rss":{"key":"rss","url":"","label":"RSS","class":"rss","icon":"rss.png"},"spotify":{"key":"spotify","url":"","label":"Spotify","class":"spotify","icon":"spotify.png"},"stitcher":{"key":"stitcher","url":"","label":"Stitcher","class":"stitcher","icon":"stitcher.png"},"tunein":{"key":"tunein","url":"","label":"TuneIn","class":"tunein","icon":"tunein.png"},"youtube":{"key":"youtube","url":"","label":"YouTube","class":"youtube","icon":"youtube.png"},"iheartradio":{"key":"iheartradio","url":"","label":"iHeartRadio","class":"iheartradio","icon":"iheartradio.png"},"ivoox":{"key":"ivoox","url":"","label":"iVoox","class":"ivoox","icon":"ivoox.png"}},"rssFeedUrl":"https:\/\/quechilero.com\/blog\/feed\/podcast\/si-la-vida-nos-da-limones","embedCode":"<blockquote class=\"wp-embedded-content\" data-secret=\"wTi0NXZZKm\"><a href=\"https:\/\/quechilero.com\/blog\/2010\/02\/21\/eres-mi-vida\/\">Eres mi vida<\/a><\/blockquote><iframe sandbox=\"allow-scripts\" security=\"restricted\" src=\"https:\/\/quechilero.com\/blog\/2010\/02\/21\/eres-mi-vida\/embed\/#?secret=wTi0NXZZKm\" width=\"500\" height=\"350\" title=\"\u00abEres mi vida\u00bb \u2014 Si la Vida nos da Limones...\" data-secret=\"wTi0NXZZKm\" frameborder=\"0\" marginwidth=\"0\" marginheight=\"0\" scrolling=\"no\" class=\"wp-embedded-content\"><\/iframe><script>\n\/*! This file is auto-generated *\/\n!function(d,l){\"use strict\";l.querySelector&&d.addEventListener&&\"undefined\"!=typeof URL&&(d.wp=d.wp||{},d.wp.receiveEmbedMessage||(d.wp.receiveEmbedMessage=function(e){var t=e.data;if((t||t.secret||t.message||t.value)&&!\/[^a-zA-Z0-9]\/.test(t.secret)){for(var s,r,n,a=l.querySelectorAll('iframe[data-secret=\"'+t.secret+'\"]'),o=l.querySelectorAll('blockquote[data-secret=\"'+t.secret+'\"]'),c=new RegExp(\"^https?:$\",\"i\"),i=0;i<o.length;i++)o[i].style.display=\"none\";for(i=0;i<a.length;i++)s=a[i],e.source===s.contentWindow&&(s.removeAttribute(\"style\"),\"height\"===t.message?(1e3<(r=parseInt(t.value,10))?r=1e3:~~r<200&&(r=200),s.height=r):\"link\"===t.message&&(r=new URL(s.getAttribute(\"src\")),n=new URL(t.value),c.test(n.protocol))&&n.host===r.host&&l.activeElement===s&&(d.top.location.href=t.value))}},d.addEventListener(\"message\",d.wp.receiveEmbedMessage,!1),l.addEventListener(\"DOMContentLoaded\",function(){for(var e,t,s=l.querySelectorAll(\"iframe.wp-embedded-content\"),r=0;r<s.length;r++)(t=(e=s[r]).getAttribute(\"data-secret\"))||(t=Math.random().toString(36).substring(2,12),e.src+=\"#?secret=\"+t,e.setAttribute(\"data-secret\",t)),e.contentWindow.postMessage({message:\"ready\",secret:t},\"*\")},!1)))}(window,document);\n\/\/# sourceURL=https:\/\/quechilero.com\/blog\/wp-includes\/js\/wp-embed.min.js\n<\/script>\n"},"jetpack_publicize_connections":[],"jetpack_shortlink":"https:\/\/wp.me\/pDKli-17W","jetpack_sharing_enabled":true,"jetpack-related-posts":[{"id":14621,"url":"https:\/\/quechilero.com\/blog\/2012\/10\/05\/los-maestros-mas-importantes\/","url_meta":{"origin":4336,"position":0},"title":"Los maestros m\u00e1s importantes","author":"Pepe Barrascout Ortiz","date":"5 octubre 2012","format":false,"excerpt":"Nos encontr\u00e1bamos en la clase de cuarto grado de la se\u00f1orita Tacy, repasando las tablas de multiplicaci\u00f3n, cuando levant\u00e9 la vista y vi que mi padre entraba al sal\u00f3n de clase. \"Se\u00f1orita Tacy,\" escuch\u00e9 a mi padre decir, \"pienso salir de viaje ma\u00f1ana, y me voy a llevar a John\u2026","rel":"","context":"En \u00abLimones\u00bb","block_context":{"text":"Limones","link":"https:\/\/quechilero.com\/blog\/category\/limones\/"},"img":{"alt_text":"","src":"","width":0,"height":0},"classes":[]},{"id":5478,"url":"https:\/\/quechilero.com\/blog\/2010\/08\/29\/el-sonambulo\/","url_meta":{"origin":4336,"position":1},"title":"El son\u00e1mbulo","author":"Pepe Barrascout Ortiz","date":"29 agosto 2010","format":false,"excerpt":"Cierto d\u00eda naci\u00f3 un ni\u00f1o inmaculado y puro, pero era son\u00e1mbulo. Cuando se dorm\u00eda, se levantaba, caminaba sobre el alero de las casas y se introduc\u00eda en las habitaciones de los durmientes. Sus padres, viendo la incapacidad del muchacho, decidieron internarlo en un prestigioso centro que hab\u00eda en la ciudad.\u2026","rel":"","context":"En \u00abLimones\u00bb","block_context":{"text":"Limones","link":"https:\/\/quechilero.com\/blog\/category\/limones\/"},"img":{"alt_text":"","src":"","width":0,"height":0},"classes":[]},{"id":14381,"url":"https:\/\/quechilero.com\/blog\/2012\/08\/27\/espigas\/","url_meta":{"origin":4336,"position":2},"title":"Espigas","author":"Pepe Barrascout Ortiz","date":"27 agosto 2012","format":false,"excerpt":"Enviado al campo para ver si estaba ya a punto para ser segado, el muchacho volvi\u00f3 a su padre y le dijo: - Me parece que la cosecha ser\u00e1 muy pobre, padre m\u00edo. - \u00bfPor qu\u00e9? -le pregunt\u00f3 \u00e9ste. - Porque he notado que la mayor parte de las espigas\u2026","rel":"","context":"En \u00abLimones\u00bb","block_context":{"text":"Limones","link":"https:\/\/quechilero.com\/blog\/category\/limones\/"},"img":{"alt_text":"","src":"","width":0,"height":0},"classes":[]},{"id":16737,"url":"https:\/\/quechilero.com\/blog\/2013\/06\/01\/hoy-%ef%bb%bfdire-gracias-por-todo-papa\/","url_meta":{"origin":4336,"position":3},"title":"Hoy&#8230; \ufeffDir\u00e9 gracias por todo Pap\u00e1","author":"Pepe Barrascout Ortiz","date":"1 junio 2013","format":false,"excerpt":"En medio de fuerzas y acontecimientos demasiado grandes para que nosotros solos forcejeemos con ellos, se nos presenta un mensaje intimidante de aislamiento. Empeque\u00f1ecidos frente al tama\u00f1o del universo, la incertidumbre del futuro, las necesidades de comida y amistad, somos como ese estudiante de primer a\u00f1o de bachillerato que acaba\u2026","rel":"","context":"En \u00abLimones\u00bb","block_context":{"text":"Limones","link":"https:\/\/quechilero.com\/blog\/category\/limones\/"},"img":{"alt_text":"","src":"","width":0,"height":0},"classes":[]},{"id":878,"url":"https:\/\/quechilero.com\/blog\/2008\/02\/23\/cuaresma-evangelio-23-feb-08\/","url_meta":{"origin":4336,"position":4},"title":"Cuaresma &#8211; Evangelio 23 feb 08","author":"Pepe Barrascout Ortiz","date":"23 febrero 2008","format":false,"excerpt":"Evangelio seg\u00fan San Lucas 15,1-3.11-32. Todos los publicanos y pecadores se acercaban a Jes\u00fas para escucharlo. Los fariseos y los escribas murmuraban, diciendo: \"Este hombre recibe a los pecadores y come con ellos\". Jes\u00fas les dijo entonces esta par\u00e1bola: Jes\u00fas dijo tambi\u00e9n: \"Un hombre ten\u00eda dos hijos. El menor de\u2026","rel":"","context":"En \u00abLimones\u00bb","block_context":{"text":"Limones","link":"https:\/\/quechilero.com\/blog\/category\/limones\/"},"img":{"alt_text":"","src":"","width":0,"height":0},"classes":[]},{"id":1026,"url":"https:\/\/quechilero.com\/blog\/2008\/07\/21\/querer-es-poder\/","url_meta":{"origin":4336,"position":5},"title":"Querer es poder","author":"Pepe Barrascout Ortiz","date":"21 julio 2008","format":false,"excerpt":"La oficina de reclutamiento del ej\u00e9rcito de Bombay, recibi\u00f3 una carta de tres muchachos entre los 10 y 13 a\u00f1os, en la que preguntaban si hab\u00eda alg\u00fan medio por el cual ellos pudieran ayudar a su pa\u00eds. Los ni\u00f1os, que eran hermanos, estaban \"casi seguros que eran demasiado peque\u00f1os, pero...\",\u2026","rel":"","context":"En \u00abLimones\u00bb","block_context":{"text":"Limones","link":"https:\/\/quechilero.com\/blog\/category\/limones\/"},"img":{"alt_text":"","src":"","width":0,"height":0},"classes":[]}],"jetpack_featured_media_url":"","_links":{"self":[{"href":"https:\/\/quechilero.com\/blog\/wp-json\/wp\/v2\/posts\/4336","targetHints":{"allow":["GET"]}}],"collection":[{"href":"https:\/\/quechilero.com\/blog\/wp-json\/wp\/v2\/posts"}],"about":[{"href":"https:\/\/quechilero.com\/blog\/wp-json\/wp\/v2\/types\/post"}],"author":[{"embeddable":true,"href":"https:\/\/quechilero.com\/blog\/wp-json\/wp\/v2\/users\/1"}],"replies":[{"embeddable":true,"href":"https:\/\/quechilero.com\/blog\/wp-json\/wp\/v2\/comments?post=4336"}],"version-history":[{"count":0,"href":"https:\/\/quechilero.com\/blog\/wp-json\/wp\/v2\/posts\/4336\/revisions"}],"wp:attachment":[{"href":"https:\/\/quechilero.com\/blog\/wp-json\/wp\/v2\/media?parent=4336"}],"wp:term":[{"taxonomy":"category","embeddable":true,"href":"https:\/\/quechilero.com\/blog\/wp-json\/wp\/v2\/categories?post=4336"},{"taxonomy":"post_tag","embeddable":true,"href":"https:\/\/quechilero.com\/blog\/wp-json\/wp\/v2\/tags?post=4336"},{"taxonomy":"series","embeddable":true,"href":"https:\/\/quechilero.com\/blog\/wp-json\/wp\/v2\/series?post=4336"}],"curies":[{"name":"wp","href":"https:\/\/api.w.org\/{rel}","templated":true}]}}