{"id":4334,"date":"2010-02-20T08:00:14","date_gmt":"2010-02-20T14:00:14","guid":{"rendered":"http:\/\/quechilero.com\/blog\/?p=4334"},"modified":"2010-02-20T08:00:14","modified_gmt":"2010-02-20T14:00:14","slug":"no-saludo-a-su-padre","status":"publish","type":"post","link":"https:\/\/quechilero.com\/blog\/2010\/02\/20\/no-saludo-a-su-padre\/","title":{"rendered":"No salud\u00f3 a su Padre"},"content":{"rendered":"<p>Una ma\u00f1ana, relata Nayda N\u00fa\u00f1ez, mientras me preparaba para ir a la monta\u00f1a a visitar unas amigas, el viejo Jos\u00e9 me pidi\u00f3 que lo llevara a ver su hija. Hab\u00eda tenido una reca\u00edda pues padece de epilepsia y tem\u00eda morir sin verla. Jos\u00e9 lleva en el Hogar seis a\u00f1os abandonado por sus hijos.<\/p>\n<p>Como es natural, lo acompa\u00f1\u00e9. Aunque yo no sab\u00eda para d\u00f3nde iba, \u00e9l s\u00ed conoc\u00eda el camino. Despu\u00e9s de dar muchas vueltas llegamos a la casa. \u00c9l mismo, con manos temblorosas, toc\u00f3 la puerta, y mientras esper\u00e1bamos que se abriera yo le preguntaba con insistencia: <em>\u00ab\u00bfEst\u00e1 seguro que es aqu\u00ed?\u00bb<\/em>. El repet\u00eda constantemente: <em>\u00abElla vive aqu\u00ed. Yo s\u00e9 que est\u00e1 aqu\u00ed.\u00bb<\/em><\/p>\n<p>Despu\u00e9s de un largo rato de espera, se abri\u00f3 la puerta y apareci\u00f3 un hombre con ojos so\u00f1olientos. Le pregunt\u00e9 si conoc\u00eda a don Jos\u00e9 y mi sorpresa fue cuando me dijo: <em>\u00ab\u00c9l es mi pap\u00e1\u00bb.<\/em> Lo mir\u00e9 fijamente y s\u00f3lo le pude decir: <em>\u00ab\u00bfNo saludas a tu padre? Yo no sab\u00eda que exist\u00edas, pues este hombre que dices es tu padre lleva seis a\u00f1os en el Hogar y ni siquiera cooperas con una visita.\u00bb<\/em><\/p>\n<p>El hombre baj\u00f3 la cabeza y no dijo nada. Don Jos\u00e9 se le acerc\u00f3 y lo abraz\u00f3.<\/p>\n<p>Este gesto me hizo comprender que el amor de padre es parecido al Amor de Dios. Es un amor que no conoce el rencor ni toma en cuenta las veces en que nos alejamos de \u00e9l.<\/p>\n","protected":false},"excerpt":{"rendered":"<p>Una ma\u00f1ana, relata Nayda N\u00fa\u00f1ez, mientras me preparaba para ir a la monta\u00f1a a visitar unas amigas, el viejo Jos\u00e9 me pidi\u00f3 que lo llevara a ver su hija. Hab\u00eda tenido una reca\u00edda pues padece de epilepsia y tem\u00eda morir sin verla. Jos\u00e9 lleva en el Hogar seis a\u00f1os abandonado por sus hijos. Como es &#8230; <a title=\"No salud\u00f3 a su Padre\" class=\"read-more\" href=\"https:\/\/quechilero.com\/blog\/2010\/02\/20\/no-saludo-a-su-padre\/\" aria-label=\"Leer m\u00e1s sobre No salud\u00f3 a su Padre\">Leer m\u00e1s<\/a><\/p>\n","protected":false},"author":1,"featured_media":0,"comment_status":"open","ping_status":"open","sticky":false,"template":"","format":"standard","meta":{"advanced_seo_description":"","jetpack_seo_html_title":"","jetpack_seo_noindex":false,"jetpack_seo_schema_type":"","episode_type":"","audio_file":"","podmotor_file_id":"","podmotor_episode_id":"","cover_image":"","cover_image_id":"","duration":"","filesize":"","filesize_raw":"","date_recorded":"","explicit":"","block":"","_jetpack_newsletter_access":"","_jetpack_dont_email_post_to_subs":false,"_jetpack_newsletter_tier_id":0,"_jetpack_memberships_contains_paywalled_content":false,"_jetpack_feature_clip_id":0,"_jetpack_memberships_contains_paid_content":false,"footnotes":"","jetpack_publicize_message":"","jetpack_publicize_feature_enabled":true,"jetpack_social_post_already_shared":false,"jetpack_social_options":{"image_generator_settings":{"template":"highway","default_image_id":0,"font":"","enabled":false},"version":2},"jetpack_post_was_ever_published":false},"categories":[2],"tags":[15,51,18],"series":[],"class_list":["post-4334","post","type-post","status-publish","format-standard","hentry","category-limones","tag-amor","tag-dios","tag-hombre"],"episode_featured_image":false,"episode_player_image":"https:\/\/i0.wp.com\/quechilero.com\/blog\/imagenes\/podcast.png?fit=1831%2C1831&ssl=1","download_link":"","player_link":"","audio_player":false,"episode_data":{"playerMode":"dark","subscribeUrls":{"amazon":{"key":"amazon","url":"","label":"Amazon","class":"amazon","icon":"amazon.png"},"apple_podcasts":{"key":"apple_podcasts","url":"","label":"Apple Podcasts","class":"apple_podcasts","icon":"apple-podcasts.png"},"castbox":{"key":"castbox","url":"","label":"CastBox","class":"castbox","icon":"castbox.png"},"deezer":{"key":"deezer","url":"","label":"Deezer","class":"deezer","icon":"deezer.png"},"google_podcasts":{"key":"google_podcasts","url":"","label":"Google Podcasts","class":"google_podcasts","icon":"google-podcasts.png"},"listen_notes":{"key":"listen_notes","url":"","label":"Listen Notes","class":"listen_notes","icon":"listen-notes.png"},"pandora":{"key":"pandora","url":"","label":"Pandora","class":"pandora","icon":"pandora.png"},"podbean":{"key":"podbean","url":"","label":"Podbean","class":"podbean","icon":"podbean.png"},"podcast_republic":{"key":"podcast_republic","url":"","label":"Podcast Republic","class":"podcast_republic","icon":"podcast-republic.png"},"rss":{"key":"rss","url":"","label":"RSS","class":"rss","icon":"rss.png"},"spotify":{"key":"spotify","url":"","label":"Spotify","class":"spotify","icon":"spotify.png"},"stitcher":{"key":"stitcher","url":"","label":"Stitcher","class":"stitcher","icon":"stitcher.png"},"tunein":{"key":"tunein","url":"","label":"TuneIn","class":"tunein","icon":"tunein.png"},"youtube":{"key":"youtube","url":"","label":"YouTube","class":"youtube","icon":"youtube.png"},"iheartradio":{"key":"iheartradio","url":"","label":"iHeartRadio","class":"iheartradio","icon":"iheartradio.png"},"ivoox":{"key":"ivoox","url":"","label":"iVoox","class":"ivoox","icon":"ivoox.png"}},"rssFeedUrl":"https:\/\/quechilero.com\/blog\/feed\/podcast\/si-la-vida-nos-da-limones","embedCode":"<blockquote class=\"wp-embedded-content\" data-secret=\"xlVaxa0cBY\"><a href=\"https:\/\/quechilero.com\/blog\/2010\/02\/20\/no-saludo-a-su-padre\/\">No salud\u00f3 a su Padre<\/a><\/blockquote><iframe sandbox=\"allow-scripts\" security=\"restricted\" src=\"https:\/\/quechilero.com\/blog\/2010\/02\/20\/no-saludo-a-su-padre\/embed\/#?secret=xlVaxa0cBY\" width=\"500\" height=\"350\" title=\"\u00abNo salud\u00f3 a su Padre\u00bb \u2014 Si la Vida nos da Limones...\" data-secret=\"xlVaxa0cBY\" frameborder=\"0\" marginwidth=\"0\" marginheight=\"0\" scrolling=\"no\" class=\"wp-embedded-content\"><\/iframe><script>\n\/*! This file is auto-generated *\/\n!function(d,l){\"use strict\";l.querySelector&&d.addEventListener&&\"undefined\"!=typeof URL&&(d.wp=d.wp||{},d.wp.receiveEmbedMessage||(d.wp.receiveEmbedMessage=function(e){var t=e.data;if((t||t.secret||t.message||t.value)&&!\/[^a-zA-Z0-9]\/.test(t.secret)){for(var s,r,n,a=l.querySelectorAll('iframe[data-secret=\"'+t.secret+'\"]'),o=l.querySelectorAll('blockquote[data-secret=\"'+t.secret+'\"]'),c=new RegExp(\"^https?:$\",\"i\"),i=0;i<o.length;i++)o[i].style.display=\"none\";for(i=0;i<a.length;i++)s=a[i],e.source===s.contentWindow&&(s.removeAttribute(\"style\"),\"height\"===t.message?(1e3<(r=parseInt(t.value,10))?r=1e3:~~r<200&&(r=200),s.height=r):\"link\"===t.message&&(r=new URL(s.getAttribute(\"src\")),n=new URL(t.value),c.test(n.protocol))&&n.host===r.host&&l.activeElement===s&&(d.top.location.href=t.value))}},d.addEventListener(\"message\",d.wp.receiveEmbedMessage,!1),l.addEventListener(\"DOMContentLoaded\",function(){for(var e,t,s=l.querySelectorAll(\"iframe.wp-embedded-content\"),r=0;r<s.length;r++)(t=(e=s[r]).getAttribute(\"data-secret\"))||(t=Math.random().toString(36).substring(2,12),e.src+=\"#?secret=\"+t,e.setAttribute(\"data-secret\",t)),e.contentWindow.postMessage({message:\"ready\",secret:t},\"*\")},!1)))}(window,document);\n\/\/# sourceURL=https:\/\/quechilero.com\/blog\/wp-includes\/js\/wp-embed.min.js\n<\/script>\n"},"jetpack_publicize_connections":[],"jetpack_shortlink":"https:\/\/wp.me\/pDKli-17U","jetpack_sharing_enabled":true,"jetpack-related-posts":[{"id":902,"url":"https:\/\/quechilero.com\/blog\/2008\/03\/16\/cuaresma-evangelio-16-mar-08\/","url_meta":{"origin":4334,"position":0},"title":"Cuaresma &#8211; Evangelio 16 mar 08","author":"Pepe Barrascout Ortiz","date":"16 marzo 2008","format":false,"excerpt":"Evangelio seg\u00fan San Mateo 26,14-75.27,1-66. Entonces uno de los Doce, llamado Judas Iscariote, fue a ver a los sumos sacerdotes y les dijo: \"\u00bfCu\u00e1nto me dar\u00e1n si se lo entrego?\". Y resolvieron darle treinta monedas de plata. Desde ese momento, Judas buscaba una ocasi\u00f3n favorable para entregarlo. El primer d\u00eda\u2026","rel":"","context":"En \u00abLimones\u00bb","block_context":{"text":"Limones","link":"https:\/\/quechilero.com\/blog\/category\/limones\/"},"img":{"alt_text":"","src":"","width":0,"height":0},"classes":[]},{"id":27328,"url":"https:\/\/quechilero.com\/blog\/2010\/10\/02\/el-santo-rosario-misterios-gozosos\/","url_meta":{"origin":4334,"position":1},"title":"El Santo Rosario: Misterios Gozosos","author":"Pepe Barrascout Ortiz","date":"2 octubre 2010","format":false,"excerpt":"Los Misterios Gozosos los rezamos los Lunes y S\u00e1bados \u00a0 En el nombre del Padre, y del Hijo, y del Esp\u00edritu Santo. Am\u00e9n. Dios m\u00edo, ven en mi auxilio. Se\u00f1or, date prisa en socorrerme. Gloria al Padre, Gloria al Hijo y Gloria al Esp\u00edritu Santo, Am\u00e9n. Primer Misterio Gozoso. La\u2026","rel":"","context":"En \u00abEl Santo Rosario\u00bb","block_context":{"text":"El Santo Rosario","link":"https:\/\/quechilero.com\/blog\/category\/podcast\/el-santo-rosario\/"},"img":{"alt_text":"Misterios Gozosos","src":"https:\/\/i0.wp.com\/i392.photobucket.com\/albums\/pp7\/pepejaguar\/blog\/Misterios-Gozosos_zps4a26ae91.jpg?resize=350%2C200","width":350,"height":200,"srcset":"https:\/\/i0.wp.com\/i392.photobucket.com\/albums\/pp7\/pepejaguar\/blog\/Misterios-Gozosos_zps4a26ae91.jpg?resize=350%2C200 1x, https:\/\/i0.wp.com\/i392.photobucket.com\/albums\/pp7\/pepejaguar\/blog\/Misterios-Gozosos_zps4a26ae91.jpg?resize=525%2C300 1.5x"},"classes":[]},{"id":907,"url":"https:\/\/quechilero.com\/blog\/2008\/03\/21\/cuaresma-evangelio-21-mar-08\/","url_meta":{"origin":4334,"position":2},"title":"Cuaresma &#8211; Evangelio 21 mar 08","author":"Pepe Barrascout Ortiz","date":"21 marzo 2008","format":false,"excerpt":"Evangelio seg\u00fan San Juan 18,1-40.19,1-42. Despu\u00e9s de haber dicho esto, Jes\u00fas fue con sus disc\u00edpulos al otro lado del torrente Cedr\u00f3n. Hab\u00eda en ese lugar una huerta y all\u00e1 entr\u00f3 con ellos. Judas, el traidor, tambi\u00e9n conoc\u00eda el lugar porque Jes\u00fas y sus disc\u00edpulos se reun\u00edan all\u00ed con frecuencia. Entonces\u2026","rel":"","context":"En \u00abLimones\u00bb","block_context":{"text":"Limones","link":"https:\/\/quechilero.com\/blog\/category\/limones\/"},"img":{"alt_text":"","src":"","width":0,"height":0},"classes":[]},{"id":21183,"url":"https:\/\/quechilero.com\/blog\/2015\/05\/28\/presentacion-de-jesus-al-templo\/","url_meta":{"origin":4334,"position":3},"title":"Presentaci\u00f3n de Jes\u00fas al templo","author":"Pepe Barrascout Ortiz","date":"28 mayo 2015","format":false,"excerpt":"Esta costumbre tiene su origen en la celebraci\u00f3n lit\u00fargica de la fiesta de la purificaci\u00f3n. En tiempo de Jes\u00fas, la ley prescrib\u00eda en el Lev\u00edtico que toda mujer deb\u00eda presentarse en el templo para purificarse a los cuarenta d\u00edas que hubiese dado a luz. Si el hijo nacido era var\u00f3n,\u2026","rel":"","context":"En \u00abLimones\u00bb","block_context":{"text":"Limones","link":"https:\/\/quechilero.com\/blog\/category\/limones\/"},"img":{"alt_text":"","src":"","width":0,"height":0},"classes":[]},{"id":901,"url":"https:\/\/quechilero.com\/blog\/2008\/03\/15\/cuaresma-evangelio-15-mar-08\/","url_meta":{"origin":4334,"position":4},"title":"Cuaresma &#8211; Evangelio 15 mar 08","author":"Pepe Barrascout Ortiz","date":"15 marzo 2008","format":false,"excerpt":"Evangelio seg\u00fan San Mateo 1,16.18-21.24. Jacob fue padre de Jos\u00e9, el esposo de Mar\u00eda, de la cual naci\u00f3 Jes\u00fas, que es llamado Cristo. Este fue el origen de Jesucristo: Mar\u00eda, su madre, estaba comprometida con Jos\u00e9 y, cuando todav\u00eda no hab\u00edan vivido juntos, concibi\u00f3 un hijo por obra del Esp\u00edritu\u2026","rel":"","context":"En \u00abLimones\u00bb","block_context":{"text":"Limones","link":"https:\/\/quechilero.com\/blog\/category\/limones\/"},"img":{"alt_text":"","src":"","width":0,"height":0},"classes":[]},{"id":872,"url":"https:\/\/quechilero.com\/blog\/2008\/02\/17\/cuaresma-evangelio-17-feb-08\/","url_meta":{"origin":4334,"position":5},"title":"Cuaresma &#8211; Evangelio 17 feb 08","author":"Pepe Barrascout Ortiz","date":"17 febrero 2008","format":false,"excerpt":"Evangelio seg\u00fan San Mateo 17,1-9. Seis d\u00edas despu\u00e9s, Jes\u00fas tom\u00f3 a Pedro, a Santiago y a su hermano Juan, y los llev\u00f3 aparte a un monte elevado. All\u00e1 se transfigur\u00f3 en presencia de ellos: su rostro resplandec\u00eda como el sol y sus vestiduras se volvieron blancas como la luz. De\u2026","rel":"","context":"En \u00abLimones\u00bb","block_context":{"text":"Limones","link":"https:\/\/quechilero.com\/blog\/category\/limones\/"},"img":{"alt_text":"","src":"","width":0,"height":0},"classes":[]}],"jetpack_featured_media_url":"","_links":{"self":[{"href":"https:\/\/quechilero.com\/blog\/wp-json\/wp\/v2\/posts\/4334","targetHints":{"allow":["GET"]}}],"collection":[{"href":"https:\/\/quechilero.com\/blog\/wp-json\/wp\/v2\/posts"}],"about":[{"href":"https:\/\/quechilero.com\/blog\/wp-json\/wp\/v2\/types\/post"}],"author":[{"embeddable":true,"href":"https:\/\/quechilero.com\/blog\/wp-json\/wp\/v2\/users\/1"}],"replies":[{"embeddable":true,"href":"https:\/\/quechilero.com\/blog\/wp-json\/wp\/v2\/comments?post=4334"}],"version-history":[{"count":0,"href":"https:\/\/quechilero.com\/blog\/wp-json\/wp\/v2\/posts\/4334\/revisions"}],"wp:attachment":[{"href":"https:\/\/quechilero.com\/blog\/wp-json\/wp\/v2\/media?parent=4334"}],"wp:term":[{"taxonomy":"category","embeddable":true,"href":"https:\/\/quechilero.com\/blog\/wp-json\/wp\/v2\/categories?post=4334"},{"taxonomy":"post_tag","embeddable":true,"href":"https:\/\/quechilero.com\/blog\/wp-json\/wp\/v2\/tags?post=4334"},{"taxonomy":"series","embeddable":true,"href":"https:\/\/quechilero.com\/blog\/wp-json\/wp\/v2\/series?post=4334"}],"curies":[{"name":"wp","href":"https:\/\/api.w.org\/{rel}","templated":true}]}}