{"id":4311,"date":"2010-02-26T08:00:48","date_gmt":"2010-02-26T14:00:48","guid":{"rendered":"http:\/\/quechilero.com\/blog\/?p=4311"},"modified":"2010-02-26T08:00:48","modified_gmt":"2010-02-26T14:00:48","slug":"ilusion-optica","status":"publish","type":"post","link":"https:\/\/quechilero.com\/blog\/2010\/02\/26\/ilusion-optica\/","title":{"rendered":"Ilusi\u00f3n \u00f3ptica"},"content":{"rendered":"<p><em>\u00abNada es verdad y nada es mentira, todo depende del color del cristal con que se mira\u00bb<\/em>, esta famosa sentencia que mas de alguna vez hemos escuchado y aplicado a distintas situaciones de la vida, nos da pie de entrada para ver esta <em>ilusi\u00f3n \u00f3ptica<\/em>, que como en la frase se\u00f1alada, un simple movimiento del objeto principal, hace que visualmente lo integremos a su entorno, tal y como lo hace un <a title=\"Camel\u00f3n\" href=\"http:\/\/quechilero.com\/blog\/2010\/02\/01\/camaleon\/\" target=\"_blank\">Camale\u00f3n<\/a>, cuando forma parte del todo que lo rodea.<\/p>\n<p>El proceso de adaptaci\u00f3n del\u00a0<a title=\"Camel\u00f3n\" href=\"http:\/\/quechilero.com\/blog\/2010\/02\/01\/camaleon\/\" target=\"_blank\">Camale\u00f3n<\/a>, se ve repetido aqu\u00ed, pero con la salvedad que este no es un ser vivo. Simplemente sorprendente.<\/p>\n<p><object classid=\"clsid:d27cdb6e-ae6d-11cf-96b8-444553540000\" width=\"560\" height=\"344\" codebase=\"http:\/\/download.macromedia.com\/pub\/shockwave\/cabs\/flash\/swflash.cab#version=6,0,40,0\"><param name=\"allowFullScreen\" value=\"true\" \/><param name=\"allowScriptAccess\" value=\"always\" \/><param name=\"src\" value=\"http:\/\/www.youtube.com\/v\/xl1lLze5ZpM&amp;color1=0xb1b1b1&amp;color2=0xcfcfcf&amp;hl=en_US&amp;feature=player_embedded&amp;fs=1\" \/><param name=\"allowfullscreen\" value=\"true\" \/><\/object><\/p>\n","protected":false},"excerpt":{"rendered":"<p>\u00abNada es verdad y nada es mentira, todo depende del color del cristal con que se mira\u00bb, esta famosa sentencia que mas de alguna vez hemos escuchado y aplicado a distintas situaciones de la vida, nos da pie de entrada para ver esta ilusi\u00f3n \u00f3ptica, que como en la frase se\u00f1alada, un simple movimiento del &#8230; <a title=\"Ilusi\u00f3n \u00f3ptica\" class=\"read-more\" href=\"https:\/\/quechilero.com\/blog\/2010\/02\/26\/ilusion-optica\/\" aria-label=\"Leer m\u00e1s sobre Ilusi\u00f3n \u00f3ptica\">Leer m\u00e1s<\/a><\/p>\n","protected":false},"author":1,"featured_media":0,"comment_status":"open","ping_status":"open","sticky":false,"template":"","format":"standard","meta":{"advanced_seo_description":"","jetpack_seo_html_title":"","jetpack_seo_noindex":false,"jetpack_seo_schema_type":"","episode_type":"","audio_file":"","podmotor_file_id":"","podmotor_episode_id":"","cover_image":"","cover_image_id":"","duration":"","filesize":"","filesize_raw":"","date_recorded":"","explicit":"","block":"","_jetpack_newsletter_access":"","_jetpack_dont_email_post_to_subs":false,"_jetpack_newsletter_tier_id":0,"_jetpack_memberships_contains_paywalled_content":false,"_jetpack_feature_clip_id":0,"_jetpack_memberships_contains_paid_content":false,"footnotes":"","jetpack_publicize_message":"","jetpack_publicize_feature_enabled":true,"jetpack_social_post_already_shared":false,"jetpack_social_options":{"image_generator_settings":{"template":"highway","default_image_id":0,"font":"","enabled":false},"version":2},"jetpack_post_was_ever_published":false},"categories":[2],"tags":[4,41,24,53],"series":[],"class_list":["post-4311","post","type-post","status-publish","format-standard","hentry","category-limones","tag-blog","tag-verdad","tag-vida","tag-youtube"],"episode_featured_image":false,"episode_player_image":"https:\/\/i0.wp.com\/quechilero.com\/blog\/imagenes\/podcast.png?fit=1831%2C1831&ssl=1","download_link":"","player_link":"","audio_player":false,"episode_data":{"playerMode":"dark","subscribeUrls":{"amazon":{"key":"amazon","url":"","label":"Amazon","class":"amazon","icon":"amazon.png"},"apple_podcasts":{"key":"apple_podcasts","url":"","label":"Apple Podcasts","class":"apple_podcasts","icon":"apple-podcasts.png"},"castbox":{"key":"castbox","url":"","label":"CastBox","class":"castbox","icon":"castbox.png"},"deezer":{"key":"deezer","url":"","label":"Deezer","class":"deezer","icon":"deezer.png"},"google_podcasts":{"key":"google_podcasts","url":"","label":"Google Podcasts","class":"google_podcasts","icon":"google-podcasts.png"},"listen_notes":{"key":"listen_notes","url":"","label":"Listen Notes","class":"listen_notes","icon":"listen-notes.png"},"pandora":{"key":"pandora","url":"","label":"Pandora","class":"pandora","icon":"pandora.png"},"podbean":{"key":"podbean","url":"","label":"Podbean","class":"podbean","icon":"podbean.png"},"podcast_republic":{"key":"podcast_republic","url":"","label":"Podcast Republic","class":"podcast_republic","icon":"podcast-republic.png"},"rss":{"key":"rss","url":"","label":"RSS","class":"rss","icon":"rss.png"},"spotify":{"key":"spotify","url":"","label":"Spotify","class":"spotify","icon":"spotify.png"},"stitcher":{"key":"stitcher","url":"","label":"Stitcher","class":"stitcher","icon":"stitcher.png"},"tunein":{"key":"tunein","url":"","label":"TuneIn","class":"tunein","icon":"tunein.png"},"youtube":{"key":"youtube","url":"","label":"YouTube","class":"youtube","icon":"youtube.png"},"iheartradio":{"key":"iheartradio","url":"","label":"iHeartRadio","class":"iheartradio","icon":"iheartradio.png"},"ivoox":{"key":"ivoox","url":"","label":"iVoox","class":"ivoox","icon":"ivoox.png"}},"rssFeedUrl":"https:\/\/quechilero.com\/blog\/feed\/podcast\/si-la-vida-nos-da-limones","embedCode":"<blockquote class=\"wp-embedded-content\" data-secret=\"TTXJo9NnBS\"><a href=\"https:\/\/quechilero.com\/blog\/2010\/02\/26\/ilusion-optica\/\">Ilusi\u00f3n \u00f3ptica<\/a><\/blockquote><iframe sandbox=\"allow-scripts\" security=\"restricted\" src=\"https:\/\/quechilero.com\/blog\/2010\/02\/26\/ilusion-optica\/embed\/#?secret=TTXJo9NnBS\" width=\"500\" height=\"350\" title=\"\u00abIlusi\u00f3n \u00f3ptica\u00bb \u2014 Si la Vida nos da Limones...\" data-secret=\"TTXJo9NnBS\" frameborder=\"0\" marginwidth=\"0\" marginheight=\"0\" scrolling=\"no\" class=\"wp-embedded-content\"><\/iframe><script>\n\/*! This file is auto-generated *\/\n!function(d,l){\"use strict\";l.querySelector&&d.addEventListener&&\"undefined\"!=typeof URL&&(d.wp=d.wp||{},d.wp.receiveEmbedMessage||(d.wp.receiveEmbedMessage=function(e){var t=e.data;if((t||t.secret||t.message||t.value)&&!\/[^a-zA-Z0-9]\/.test(t.secret)){for(var s,r,n,a=l.querySelectorAll('iframe[data-secret=\"'+t.secret+'\"]'),o=l.querySelectorAll('blockquote[data-secret=\"'+t.secret+'\"]'),c=new RegExp(\"^https?:$\",\"i\"),i=0;i<o.length;i++)o[i].style.display=\"none\";for(i=0;i<a.length;i++)s=a[i],e.source===s.contentWindow&&(s.removeAttribute(\"style\"),\"height\"===t.message?(1e3<(r=parseInt(t.value,10))?r=1e3:~~r<200&&(r=200),s.height=r):\"link\"===t.message&&(r=new URL(s.getAttribute(\"src\")),n=new URL(t.value),c.test(n.protocol))&&n.host===r.host&&l.activeElement===s&&(d.top.location.href=t.value))}},d.addEventListener(\"message\",d.wp.receiveEmbedMessage,!1),l.addEventListener(\"DOMContentLoaded\",function(){for(var e,t,s=l.querySelectorAll(\"iframe.wp-embedded-content\"),r=0;r<s.length;r++)(t=(e=s[r]).getAttribute(\"data-secret\"))||(t=Math.random().toString(36).substring(2,12),e.src+=\"#?secret=\"+t,e.setAttribute(\"data-secret\",t)),e.contentWindow.postMessage({message:\"ready\",secret:t},\"*\")},!1)))}(window,document);\n\/\/# sourceURL=https:\/\/quechilero.com\/blog\/wp-includes\/js\/wp-embed.min.js\n<\/script>\n"},"jetpack_publicize_connections":[],"jetpack_shortlink":"https:\/\/wp.me\/pDKli-17x","jetpack_sharing_enabled":true,"jetpack-related-posts":[{"id":8774,"url":"https:\/\/quechilero.com\/blog\/2011\/11\/02\/ilusiones-opticas-animadas\/","url_meta":{"origin":4311,"position":0},"title":"Ilusiones \u00f3pticas animadas","author":"Pepe Barrascout Ortiz","date":"2 noviembre 2011","format":false,"excerpt":"Nada es verdad y nada es mentira, todo depende del color del cristal en que se mira. Aunque confiamos grandemente en nuestros sentidos y pr\u00e1cticamente, muchas nuestras decisiones, las tomamos basados en la informaci\u00f3n que nos proporcionan, no podemos negar tampoco que hay un cierto margen de error. Y que\u2026","rel":"","context":"En \u00abLimones\u00bb","block_context":{"text":"Limones","link":"https:\/\/quechilero.com\/blog\/category\/limones\/"},"img":{"alt_text":"","src":"https:\/\/i0.wp.com\/img.youtube.com\/vi\/lvvcRdwNhGM\/0.jpg?resize=350%2C200","width":350,"height":200},"classes":[]},{"id":4271,"url":"https:\/\/quechilero.com\/blog\/2010\/02\/01\/camaleon\/","url_meta":{"origin":4311,"position":1},"title":"Camale\u00f3n","author":"Pepe Barrascout Ortiz","date":"1 febrero 2010","format":false,"excerpt":"Asombroso video, donde se puede apreciar la transformaci\u00f3n y cambio de color que sufre un Camale\u00f3n, adapt\u00e1ndose al entorno que lo rodea. En este caso adopta el color del objeto que se le acerca y del que toma sus propiedades pict\u00f3ricas, mudando el color de su piel al mismo del\u2026","rel":"","context":"En \u00abLimones\u00bb","block_context":{"text":"Limones","link":"https:\/\/quechilero.com\/blog\/category\/limones\/"},"img":{"alt_text":"","src":"","width":0,"height":0},"classes":[]},{"id":9178,"url":"https:\/\/quechilero.com\/blog\/2011\/11\/11\/ilusion-optica-dos-caras\/","url_meta":{"origin":4311,"position":2},"title":"Ilusi\u00f3n \u00d3ptica: dos caras","author":"Pepe Barrascout Ortiz","date":"11 noviembre 2011","format":false,"excerpt":"Es muy com\u00fan que a las personas que son hip\u00f3critas, coloquialmente les digamos que son dos caras, porque nunca se sabe que esperar de ellos y generalmente bailan el son que les tocan, no les importa cambiar sus ideales por dinero y no tienen una opini\u00f3n sobre alg\u00fan tema, porque\u2026","rel":"","context":"En \u00abLimones\u00bb","block_context":{"text":"Limones","link":"https:\/\/quechilero.com\/blog\/category\/limones\/"},"img":{"alt_text":"","src":"https:\/\/i0.wp.com\/i392.photobucket.com\/albums\/pp7\/pepejaguar\/blog\/genial-ilusion.jpg?resize=350%2C200","width":350,"height":200,"srcset":"https:\/\/i0.wp.com\/i392.photobucket.com\/albums\/pp7\/pepejaguar\/blog\/genial-ilusion.jpg?resize=350%2C200 1x, https:\/\/i0.wp.com\/i392.photobucket.com\/albums\/pp7\/pepejaguar\/blog\/genial-ilusion.jpg?resize=525%2C300 1.5x"},"classes":[]},{"id":6392,"url":"https:\/\/quechilero.com\/blog\/2011\/01\/23\/ilusion-optica-cubo-en-3d\/","url_meta":{"origin":4311,"position":3},"title":"Ilusi\u00f3n \u00f3ptica: cubo en 3D","author":"Pepe Barrascout Ortiz","date":"23 enero 2011","format":false,"excerpt":"No siempre lo que miramos es lo que corresponde a la realidad, algunas veces, estamos tan acostumbrados a una imagen, que damos por cierto, todo lo que vemos o sabemos acerca de ella. Esto se puede aplicar tambi\u00e9n a nuestro conocimiento, sobre las cosas y personas, no siempre podemos basarnos\u2026","rel":"","context":"En \u00abLimones\u00bb","block_context":{"text":"Limones","link":"https:\/\/quechilero.com\/blog\/category\/limones\/"},"img":{"alt_text":"","src":"","width":0,"height":0},"classes":[]},{"id":4619,"url":"https:\/\/quechilero.com\/blog\/2010\/04\/04\/verdaderamente-resucito-jesucristo\/","url_meta":{"origin":4311,"position":4},"title":"\u00bfVerdaderamente resucit\u00f3 Jesucristo?","author":"Pepe Barrascout Ortiz","date":"4 abril 2010","format":false,"excerpt":"Entre uno de los rasgos caracter\u00edsticos de la figura de Jesucristo, que contrasta tremendamente con su condici\u00f3n divina, fue la humillaci\u00f3n extrema que sufri\u00f3 en la hora de su muerte. Una paradoja absoluta. El que ha manifestado ser el propio Hijo de Dios, aquel que reun\u00eda a las multitudes y\u2026","rel":"","context":"En \u00abLimones\u00bb","block_context":{"text":"Limones","link":"https:\/\/quechilero.com\/blog\/category\/limones\/"},"img":{"alt_text":"","src":"","width":0,"height":0},"classes":[]},{"id":7714,"url":"https:\/\/quechilero.com\/blog\/2011\/06\/10\/pinturas-realistas-en-3d-en-las-calles\/","url_meta":{"origin":4311,"position":5},"title":"Pinturas realistas en 3D en las calles","author":"Pepe Barrascout Ortiz","date":"10 junio 2011","format":false,"excerpt":"El arte 3D\u00a0callejero, a menudo\u00a0conocido\u00a0como\u00a0el arte\u00a03D en tiza\u00a0es una obra\u00a0de dos dimensiones, dibujada en\u00a0la misma calle y que le da\u00a0una\u00a0ilusi\u00f3n\u00a0\u00f3ptica\u00a0de tres dimensiones, si se ve desde una cierta perspectiva. Puede llegar a ser\u00a0muy\u00a0impresionante, realista\u00a0y al mismo tiempo fascinante\u00a0una vez que se encuentra el \u00e1ngulo\u00a0correcto. La creaci\u00f3n no es f\u00e1cil y\u2026","rel":"","context":"En \u00abLimones por mano\u00bb","block_context":{"text":"Limones por mano","link":"https:\/\/quechilero.com\/blog\/category\/limones-por-mano\/"},"img":{"alt_text":"","src":"","width":0,"height":0},"classes":[]}],"jetpack_featured_media_url":"","_links":{"self":[{"href":"https:\/\/quechilero.com\/blog\/wp-json\/wp\/v2\/posts\/4311","targetHints":{"allow":["GET"]}}],"collection":[{"href":"https:\/\/quechilero.com\/blog\/wp-json\/wp\/v2\/posts"}],"about":[{"href":"https:\/\/quechilero.com\/blog\/wp-json\/wp\/v2\/types\/post"}],"author":[{"embeddable":true,"href":"https:\/\/quechilero.com\/blog\/wp-json\/wp\/v2\/users\/1"}],"replies":[{"embeddable":true,"href":"https:\/\/quechilero.com\/blog\/wp-json\/wp\/v2\/comments?post=4311"}],"version-history":[{"count":0,"href":"https:\/\/quechilero.com\/blog\/wp-json\/wp\/v2\/posts\/4311\/revisions"}],"wp:attachment":[{"href":"https:\/\/quechilero.com\/blog\/wp-json\/wp\/v2\/media?parent=4311"}],"wp:term":[{"taxonomy":"category","embeddable":true,"href":"https:\/\/quechilero.com\/blog\/wp-json\/wp\/v2\/categories?post=4311"},{"taxonomy":"post_tag","embeddable":true,"href":"https:\/\/quechilero.com\/blog\/wp-json\/wp\/v2\/tags?post=4311"},{"taxonomy":"series","embeddable":true,"href":"https:\/\/quechilero.com\/blog\/wp-json\/wp\/v2\/series?post=4311"}],"curies":[{"name":"wp","href":"https:\/\/api.w.org\/{rel}","templated":true}]}}