{"id":429,"date":"2007-01-12T00:00:38","date_gmt":"2007-01-12T06:00:38","guid":{"rendered":"http:\/\/www.quechilero.com\/blog\/2007\/01\/12\/limonada-22\/"},"modified":"2007-01-12T00:00:38","modified_gmt":"2007-01-12T06:00:38","slug":"limonada-22","status":"publish","type":"post","link":"https:\/\/quechilero.com\/blog\/2007\/01\/12\/limonada-22\/","title":{"rendered":"Limonada # 22"},"content":{"rendered":"<blockquote><p>Y al final, \u00bfC\u00f3mo es la cosa? \u00bfUno lleva la vida por delante o la vida se lleva por delante a uno?<br \/>\n<em>Mafalda<\/em><\/p>\n<p><a title=\"Photo Sharing\" href=\"http:\/\/www.flickr.com\/photos\/pepejaguar\/216091344\/\" target=\"_new\"><img data-recalc-dims=\"1\" loading=\"lazy\" decoding=\"async\" src=\"https:\/\/i0.wp.com\/static.flickr.com\/57\/216091344_c2ca864164_m.jpg?resize=240%2C91\" border=\"0\" alt=\"Libros\" width=\"240\" height=\"91\" \/><\/a><\/p><\/blockquote>\n","protected":false},"excerpt":{"rendered":"<p>Y al final, \u00bfC\u00f3mo es la cosa? \u00bfUno lleva la vida por delante o la vida se lleva por delante a uno? Mafalda<\/p>\n","protected":false},"author":1,"featured_media":0,"comment_status":"open","ping_status":"open","sticky":false,"template":"","format":"standard","meta":{"advanced_seo_description":"","jetpack_seo_html_title":"","jetpack_seo_noindex":false,"jetpack_seo_schema_type":"","episode_type":"","audio_file":"","podmotor_file_id":"","podmotor_episode_id":"","cover_image":"","cover_image_id":"","duration":"","filesize":"","filesize_raw":"","date_recorded":"","explicit":"","block":"","_jetpack_newsletter_access":"","_jetpack_dont_email_post_to_subs":false,"_jetpack_newsletter_tier_id":0,"_jetpack_memberships_contains_paywalled_content":false,"_jetpack_feature_clip_id":0,"_jetpack_memberships_contains_paid_content":false,"footnotes":"","jetpack_publicize_message":"","jetpack_publicize_feature_enabled":true,"jetpack_social_post_already_shared":false,"jetpack_social_options":{"image_generator_settings":{"template":"highway","default_image_id":0,"font":"","enabled":false},"version":2},"jetpack_post_was_ever_published":false},"categories":[73],"tags":[72,19,24],"series":[],"class_list":["post-429","post","type-post","status-publish","format-standard","hentry","category-limonadas","tag-libro","tag-limonada","tag-vida"],"episode_featured_image":false,"episode_player_image":"https:\/\/i0.wp.com\/quechilero.com\/blog\/imagenes\/podcast.png?fit=1831%2C1831&ssl=1","download_link":"","player_link":"","audio_player":false,"episode_data":{"playerMode":"dark","subscribeUrls":{"amazon":{"key":"amazon","url":"","label":"Amazon","class":"amazon","icon":"amazon.png"},"apple_podcasts":{"key":"apple_podcasts","url":"","label":"Apple Podcasts","class":"apple_podcasts","icon":"apple-podcasts.png"},"castbox":{"key":"castbox","url":"","label":"CastBox","class":"castbox","icon":"castbox.png"},"deezer":{"key":"deezer","url":"","label":"Deezer","class":"deezer","icon":"deezer.png"},"google_podcasts":{"key":"google_podcasts","url":"","label":"Google Podcasts","class":"google_podcasts","icon":"google-podcasts.png"},"listen_notes":{"key":"listen_notes","url":"","label":"Listen Notes","class":"listen_notes","icon":"listen-notes.png"},"pandora":{"key":"pandora","url":"","label":"Pandora","class":"pandora","icon":"pandora.png"},"podbean":{"key":"podbean","url":"","label":"Podbean","class":"podbean","icon":"podbean.png"},"podcast_republic":{"key":"podcast_republic","url":"","label":"Podcast Republic","class":"podcast_republic","icon":"podcast-republic.png"},"rss":{"key":"rss","url":"","label":"RSS","class":"rss","icon":"rss.png"},"spotify":{"key":"spotify","url":"","label":"Spotify","class":"spotify","icon":"spotify.png"},"stitcher":{"key":"stitcher","url":"","label":"Stitcher","class":"stitcher","icon":"stitcher.png"},"tunein":{"key":"tunein","url":"","label":"TuneIn","class":"tunein","icon":"tunein.png"},"youtube":{"key":"youtube","url":"","label":"YouTube","class":"youtube","icon":"youtube.png"},"iheartradio":{"key":"iheartradio","url":"","label":"iHeartRadio","class":"iheartradio","icon":"iheartradio.png"},"ivoox":{"key":"ivoox","url":"","label":"iVoox","class":"ivoox","icon":"ivoox.png"}},"rssFeedUrl":"https:\/\/quechilero.com\/blog\/feed\/podcast\/si-la-vida-nos-da-limones","embedCode":"<blockquote class=\"wp-embedded-content\" data-secret=\"iK6NPBCFtb\"><a href=\"https:\/\/quechilero.com\/blog\/2007\/01\/12\/limonada-22\/\">Limonada # 22<\/a><\/blockquote><iframe sandbox=\"allow-scripts\" security=\"restricted\" src=\"https:\/\/quechilero.com\/blog\/2007\/01\/12\/limonada-22\/embed\/#?secret=iK6NPBCFtb\" width=\"500\" height=\"350\" title=\"\u00abLimonada # 22\u00bb \u2014 Si la Vida nos da Limones...\" data-secret=\"iK6NPBCFtb\" frameborder=\"0\" marginwidth=\"0\" marginheight=\"0\" scrolling=\"no\" class=\"wp-embedded-content\"><\/iframe><script>\n\/*! This file is auto-generated *\/\n!function(d,l){\"use strict\";l.querySelector&&d.addEventListener&&\"undefined\"!=typeof URL&&(d.wp=d.wp||{},d.wp.receiveEmbedMessage||(d.wp.receiveEmbedMessage=function(e){var t=e.data;if((t||t.secret||t.message||t.value)&&!\/[^a-zA-Z0-9]\/.test(t.secret)){for(var s,r,n,a=l.querySelectorAll('iframe[data-secret=\"'+t.secret+'\"]'),o=l.querySelectorAll('blockquote[data-secret=\"'+t.secret+'\"]'),c=new RegExp(\"^https?:$\",\"i\"),i=0;i<o.length;i++)o[i].style.display=\"none\";for(i=0;i<a.length;i++)s=a[i],e.source===s.contentWindow&&(s.removeAttribute(\"style\"),\"height\"===t.message?(1e3<(r=parseInt(t.value,10))?r=1e3:~~r<200&&(r=200),s.height=r):\"link\"===t.message&&(r=new URL(s.getAttribute(\"src\")),n=new URL(t.value),c.test(n.protocol))&&n.host===r.host&&l.activeElement===s&&(d.top.location.href=t.value))}},d.addEventListener(\"message\",d.wp.receiveEmbedMessage,!1),l.addEventListener(\"DOMContentLoaded\",function(){for(var e,t,s=l.querySelectorAll(\"iframe.wp-embedded-content\"),r=0;r<s.length;r++)(t=(e=s[r]).getAttribute(\"data-secret\"))||(t=Math.random().toString(36).substring(2,12),e.src+=\"#?secret=\"+t,e.setAttribute(\"data-secret\",t)),e.contentWindow.postMessage({message:\"ready\",secret:t},\"*\")},!1)))}(window,document);\n\/\/# sourceURL=https:\/\/quechilero.com\/blog\/wp-includes\/js\/wp-embed.min.js\n<\/script>\n"},"jetpack_publicize_connections":[],"jetpack_shortlink":"https:\/\/wp.me\/pDKli-6V","jetpack_sharing_enabled":true,"jetpack-related-posts":[{"id":5594,"url":"https:\/\/quechilero.com\/blog\/2010\/09\/05\/de-la-rebeldia\/","url_meta":{"origin":429,"position":0},"title":"De la rebeld\u00eda","author":"Pepe Barrascout Ortiz","date":"5 septiembre 2010","format":false,"excerpt":"En Mosc\u00fa, Luis Carlos Prestes, el m\u00e1s importante l\u00edder comunista brasile\u00f1o, se preparaba para volver a Brasil, despu\u00e9s de varios a\u00f1os de exilio. Su hijo (que me cont\u00f3 esta historia), resolvi\u00f3 documentar en pel\u00edcula la partida de su padre. Prestes le prohibi\u00f3 hacer eso. Mas, sabiendo que estaba delante de\u2026","rel":"","context":"En \u00abLimones\u00bb","block_context":{"text":"Limones","link":"https:\/\/quechilero.com\/blog\/category\/limones\/"},"img":{"alt_text":"","src":"","width":0,"height":0},"classes":[]},{"id":502,"url":"https:\/\/quechilero.com\/blog\/2007\/03\/25\/llenalo-de-amor\/","url_meta":{"origin":429,"position":1},"title":"Ll\u00e9nalo de amor","author":"Pepe Barrascout Ortiz","date":"25 marzo 2007","format":false,"excerpt":"Siempre que haya un hueco en tu vida, ll\u00e9nalo de amor. Adolescente, joven, viejo: siempre que haya un hueco en tu vida, ll\u00e9nalo de amor. En cuanto sepas que tienes delante de ti un tiempo bald\u00edo, ve a buscar amor. No pienses: 'Sufrir\u00e9'. No pienses: 'Me enga\u00f1ar\u00e1n'. No pienses: 'Dudar\u00e9'.\u2026","rel":"","context":"En \u00abLimones\u00bb","block_context":{"text":"Limones","link":"https:\/\/quechilero.com\/blog\/category\/limones\/"},"img":{"alt_text":"","src":"","width":0,"height":0},"classes":[]},{"id":16824,"url":"https:\/\/quechilero.com\/blog\/2013\/07\/15\/hay-en-el-mundo-alguno-mas-pobre-que-yo\/","url_meta":{"origin":429,"position":2},"title":"\u00bfHay en el mundo alguno m\u00e1s pobre que yo?","author":"Pepe Barrascout Ortiz","date":"15 julio 2013","format":false,"excerpt":"Un hombre, caminando, hablaba consigo mismo, como hacen de costumbre aqu\u00e9llos que en la vida no tienen amigos con quienes confiarse. - He ah\u00ed -dec\u00eda-, nadie es m\u00e1s pobre que yo; ten\u00eda un sombrero y me lo sopl\u00f3 el viento; ten\u00eda un manto y me lo han robado; ten\u00eda un\u2026","rel":"","context":"En \u00abLimones\u00bb","block_context":{"text":"Limones","link":"https:\/\/quechilero.com\/blog\/category\/limones\/"},"img":{"alt_text":"","src":"","width":0,"height":0},"classes":[]},{"id":2664,"url":"https:\/\/quechilero.com\/blog\/2009\/06\/03\/de-la-tortuga\/","url_meta":{"origin":429,"position":3},"title":"De la tortuga","author":"Pepe Barrascout Ortiz","date":"3 junio 2009","format":false,"excerpt":"Claudia Martins vino a servir nuestra mesa, en un caf\u00e9 en San Diego, California. Conoc\u00ed a Claudia en Brasil hace cuatro a\u00f1os, y le cont\u00f3 a los amigos la vida que estaba llevando en los Estados Unidos: dorm\u00eda apenas tres horas, pues trabajaba en el caf\u00e9 hasta la madrugada, y\u2026","rel":"","context":"En \u00abLimones\u00bb","block_context":{"text":"Limones","link":"https:\/\/quechilero.com\/blog\/category\/limones\/"},"img":{"alt_text":"","src":"","width":0,"height":0},"classes":[]},{"id":9732,"url":"https:\/\/quechilero.com\/blog\/2012\/04\/27\/limonada-211\/","url_meta":{"origin":429,"position":4},"title":"Limonada # 211","author":"Pepe Barrascout Ortiz","date":"27 abril 2012","format":false,"excerpt":"Si la gente habla a tus espaldas, \u00a1Felicitaciones!, significa que vas por delante. An\u00f3nimo","rel":"","context":"En \u00abLimonadas\u00bb","block_context":{"text":"Limonadas","link":"https:\/\/quechilero.com\/blog\/category\/limonadas\/"},"img":{"alt_text":"Libros","src":"https:\/\/i0.wp.com\/static.flickr.com\/57\/216091344_c2ca864164_m.jpg?resize=350%2C200","width":350,"height":200},"classes":[]},{"id":6174,"url":"https:\/\/quechilero.com\/blog\/2010\/11\/19\/mejores-que-el-oro\/","url_meta":{"origin":429,"position":5},"title":"Mejores que el oro","author":"Pepe Barrascout Ortiz","date":"19 noviembre 2010","format":false,"excerpt":"Estas palabras fueron escritas en las D\u00e9cimo octavas Olimpiadas en Tokio: \"Lo m\u00e1s importante de los Juegos Ol\u00edmpicos no es ganar, sino participar; as\u00ed como lo m\u00e1s importante en la vida no es el triunfo, sino la lucha. Lo esencial es... el haber peleado bien.\" Los atletas que alcanzaron los\u2026","rel":"","context":"En \u00abLimones\u00bb","block_context":{"text":"Limones","link":"https:\/\/quechilero.com\/blog\/category\/limones\/"},"img":{"alt_text":"","src":"","width":0,"height":0},"classes":[]}],"jetpack_featured_media_url":"","_links":{"self":[{"href":"https:\/\/quechilero.com\/blog\/wp-json\/wp\/v2\/posts\/429","targetHints":{"allow":["GET"]}}],"collection":[{"href":"https:\/\/quechilero.com\/blog\/wp-json\/wp\/v2\/posts"}],"about":[{"href":"https:\/\/quechilero.com\/blog\/wp-json\/wp\/v2\/types\/post"}],"author":[{"embeddable":true,"href":"https:\/\/quechilero.com\/blog\/wp-json\/wp\/v2\/users\/1"}],"replies":[{"embeddable":true,"href":"https:\/\/quechilero.com\/blog\/wp-json\/wp\/v2\/comments?post=429"}],"version-history":[{"count":0,"href":"https:\/\/quechilero.com\/blog\/wp-json\/wp\/v2\/posts\/429\/revisions"}],"wp:attachment":[{"href":"https:\/\/quechilero.com\/blog\/wp-json\/wp\/v2\/media?parent=429"}],"wp:term":[{"taxonomy":"category","embeddable":true,"href":"https:\/\/quechilero.com\/blog\/wp-json\/wp\/v2\/categories?post=429"},{"taxonomy":"post_tag","embeddable":true,"href":"https:\/\/quechilero.com\/blog\/wp-json\/wp\/v2\/tags?post=429"},{"taxonomy":"series","embeddable":true,"href":"https:\/\/quechilero.com\/blog\/wp-json\/wp\/v2\/series?post=429"}],"curies":[{"name":"wp","href":"https:\/\/api.w.org\/{rel}","templated":true}]}}