{"id":4281,"date":"2010-02-05T08:00:17","date_gmt":"2010-02-05T14:00:17","guid":{"rendered":"http:\/\/quechilero.com\/blog\/?p=4281"},"modified":"2014-08-02T19:27:51","modified_gmt":"2014-08-03T01:27:51","slug":"un-ano-en-120-segundos","status":"publish","type":"post","link":"https:\/\/quechilero.com\/blog\/2010\/02\/05\/un-ano-en-120-segundos\/","title":{"rendered":"Un a\u00f1o \u00aben 120 segundos\u00bb"},"content":{"rendered":"<p>Muy impresionante el paso del tiempo, cuando se ve en forma <em>acelerada<\/em>, resumir un a\u00f1o completo en apenas <em>120 segundos<\/em>, es una tarea que no es para nada f\u00e1cil, que requiere de mucho tiempo y dedicaci\u00f3n.<\/p>\n<p>Es muy interesante ver el paso del tiempo, lo cual da pie a muchas reflexiones y en el cual se comprueba, al menos a este nivel que la vida es c\u00edclica.<\/p>\n<p>Lo que muchos de nosotros aprendimos en los salones de clase, lo vemos reflejado en este magn\u00edfico video, <em>las cuatro estaciones<\/em>, que no podemos ver en nuestro <em>tropical pa\u00eds<\/em>, pero que en los pa\u00edses n\u00f3rdicos, como en el que fue realizada esta producci\u00f3n, es algo que lo ven a\u00f1o con a\u00f1o.<\/p>\n<p><a title=\"Un a\u00f1o en 120 segundos\" href=\"http:\/\/eirikso.com\/2010\/01\/04\/one-year-in-90-seconds\/\" target=\"_blank\">Eirikso<\/a>, el autor del video, cuenta que este proyecto surgi\u00f3 a ra\u00edz de otro similar, pero <a title=\"Un a\u00f1o en 40 segundos\" href=\"http:\/\/eirikso.com\/2008\/12\/27\/one-year-worth-of-images-give-some-amazing-videos\/\" target=\"_blank\">con im\u00e1genes est\u00e1ticas<\/a> y que fue un total \u00e9xito. En los enlaces se puede ir directamente a la p\u00e1gina del autor y ver el proceso de creaci\u00f3n de los videos.<\/p>\n<p>As\u00ed que ha disfrutar <em>\u00abUn a\u00f1o en 120 segundos\u00bb<\/em>.<\/p>\n<p><span class=\"embed-youtube\" style=\"text-align:center; display: block;\"><iframe loading=\"lazy\" class=\"youtube-player\" width=\"1200\" height=\"675\" src=\"https:\/\/www.youtube.com\/embed\/XdE38IbLTyA?version=3&#038;rel=1&#038;showsearch=0&#038;showinfo=1&#038;iv_load_policy=1&#038;fs=1&#038;hl=es-ES&#038;autohide=2&#038;wmode=transparent\" allowfullscreen=\"true\" style=\"border:0;\" sandbox=\"allow-scripts allow-same-origin allow-popups allow-presentation allow-popups-to-escape-sandbox\"><\/iframe><\/span><\/p>\n<p>El video fue grabado en <em>Oslo Noruega<\/em><\/p>\n<p>Autor <a title=\"Eirikso\" href=\"http:\/\/eirikso.com\/\" target=\"_blank\">Eirikso<\/a> | Como se hizo\u00a0<em><a title=\"Un a\u00f1o en 120 segundos\" href=\"http:\/\/eirikso.com\/2010\/01\/04\/one-year-in-90-seconds\/\" target=\"_blank\">Un a\u00f1o en 120 segundos<\/a><\/em> | Como se hizo el <em><a title=\"Un a\u00f1o en 40 segundos\" href=\"http:\/\/eirikso.com\/2008\/12\/27\/one-year-worth-of-images-give-some-amazing-videos\/\" target=\"_blank\">Proyecto Inicial<\/a><\/em><\/p>\n","protected":false},"excerpt":{"rendered":"<p>Muy impresionante el paso del tiempo, cuando se ve en forma acelerada, resumir un a\u00f1o completo en apenas 120 segundos, es una tarea que no es para nada f\u00e1cil, que requiere de mucho tiempo y dedicaci\u00f3n. Es muy interesante ver el paso del tiempo, lo cual da pie a muchas reflexiones y en el cual &#8230; <a title=\"Un a\u00f1o \u00aben 120 segundos\u00bb\" class=\"read-more\" href=\"https:\/\/quechilero.com\/blog\/2010\/02\/05\/un-ano-en-120-segundos\/\" aria-label=\"Leer m\u00e1s sobre Un a\u00f1o \u00aben 120 segundos\u00bb\">Leer m\u00e1s<\/a><\/p>\n","protected":false},"author":1,"featured_media":0,"comment_status":"open","ping_status":"open","sticky":false,"template":"","format":"standard","meta":{"advanced_seo_description":"","jetpack_seo_html_title":"","jetpack_seo_noindex":false,"jetpack_seo_schema_type":"","episode_type":"","audio_file":"","podmotor_file_id":"","podmotor_episode_id":"","cover_image":"","cover_image_id":"","duration":"","filesize":"","filesize_raw":"","date_recorded":"","explicit":"","block":"","_jetpack_newsletter_access":"","_jetpack_dont_email_post_to_subs":false,"_jetpack_newsletter_tier_id":0,"_jetpack_memberships_contains_paywalled_content":false,"_jetpack_feature_clip_id":0,"_jetpack_memberships_contains_paid_content":false,"footnotes":"","jetpack_publicize_message":"","jetpack_publicize_feature_enabled":true,"jetpack_social_post_already_shared":false,"jetpack_social_options":{"image_generator_settings":{"template":"highway","default_image_id":0,"font":"","enabled":false},"version":2},"jetpack_post_was_ever_published":false},"categories":[113],"tags":[43,5,24,25,53],"series":[],"class_list":["post-4281","post","type-post","status-publish","format-standard","hentry","category-videoblog","tag-proyecto","tag-tiempo","tag-vida","tag-video","tag-youtube"],"episode_featured_image":false,"episode_player_image":"https:\/\/i0.wp.com\/quechilero.com\/blog\/imagenes\/podcast.png?fit=1831%2C1831&ssl=1","download_link":"","player_link":"","audio_player":false,"episode_data":{"playerMode":"dark","subscribeUrls":{"amazon":{"key":"amazon","url":"","label":"Amazon","class":"amazon","icon":"amazon.png"},"apple_podcasts":{"key":"apple_podcasts","url":"","label":"Apple Podcasts","class":"apple_podcasts","icon":"apple-podcasts.png"},"castbox":{"key":"castbox","url":"","label":"CastBox","class":"castbox","icon":"castbox.png"},"deezer":{"key":"deezer","url":"","label":"Deezer","class":"deezer","icon":"deezer.png"},"google_podcasts":{"key":"google_podcasts","url":"","label":"Google Podcasts","class":"google_podcasts","icon":"google-podcasts.png"},"listen_notes":{"key":"listen_notes","url":"","label":"Listen Notes","class":"listen_notes","icon":"listen-notes.png"},"pandora":{"key":"pandora","url":"","label":"Pandora","class":"pandora","icon":"pandora.png"},"podbean":{"key":"podbean","url":"","label":"Podbean","class":"podbean","icon":"podbean.png"},"podcast_republic":{"key":"podcast_republic","url":"","label":"Podcast Republic","class":"podcast_republic","icon":"podcast-republic.png"},"rss":{"key":"rss","url":"","label":"RSS","class":"rss","icon":"rss.png"},"spotify":{"key":"spotify","url":"","label":"Spotify","class":"spotify","icon":"spotify.png"},"stitcher":{"key":"stitcher","url":"","label":"Stitcher","class":"stitcher","icon":"stitcher.png"},"tunein":{"key":"tunein","url":"","label":"TuneIn","class":"tunein","icon":"tunein.png"},"youtube":{"key":"youtube","url":"","label":"YouTube","class":"youtube","icon":"youtube.png"},"iheartradio":{"key":"iheartradio","url":"","label":"iHeartRadio","class":"iheartradio","icon":"iheartradio.png"},"ivoox":{"key":"ivoox","url":"","label":"iVoox","class":"ivoox","icon":"ivoox.png"}},"rssFeedUrl":"https:\/\/quechilero.com\/blog\/feed\/podcast\/si-la-vida-nos-da-limones","embedCode":"<blockquote class=\"wp-embedded-content\" data-secret=\"STscuamoPI\"><a href=\"https:\/\/quechilero.com\/blog\/2010\/02\/05\/un-ano-en-120-segundos\/\">Un a\u00f1o \u00aben 120 segundos\u00bb<\/a><\/blockquote><iframe sandbox=\"allow-scripts\" security=\"restricted\" src=\"https:\/\/quechilero.com\/blog\/2010\/02\/05\/un-ano-en-120-segundos\/embed\/#?secret=STscuamoPI\" width=\"500\" height=\"350\" title=\"\u00abUn a\u00f1o \u00aben 120 segundos\u00bb\u00bb \u2014 Si la Vida nos da Limones...\" data-secret=\"STscuamoPI\" frameborder=\"0\" marginwidth=\"0\" marginheight=\"0\" scrolling=\"no\" class=\"wp-embedded-content\"><\/iframe><script>\n\/*! This file is auto-generated *\/\n!function(d,l){\"use strict\";l.querySelector&&d.addEventListener&&\"undefined\"!=typeof URL&&(d.wp=d.wp||{},d.wp.receiveEmbedMessage||(d.wp.receiveEmbedMessage=function(e){var t=e.data;if((t||t.secret||t.message||t.value)&&!\/[^a-zA-Z0-9]\/.test(t.secret)){for(var s,r,n,a=l.querySelectorAll('iframe[data-secret=\"'+t.secret+'\"]'),o=l.querySelectorAll('blockquote[data-secret=\"'+t.secret+'\"]'),c=new RegExp(\"^https?:$\",\"i\"),i=0;i<o.length;i++)o[i].style.display=\"none\";for(i=0;i<a.length;i++)s=a[i],e.source===s.contentWindow&&(s.removeAttribute(\"style\"),\"height\"===t.message?(1e3<(r=parseInt(t.value,10))?r=1e3:~~r<200&&(r=200),s.height=r):\"link\"===t.message&&(r=new URL(s.getAttribute(\"src\")),n=new URL(t.value),c.test(n.protocol))&&n.host===r.host&&l.activeElement===s&&(d.top.location.href=t.value))}},d.addEventListener(\"message\",d.wp.receiveEmbedMessage,!1),l.addEventListener(\"DOMContentLoaded\",function(){for(var e,t,s=l.querySelectorAll(\"iframe.wp-embedded-content\"),r=0;r<s.length;r++)(t=(e=s[r]).getAttribute(\"data-secret\"))||(t=Math.random().toString(36).substring(2,12),e.src+=\"#?secret=\"+t,e.setAttribute(\"data-secret\",t)),e.contentWindow.postMessage({message:\"ready\",secret:t},\"*\")},!1)))}(window,document);\n\/\/# sourceURL=https:\/\/quechilero.com\/blog\/wp-includes\/js\/wp-embed.min.js\n<\/script>\n"},"jetpack_publicize_connections":[],"jetpack_shortlink":"https:\/\/wp.me\/pDKli-173","jetpack_sharing_enabled":true,"jetpack-related-posts":[{"id":3280,"url":"https:\/\/quechilero.com\/blog\/2009\/08\/28\/maraton-de-blogs-la-vida-es-un-soundtrack\/","url_meta":{"origin":4281,"position":0},"title":"Marat\u00f3n de Blogs: La vida es un Soundtrack","author":"Pepe Barrascout Ortiz","date":"28 agosto 2009","format":false,"excerpt":"Por el nombre de este blog, uno podr\u00eda imaginar que se trata de uno de m\u00fasica, pero La Vida es un Soundtrack es el blog personal de Luis Molina, que adem\u00e1s de la m\u00fasica, tambi\u00e9n es un excelente cin\u00e9filo. Aunque La Vida es un Soundtrack no trata exclusivamente de estos\u2026","rel":"","context":"En \u00abBlogs de Guatemala\u00bb","block_context":{"text":"Blogs de Guatemala","link":"https:\/\/quechilero.com\/blog\/category\/blogs-de-guatemala\/"},"img":{"alt_text":"Marat\u00f3n de Blogs 2009","src":"https:\/\/i0.wp.com\/i392.photobucket.com\/albums\/pp7\/pepejaguar\/maraton2009\/maraton2009.jpg?resize=350%2C200","width":350,"height":200,"srcset":"https:\/\/i0.wp.com\/i392.photobucket.com\/albums\/pp7\/pepejaguar\/maraton2009\/maraton2009.jpg?resize=350%2C200 1x, https:\/\/i0.wp.com\/i392.photobucket.com\/albums\/pp7\/pepejaguar\/maraton2009\/maraton2009.jpg?resize=525%2C300 1.5x"},"classes":[]},{"id":3838,"url":"https:\/\/quechilero.com\/blog\/2009\/11\/04\/blog-star\/","url_meta":{"origin":4281,"position":1},"title":"Blog Star","author":"Pepe Barrascout Ortiz","date":"4 noviembre 2009","format":false,"excerpt":"En el blog \"El Webmarketer\", de Jos\u00e9 Kont, hace un mes vi un video que public\u00f3, que a su vez fue publicado por una red de blogs peruanos, me gust\u00f3 mucho la producci\u00f3n del mismo y el compa\u00f1erismo que, al menos en lo que se puede ver y que transmite\u2026","rel":"","context":"En \u00abLimones\u00bb","block_context":{"text":"Limones","link":"https:\/\/quechilero.com\/blog\/category\/limones\/"},"img":{"alt_text":"","src":"","width":0,"height":0},"classes":[]},{"id":11985,"url":"https:\/\/quechilero.com\/blog\/2012\/01\/17\/interactive-google-doodles\/","url_meta":{"origin":4281,"position":2},"title":"Interactive Google Doodles","author":"Pepe Barrascout Ortiz","date":"17 enero 2012","format":false,"excerpt":"A lo largo de los a\u00f1os de historia de Google, cada cierto tiempo, rinde homenaje a personas o eventos, que de una forma u otra, afectan al mundo o a determinadas regiones geogr\u00e1ficas. Muchos de estos Doodles, rebosan de creatividad y durante el a\u00f1o pasado, se distinguieron porque hubo varios\u2026","rel":"","context":"En \u00abLimones\u00bb","block_context":{"text":"Limones","link":"https:\/\/quechilero.com\/blog\/category\/limones\/"},"img":{"alt_text":"","src":"https:\/\/i0.wp.com\/img.youtube.com\/vi\/xICGMGupCVQ\/0.jpg?resize=350%2C200","width":350,"height":200},"classes":[]},{"id":3239,"url":"https:\/\/quechilero.com\/blog\/2009\/08\/07\/maraton-de-blogs-te-prometo-anarquia\/","url_meta":{"origin":4281,"position":3},"title":"Marat\u00f3n de Blogs: Te Prometo Anarqu\u00eda","author":"Pepe Barrascout Ortiz","date":"7 agosto 2009","format":false,"excerpt":"Es que no es f\u00e1cil entender la anarqu\u00eda, \u00bfporqu\u00e9 pasa?, \u00bfa que se debe?, \u00bfquien la origina?, \u00bfquien la sufre?. \u00bfEs un desorden ordenado, o quiz\u00e1 un orden desordenado?. Nada es verdad y nada es mentira, todo depende del tama\u00f1o del monitor en el que se mira. No hay nada\u2026","rel":"","context":"En \u00abBlogs de Guatemala\u00bb","block_context":{"text":"Blogs de Guatemala","link":"https:\/\/quechilero.com\/blog\/category\/blogs-de-guatemala\/"},"img":{"alt_text":"Marat\u00f3n de Blogs 2009","src":"https:\/\/i0.wp.com\/i392.photobucket.com\/albums\/pp7\/pepejaguar\/maraton2009\/maraton2009.jpg?resize=350%2C200","width":350,"height":200,"srcset":"https:\/\/i0.wp.com\/i392.photobucket.com\/albums\/pp7\/pepejaguar\/maraton2009\/maraton2009.jpg?resize=350%2C200 1x, https:\/\/i0.wp.com\/i392.photobucket.com\/albums\/pp7\/pepejaguar\/maraton2009\/maraton2009.jpg?resize=525%2C300 1.5x"},"classes":[]},{"id":18063,"url":"https:\/\/quechilero.com\/blog\/2014\/08\/10\/como-te-cambia-la-vida-ser-papa\/","url_meta":{"origin":4281,"position":4},"title":"Como te cambia la vida ser pap\u00e1","author":"Pepe Barrascout Ortiz","date":"10 agosto 2014","format":false,"excerpt":"No hay duda que una de las cosas mas importantes en la vida de cualquier persona, es el d\u00eda en que se convierte en padre. Como te cambia la vida ser pap\u00e1, b\u00e1sicamente es mas que un cambio, es un inicio totalmente nuevo, el tener bajo su cargo y responsabilidad\u2026","rel":"","context":"En \u00abLimones\u00bb","block_context":{"text":"Limones","link":"https:\/\/quechilero.com\/blog\/category\/limones\/"},"img":{"alt_text":"","src":"https:\/\/i0.wp.com\/img.youtube.com\/vi\/-prOqP8AxAA\/0.jpg?resize=350%2C200","width":350,"height":200},"classes":[]},{"id":1217,"url":"https:\/\/quechilero.com\/blog\/2008\/08\/04\/chitiore-blog\/","url_meta":{"origin":4281,"position":5},"title":"Marat\u00f3n &#8211; Chitiore Blog","author":"Pepe Barrascout Ortiz","date":"4 agosto 2008","format":false,"excerpt":"Este blog cuenta con casi tres a\u00f1os de haber sido creado, sin embargo en sus primeros dos a\u00f1os, la producci\u00f3n escrita fue muy poca. Pero a partir del presente a\u00f1o, el Chitiore Blog, ha tomado un auge sorprendente donde no solo ha recuperado el tiempo que no hab\u00eda publicado, sino\u2026","rel":"","context":"En \u00abBlogs de Guatemala\u00bb","block_context":{"text":"Blogs de Guatemala","link":"https:\/\/quechilero.com\/blog\/category\/blogs-de-guatemala\/"},"img":{"alt_text":"Chitiore Blog","src":"https:\/\/i0.wp.com\/img504.imageshack.us\/img504\/4469\/maratonrz0.jpg?resize=350%2C200","width":350,"height":200},"classes":[]}],"jetpack_featured_media_url":"","_links":{"self":[{"href":"https:\/\/quechilero.com\/blog\/wp-json\/wp\/v2\/posts\/4281","targetHints":{"allow":["GET"]}}],"collection":[{"href":"https:\/\/quechilero.com\/blog\/wp-json\/wp\/v2\/posts"}],"about":[{"href":"https:\/\/quechilero.com\/blog\/wp-json\/wp\/v2\/types\/post"}],"author":[{"embeddable":true,"href":"https:\/\/quechilero.com\/blog\/wp-json\/wp\/v2\/users\/1"}],"replies":[{"embeddable":true,"href":"https:\/\/quechilero.com\/blog\/wp-json\/wp\/v2\/comments?post=4281"}],"version-history":[{"count":0,"href":"https:\/\/quechilero.com\/blog\/wp-json\/wp\/v2\/posts\/4281\/revisions"}],"wp:attachment":[{"href":"https:\/\/quechilero.com\/blog\/wp-json\/wp\/v2\/media?parent=4281"}],"wp:term":[{"taxonomy":"category","embeddable":true,"href":"https:\/\/quechilero.com\/blog\/wp-json\/wp\/v2\/categories?post=4281"},{"taxonomy":"post_tag","embeddable":true,"href":"https:\/\/quechilero.com\/blog\/wp-json\/wp\/v2\/tags?post=4281"},{"taxonomy":"series","embeddable":true,"href":"https:\/\/quechilero.com\/blog\/wp-json\/wp\/v2\/series?post=4281"}],"curies":[{"name":"wp","href":"https:\/\/api.w.org\/{rel}","templated":true}]}}