{"id":4271,"date":"2010-02-01T08:00:51","date_gmt":"2010-02-01T14:00:51","guid":{"rendered":"http:\/\/quechilero.com\/blog\/?p=4271"},"modified":"2010-02-01T08:00:51","modified_gmt":"2010-02-01T14:00:51","slug":"camaleon","status":"publish","type":"post","link":"https:\/\/quechilero.com\/blog\/2010\/02\/01\/camaleon\/","title":{"rendered":"Camale\u00f3n"},"content":{"rendered":"<p>Asombroso video, donde se puede apreciar la transformaci\u00f3n y cambio de color que sufre un <em>Camale\u00f3n<\/em>, adapt\u00e1ndose al entorno que lo rodea.<\/p>\n<p>En este caso adopta el color del objeto que se le acerca y del que toma sus propiedades pict\u00f3ricas, mudando el color de su piel al mismo del objeto.<\/p>\n<p><object classid=\"clsid:d27cdb6e-ae6d-11cf-96b8-444553540000\" width=\"560\" height=\"344\" codebase=\"http:\/\/download.macromedia.com\/pub\/shockwave\/cabs\/flash\/swflash.cab#version=6,0,40,0\"><param name=\"allowFullScreen\" value=\"true\" \/><param name=\"allowscriptaccess\" value=\"always\" \/><param name=\"src\" value=\"http:\/\/www.youtube.com\/v\/PK2vWhh3QOs&amp;hl=es_ES&amp;fs=1&amp;\" \/><param name=\"allowfullscreen\" value=\"true\" \/><\/object><\/p>\n","protected":false},"excerpt":{"rendered":"<p>Asombroso video, donde se puede apreciar la transformaci\u00f3n y cambio de color que sufre un Camale\u00f3n, adapt\u00e1ndose al entorno que lo rodea. En este caso adopta el color del objeto que se le acerca y del que toma sus propiedades pict\u00f3ricas, mudando el color de su piel al mismo del objeto.<\/p>\n","protected":false},"author":1,"featured_media":0,"comment_status":"open","ping_status":"open","sticky":false,"template":"","format":"standard","meta":{"advanced_seo_description":"","jetpack_seo_html_title":"","jetpack_seo_noindex":false,"jetpack_seo_schema_type":"","episode_type":"","audio_file":"","podmotor_file_id":"","podmotor_episode_id":"","cover_image":"","cover_image_id":"","duration":"","filesize":"","filesize_raw":"","date_recorded":"","explicit":"","block":"","_jetpack_newsletter_access":"","_jetpack_dont_email_post_to_subs":false,"_jetpack_newsletter_tier_id":0,"_jetpack_memberships_contains_paywalled_content":false,"_jetpack_feature_clip_id":0,"_jetpack_memberships_contains_paid_content":false,"footnotes":"","jetpack_publicize_message":"","jetpack_publicize_feature_enabled":true,"jetpack_social_post_already_shared":false,"jetpack_social_options":{"image_generator_settings":{"template":"highway","default_image_id":0,"font":"","enabled":false},"version":2},"jetpack_post_was_ever_published":false},"categories":[2],"tags":[25,53],"series":[],"class_list":["post-4271","post","type-post","status-publish","format-standard","hentry","category-limones","tag-video","tag-youtube"],"episode_featured_image":false,"episode_player_image":"https:\/\/i0.wp.com\/quechilero.com\/blog\/imagenes\/podcast.png?fit=1831%2C1831&ssl=1","download_link":"","player_link":"","audio_player":false,"episode_data":{"playerMode":"dark","subscribeUrls":{"amazon":{"key":"amazon","url":"","label":"Amazon","class":"amazon","icon":"amazon.png"},"apple_podcasts":{"key":"apple_podcasts","url":"","label":"Apple Podcasts","class":"apple_podcasts","icon":"apple-podcasts.png"},"castbox":{"key":"castbox","url":"","label":"CastBox","class":"castbox","icon":"castbox.png"},"deezer":{"key":"deezer","url":"","label":"Deezer","class":"deezer","icon":"deezer.png"},"google_podcasts":{"key":"google_podcasts","url":"","label":"Google Podcasts","class":"google_podcasts","icon":"google-podcasts.png"},"listen_notes":{"key":"listen_notes","url":"","label":"Listen Notes","class":"listen_notes","icon":"listen-notes.png"},"pandora":{"key":"pandora","url":"","label":"Pandora","class":"pandora","icon":"pandora.png"},"podbean":{"key":"podbean","url":"","label":"Podbean","class":"podbean","icon":"podbean.png"},"podcast_republic":{"key":"podcast_republic","url":"","label":"Podcast Republic","class":"podcast_republic","icon":"podcast-republic.png"},"rss":{"key":"rss","url":"","label":"RSS","class":"rss","icon":"rss.png"},"spotify":{"key":"spotify","url":"","label":"Spotify","class":"spotify","icon":"spotify.png"},"stitcher":{"key":"stitcher","url":"","label":"Stitcher","class":"stitcher","icon":"stitcher.png"},"tunein":{"key":"tunein","url":"","label":"TuneIn","class":"tunein","icon":"tunein.png"},"youtube":{"key":"youtube","url":"","label":"YouTube","class":"youtube","icon":"youtube.png"},"iheartradio":{"key":"iheartradio","url":"","label":"iHeartRadio","class":"iheartradio","icon":"iheartradio.png"},"ivoox":{"key":"ivoox","url":"","label":"iVoox","class":"ivoox","icon":"ivoox.png"}},"rssFeedUrl":"https:\/\/quechilero.com\/blog\/feed\/podcast\/si-la-vida-nos-da-limones","embedCode":"<blockquote class=\"wp-embedded-content\" data-secret=\"13PJJWpn9i\"><a href=\"https:\/\/quechilero.com\/blog\/2010\/02\/01\/camaleon\/\">Camale\u00f3n<\/a><\/blockquote><iframe sandbox=\"allow-scripts\" security=\"restricted\" src=\"https:\/\/quechilero.com\/blog\/2010\/02\/01\/camaleon\/embed\/#?secret=13PJJWpn9i\" width=\"500\" height=\"350\" title=\"\u00abCamale\u00f3n\u00bb \u2014 Si la Vida nos da Limones...\" data-secret=\"13PJJWpn9i\" frameborder=\"0\" marginwidth=\"0\" marginheight=\"0\" scrolling=\"no\" class=\"wp-embedded-content\"><\/iframe><script>\n\/*! This file is auto-generated *\/\n!function(d,l){\"use strict\";l.querySelector&&d.addEventListener&&\"undefined\"!=typeof URL&&(d.wp=d.wp||{},d.wp.receiveEmbedMessage||(d.wp.receiveEmbedMessage=function(e){var t=e.data;if((t||t.secret||t.message||t.value)&&!\/[^a-zA-Z0-9]\/.test(t.secret)){for(var s,r,n,a=l.querySelectorAll('iframe[data-secret=\"'+t.secret+'\"]'),o=l.querySelectorAll('blockquote[data-secret=\"'+t.secret+'\"]'),c=new RegExp(\"^https?:$\",\"i\"),i=0;i<o.length;i++)o[i].style.display=\"none\";for(i=0;i<a.length;i++)s=a[i],e.source===s.contentWindow&&(s.removeAttribute(\"style\"),\"height\"===t.message?(1e3<(r=parseInt(t.value,10))?r=1e3:~~r<200&&(r=200),s.height=r):\"link\"===t.message&&(r=new URL(s.getAttribute(\"src\")),n=new URL(t.value),c.test(n.protocol))&&n.host===r.host&&l.activeElement===s&&(d.top.location.href=t.value))}},d.addEventListener(\"message\",d.wp.receiveEmbedMessage,!1),l.addEventListener(\"DOMContentLoaded\",function(){for(var e,t,s=l.querySelectorAll(\"iframe.wp-embedded-content\"),r=0;r<s.length;r++)(t=(e=s[r]).getAttribute(\"data-secret\"))||(t=Math.random().toString(36).substring(2,12),e.src+=\"#?secret=\"+t,e.setAttribute(\"data-secret\",t)),e.contentWindow.postMessage({message:\"ready\",secret:t},\"*\")},!1)))}(window,document);\n\/\/# sourceURL=https:\/\/quechilero.com\/blog\/wp-includes\/js\/wp-embed.min.js\n<\/script>\n"},"jetpack_publicize_connections":[],"jetpack_shortlink":"https:\/\/wp.me\/sDKli-camaleon","jetpack_sharing_enabled":true,"jetpack-related-posts":[{"id":4311,"url":"https:\/\/quechilero.com\/blog\/2010\/02\/26\/ilusion-optica\/","url_meta":{"origin":4271,"position":0},"title":"Ilusi\u00f3n \u00f3ptica","author":"Pepe Barrascout Ortiz","date":"26 febrero 2010","format":false,"excerpt":"\"Nada es verdad y nada es mentira, todo depende del color del cristal con que se mira\", esta famosa sentencia que mas de alguna vez hemos escuchado y aplicado a distintas situaciones de la vida, nos da pie de entrada para ver esta ilusi\u00f3n \u00f3ptica, que como en la frase\u2026","rel":"","context":"En \u00abLimones\u00bb","block_context":{"text":"Limones","link":"https:\/\/quechilero.com\/blog\/category\/limones\/"},"img":{"alt_text":"","src":"","width":0,"height":0},"classes":[]},{"id":968,"url":"https:\/\/quechilero.com\/blog\/2008\/06\/24\/cambiar-de-color-el-cabello\/","url_meta":{"origin":4271,"position":1},"title":"Cambiar de color el cabello","author":"Pepe Barrascout Ortiz","date":"24 junio 2008","format":false,"excerpt":"Dentro de los retoques fotogr\u00e1ficos, el cambio de color de cabello, es de los mas populares. Este video tutorial, explica f\u00e1cilmente como realizar estos cambios, de una forma f\u00e1cil y sencilla https:\/\/youtu.be\/1hwvT3BuCm0","rel":"","context":"En \u00abVideoBlog\u00bb","block_context":{"text":"VideoBlog","link":"https:\/\/quechilero.com\/blog\/category\/videoblog\/"},"img":{"alt_text":"","src":"https:\/\/i0.wp.com\/img.youtube.com\/vi\/1hwvT3BuCm0\/0.jpg?resize=350%2C200","width":350,"height":200},"classes":[]},{"id":969,"url":"https:\/\/quechilero.com\/blog\/2008\/06\/26\/cambiar-color-de-ojos-y-cabello\/","url_meta":{"origin":4271,"position":2},"title":"Cambiar color de ojos y cabello","author":"Pepe Barrascout Ortiz","date":"26 junio 2008","format":false,"excerpt":"Otro video tutorial especializado, que explica de forma muy completa, como aplicar m\u00e1scaras y algunos sencillos filtros, para cambiar el color de los ojos y del cabello en una fotograf\u00eda. Muy bueno e interesante.","rel":"","context":"En \u00abLimones\u00bb","block_context":{"text":"Limones","link":"https:\/\/quechilero.com\/blog\/category\/limones\/"},"img":{"alt_text":"","src":"","width":0,"height":0},"classes":[]},{"id":4772,"url":"https:\/\/quechilero.com\/blog\/2010\/05\/20\/time-lapse-globos-coloridos\/","url_meta":{"origin":4271,"position":3},"title":"Time-lapse: Globos coloridos","author":"Pepe Barrascout Ortiz","date":"20 mayo 2010","format":false,"excerpt":"Con la t\u00e9cnica de Time-lapse, est\u00e1 grabado este video, que muestra una carrera de globos, que se realiz\u00f3 en la ciudad de Reno en 2006. Se puede ver casi cualquier tipo de figuras volando, desde los globos tradicionales, hasta globos en forma de \u00e1guilas, vacas y muchas figuras mas, que\u2026","rel":"","context":"En \u00abLimones\u00bb","block_context":{"text":"Limones","link":"https:\/\/quechilero.com\/blog\/category\/limones\/"},"img":{"alt_text":"","src":"","width":0,"height":0},"classes":[]},{"id":967,"url":"https:\/\/quechilero.com\/blog\/2008\/06\/22\/mascaras\/","url_meta":{"origin":4271,"position":4},"title":"M\u00e1scaras","author":"Pepe Barrascout Ortiz","date":"22 junio 2008","format":false,"excerpt":"Usando la herramienta m\u00e1scaras, este video tutorial, explica como colorear una fotograf\u00eda. Muy interesante e imperdible.","rel":"","context":"En \u00abLimones\u00bb","block_context":{"text":"Limones","link":"https:\/\/quechilero.com\/blog\/category\/limones\/"},"img":{"alt_text":"","src":"","width":0,"height":0},"classes":[]},{"id":958,"url":"https:\/\/quechilero.com\/blog\/2008\/06\/04\/fotografia-a-dibujo\/","url_meta":{"origin":4271,"position":5},"title":"Fotograf\u00eda a dibujo","author":"Pepe Barrascout Ortiz","date":"4 junio 2008","format":false,"excerpt":"Este video tutorial muestra como convertir una fotograf\u00eda a sketch o dibujo coloreado. Muy buen tutorial, f\u00e1cil y sencillo de utilizar.","rel":"","context":"En \u00abLimones\u00bb","block_context":{"text":"Limones","link":"https:\/\/quechilero.com\/blog\/category\/limones\/"},"img":{"alt_text":"","src":"","width":0,"height":0},"classes":[]}],"jetpack_featured_media_url":"","_links":{"self":[{"href":"https:\/\/quechilero.com\/blog\/wp-json\/wp\/v2\/posts\/4271","targetHints":{"allow":["GET"]}}],"collection":[{"href":"https:\/\/quechilero.com\/blog\/wp-json\/wp\/v2\/posts"}],"about":[{"href":"https:\/\/quechilero.com\/blog\/wp-json\/wp\/v2\/types\/post"}],"author":[{"embeddable":true,"href":"https:\/\/quechilero.com\/blog\/wp-json\/wp\/v2\/users\/1"}],"replies":[{"embeddable":true,"href":"https:\/\/quechilero.com\/blog\/wp-json\/wp\/v2\/comments?post=4271"}],"version-history":[{"count":0,"href":"https:\/\/quechilero.com\/blog\/wp-json\/wp\/v2\/posts\/4271\/revisions"}],"wp:attachment":[{"href":"https:\/\/quechilero.com\/blog\/wp-json\/wp\/v2\/media?parent=4271"}],"wp:term":[{"taxonomy":"category","embeddable":true,"href":"https:\/\/quechilero.com\/blog\/wp-json\/wp\/v2\/categories?post=4271"},{"taxonomy":"post_tag","embeddable":true,"href":"https:\/\/quechilero.com\/blog\/wp-json\/wp\/v2\/tags?post=4271"},{"taxonomy":"series","embeddable":true,"href":"https:\/\/quechilero.com\/blog\/wp-json\/wp\/v2\/series?post=4271"}],"curies":[{"name":"wp","href":"https:\/\/api.w.org\/{rel}","templated":true}]}}