{"id":427,"date":"2007-01-30T13:01:04","date_gmt":"2007-01-30T19:01:04","guid":{"rendered":"http:\/\/www.quechilero.com\/blog\/2007\/01\/30\/un-corazon-libre\/"},"modified":"2007-01-30T13:01:04","modified_gmt":"2007-01-30T19:01:04","slug":"un-corazon-libre","status":"publish","type":"post","link":"https:\/\/quechilero.com\/blog\/2007\/01\/30\/un-corazon-libre\/","title":{"rendered":"Un coraz\u00f3n libre"},"content":{"rendered":"<p>Un coraz\u00f3n libre es la mejor compa\u00f1\u00eda para un alma en paz.<\/p>\n<p>Un coraz\u00f3n libre es aquel que no se aferra a su propio modo de hacer las  cosas, que no se impacienta cuando las cosas no suceden como quiere.<\/p>\n<p>Un coraz\u00f3n libre sabr\u00e1 seguramente gozar de los consuelos espirituales pero  no depende de ellos; y aceptar\u00e1, al m\u00e1ximo de su capacidad, los problemas que se  le presenten en lugar de los consuelos.<\/p>\n<p>Un coraz\u00f3n libre no se ata tanto a planes y modos de orar, como para que  cualquier cambio lo turbe y le cause ansiedad.<\/p>\n<p>Un coraz\u00f3n libre no se apega a lo que \u00e9l puede controlar.<\/p>\n<p>Un coraz\u00f3n libre ruega a Dios que su nombre sea santificado, que venga su  reino, que se haga su voluntad as\u00ed en la tierra como en el cielo.<\/p>\n<p>Porque si el nombre de Dios es santificado, si viene a nosotros su reino, si  se hace su voluntad, un esp\u00edritu libre no necesita interesarse por ninguna otra  cosa.<\/p>\n<p><strong><em>San Francisco de Sales<\/em><\/strong><\/p>\n","protected":false},"excerpt":{"rendered":"<p>Un coraz\u00f3n libre es la mejor compa\u00f1\u00eda para un alma en paz. Un coraz\u00f3n libre es aquel que no se aferra a su propio modo de hacer las cosas, que no se impacienta cuando las cosas no suceden como quiere. Un coraz\u00f3n libre sabr\u00e1 seguramente gozar de los consuelos espirituales pero no depende de ellos; &#8230; <a title=\"Un coraz\u00f3n libre\" class=\"read-more\" href=\"https:\/\/quechilero.com\/blog\/2007\/01\/30\/un-corazon-libre\/\" aria-label=\"Leer m\u00e1s sobre Un coraz\u00f3n libre\">Leer m\u00e1s<\/a><\/p>\n","protected":false},"author":1,"featured_media":0,"comment_status":"open","ping_status":"open","sticky":false,"template":"","format":"standard","meta":{"advanced_seo_description":"","jetpack_seo_html_title":"","jetpack_seo_noindex":false,"jetpack_seo_schema_type":"","episode_type":"","audio_file":"","podmotor_file_id":"","podmotor_episode_id":"","cover_image":"","cover_image_id":"","duration":"","filesize":"","filesize_raw":"","date_recorded":"","explicit":"","block":"","_jetpack_newsletter_access":"","_jetpack_dont_email_post_to_subs":false,"_jetpack_newsletter_tier_id":0,"_jetpack_memberships_contains_paywalled_content":false,"_jetpack_feature_clip_id":0,"_jetpack_memberships_contains_paid_content":false,"footnotes":"","jetpack_publicize_message":"","jetpack_publicize_feature_enabled":true,"jetpack_social_post_already_shared":false,"jetpack_social_options":{"image_generator_settings":{"template":"highway","default_image_id":0,"font":"","enabled":false},"version":2},"jetpack_post_was_ever_published":false},"categories":[2],"tags":[12,51,40,21],"series":[],"class_list":["post-427","post","type-post","status-publish","format-standard","hentry","category-limones","tag-cosas","tag-dios","tag-paz","tag-problema"],"episode_featured_image":false,"episode_player_image":"https:\/\/i0.wp.com\/quechilero.com\/blog\/imagenes\/podcast.png?fit=1831%2C1831&ssl=1","download_link":"","player_link":"","audio_player":false,"episode_data":{"playerMode":"dark","subscribeUrls":{"amazon":{"key":"amazon","url":"","label":"Amazon","class":"amazon","icon":"amazon.png"},"apple_podcasts":{"key":"apple_podcasts","url":"","label":"Apple Podcasts","class":"apple_podcasts","icon":"apple-podcasts.png"},"castbox":{"key":"castbox","url":"","label":"CastBox","class":"castbox","icon":"castbox.png"},"deezer":{"key":"deezer","url":"","label":"Deezer","class":"deezer","icon":"deezer.png"},"google_podcasts":{"key":"google_podcasts","url":"","label":"Google Podcasts","class":"google_podcasts","icon":"google-podcasts.png"},"listen_notes":{"key":"listen_notes","url":"","label":"Listen Notes","class":"listen_notes","icon":"listen-notes.png"},"pandora":{"key":"pandora","url":"","label":"Pandora","class":"pandora","icon":"pandora.png"},"podbean":{"key":"podbean","url":"","label":"Podbean","class":"podbean","icon":"podbean.png"},"podcast_republic":{"key":"podcast_republic","url":"","label":"Podcast Republic","class":"podcast_republic","icon":"podcast-republic.png"},"rss":{"key":"rss","url":"","label":"RSS","class":"rss","icon":"rss.png"},"spotify":{"key":"spotify","url":"","label":"Spotify","class":"spotify","icon":"spotify.png"},"stitcher":{"key":"stitcher","url":"","label":"Stitcher","class":"stitcher","icon":"stitcher.png"},"tunein":{"key":"tunein","url":"","label":"TuneIn","class":"tunein","icon":"tunein.png"},"youtube":{"key":"youtube","url":"","label":"YouTube","class":"youtube","icon":"youtube.png"},"iheartradio":{"key":"iheartradio","url":"","label":"iHeartRadio","class":"iheartradio","icon":"iheartradio.png"},"ivoox":{"key":"ivoox","url":"","label":"iVoox","class":"ivoox","icon":"ivoox.png"}},"rssFeedUrl":"https:\/\/quechilero.com\/blog\/feed\/podcast\/si-la-vida-nos-da-limones","embedCode":"<blockquote class=\"wp-embedded-content\" data-secret=\"dQqIdZncuZ\"><a href=\"https:\/\/quechilero.com\/blog\/2007\/01\/30\/un-corazon-libre\/\">Un coraz\u00f3n libre<\/a><\/blockquote><iframe sandbox=\"allow-scripts\" security=\"restricted\" src=\"https:\/\/quechilero.com\/blog\/2007\/01\/30\/un-corazon-libre\/embed\/#?secret=dQqIdZncuZ\" width=\"500\" height=\"350\" title=\"\u00abUn coraz\u00f3n libre\u00bb \u2014 Si la Vida nos da Limones...\" data-secret=\"dQqIdZncuZ\" frameborder=\"0\" marginwidth=\"0\" marginheight=\"0\" scrolling=\"no\" class=\"wp-embedded-content\"><\/iframe><script>\n\/*! This file is auto-generated *\/\n!function(d,l){\"use strict\";l.querySelector&&d.addEventListener&&\"undefined\"!=typeof URL&&(d.wp=d.wp||{},d.wp.receiveEmbedMessage||(d.wp.receiveEmbedMessage=function(e){var t=e.data;if((t||t.secret||t.message||t.value)&&!\/[^a-zA-Z0-9]\/.test(t.secret)){for(var s,r,n,a=l.querySelectorAll('iframe[data-secret=\"'+t.secret+'\"]'),o=l.querySelectorAll('blockquote[data-secret=\"'+t.secret+'\"]'),c=new RegExp(\"^https?:$\",\"i\"),i=0;i<o.length;i++)o[i].style.display=\"none\";for(i=0;i<a.length;i++)s=a[i],e.source===s.contentWindow&&(s.removeAttribute(\"style\"),\"height\"===t.message?(1e3<(r=parseInt(t.value,10))?r=1e3:~~r<200&&(r=200),s.height=r):\"link\"===t.message&&(r=new URL(s.getAttribute(\"src\")),n=new URL(t.value),c.test(n.protocol))&&n.host===r.host&&l.activeElement===s&&(d.top.location.href=t.value))}},d.addEventListener(\"message\",d.wp.receiveEmbedMessage,!1),l.addEventListener(\"DOMContentLoaded\",function(){for(var e,t,s=l.querySelectorAll(\"iframe.wp-embedded-content\"),r=0;r<s.length;r++)(t=(e=s[r]).getAttribute(\"data-secret\"))||(t=Math.random().toString(36).substring(2,12),e.src+=\"#?secret=\"+t,e.setAttribute(\"data-secret\",t)),e.contentWindow.postMessage({message:\"ready\",secret:t},\"*\")},!1)))}(window,document);\n\/\/# sourceURL=https:\/\/quechilero.com\/blog\/wp-includes\/js\/wp-embed.min.js\n<\/script>\n"},"jetpack_publicize_connections":[],"jetpack_shortlink":"https:\/\/wp.me\/pDKli-6T","jetpack_sharing_enabled":true,"jetpack-related-posts":[{"id":2817,"url":"https:\/\/quechilero.com\/blog\/2009\/06\/25\/una-fuente-de-consuelo\/","url_meta":{"origin":427,"position":0},"title":"Una fuente de consuelo","author":"Pepe Barrascout Ortiz","date":"25 junio 2009","format":false,"excerpt":"\u00bfLa aflicci\u00f3n que te atormenta ser\u00e1 una amargura eterna? Quiz\u00e1 sientas tu pena, ahora, como una agon\u00eda mortal; pero en tus manos est\u00e1 librarte de tu pesadumbre. Tu mente es la fuente de tu alivio. Mira de frente y en su justa dimensi\u00f3n el problema que afrontas. Si permites que\u2026","rel":"","context":"En \u00abLimones\u00bb","block_context":{"text":"Limones","link":"https:\/\/quechilero.com\/blog\/category\/limones\/"},"img":{"alt_text":"","src":"","width":0,"height":0},"classes":[]},{"id":14521,"url":"https:\/\/quechilero.com\/blog\/2012\/09\/14\/libre\/","url_meta":{"origin":427,"position":1},"title":"Libre","author":"Pepe Barrascout Ortiz","date":"14 septiembre 2012","format":false,"excerpt":"Hubo un tiempo en mi vida en que si me preguntabas: \"\u00bfQu\u00e9 fue lo \u00faltimo que hiciste mal?\", pod\u00eda haberte detallado el preciso instante en que lo hab\u00eda hecho y cu\u00e1nto tiempo estuve pagando por ello. Me apenaba por cada m\u00ednimo error que comet\u00eda y con gran desesperaci\u00f3n intentaba no\u2026","rel":"","context":"En \u00abLimones\u00bb","block_context":{"text":"Limones","link":"https:\/\/quechilero.com\/blog\/category\/limones\/"},"img":{"alt_text":"","src":"","width":0,"height":0},"classes":[]},{"id":15358,"url":"https:\/\/quechilero.com\/blog\/2012\/12\/02\/primer-domingo-de-adviento\/","url_meta":{"origin":427,"position":2},"title":"Primer Domingo de Adviento","author":"Pepe Barrascout Ortiz","date":"2 diciembre 2012","format":false,"excerpt":"Primer Domingo de Adviento (ciclo B) Cabeza de Familia: Hermanos: Al iniciar hoy el Adviento, comenzamos el A\u00f1o Lit\u00fargico, s\u00edmbolo de nuestra larga traves\u00eda por la vida. Vamos caminando por el desierto, atravesando unas veces, bellos oasis; otras sofocantes desiertos. Lo hacemos con alegr\u00eda y con miedo, con fe y\u2026","rel":"","context":"En \u00abLimones\u00bb","block_context":{"text":"Limones","link":"https:\/\/quechilero.com\/blog\/category\/limones\/"},"img":{"alt_text":"","src":"https:\/\/i0.wp.com\/i392.photobucket.com\/albums\/pp7\/pepejaguar\/blog\/1-domingo-adviento.png?resize=350%2C200","width":350,"height":200,"srcset":"https:\/\/i0.wp.com\/i392.photobucket.com\/albums\/pp7\/pepejaguar\/blog\/1-domingo-adviento.png?resize=350%2C200 1x, https:\/\/i0.wp.com\/i392.photobucket.com\/albums\/pp7\/pepejaguar\/blog\/1-domingo-adviento.png?resize=525%2C300 1.5x"},"classes":[]},{"id":580,"url":"https:\/\/quechilero.com\/blog\/2007\/06\/16\/una-carta-para-ti\/","url_meta":{"origin":427,"position":3},"title":"Una carta para ti","author":"Pepe Barrascout Ortiz","date":"16 junio 2007","format":false,"excerpt":"Querido Hijo: Recuerdo muy bien el d\u00eda que te marchaste de mi lado, atravesando el velo para aventurarte a cumplir tu misi\u00f3n terrenal. Las l\u00e1grimas brotaron de mis ojos cuando vest\u00ed tu esp\u00edritu con una capa de Amor y te envi\u00e9 a la escuela. Seguro es, hijo m\u00edo que mis\u2026","rel":"","context":"En \u00abLimones\u00bb","block_context":{"text":"Limones","link":"https:\/\/quechilero.com\/blog\/category\/limones\/"},"img":{"alt_text":"","src":"","width":0,"height":0},"classes":[]},{"id":20034,"url":"https:\/\/quechilero.com\/blog\/2015\/04\/08\/bota-la-basura\/","url_meta":{"origin":427,"position":4},"title":"\u00a1Bota la basura!","author":"Pepe Barrascout Ortiz","date":"8 abril 2015","format":false,"excerpt":"Basta un solo d\u00eda sin sacar la basura para que al poco tiempo comencemos a experimentar las desagradables consecuencias de nuestro olvido. Toda clase de insectos y plagas se sentir\u00e1n atra\u00eddos por el infaltable mal olor provocado por la basura ya en estado de descomposici\u00f3n. Del mismo modo nuestro coraz\u00f3n\u2026","rel":"","context":"En \u00abLimones\u00bb","block_context":{"text":"Limones","link":"https:\/\/quechilero.com\/blog\/category\/limones\/"},"img":{"alt_text":"","src":"","width":0,"height":0},"classes":[]},{"id":13459,"url":"https:\/\/quechilero.com\/blog\/2012\/05\/30\/dios-mio-te-agradezco-de-corazon\/","url_meta":{"origin":427,"position":5},"title":"\u00a1Dios m\u00edo, te agradezco de coraz\u00f3n!","author":"Pepe Barrascout Ortiz","date":"30 mayo 2012","format":false,"excerpt":"Gracias, Se\u00f1or, porque mi vida es una oportunidad de oportunidades. Te doy mis m\u00e1s sentidas gracias porque puedo disponer de estar vivo. Te agradezco el prodigioso funcionamiento de mi organismo. Gracias, Se\u00f1or, porque mi coraz\u00f3n anda bien, y responde a esta gracia Tuya, amando a mis semejantes y siendo solidario\u2026","rel":"","context":"En \u00abLimones\u00bb","block_context":{"text":"Limones","link":"https:\/\/quechilero.com\/blog\/category\/limones\/"},"img":{"alt_text":"","src":"","width":0,"height":0},"classes":[]}],"jetpack_featured_media_url":"","_links":{"self":[{"href":"https:\/\/quechilero.com\/blog\/wp-json\/wp\/v2\/posts\/427","targetHints":{"allow":["GET"]}}],"collection":[{"href":"https:\/\/quechilero.com\/blog\/wp-json\/wp\/v2\/posts"}],"about":[{"href":"https:\/\/quechilero.com\/blog\/wp-json\/wp\/v2\/types\/post"}],"author":[{"embeddable":true,"href":"https:\/\/quechilero.com\/blog\/wp-json\/wp\/v2\/users\/1"}],"replies":[{"embeddable":true,"href":"https:\/\/quechilero.com\/blog\/wp-json\/wp\/v2\/comments?post=427"}],"version-history":[{"count":0,"href":"https:\/\/quechilero.com\/blog\/wp-json\/wp\/v2\/posts\/427\/revisions"}],"wp:attachment":[{"href":"https:\/\/quechilero.com\/blog\/wp-json\/wp\/v2\/media?parent=427"}],"wp:term":[{"taxonomy":"category","embeddable":true,"href":"https:\/\/quechilero.com\/blog\/wp-json\/wp\/v2\/categories?post=427"},{"taxonomy":"post_tag","embeddable":true,"href":"https:\/\/quechilero.com\/blog\/wp-json\/wp\/v2\/tags?post=427"},{"taxonomy":"series","embeddable":true,"href":"https:\/\/quechilero.com\/blog\/wp-json\/wp\/v2\/series?post=427"}],"curies":[{"name":"wp","href":"https:\/\/api.w.org\/{rel}","templated":true}]}}