{"id":422,"date":"2007-01-31T13:48:16","date_gmt":"2007-01-31T19:48:16","guid":{"rendered":"http:\/\/www.quechilero.com\/blog\/2007\/01\/31\/la-ventana-rota\/"},"modified":"2007-01-31T13:48:16","modified_gmt":"2007-01-31T19:48:16","slug":"la-ventana-rota","status":"publish","type":"post","link":"https:\/\/quechilero.com\/blog\/2007\/01\/31\/la-ventana-rota\/","title":{"rendered":"La Ventana Rota"},"content":{"rendered":"<p>Hay una ventana en tu coraz\u00f3n a trav\u00e9s de la cual puedes ver a Dios.<\/p>\n<p>Hubo una vez en que esa ventana era transparente.<\/p>\n<p>Tu visi\u00f3n de Dios era clara.<\/p>\n<p>Pod\u00edas ver a Dios tan v\u00edvidamente como pod\u00edas ver un hermoso valle o una  colina.<\/p>\n<p>Entonces, de pronto, la ventana se quebr\u00f3.<\/p>\n<p>Una piedra rompi\u00f3 la ventana. Una piedra de dolor.<\/p>\n<p>Y de repente ya no fue tan f\u00e1cil ver a Dios. La vista que hab\u00eda sido tan  clara hab\u00eda cambiado.<\/p>\n<p>Estabas confundido. Dios no permitir\u00eda que algo como eso ocurriera,  \u00bfverdad?<\/p>\n<p>Aunque no lo veas, \u00c9l est\u00e1 tan cerca de ti que ni te imaginas cu\u00e1n cerca  est\u00e1.<\/p>\n<p>Deja de mirar la ventana rota y comienza a ver qui\u00e9n est\u00e1 m\u00e1s cerca que esa  ventana.<\/p>\n<p>Cuando no lo puedas ver, conf\u00eda en \u00c9l. Jes\u00fas est\u00e1 m\u00e1s cerca de lo que jam\u00e1s  so\u00f1aste.<\/p>\n<p>En el ojo de la tormenta<\/p>\n<p><strong><em>Del libro \u00abPromesas inspiradoras de Dios\u00bb, de Max Lucado y Terri  A. Gibbs<\/em><\/strong><\/p>\n","protected":false},"excerpt":{"rendered":"<p>Hay una ventana en tu coraz\u00f3n a trav\u00e9s de la cual puedes ver a Dios. Hubo una vez en que esa ventana era transparente. Tu visi\u00f3n de Dios era clara. Pod\u00edas ver a Dios tan v\u00edvidamente como pod\u00edas ver un hermoso valle o una colina. Entonces, de pronto, la ventana se quebr\u00f3. Una piedra rompi\u00f3 &#8230; <a title=\"La Ventana Rota\" class=\"read-more\" href=\"https:\/\/quechilero.com\/blog\/2007\/01\/31\/la-ventana-rota\/\" aria-label=\"Leer m\u00e1s sobre La Ventana Rota\">Leer m\u00e1s<\/a><\/p>\n","protected":false},"author":1,"featured_media":0,"comment_status":"open","ping_status":"open","sticky":false,"template":"","format":"standard","meta":{"advanced_seo_description":"","jetpack_seo_html_title":"","jetpack_seo_noindex":false,"jetpack_seo_schema_type":"","episode_type":"","audio_file":"","podmotor_file_id":"","podmotor_episode_id":"","cover_image":"","cover_image_id":"","duration":"","filesize":"","filesize_raw":"","date_recorded":"","explicit":"","block":"","_jetpack_newsletter_access":"","_jetpack_dont_email_post_to_subs":false,"_jetpack_newsletter_tier_id":0,"_jetpack_memberships_contains_paywalled_content":false,"_jetpack_feature_clip_id":0,"_jetpack_memberships_contains_paid_content":false,"footnotes":"","jetpack_publicize_message":"","jetpack_publicize_feature_enabled":true,"jetpack_social_post_already_shared":false,"jetpack_social_options":{"image_generator_settings":{"template":"highway","default_image_id":0,"font":"","enabled":false},"version":2},"jetpack_post_was_ever_published":false},"categories":[2],"tags":[51,74,72,41,24],"series":[],"class_list":["post-422","post","type-post","status-publish","format-standard","hentry","category-limones","tag-dios","tag-jesus","tag-libro","tag-verdad","tag-vida"],"episode_featured_image":false,"episode_player_image":"https:\/\/i0.wp.com\/quechilero.com\/blog\/imagenes\/podcast.png?fit=1831%2C1831&ssl=1","download_link":"","player_link":"","audio_player":false,"episode_data":{"playerMode":"dark","subscribeUrls":{"amazon":{"key":"amazon","url":"","label":"Amazon","class":"amazon","icon":"amazon.png"},"apple_podcasts":{"key":"apple_podcasts","url":"","label":"Apple Podcasts","class":"apple_podcasts","icon":"apple-podcasts.png"},"castbox":{"key":"castbox","url":"","label":"CastBox","class":"castbox","icon":"castbox.png"},"deezer":{"key":"deezer","url":"","label":"Deezer","class":"deezer","icon":"deezer.png"},"google_podcasts":{"key":"google_podcasts","url":"","label":"Google Podcasts","class":"google_podcasts","icon":"google-podcasts.png"},"listen_notes":{"key":"listen_notes","url":"","label":"Listen Notes","class":"listen_notes","icon":"listen-notes.png"},"pandora":{"key":"pandora","url":"","label":"Pandora","class":"pandora","icon":"pandora.png"},"podbean":{"key":"podbean","url":"","label":"Podbean","class":"podbean","icon":"podbean.png"},"podcast_republic":{"key":"podcast_republic","url":"","label":"Podcast Republic","class":"podcast_republic","icon":"podcast-republic.png"},"rss":{"key":"rss","url":"","label":"RSS","class":"rss","icon":"rss.png"},"spotify":{"key":"spotify","url":"","label":"Spotify","class":"spotify","icon":"spotify.png"},"stitcher":{"key":"stitcher","url":"","label":"Stitcher","class":"stitcher","icon":"stitcher.png"},"tunein":{"key":"tunein","url":"","label":"TuneIn","class":"tunein","icon":"tunein.png"},"youtube":{"key":"youtube","url":"","label":"YouTube","class":"youtube","icon":"youtube.png"},"iheartradio":{"key":"iheartradio","url":"","label":"iHeartRadio","class":"iheartradio","icon":"iheartradio.png"},"ivoox":{"key":"ivoox","url":"","label":"iVoox","class":"ivoox","icon":"ivoox.png"}},"rssFeedUrl":"https:\/\/quechilero.com\/blog\/feed\/podcast\/si-la-vida-nos-da-limones","embedCode":"<blockquote class=\"wp-embedded-content\" data-secret=\"EPm3Op69Z9\"><a href=\"https:\/\/quechilero.com\/blog\/2007\/01\/31\/la-ventana-rota\/\">La Ventana Rota<\/a><\/blockquote><iframe sandbox=\"allow-scripts\" security=\"restricted\" src=\"https:\/\/quechilero.com\/blog\/2007\/01\/31\/la-ventana-rota\/embed\/#?secret=EPm3Op69Z9\" width=\"500\" height=\"350\" title=\"\u00abLa Ventana Rota\u00bb \u2014 Si la Vida nos da Limones...\" data-secret=\"EPm3Op69Z9\" frameborder=\"0\" marginwidth=\"0\" marginheight=\"0\" scrolling=\"no\" class=\"wp-embedded-content\"><\/iframe><script>\n\/*! This file is auto-generated *\/\n!function(d,l){\"use strict\";l.querySelector&&d.addEventListener&&\"undefined\"!=typeof URL&&(d.wp=d.wp||{},d.wp.receiveEmbedMessage||(d.wp.receiveEmbedMessage=function(e){var t=e.data;if((t||t.secret||t.message||t.value)&&!\/[^a-zA-Z0-9]\/.test(t.secret)){for(var s,r,n,a=l.querySelectorAll('iframe[data-secret=\"'+t.secret+'\"]'),o=l.querySelectorAll('blockquote[data-secret=\"'+t.secret+'\"]'),c=new RegExp(\"^https?:$\",\"i\"),i=0;i<o.length;i++)o[i].style.display=\"none\";for(i=0;i<a.length;i++)s=a[i],e.source===s.contentWindow&&(s.removeAttribute(\"style\"),\"height\"===t.message?(1e3<(r=parseInt(t.value,10))?r=1e3:~~r<200&&(r=200),s.height=r):\"link\"===t.message&&(r=new URL(s.getAttribute(\"src\")),n=new URL(t.value),c.test(n.protocol))&&n.host===r.host&&l.activeElement===s&&(d.top.location.href=t.value))}},d.addEventListener(\"message\",d.wp.receiveEmbedMessage,!1),l.addEventListener(\"DOMContentLoaded\",function(){for(var e,t,s=l.querySelectorAll(\"iframe.wp-embedded-content\"),r=0;r<s.length;r++)(t=(e=s[r]).getAttribute(\"data-secret\"))||(t=Math.random().toString(36).substring(2,12),e.src+=\"#?secret=\"+t,e.setAttribute(\"data-secret\",t)),e.contentWindow.postMessage({message:\"ready\",secret:t},\"*\")},!1)))}(window,document);\n\/\/# sourceURL=https:\/\/quechilero.com\/blog\/wp-includes\/js\/wp-embed.min.js\n<\/script>\n"},"jetpack_publicize_connections":[],"jetpack_shortlink":"https:\/\/wp.me\/pDKli-6O","jetpack_sharing_enabled":true,"jetpack-related-posts":[{"id":14601,"url":"https:\/\/quechilero.com\/blog\/2012\/09\/23\/los-lentes-del-alma\/","url_meta":{"origin":422,"position":0},"title":"Los Lentes del Alma","author":"Pepe Barrascout Ortiz","date":"23 septiembre 2012","format":false,"excerpt":"Paula, una joven de escasos 12 a\u00f1os, visitaba por primera vez al opt\u00f3metra, el cual le diagnostic\u00f3 miop\u00eda en ambos ojos. - Sientes que no puedes ver bien de lejos, Paula. -dijo el doctor. - S\u00ed, se me dificulta mucho hacerlo -afirm\u00f3 Paula. - Te sientes muy mal por esto,\u2026","rel":"","context":"En \u00abLimones\u00bb","block_context":{"text":"Limones","link":"https:\/\/quechilero.com\/blog\/category\/limones\/"},"img":{"alt_text":"","src":"","width":0,"height":0},"classes":[]},{"id":21441,"url":"https:\/\/quechilero.com\/blog\/2015\/08\/16\/tirar-la-casa-por-la-ventana\/","url_meta":{"origin":422,"position":1},"title":"Tirar la casa por la ventana","author":"Pepe Barrascout Ortiz","date":"16 agosto 2015","format":false,"excerpt":"A fines del siglo dieciocho y principios del diecinueve hubo una costumbre muy curiosa que se populariz\u00f3 en Espa\u00f1a a ra\u00edz de la loter\u00eda instaurada en 1763 por orden del rey Carlos III. Las personas que resultaban premiadas por la loter\u00eda tiraban por las ventanas todos sus muebles y enseres\u2026","rel":"","context":"En \u00abLimones\u00bb","block_context":{"text":"Limones","link":"https:\/\/quechilero.com\/blog\/category\/limones\/"},"img":{"alt_text":"","src":"","width":0,"height":0},"classes":[]},{"id":11450,"url":"https:\/\/quechilero.com\/blog\/2011\/12\/22\/la-ventana-de-la-oportunidad\/","url_meta":{"origin":422,"position":2},"title":"La ventana de la oportunidad","author":"Pepe Barrascout Ortiz","date":"22 diciembre 2011","format":false,"excerpt":"Son muy pocas las personas u organizaciones que desean cambiar cuando hay prosperidad y paz. A menudo es la necesidad la que precipita los cambios significativos. Petronio, ten\u00eda una perspectiva muy diferente sobre los resultados del cambio. \u00c9l dijo: Nos entrenamos arduamente.. . pero cada vez que comenz\u00e1bamos a formarnos\u2026","rel":"","context":"En \u00abLimones\u00bb","block_context":{"text":"Limones","link":"https:\/\/quechilero.com\/blog\/category\/limones\/"},"img":{"alt_text":"","src":"","width":0,"height":0},"classes":[]},{"id":16794,"url":"https:\/\/quechilero.com\/blog\/2013\/06\/29\/silencio\/","url_meta":{"origin":422,"position":3},"title":"\u00a1Silencio!","author":"Pepe Barrascout Ortiz","date":"29 junio 2013","format":false,"excerpt":"Una noche, mientras se hallaba en oraci\u00f3n, el hermano Bruno se vio interrumpido por el croar de una rana. Pero, al ver que todos sus esfuerzos por ignorar aquel sonido resultaban in\u00fatiles, se asom\u00f3 a la ventana y grit\u00f3: \"\u00a1Silencio! \u00a1Estoy rezando!\" Y como el hermano Bruno era un santo,\u2026","rel":"","context":"En \u00abLimones\u00bb","block_context":{"text":"Limones","link":"https:\/\/quechilero.com\/blog\/category\/limones\/"},"img":{"alt_text":"","src":"","width":0,"height":0},"classes":[]},{"id":17802,"url":"https:\/\/quechilero.com\/blog\/2014\/04\/27\/oracion-oficial-a-san-juan-pablo-ii\/","url_meta":{"origin":422,"position":4},"title":"Oraci\u00f3n Oficial a San Juan Pablo II","author":"Pepe Barrascout Ortiz","date":"27 abril 2014","format":false,"excerpt":"\u00a1Oh San Juan Pablo, desde la ventana del Cielo d\u00f3nanos tu bendici\u00f3n! Bendice a la Iglesia, que t\u00fa has amado, servido, y guiado, anim\u00e1ndola a caminar con coraje por los senderos del mundo para llevar a Jes\u00fas a todos y a todos a Jes\u00fas. Bendice a los j\u00f3venes, que han\u2026","rel":"","context":"En \u00abLimones\u00bb","block_context":{"text":"Limones","link":"https:\/\/quechilero.com\/blog\/category\/limones\/"},"img":{"alt_text":"","src":"https:\/\/i0.wp.com\/lh6.googleusercontent.com\/-2B9-CvruU-A\/U2Aomq64tyI\/AAAAAAAACcc\/SQtxp0pHbW8\/w500-h375-no\/sanjuanpablooracion.jpg?resize=350%2C200&ssl=1","width":350,"height":200},"classes":[]},{"id":286,"url":"https:\/\/quechilero.com\/blog\/2006\/10\/24\/las-flores-han-brotado\/","url_meta":{"origin":422,"position":5},"title":"Las Flores han brotado","author":"Pepe Barrascout Ortiz","date":"24 octubre 2006","format":false,"excerpt":"Un hombre trabajaba en una f\u00e1brica distante cincuenta minutos en \u00f3mnibus de su casa. En la siguiente parada entraba una se\u00f1ora anciana que siempre se sentaba junto a la ventana. Ella abr\u00eda la bolsa, sacaba un paquetito y se pasaba todo el viaje arrojando alguna cosa para afuera. La escena\u2026","rel":"","context":"En \u00abLimones\u00bb","block_context":{"text":"Limones","link":"https:\/\/quechilero.com\/blog\/category\/limones\/"},"img":{"alt_text":"","src":"","width":0,"height":0},"classes":[]}],"jetpack_featured_media_url":"","_links":{"self":[{"href":"https:\/\/quechilero.com\/blog\/wp-json\/wp\/v2\/posts\/422","targetHints":{"allow":["GET"]}}],"collection":[{"href":"https:\/\/quechilero.com\/blog\/wp-json\/wp\/v2\/posts"}],"about":[{"href":"https:\/\/quechilero.com\/blog\/wp-json\/wp\/v2\/types\/post"}],"author":[{"embeddable":true,"href":"https:\/\/quechilero.com\/blog\/wp-json\/wp\/v2\/users\/1"}],"replies":[{"embeddable":true,"href":"https:\/\/quechilero.com\/blog\/wp-json\/wp\/v2\/comments?post=422"}],"version-history":[{"count":0,"href":"https:\/\/quechilero.com\/blog\/wp-json\/wp\/v2\/posts\/422\/revisions"}],"wp:attachment":[{"href":"https:\/\/quechilero.com\/blog\/wp-json\/wp\/v2\/media?parent=422"}],"wp:term":[{"taxonomy":"category","embeddable":true,"href":"https:\/\/quechilero.com\/blog\/wp-json\/wp\/v2\/categories?post=422"},{"taxonomy":"post_tag","embeddable":true,"href":"https:\/\/quechilero.com\/blog\/wp-json\/wp\/v2\/tags?post=422"},{"taxonomy":"series","embeddable":true,"href":"https:\/\/quechilero.com\/blog\/wp-json\/wp\/v2\/series?post=422"}],"curies":[{"name":"wp","href":"https:\/\/api.w.org\/{rel}","templated":true}]}}