{"id":4207,"date":"2010-02-07T08:00:07","date_gmt":"2010-02-07T14:00:07","guid":{"rendered":"http:\/\/quechilero.com\/blog\/?p=4207"},"modified":"2010-02-07T08:00:07","modified_gmt":"2010-02-07T14:00:07","slug":"sedes-de-las-olimpiadas-2016","status":"publish","type":"post","link":"https:\/\/quechilero.com\/blog\/2010\/02\/07\/sedes-de-las-olimpiadas-2016\/","title":{"rendered":"Sedes de las Olimpiadas 2016"},"content":{"rendered":"<p>Rio de Janeiro fue electa la sede para los <em>Juegos Ol\u00edmpicos del 2016<\/em>, aqu\u00ed un video que muestra las sedes que albergar\u00e1n esta actividad deportiva.<\/p>\n<p><span class=\"embed-youtube\" style=\"text-align:center; display: block;\"><iframe loading=\"lazy\" class=\"youtube-player\" width=\"1200\" height=\"675\" src=\"https:\/\/www.youtube.com\/embed\/QBTyx4ie3hQ?version=3&#038;rel=1&#038;showsearch=0&#038;showinfo=1&#038;iv_load_policy=1&#038;fs=1&#038;hl=es-ES&#038;autohide=2&#038;wmode=transparent\" allowfullscreen=\"true\" style=\"border:0;\" sandbox=\"allow-scripts allow-same-origin allow-popups allow-presentation allow-popups-to-escape-sandbox\"><\/iframe><\/span><\/p>\n","protected":false},"excerpt":{"rendered":"<p>Rio de Janeiro fue electa la sede para los Juegos Ol\u00edmpicos del 2016, aqu\u00ed un video que muestra las sedes que albergar\u00e1n esta actividad deportiva.<\/p>\n","protected":false},"author":1,"featured_media":0,"comment_status":"open","ping_status":"open","sticky":false,"template":"","format":"standard","meta":{"advanced_seo_description":"","jetpack_seo_html_title":"","jetpack_seo_noindex":false,"jetpack_seo_schema_type":"","episode_type":"","audio_file":"","podmotor_file_id":"","podmotor_episode_id":"","cover_image":"","cover_image_id":"","duration":"","filesize":"","filesize_raw":"","date_recorded":"","explicit":"","block":"","_jetpack_newsletter_access":"","_jetpack_dont_email_post_to_subs":false,"_jetpack_newsletter_tier_id":0,"_jetpack_memberships_contains_paywalled_content":false,"_jetpack_feature_clip_id":0,"_jetpack_memberships_contains_paid_content":false,"footnotes":"","jetpack_publicize_message":"","jetpack_publicize_feature_enabled":true,"jetpack_social_post_already_shared":false,"jetpack_social_options":{"image_generator_settings":{"template":"highway","default_image_id":0,"font":"","enabled":false},"version":2},"jetpack_post_was_ever_published":false},"categories":[2],"tags":[24,25,53],"series":[],"class_list":["post-4207","post","type-post","status-publish","format-standard","hentry","category-limones","tag-vida","tag-video","tag-youtube"],"episode_featured_image":false,"episode_player_image":"https:\/\/i0.wp.com\/quechilero.com\/blog\/imagenes\/podcast.png?fit=1831%2C1831&ssl=1","download_link":"","player_link":"","audio_player":false,"episode_data":{"playerMode":"dark","subscribeUrls":{"amazon":{"key":"amazon","url":"","label":"Amazon","class":"amazon","icon":"amazon.png"},"apple_podcasts":{"key":"apple_podcasts","url":"","label":"Apple Podcasts","class":"apple_podcasts","icon":"apple-podcasts.png"},"castbox":{"key":"castbox","url":"","label":"CastBox","class":"castbox","icon":"castbox.png"},"deezer":{"key":"deezer","url":"","label":"Deezer","class":"deezer","icon":"deezer.png"},"google_podcasts":{"key":"google_podcasts","url":"","label":"Google Podcasts","class":"google_podcasts","icon":"google-podcasts.png"},"listen_notes":{"key":"listen_notes","url":"","label":"Listen Notes","class":"listen_notes","icon":"listen-notes.png"},"pandora":{"key":"pandora","url":"","label":"Pandora","class":"pandora","icon":"pandora.png"},"podbean":{"key":"podbean","url":"","label":"Podbean","class":"podbean","icon":"podbean.png"},"podcast_republic":{"key":"podcast_republic","url":"","label":"Podcast Republic","class":"podcast_republic","icon":"podcast-republic.png"},"rss":{"key":"rss","url":"","label":"RSS","class":"rss","icon":"rss.png"},"spotify":{"key":"spotify","url":"","label":"Spotify","class":"spotify","icon":"spotify.png"},"stitcher":{"key":"stitcher","url":"","label":"Stitcher","class":"stitcher","icon":"stitcher.png"},"tunein":{"key":"tunein","url":"","label":"TuneIn","class":"tunein","icon":"tunein.png"},"youtube":{"key":"youtube","url":"","label":"YouTube","class":"youtube","icon":"youtube.png"},"iheartradio":{"key":"iheartradio","url":"","label":"iHeartRadio","class":"iheartradio","icon":"iheartradio.png"},"ivoox":{"key":"ivoox","url":"","label":"iVoox","class":"ivoox","icon":"ivoox.png"}},"rssFeedUrl":"https:\/\/quechilero.com\/blog\/feed\/podcast\/si-la-vida-nos-da-limones","embedCode":"<blockquote class=\"wp-embedded-content\" data-secret=\"hzP7vW089S\"><a href=\"https:\/\/quechilero.com\/blog\/2010\/02\/07\/sedes-de-las-olimpiadas-2016\/\">Sedes de las Olimpiadas 2016<\/a><\/blockquote><iframe sandbox=\"allow-scripts\" security=\"restricted\" src=\"https:\/\/quechilero.com\/blog\/2010\/02\/07\/sedes-de-las-olimpiadas-2016\/embed\/#?secret=hzP7vW089S\" width=\"500\" height=\"350\" title=\"\u00abSedes de las Olimpiadas 2016\u00bb \u2014 Si la Vida nos da Limones...\" data-secret=\"hzP7vW089S\" frameborder=\"0\" marginwidth=\"0\" marginheight=\"0\" scrolling=\"no\" class=\"wp-embedded-content\"><\/iframe><script>\n\/*! This file is auto-generated *\/\n!function(d,l){\"use strict\";l.querySelector&&d.addEventListener&&\"undefined\"!=typeof URL&&(d.wp=d.wp||{},d.wp.receiveEmbedMessage||(d.wp.receiveEmbedMessage=function(e){var t=e.data;if((t||t.secret||t.message||t.value)&&!\/[^a-zA-Z0-9]\/.test(t.secret)){for(var s,r,n,a=l.querySelectorAll('iframe[data-secret=\"'+t.secret+'\"]'),o=l.querySelectorAll('blockquote[data-secret=\"'+t.secret+'\"]'),c=new RegExp(\"^https?:$\",\"i\"),i=0;i<o.length;i++)o[i].style.display=\"none\";for(i=0;i<a.length;i++)s=a[i],e.source===s.contentWindow&&(s.removeAttribute(\"style\"),\"height\"===t.message?(1e3<(r=parseInt(t.value,10))?r=1e3:~~r<200&&(r=200),s.height=r):\"link\"===t.message&&(r=new URL(s.getAttribute(\"src\")),n=new URL(t.value),c.test(n.protocol))&&n.host===r.host&&l.activeElement===s&&(d.top.location.href=t.value))}},d.addEventListener(\"message\",d.wp.receiveEmbedMessage,!1),l.addEventListener(\"DOMContentLoaded\",function(){for(var e,t,s=l.querySelectorAll(\"iframe.wp-embedded-content\"),r=0;r<s.length;r++)(t=(e=s[r]).getAttribute(\"data-secret\"))||(t=Math.random().toString(36).substring(2,12),e.src+=\"#?secret=\"+t,e.setAttribute(\"data-secret\",t)),e.contentWindow.postMessage({message:\"ready\",secret:t},\"*\")},!1)))}(window,document);\n\/\/# sourceURL=https:\/\/quechilero.com\/blog\/wp-includes\/js\/wp-embed.min.js\n<\/script>\n"},"jetpack_publicize_connections":[],"jetpack_shortlink":"https:\/\/wp.me\/pDKli-15R","jetpack_sharing_enabled":true,"jetpack-related-posts":[{"id":8706,"url":"https:\/\/quechilero.com\/blog\/2011\/07\/18\/viajando-por-el-mundo-tokyo\/","url_meta":{"origin":4207,"position":0},"title":"Viajando por el Mundo: Tokyo","author":"Pepe Barrascout Ortiz","date":"18 julio 2011","format":false,"excerpt":"Viajando por el Mundo, hoy vamos a\u00a0Tokyo. Es la capital de facto de Jap\u00f3n, localizada en el centro-este de la isla de Honshu, espec\u00edficamente en la regi\u00f3n de Kanto. En conjunto forma una de las 47 prefecturas de Jap\u00f3n, aunque su denominaci\u00f3n oficial es metr\u00f3polis o capital (\u90fd -to). La\u2026","rel":"","context":"En \u00abLimones por mano\u00bb","block_context":{"text":"Limones por mano","link":"https:\/\/quechilero.com\/blog\/category\/limones-por-mano\/"},"img":{"alt_text":"","src":"","width":0,"height":0},"classes":[]},{"id":15253,"url":"https:\/\/quechilero.com\/blog\/2012\/12\/09\/sed\/","url_meta":{"origin":4207,"position":1},"title":"Sed","author":"Pepe Barrascout Ortiz","date":"9 diciembre 2012","format":false,"excerpt":"Cuentan que una vez un hombre viajaba por el oc\u00e9ano y su barco se hundi\u00f3, qued\u00f3 a la deriva por varios d\u00edas antes de que milagrosamente fuera encontrado por un bote pesquero. Al recuperarse de su p\u00e9sima condici\u00f3n, cont\u00f3 el peor error que hab\u00eda cometido. Al sentir una sed desesperante,\u2026","rel":"","context":"En \u00abLimones\u00bb","block_context":{"text":"Limones","link":"https:\/\/quechilero.com\/blog\/category\/limones\/"},"img":{"alt_text":"","src":"","width":0,"height":0},"classes":[]},{"id":17933,"url":"https:\/\/quechilero.com\/blog\/2014\/06\/28\/la-sal-produce-sed\/","url_meta":{"origin":4207,"position":2},"title":"La sal produce sed","author":"Pepe Barrascout Ortiz","date":"28 junio 2014","format":false,"excerpt":"En una reuni\u00f3n misionera algunas personas estaban discutiendo sobre el texto: \"Vosotros sois la sal del mundo\". Una definici\u00f3n tras otra era dada por los circunstantes sobre el significado de la sal. Uno dec\u00eda: \"La sal da un sabor agradable a las comidas\". Otro declaraba: \"La sal preserva de la\u2026","rel":"","context":"En \u00abLimones\u00bb","block_context":{"text":"Limones","link":"https:\/\/quechilero.com\/blog\/category\/limones\/"},"img":{"alt_text":"","src":"","width":0,"height":0},"classes":[]},{"id":8707,"url":"https:\/\/quechilero.com\/blog\/2011\/07\/25\/viajando-por-el-mundo-fort-worth\/","url_meta":{"origin":4207,"position":3},"title":"Viajando por el Mundo: Fort Worth","author":"Pepe Barrascout Ortiz","date":"25 julio 2011","format":false,"excerpt":"Viajando por el Mundo, hoy vamos a\u00a0Fort Worth. La ciudad de Fort Worth se encuentra en la regi\u00f3n noreste del estado de Texas, Estados Unidos. Con una extensi\u00f3n aproximada de 774 km\u00b2 y una poblaci\u00f3n estimada en 681 818 habitantes en el 2007, la ciudad es la 5\u00aa m\u00e1s grande\u2026","rel":"","context":"En \u00abLimones por mano\u00bb","block_context":{"text":"Limones por mano","link":"https:\/\/quechilero.com\/blog\/category\/limones-por-mano\/"},"img":{"alt_text":"","src":"","width":0,"height":0},"classes":[]},{"id":18108,"url":"https:\/\/quechilero.com\/blog\/2014\/08\/04\/25-formas-divertidas-de-ponerse-una-bufanda\/","url_meta":{"origin":4207,"position":4},"title":"25 formas divertidas de ponerse una bufanda","author":"Pepe Barrascout Ortiz","date":"4 agosto 2014","format":false,"excerpt":"Es invierno y no queremos estar fuera de moda. Este video te muestra como algo tan sencillo como ponerse una bufanda, se puede convertir en una experiencia muy divertida. 25 formas divertidas de ponerse una bufanda, ac\u00e1 te mostramos como hacerlo. En Youtube el canal Wendy's Lookbook, encontramos consejos y\u2026","rel":"","context":"En \u00abVideoBlog\u00bb","block_context":{"text":"VideoBlog","link":"https:\/\/quechilero.com\/blog\/category\/videoblog\/"},"img":{"alt_text":"","src":"https:\/\/i0.wp.com\/img.youtube.com\/vi\/5LYAEz777AU\/0.jpg?resize=350%2C200","width":350,"height":200},"classes":[]},{"id":17614,"url":"https:\/\/quechilero.com\/blog\/2014\/01\/01\/tengo-sed\/","url_meta":{"origin":4207,"position":5},"title":"Tengo sed","author":"Pepe Barrascout Ortiz","date":"1 enero 2014","format":false,"excerpt":"Al padre Leo Maasburg le fue encomendada la misi\u00f3n de acompa\u00f1ar a la madre Teresa de Calcuta a Cuba, Nueva York, Mosc\u00fa y, c\u00f3mo no, Calcuta. Fue su confesor, su amigo, su gu\u00eda espiritual y la figura de ese sacerdote que la fundadora de las Misioneras de la Caridad siempre\u2026","rel":"","context":"En \u00abLimones\u00bb","block_context":{"text":"Limones","link":"https:\/\/quechilero.com\/blog\/category\/limones\/"},"img":{"alt_text":"","src":"","width":0,"height":0},"classes":[]}],"jetpack_featured_media_url":"","_links":{"self":[{"href":"https:\/\/quechilero.com\/blog\/wp-json\/wp\/v2\/posts\/4207","targetHints":{"allow":["GET"]}}],"collection":[{"href":"https:\/\/quechilero.com\/blog\/wp-json\/wp\/v2\/posts"}],"about":[{"href":"https:\/\/quechilero.com\/blog\/wp-json\/wp\/v2\/types\/post"}],"author":[{"embeddable":true,"href":"https:\/\/quechilero.com\/blog\/wp-json\/wp\/v2\/users\/1"}],"replies":[{"embeddable":true,"href":"https:\/\/quechilero.com\/blog\/wp-json\/wp\/v2\/comments?post=4207"}],"version-history":[{"count":0,"href":"https:\/\/quechilero.com\/blog\/wp-json\/wp\/v2\/posts\/4207\/revisions"}],"wp:attachment":[{"href":"https:\/\/quechilero.com\/blog\/wp-json\/wp\/v2\/media?parent=4207"}],"wp:term":[{"taxonomy":"category","embeddable":true,"href":"https:\/\/quechilero.com\/blog\/wp-json\/wp\/v2\/categories?post=4207"},{"taxonomy":"post_tag","embeddable":true,"href":"https:\/\/quechilero.com\/blog\/wp-json\/wp\/v2\/tags?post=4207"},{"taxonomy":"series","embeddable":true,"href":"https:\/\/quechilero.com\/blog\/wp-json\/wp\/v2\/series?post=4207"}],"curies":[{"name":"wp","href":"https:\/\/api.w.org\/{rel}","templated":true}]}}