{"id":4203,"date":"2010-01-27T08:00:51","date_gmt":"2010-01-27T14:00:51","guid":{"rendered":"http:\/\/quechilero.com\/blog\/?p=4203"},"modified":"2010-01-27T08:00:51","modified_gmt":"2010-01-27T14:00:51","slug":"10-anos-en-7-minutos","status":"publish","type":"post","link":"https:\/\/quechilero.com\/blog\/2010\/01\/27\/10-anos-en-7-minutos\/","title":{"rendered":"10 a\u00f1os en 7 minutos"},"content":{"rendered":"<p>La revista <em>Newsweek<\/em> ha publicado este video, donde resume, seg\u00fan ellos, los acontecimientos mas trascendentes de la primera d\u00e9cada de este siglo que incluye entre otros:<\/p>\n<p>Elecci\u00f3n de Bush, el resquebrajo de la bolsa de valores, el lanzamiento del iPod, el 11 de septiembre, Harry Potter, la explosi\u00f3n del transbordador espacial Columbia, el inicio de la guerra de Irak, la <em>cacer\u00eda<\/em> de Saddam Hussein, nunca es encontrado Osama Bin Laden, Arnold Schwarzenegger es electo gobernador de California, se lanza Facebook, eligen de nuevo a Bush, Nueva Orleans es arrasado por el hurac\u00e1n Katrina, se lanza Youtube, PS3 y Nintendo Wii son lanzados, ejecutan a Saddam Hussein, el iPhone es lanzado, Lehman Brothers abre <em>la olla<\/em> y el mundo entero entra en crisis financiera, Obama es electo, el mundo empieza a salir de la crisis, la gripe A H1-N1 ataca al planeta, Michael Jackson muere, Obama gana el premio Nobel de la Paz.<\/p>\n<p>Todo esto en solo diez a\u00f1os, \u00bfque nos espera para los siguientes diez a\u00f1os?<\/p>\n<p><object classid=\"clsid:d27cdb6e-ae6d-11cf-96b8-444553540000\" width=\"550\" height=\"412\" codebase=\"http:\/\/download.macromedia.com\/pub\/shockwave\/cabs\/flash\/swflash.cab#version=6,0,40,0\"><param name=\"name\" value=\"flashObj\" \/><param name=\"bgcolor\" value=\"#FFFFFF\" \/><param name=\"flashvars\" value=\"videoId=47079697001&amp;playerId=271557391&amp;viewerSecureGatewayURL=https:\/\/console.brightcove.com\/services\/amfgateway&amp;servicesURL=http:\/\/services.brightcove.com\/services&amp;cdnURL=http:\/\/admin.brightcove.com&amp;domain=embed&amp;autoStart=false&amp;\" \/><param name=\"src\" value=\"http:\/\/c.brightcove.com\/services\/viewer\/federated_f8\/271557391\" \/><\/object><\/p>\n","protected":false},"excerpt":{"rendered":"<p>La revista Newsweek ha publicado este video, donde resume, seg\u00fan ellos, los acontecimientos mas trascendentes de la primera d\u00e9cada de este siglo que incluye entre otros: Elecci\u00f3n de Bush, el resquebrajo de la bolsa de valores, el lanzamiento del iPod, el 11 de septiembre, Harry Potter, la explosi\u00f3n del transbordador espacial Columbia, el inicio de &#8230; <a title=\"10 a\u00f1os en 7 minutos\" class=\"read-more\" href=\"https:\/\/quechilero.com\/blog\/2010\/01\/27\/10-anos-en-7-minutos\/\" aria-label=\"Leer m\u00e1s sobre 10 a\u00f1os en 7 minutos\">Leer m\u00e1s<\/a><\/p>\n","protected":false},"author":1,"featured_media":0,"comment_status":"open","ping_status":"open","sticky":false,"template":"","format":"standard","meta":{"advanced_seo_description":"","jetpack_seo_html_title":"","jetpack_seo_noindex":false,"jetpack_seo_schema_type":"","episode_type":"","audio_file":"","podmotor_file_id":"","podmotor_episode_id":"","cover_image":"","cover_image_id":"","duration":"","filesize":"","filesize_raw":"","date_recorded":"","explicit":"","block":"","_jetpack_newsletter_access":"","_jetpack_dont_email_post_to_subs":false,"_jetpack_newsletter_tier_id":0,"_jetpack_memberships_contains_paywalled_content":false,"_jetpack_feature_clip_id":0,"_jetpack_memberships_contains_paid_content":false,"footnotes":"","jetpack_publicize_message":"","jetpack_publicize_feature_enabled":true,"jetpack_social_post_already_shared":false,"jetpack_social_options":{"image_generator_settings":{"template":"highway","default_image_id":0,"font":"","enabled":false},"version":2},"jetpack_post_was_ever_published":false},"categories":[2],"tags":[40,25,53],"series":[],"class_list":["post-4203","post","type-post","status-publish","format-standard","hentry","category-limones","tag-paz","tag-video","tag-youtube"],"episode_featured_image":false,"episode_player_image":"https:\/\/i0.wp.com\/quechilero.com\/blog\/imagenes\/podcast.png?fit=1831%2C1831&ssl=1","download_link":"","player_link":"","audio_player":false,"episode_data":{"playerMode":"dark","subscribeUrls":{"amazon":{"key":"amazon","url":"","label":"Amazon","class":"amazon","icon":"amazon.png"},"apple_podcasts":{"key":"apple_podcasts","url":"","label":"Apple Podcasts","class":"apple_podcasts","icon":"apple-podcasts.png"},"castbox":{"key":"castbox","url":"","label":"CastBox","class":"castbox","icon":"castbox.png"},"deezer":{"key":"deezer","url":"","label":"Deezer","class":"deezer","icon":"deezer.png"},"google_podcasts":{"key":"google_podcasts","url":"","label":"Google Podcasts","class":"google_podcasts","icon":"google-podcasts.png"},"listen_notes":{"key":"listen_notes","url":"","label":"Listen Notes","class":"listen_notes","icon":"listen-notes.png"},"pandora":{"key":"pandora","url":"","label":"Pandora","class":"pandora","icon":"pandora.png"},"podbean":{"key":"podbean","url":"","label":"Podbean","class":"podbean","icon":"podbean.png"},"podcast_republic":{"key":"podcast_republic","url":"","label":"Podcast Republic","class":"podcast_republic","icon":"podcast-republic.png"},"rss":{"key":"rss","url":"","label":"RSS","class":"rss","icon":"rss.png"},"spotify":{"key":"spotify","url":"","label":"Spotify","class":"spotify","icon":"spotify.png"},"stitcher":{"key":"stitcher","url":"","label":"Stitcher","class":"stitcher","icon":"stitcher.png"},"tunein":{"key":"tunein","url":"","label":"TuneIn","class":"tunein","icon":"tunein.png"},"youtube":{"key":"youtube","url":"","label":"YouTube","class":"youtube","icon":"youtube.png"},"iheartradio":{"key":"iheartradio","url":"","label":"iHeartRadio","class":"iheartradio","icon":"iheartradio.png"},"ivoox":{"key":"ivoox","url":"","label":"iVoox","class":"ivoox","icon":"ivoox.png"}},"rssFeedUrl":"https:\/\/quechilero.com\/blog\/feed\/podcast\/si-la-vida-nos-da-limones","embedCode":"<blockquote class=\"wp-embedded-content\" data-secret=\"kxxJSezVcy\"><a href=\"https:\/\/quechilero.com\/blog\/2010\/01\/27\/10-anos-en-7-minutos\/\">10 a\u00f1os en 7 minutos<\/a><\/blockquote><iframe sandbox=\"allow-scripts\" security=\"restricted\" src=\"https:\/\/quechilero.com\/blog\/2010\/01\/27\/10-anos-en-7-minutos\/embed\/#?secret=kxxJSezVcy\" width=\"500\" height=\"350\" title=\"\u00ab10 a\u00f1os en 7 minutos\u00bb \u2014 Si la Vida nos da Limones...\" data-secret=\"kxxJSezVcy\" frameborder=\"0\" marginwidth=\"0\" marginheight=\"0\" scrolling=\"no\" class=\"wp-embedded-content\"><\/iframe><script>\n\/*! This file is auto-generated *\/\n!function(d,l){\"use strict\";l.querySelector&&d.addEventListener&&\"undefined\"!=typeof URL&&(d.wp=d.wp||{},d.wp.receiveEmbedMessage||(d.wp.receiveEmbedMessage=function(e){var t=e.data;if((t||t.secret||t.message||t.value)&&!\/[^a-zA-Z0-9]\/.test(t.secret)){for(var s,r,n,a=l.querySelectorAll('iframe[data-secret=\"'+t.secret+'\"]'),o=l.querySelectorAll('blockquote[data-secret=\"'+t.secret+'\"]'),c=new RegExp(\"^https?:$\",\"i\"),i=0;i<o.length;i++)o[i].style.display=\"none\";for(i=0;i<a.length;i++)s=a[i],e.source===s.contentWindow&&(s.removeAttribute(\"style\"),\"height\"===t.message?(1e3<(r=parseInt(t.value,10))?r=1e3:~~r<200&&(r=200),s.height=r):\"link\"===t.message&&(r=new URL(s.getAttribute(\"src\")),n=new URL(t.value),c.test(n.protocol))&&n.host===r.host&&l.activeElement===s&&(d.top.location.href=t.value))}},d.addEventListener(\"message\",d.wp.receiveEmbedMessage,!1),l.addEventListener(\"DOMContentLoaded\",function(){for(var e,t,s=l.querySelectorAll(\"iframe.wp-embedded-content\"),r=0;r<s.length;r++)(t=(e=s[r]).getAttribute(\"data-secret\"))||(t=Math.random().toString(36).substring(2,12),e.src+=\"#?secret=\"+t,e.setAttribute(\"data-secret\",t)),e.contentWindow.postMessage({message:\"ready\",secret:t},\"*\")},!1)))}(window,document);\n\/\/# sourceURL=https:\/\/quechilero.com\/blog\/wp-includes\/js\/wp-embed.min.js\n<\/script>\n"},"jetpack_publicize_connections":[],"jetpack_shortlink":"https:\/\/wp.me\/pDKli-15N","jetpack_sharing_enabled":true,"jetpack-related-posts":[{"id":2350,"url":"https:\/\/quechilero.com\/blog\/2009\/02\/09\/recibe-el-zapatazo-de-bush\/","url_meta":{"origin":4203,"position":0},"title":"Recibe el zapatazo de Bush","author":"Pepe Barrascout Ortiz","date":"9 febrero 2009","format":false,"excerpt":"En Jap\u00f3n, tienen un punto de vista muy singular, sobre todo lo que los rodea. Y resulta que hacen investigaciones de todo lo que pueden, son muy curiosos y les gusta saber el porqu\u00e9 de las cosas. Quiz\u00e1 sea esta curiosidad, la que los tiene al tope de la tecnolog\u00eda,\u2026","rel":"","context":"En \u00abLimones\u00bb","block_context":{"text":"Limones","link":"https:\/\/quechilero.com\/blog\/category\/limones\/"},"img":{"alt_text":"","src":"","width":0,"height":0},"classes":[]},{"id":4278,"url":"https:\/\/quechilero.com\/blog\/2010\/02\/03\/lanzamiento-de-un-barco-al-mar\/","url_meta":{"origin":4203,"position":1},"title":"Lanzamiento de un barco al mar","author":"Pepe Barrascout Ortiz","date":"3 febrero 2010","format":false,"excerpt":"Siempre es impresionante ver el momento en que un barco es lanzado al mar desde un astillero. En este video se aprecian de varios \u00e1ngulos, la forma en la que son lanzados diferentes barcos de gran tama\u00f1o. En lo personal pens\u00e9 que se hac\u00eda de otra forma, quiz\u00e1 inundando el\u2026","rel":"","context":"En \u00abLimones\u00bb","block_context":{"text":"Limones","link":"https:\/\/quechilero.com\/blog\/category\/limones\/"},"img":{"alt_text":"","src":"","width":0,"height":0},"classes":[]},{"id":4207,"url":"https:\/\/quechilero.com\/blog\/2010\/02\/07\/sedes-de-las-olimpiadas-2016\/","url_meta":{"origin":4203,"position":2},"title":"Sedes de las Olimpiadas 2016","author":"Pepe Barrascout Ortiz","date":"7 febrero 2010","format":false,"excerpt":"Rio de Janeiro fue electa la sede para los Juegos Ol\u00edmpicos del 2016, aqu\u00ed un video que muestra las sedes que albergar\u00e1n esta actividad deportiva. https:\/\/youtu.be\/QBTyx4ie3hQ","rel":"","context":"En \u00abLimones\u00bb","block_context":{"text":"Limones","link":"https:\/\/quechilero.com\/blog\/category\/limones\/"},"img":{"alt_text":"","src":"https:\/\/i0.wp.com\/img.youtube.com\/vi\/QBTyx4ie3hQ\/0.jpg?resize=350%2C200","width":350,"height":200},"classes":[]},{"id":540,"url":"https:\/\/quechilero.com\/blog\/2007\/05\/06\/inteligencia-canina\/","url_meta":{"origin":4203,"position":3},"title":"Inteligencia Canina","author":"Pepe Barrascout Ortiz","date":"6 mayo 2007","format":false,"excerpt":"No hay duda de que los perros son buenos amigos adem\u00e1s de muy inteligentes. En este video podemos ver como un perro utiliza su inteligencia para ir a recuperar el objeto que le fue lanzado y que cay\u00f3 en una piscina. https:\/\/youtu.be\/http:\/\/www.youtube.com\/watch?v=BFR4EXdMpgg","rel":"","context":"En \u00abLimones\u00bb","block_context":{"text":"Limones","link":"https:\/\/quechilero.com\/blog\/category\/limones\/"},"img":{"alt_text":"","src":"https:\/\/i0.wp.com\/img.youtube.com\/vi\/http\/0.jpg?resize=350%2C200","width":350,"height":200},"classes":[]},{"id":15026,"url":"https:\/\/quechilero.com\/blog\/2012\/11\/06\/estefani-brolo-fix-myself\/","url_meta":{"origin":4203,"position":4},"title":"Estefani Brolo &#8211; Fix Myself","author":"Pepe Barrascout Ortiz","date":"6 noviembre 2012","format":false,"excerpt":"https:\/\/youtu.be\/yVD2j4YdK9I Estefani Brolo es una guatemalteca que ha lanzado su propuesta musical recientemente, con una clara influencia electr\u00f3nica, Fix Myself (arreglandome a mi mismo). Me gusta mucho el video y la m\u00fasica, una presentaci\u00f3n audiovisual muy buena, bien lograda, le imprime energ\u00eda y fuerza a la m\u00fasica, resaltando el mensaje.\u2026","rel":"","context":"En \u00abLimones\u00bb","block_context":{"text":"Limones","link":"https:\/\/quechilero.com\/blog\/category\/limones\/"},"img":{"alt_text":"","src":"https:\/\/i0.wp.com\/img.youtube.com\/vi\/yVD2j4YdK9I\/0.jpg?resize=350%2C200","width":350,"height":200},"classes":[]},{"id":258,"url":"https:\/\/quechilero.com\/blog\/2006\/09\/26\/publicidad-de-internet-explorer-7\/","url_meta":{"origin":4203,"position":5},"title":"Publicidad de Internet Explorer 7","author":"Pepe Barrascout Ortiz","date":"26 septiembre 2006","format":false,"excerpt":"Cualquiera que lo ve, dir\u00eda que es cierto, este video promociona el uso del navegador de Microsoft, supongo que cuando lanza la bolsa de basura al cielo, quiere dar a entender que contiene agujeros en la seguridad y cuando se disfraza ante la presencia del cartero, se ha de referir\u2026","rel":"","context":"En \u00abVideoBlog\u00bb","block_context":{"text":"VideoBlog","link":"https:\/\/quechilero.com\/blog\/category\/videoblog\/"},"img":{"alt_text":"","src":"https:\/\/i0.wp.com\/img.youtube.com\/vi\/cVcH_o1imWA\/0.jpg?resize=350%2C200","width":350,"height":200},"classes":[]}],"jetpack_featured_media_url":"","_links":{"self":[{"href":"https:\/\/quechilero.com\/blog\/wp-json\/wp\/v2\/posts\/4203","targetHints":{"allow":["GET"]}}],"collection":[{"href":"https:\/\/quechilero.com\/blog\/wp-json\/wp\/v2\/posts"}],"about":[{"href":"https:\/\/quechilero.com\/blog\/wp-json\/wp\/v2\/types\/post"}],"author":[{"embeddable":true,"href":"https:\/\/quechilero.com\/blog\/wp-json\/wp\/v2\/users\/1"}],"replies":[{"embeddable":true,"href":"https:\/\/quechilero.com\/blog\/wp-json\/wp\/v2\/comments?post=4203"}],"version-history":[{"count":0,"href":"https:\/\/quechilero.com\/blog\/wp-json\/wp\/v2\/posts\/4203\/revisions"}],"wp:attachment":[{"href":"https:\/\/quechilero.com\/blog\/wp-json\/wp\/v2\/media?parent=4203"}],"wp:term":[{"taxonomy":"category","embeddable":true,"href":"https:\/\/quechilero.com\/blog\/wp-json\/wp\/v2\/categories?post=4203"},{"taxonomy":"post_tag","embeddable":true,"href":"https:\/\/quechilero.com\/blog\/wp-json\/wp\/v2\/tags?post=4203"},{"taxonomy":"series","embeddable":true,"href":"https:\/\/quechilero.com\/blog\/wp-json\/wp\/v2\/series?post=4203"}],"curies":[{"name":"wp","href":"https:\/\/api.w.org\/{rel}","templated":true}]}}