{"id":419,"date":"2007-01-24T12:29:02","date_gmt":"2007-01-24T18:29:02","guid":{"rendered":"http:\/\/www.quechilero.com\/blog\/2007\/01\/24\/la-energia\/"},"modified":"2007-01-24T12:29:02","modified_gmt":"2007-01-24T18:29:02","slug":"la-energia","status":"publish","type":"post","link":"https:\/\/quechilero.com\/blog\/2007\/01\/24\/la-energia\/","title":{"rendered":"La energ\u00eda"},"content":{"rendered":"<p>O haces que tu energ\u00eda sea creativa, o se volver\u00e1 amarga y se har\u00e1  destructiva. La energ\u00eda es algo peligroso: si la tienes, debes usarla  creativamente porque, de otro modo, tarde o temprano te dar\u00e1s cuenta de que se  ha vuelto destructiva.<\/p>\n<p>Por tanto, encuentra algo -cualquier cosa que te guste- y pon tu energ\u00eda en  ella.<\/p>\n<p>Si quieres, puedes ponerla en la pintura; o si lo prefieres, en la danza y en  el canto; o si quieres tocar un instrumento&#8230; Lo que quieras, encuentra la  manera de poder perderte completamente. Si puedes perderte tocando la guitarra,  \u00a1bien! En los momentos en que te pierdes, tu energ\u00eda se libera de manera  creativa.<\/p>\n<p>Si no puedes perderte en la pintura, en la canci\u00f3n, en la danza, tocando la  guitarra o la flauta, entonces encontrar\u00e1s otras maneras m\u00e1s bajas de perderte:  ira, furia, agresi\u00f3n; \u00e9stas son las maneras bajas de perderse.<\/p>\n","protected":false},"excerpt":{"rendered":"<p>O haces que tu energ\u00eda sea creativa, o se volver\u00e1 amarga y se har\u00e1 destructiva. La energ\u00eda es algo peligroso: si la tienes, debes usarla creativamente porque, de otro modo, tarde o temprano te dar\u00e1s cuenta de que se ha vuelto destructiva. Por tanto, encuentra algo -cualquier cosa que te guste- y pon tu energ\u00eda &#8230; <a title=\"La energ\u00eda\" class=\"read-more\" href=\"https:\/\/quechilero.com\/blog\/2007\/01\/24\/la-energia\/\" aria-label=\"Leer m\u00e1s sobre La energ\u00eda\">Leer m\u00e1s<\/a><\/p>\n","protected":false},"author":1,"featured_media":0,"comment_status":"open","ping_status":"open","sticky":false,"template":"","format":"standard","meta":{"advanced_seo_description":"","jetpack_seo_html_title":"","jetpack_seo_noindex":false,"jetpack_seo_schema_type":"","episode_type":"","audio_file":"","podmotor_file_id":"","podmotor_episode_id":"","cover_image":"","cover_image_id":"","duration":"","filesize":"","filesize_raw":"","date_recorded":"","explicit":"","block":"","_jetpack_newsletter_access":"","_jetpack_dont_email_post_to_subs":false,"_jetpack_newsletter_tier_id":0,"_jetpack_memberships_contains_paywalled_content":false,"_jetpack_feature_clip_id":0,"_jetpack_memberships_contains_paid_content":false,"footnotes":"","jetpack_publicize_message":"","jetpack_publicize_feature_enabled":true,"jetpack_social_post_already_shared":false,"jetpack_social_options":{"image_generator_settings":{"template":"highway","default_image_id":0,"font":"","enabled":false},"version":2},"jetpack_post_was_ever_published":false},"categories":[2],"tags":[71],"series":[],"class_list":["post-419","post","type-post","status-publish","format-standard","hentry","category-limones","tag-energia"],"episode_featured_image":false,"episode_player_image":"https:\/\/i0.wp.com\/quechilero.com\/blog\/imagenes\/podcast.png?fit=1831%2C1831&ssl=1","download_link":"","player_link":"","audio_player":false,"episode_data":{"playerMode":"dark","subscribeUrls":{"amazon":{"key":"amazon","url":"","label":"Amazon","class":"amazon","icon":"amazon.png"},"apple_podcasts":{"key":"apple_podcasts","url":"","label":"Apple Podcasts","class":"apple_podcasts","icon":"apple-podcasts.png"},"castbox":{"key":"castbox","url":"","label":"CastBox","class":"castbox","icon":"castbox.png"},"deezer":{"key":"deezer","url":"","label":"Deezer","class":"deezer","icon":"deezer.png"},"google_podcasts":{"key":"google_podcasts","url":"","label":"Google Podcasts","class":"google_podcasts","icon":"google-podcasts.png"},"listen_notes":{"key":"listen_notes","url":"","label":"Listen Notes","class":"listen_notes","icon":"listen-notes.png"},"pandora":{"key":"pandora","url":"","label":"Pandora","class":"pandora","icon":"pandora.png"},"podbean":{"key":"podbean","url":"","label":"Podbean","class":"podbean","icon":"podbean.png"},"podcast_republic":{"key":"podcast_republic","url":"","label":"Podcast Republic","class":"podcast_republic","icon":"podcast-republic.png"},"rss":{"key":"rss","url":"","label":"RSS","class":"rss","icon":"rss.png"},"spotify":{"key":"spotify","url":"","label":"Spotify","class":"spotify","icon":"spotify.png"},"stitcher":{"key":"stitcher","url":"","label":"Stitcher","class":"stitcher","icon":"stitcher.png"},"tunein":{"key":"tunein","url":"","label":"TuneIn","class":"tunein","icon":"tunein.png"},"youtube":{"key":"youtube","url":"","label":"YouTube","class":"youtube","icon":"youtube.png"},"iheartradio":{"key":"iheartradio","url":"","label":"iHeartRadio","class":"iheartradio","icon":"iheartradio.png"},"ivoox":{"key":"ivoox","url":"","label":"iVoox","class":"ivoox","icon":"ivoox.png"}},"rssFeedUrl":"https:\/\/quechilero.com\/blog\/feed\/podcast\/si-la-vida-nos-da-limones","embedCode":"<blockquote class=\"wp-embedded-content\" data-secret=\"LCVa8ey9SY\"><a href=\"https:\/\/quechilero.com\/blog\/2007\/01\/24\/la-energia\/\">La energ\u00eda<\/a><\/blockquote><iframe sandbox=\"allow-scripts\" security=\"restricted\" src=\"https:\/\/quechilero.com\/blog\/2007\/01\/24\/la-energia\/embed\/#?secret=LCVa8ey9SY\" width=\"500\" height=\"350\" title=\"\u00abLa energ\u00eda\u00bb \u2014 Si la Vida nos da Limones...\" data-secret=\"LCVa8ey9SY\" frameborder=\"0\" marginwidth=\"0\" marginheight=\"0\" scrolling=\"no\" class=\"wp-embedded-content\"><\/iframe><script>\n\/*! This file is auto-generated *\/\n!function(d,l){\"use strict\";l.querySelector&&d.addEventListener&&\"undefined\"!=typeof URL&&(d.wp=d.wp||{},d.wp.receiveEmbedMessage||(d.wp.receiveEmbedMessage=function(e){var t=e.data;if((t||t.secret||t.message||t.value)&&!\/[^a-zA-Z0-9]\/.test(t.secret)){for(var s,r,n,a=l.querySelectorAll('iframe[data-secret=\"'+t.secret+'\"]'),o=l.querySelectorAll('blockquote[data-secret=\"'+t.secret+'\"]'),c=new RegExp(\"^https?:$\",\"i\"),i=0;i<o.length;i++)o[i].style.display=\"none\";for(i=0;i<a.length;i++)s=a[i],e.source===s.contentWindow&&(s.removeAttribute(\"style\"),\"height\"===t.message?(1e3<(r=parseInt(t.value,10))?r=1e3:~~r<200&&(r=200),s.height=r):\"link\"===t.message&&(r=new URL(s.getAttribute(\"src\")),n=new URL(t.value),c.test(n.protocol))&&n.host===r.host&&l.activeElement===s&&(d.top.location.href=t.value))}},d.addEventListener(\"message\",d.wp.receiveEmbedMessage,!1),l.addEventListener(\"DOMContentLoaded\",function(){for(var e,t,s=l.querySelectorAll(\"iframe.wp-embedded-content\"),r=0;r<s.length;r++)(t=(e=s[r]).getAttribute(\"data-secret\"))||(t=Math.random().toString(36).substring(2,12),e.src+=\"#?secret=\"+t,e.setAttribute(\"data-secret\",t)),e.contentWindow.postMessage({message:\"ready\",secret:t},\"*\")},!1)))}(window,document);\n\/\/# sourceURL=https:\/\/quechilero.com\/blog\/wp-includes\/js\/wp-embed.min.js\n<\/script>\n"},"jetpack_publicize_connections":[],"jetpack_shortlink":"https:\/\/wp.me\/pDKli-6L","jetpack_sharing_enabled":true,"jetpack-related-posts":[{"id":6448,"url":"https:\/\/quechilero.com\/blog\/2011\/01\/31\/reduccion-de-costos-de-electricidad\/","url_meta":{"origin":419,"position":0},"title":"Reducci\u00f3n de Costos de Electricidad","author":"Pepe Barrascout Ortiz","date":"31 enero 2011","format":false,"excerpt":"A veces es dif\u00edcil recordar el cuidado que debemos tener con el consumo de energ\u00eda. Bueno, si quieres que se obligue a cambiar su enfoque, entonces esta es una manera de hacerlo. Si nada resuelve tus problemas de consumo de energ\u00eda, de esta forma comenzar\u00e1s a pensar en ello cuando\u2026","rel":"","context":"En \u00abLimones\u00bb","block_context":{"text":"Limones","link":"https:\/\/quechilero.com\/blog\/category\/limones\/"},"img":{"alt_text":"","src":"https:\/\/i0.wp.com\/i392.photobucket.com\/albums\/pp7\/pepejaguar\/blog\/6a00d8341c5dea53ef0120a8fdce27970b-800wi.jpg?resize=350%2C200","width":350,"height":200},"classes":[]},{"id":4338,"url":"https:\/\/quechilero.com\/blog\/2010\/02\/22\/intentalo-con-calma\/","url_meta":{"origin":419,"position":1},"title":"\u00a1Int\u00e9ntalo con calma!","author":"Pepe Barrascout Ortiz","date":"22 febrero 2010","format":false,"excerpt":"Ser\u00e9nate y podr\u00e1s enfrentar tus dificultades, ahorrar energ\u00edas y mantener la paz interior. Si est\u00e1s confundido por un conflicto, y no puedes ver la salida conveniente, no protestes diciendo que no sabes c\u00f3mo conseguir la calma porque tu problema es muy grave. La paciencia se logra pacientemente. Crea condiciones de\u2026","rel":"","context":"En \u00abLimones\u00bb","block_context":{"text":"Limones","link":"https:\/\/quechilero.com\/blog\/category\/limones\/"},"img":{"alt_text":"","src":"","width":0,"height":0},"classes":[]},{"id":5998,"url":"https:\/\/quechilero.com\/blog\/2010\/11\/15\/como-superar-un-mal-momento\/","url_meta":{"origin":419,"position":2},"title":"Como superar un mal momento","author":"Pepe Barrascout Ortiz","date":"15 noviembre 2010","format":false,"excerpt":"Cuando pasas por un mal momento, seguramente te sentiste mal emocionalmente hablando, te pones triste, deprimido y no sabes qu\u00e9 hacer. No te preocupes, presta atenci\u00f3n aqu\u00ed te doy tres tips de c\u00f3mo cambiar ese estado de \u00e1nimo y salir de ese pozo tan oscuro en el cual no encuentras\u2026","rel":"","context":"En \u00abLimones\u00bb","block_context":{"text":"Limones","link":"https:\/\/quechilero.com\/blog\/category\/limones\/"},"img":{"alt_text":"","src":"","width":0,"height":0},"classes":[]},{"id":31320,"url":"https:\/\/quechilero.com\/blog\/2023\/04\/28\/un-dia-sin-peine-falta-de-energia\/","url_meta":{"origin":419,"position":3},"title":"Un d\u00eda sin peine + Falta de energ\u00eda","author":"Pepe Barrascout Ortiz","date":"28 abril 2023","format":false,"excerpt":"Hola, hola amigos, bienvenidos a un nuevo episodio de\u00a0Daily Gym, gracias por escuchar y sus comentarios que me han enviado por los distintos medios. Hoy, a pesar del mal audio, lo siento, vamos a platicar de un d\u00eda que sab\u00eda que llegar\u00eda y pues ya lleg\u00f3:\u00a0el d\u00eda sin peine, puede\u2026","rel":"","context":"En \u00abDaily Gym\u00bb","block_context":{"text":"Daily Gym","link":"https:\/\/quechilero.com\/blog\/category\/podcast\/daily-gym\/"},"img":{"alt_text":"Daily Gym Podcast","src":"https:\/\/i0.wp.com\/quechilero.com\/blog\/imagenes\/DailyGym.jpg?fit=1200%2C675&ssl=1&resize=350%2C200","width":350,"height":200,"srcset":"https:\/\/i0.wp.com\/quechilero.com\/blog\/imagenes\/DailyGym.jpg?fit=1200%2C675&ssl=1&resize=350%2C200 1x, https:\/\/i0.wp.com\/quechilero.com\/blog\/imagenes\/DailyGym.jpg?fit=1200%2C675&ssl=1&resize=525%2C300 1.5x, https:\/\/i0.wp.com\/quechilero.com\/blog\/imagenes\/DailyGym.jpg?fit=1200%2C675&ssl=1&resize=700%2C400 2x, https:\/\/i0.wp.com\/quechilero.com\/blog\/imagenes\/DailyGym.jpg?fit=1200%2C675&ssl=1&resize=1050%2C600 3x"},"classes":[]},{"id":451,"url":"https:\/\/quechilero.com\/blog\/2007\/02\/11\/el-arte-de-no-enfermarse\/","url_meta":{"origin":419,"position":4},"title":"El arte de no enfermarse","author":"Pepe Barrascout Ortiz","date":"11 febrero 2007","format":false,"excerpt":"Si no se quiere enfermar... hable de sus sentimientos. Las emociones y sentimientos que est\u00e1n escondidos y reprimidos, terminan en enfermedades como: gastritis, \u00falcera, dolores lumbares, dolor en la columna. Con el tiempo, la represi\u00f3n de los sentimientos degenera hasta en c\u00e1ncer. Entonces, vamos a sincerar, confidenciar, compartir nuestra intimidad,\u2026","rel":"","context":"En \u00abLimones\u00bb","block_context":{"text":"Limones","link":"https:\/\/quechilero.com\/blog\/category\/limones\/"},"img":{"alt_text":"","src":"","width":0,"height":0},"classes":[]},{"id":6360,"url":"https:\/\/quechilero.com\/blog\/2010\/11\/14\/a-mi-madre\/","url_meta":{"origin":419,"position":5},"title":"A mi madre","author":"Pepe Barrascout Ortiz","date":"14 noviembre 2010","format":false,"excerpt":"A mi madre Te fuiste de mi lado. En silencio fue tu partida. Mi coraz\u00f3n se ha desangrado por tan s\u00fabita despedida. Tu esp\u00edritu luchador a la vida se aferraba. M\u00e1s Dios, desesperado, a su lado te llamaba. En \u00e1ngel te has convertido. Velando por nosotros est\u00e1s. Aguardando que se\u2026","rel":"","context":"En \u00abLimones\u00bb","block_context":{"text":"Limones","link":"https:\/\/quechilero.com\/blog\/category\/limones\/"},"img":{"alt_text":"","src":"","width":0,"height":0},"classes":[]}],"jetpack_featured_media_url":"","_links":{"self":[{"href":"https:\/\/quechilero.com\/blog\/wp-json\/wp\/v2\/posts\/419","targetHints":{"allow":["GET"]}}],"collection":[{"href":"https:\/\/quechilero.com\/blog\/wp-json\/wp\/v2\/posts"}],"about":[{"href":"https:\/\/quechilero.com\/blog\/wp-json\/wp\/v2\/types\/post"}],"author":[{"embeddable":true,"href":"https:\/\/quechilero.com\/blog\/wp-json\/wp\/v2\/users\/1"}],"replies":[{"embeddable":true,"href":"https:\/\/quechilero.com\/blog\/wp-json\/wp\/v2\/comments?post=419"}],"version-history":[{"count":0,"href":"https:\/\/quechilero.com\/blog\/wp-json\/wp\/v2\/posts\/419\/revisions"}],"wp:attachment":[{"href":"https:\/\/quechilero.com\/blog\/wp-json\/wp\/v2\/media?parent=419"}],"wp:term":[{"taxonomy":"category","embeddable":true,"href":"https:\/\/quechilero.com\/blog\/wp-json\/wp\/v2\/categories?post=419"},{"taxonomy":"post_tag","embeddable":true,"href":"https:\/\/quechilero.com\/blog\/wp-json\/wp\/v2\/tags?post=419"},{"taxonomy":"series","embeddable":true,"href":"https:\/\/quechilero.com\/blog\/wp-json\/wp\/v2\/series?post=419"}],"curies":[{"name":"wp","href":"https:\/\/api.w.org\/{rel}","templated":true}]}}