{"id":4181,"date":"2010-01-14T08:00:42","date_gmt":"2010-01-14T14:00:42","guid":{"rendered":"http:\/\/quechilero.com\/blog\/?p=4181"},"modified":"2010-01-14T08:00:42","modified_gmt":"2010-01-14T14:00:42","slug":"evolucion-del-almacenamiento","status":"publish","type":"post","link":"https:\/\/quechilero.com\/blog\/2010\/01\/14\/evolucion-del-almacenamiento\/","title":{"rendered":"Evoluci\u00f3n del almacenamiento"},"content":{"rendered":"<p>La tecnolog\u00eda camina a pasos cada vez mas r\u00e1pidos, en la siguiente imagen, podemos ver la <em>evoluci\u00f3n <\/em>que han tenido los diferentes medios <em>de almacenamiento de informaci\u00f3n<\/em>, a lo largo de los \u00faltimos a\u00f1os.<\/p>\n<p>El tama\u00f1o del dispositivo, es inversamente proporcional a la cantidad de informaci\u00f3n almacenada y la tendencia apunta hacia la miniaturizaci\u00f3n de estos dispositivos, a la universalidad de los mismos, a la reducci\u00f3n de los costos y al beneficio para los usuarios.<\/p>\n<p><a href=\"http:\/\/s392.photobucket.com\/albums\/pp7\/pepejaguar\/blog\/?action=view&amp;current=evolutionof_storage.jpg\"><img data-recalc-dims=\"1\" decoding=\"async\" class=\"alignnone\" src=\"https:\/\/i0.wp.com\/i392.photobucket.com\/albums\/pp7\/pepejaguar\/blog\/evolutionof_storage.jpg?w=550\" alt=\"\"  \/><\/a><\/p>\n<p><em>Click en la imagen para agrandar<\/em>.<\/p>\n<p>La imagen la vi en <a title=\"Evoluci\u00f3n del almacenamiento\" href=\"http:\/\/www.viuisso.com.br\/\" target=\"_blank\">Viuisso<\/a><\/p>\n","protected":false},"excerpt":{"rendered":"<p>La tecnolog\u00eda camina a pasos cada vez mas r\u00e1pidos, en la siguiente imagen, podemos ver la evoluci\u00f3n que han tenido los diferentes medios de almacenamiento de informaci\u00f3n, a lo largo de los \u00faltimos a\u00f1os. El tama\u00f1o del dispositivo, es inversamente proporcional a la cantidad de informaci\u00f3n almacenada y la tendencia apunta hacia la miniaturizaci\u00f3n de &#8230; <a title=\"Evoluci\u00f3n del almacenamiento\" class=\"read-more\" href=\"https:\/\/quechilero.com\/blog\/2010\/01\/14\/evolucion-del-almacenamiento\/\" aria-label=\"Leer m\u00e1s sobre Evoluci\u00f3n del almacenamiento\">Leer m\u00e1s<\/a><\/p>\n","protected":false},"author":1,"featured_media":0,"comment_status":"open","ping_status":"open","sticky":false,"template":"","format":"standard","meta":{"advanced_seo_description":"","jetpack_seo_html_title":"","jetpack_seo_noindex":false,"jetpack_seo_schema_type":"","episode_type":"","audio_file":"","podmotor_file_id":"","podmotor_episode_id":"","cover_image":"","cover_image_id":"","duration":"","filesize":"","filesize_raw":"","date_recorded":"","explicit":"","block":"","_jetpack_newsletter_access":"","_jetpack_dont_email_post_to_subs":false,"_jetpack_newsletter_tier_id":0,"_jetpack_memberships_contains_paywalled_content":false,"_jetpack_feature_clip_id":0,"_jetpack_memberships_contains_paid_content":false,"footnotes":"","jetpack_publicize_message":"","jetpack_publicize_feature_enabled":true,"jetpack_social_post_already_shared":false,"jetpack_social_options":{"image_generator_settings":{"template":"highway","default_image_id":0,"font":"","enabled":false},"version":2},"jetpack_post_was_ever_published":false},"categories":[2],"tags":[4,51,79,55],"series":[],"class_list":["post-4181","post","type-post","status-publish","format-standard","hentry","category-limones","tag-blog","tag-dios","tag-positivo","tag-tecnologia"],"episode_featured_image":false,"episode_player_image":"https:\/\/i0.wp.com\/quechilero.com\/blog\/imagenes\/podcast.png?fit=1831%2C1831&ssl=1","download_link":"","player_link":"","audio_player":false,"episode_data":{"playerMode":"dark","subscribeUrls":{"amazon":{"key":"amazon","url":"","label":"Amazon","class":"amazon","icon":"amazon.png"},"apple_podcasts":{"key":"apple_podcasts","url":"","label":"Apple Podcasts","class":"apple_podcasts","icon":"apple-podcasts.png"},"castbox":{"key":"castbox","url":"","label":"CastBox","class":"castbox","icon":"castbox.png"},"deezer":{"key":"deezer","url":"","label":"Deezer","class":"deezer","icon":"deezer.png"},"google_podcasts":{"key":"google_podcasts","url":"","label":"Google Podcasts","class":"google_podcasts","icon":"google-podcasts.png"},"listen_notes":{"key":"listen_notes","url":"","label":"Listen Notes","class":"listen_notes","icon":"listen-notes.png"},"pandora":{"key":"pandora","url":"","label":"Pandora","class":"pandora","icon":"pandora.png"},"podbean":{"key":"podbean","url":"","label":"Podbean","class":"podbean","icon":"podbean.png"},"podcast_republic":{"key":"podcast_republic","url":"","label":"Podcast Republic","class":"podcast_republic","icon":"podcast-republic.png"},"rss":{"key":"rss","url":"","label":"RSS","class":"rss","icon":"rss.png"},"spotify":{"key":"spotify","url":"","label":"Spotify","class":"spotify","icon":"spotify.png"},"stitcher":{"key":"stitcher","url":"","label":"Stitcher","class":"stitcher","icon":"stitcher.png"},"tunein":{"key":"tunein","url":"","label":"TuneIn","class":"tunein","icon":"tunein.png"},"youtube":{"key":"youtube","url":"","label":"YouTube","class":"youtube","icon":"youtube.png"},"iheartradio":{"key":"iheartradio","url":"","label":"iHeartRadio","class":"iheartradio","icon":"iheartradio.png"},"ivoox":{"key":"ivoox","url":"","label":"iVoox","class":"ivoox","icon":"ivoox.png"}},"rssFeedUrl":"https:\/\/quechilero.com\/blog\/feed\/podcast\/si-la-vida-nos-da-limones","embedCode":"<blockquote class=\"wp-embedded-content\" data-secret=\"e6uYfCP6AA\"><a href=\"https:\/\/quechilero.com\/blog\/2010\/01\/14\/evolucion-del-almacenamiento\/\">Evoluci\u00f3n del almacenamiento<\/a><\/blockquote><iframe sandbox=\"allow-scripts\" security=\"restricted\" src=\"https:\/\/quechilero.com\/blog\/2010\/01\/14\/evolucion-del-almacenamiento\/embed\/#?secret=e6uYfCP6AA\" width=\"500\" height=\"350\" title=\"\u00abEvoluci\u00f3n del almacenamiento\u00bb \u2014 Si la Vida nos da Limones...\" data-secret=\"e6uYfCP6AA\" frameborder=\"0\" marginwidth=\"0\" marginheight=\"0\" scrolling=\"no\" class=\"wp-embedded-content\"><\/iframe><script>\n\/*! This file is auto-generated *\/\n!function(d,l){\"use strict\";l.querySelector&&d.addEventListener&&\"undefined\"!=typeof URL&&(d.wp=d.wp||{},d.wp.receiveEmbedMessage||(d.wp.receiveEmbedMessage=function(e){var t=e.data;if((t||t.secret||t.message||t.value)&&!\/[^a-zA-Z0-9]\/.test(t.secret)){for(var s,r,n,a=l.querySelectorAll('iframe[data-secret=\"'+t.secret+'\"]'),o=l.querySelectorAll('blockquote[data-secret=\"'+t.secret+'\"]'),c=new RegExp(\"^https?:$\",\"i\"),i=0;i<o.length;i++)o[i].style.display=\"none\";for(i=0;i<a.length;i++)s=a[i],e.source===s.contentWindow&&(s.removeAttribute(\"style\"),\"height\"===t.message?(1e3<(r=parseInt(t.value,10))?r=1e3:~~r<200&&(r=200),s.height=r):\"link\"===t.message&&(r=new URL(s.getAttribute(\"src\")),n=new URL(t.value),c.test(n.protocol))&&n.host===r.host&&l.activeElement===s&&(d.top.location.href=t.value))}},d.addEventListener(\"message\",d.wp.receiveEmbedMessage,!1),l.addEventListener(\"DOMContentLoaded\",function(){for(var e,t,s=l.querySelectorAll(\"iframe.wp-embedded-content\"),r=0;r<s.length;r++)(t=(e=s[r]).getAttribute(\"data-secret\"))||(t=Math.random().toString(36).substring(2,12),e.src+=\"#?secret=\"+t,e.setAttribute(\"data-secret\",t)),e.contentWindow.postMessage({message:\"ready\",secret:t},\"*\")},!1)))}(window,document);\n\/\/# sourceURL=https:\/\/quechilero.com\/blog\/wp-includes\/js\/wp-embed.min.js\n<\/script>\n"},"jetpack_publicize_connections":[],"jetpack_shortlink":"https:\/\/wp.me\/pDKli-15r","jetpack_sharing_enabled":true,"jetpack-related-posts":[{"id":5288,"url":"https:\/\/quechilero.com\/blog\/2010\/08\/25\/maraton-de-blogs-interactiva-web\/","url_meta":{"origin":4181,"position":0},"title":"Marat\u00f3n de Blogs: Interactiva Web","author":"Pepe Barrascout Ortiz","date":"25 agosto 2010","format":false,"excerpt":"Interactiva Web es un blog dedicado a la tecnolog\u00eda principalmente, donde se publica informaci\u00f3n actualizada acerca de este apasionante y cambiante mundo tecnol\u00f3gico. El blog es dirigido y mantenido por Gustavo Reyes, sin embargo, invita a quien quiera, a formar parte del grupo de editores para escribir en Interactiva Web.\u2026","rel":"","context":"En \u00abBlogs de Guatemala\u00bb","block_context":{"text":"Blogs de Guatemala","link":"https:\/\/quechilero.com\/blog\/category\/blogs-de-guatemala\/"},"img":{"alt_text":"","src":"https:\/\/i0.wp.com\/i392.photobucket.com\/albums\/pp7\/pepejaguar\/maraton\/interactivaweb.png?resize=350%2C200","width":350,"height":200,"srcset":"https:\/\/i0.wp.com\/i392.photobucket.com\/albums\/pp7\/pepejaguar\/maraton\/interactivaweb.png?resize=350%2C200 1x, https:\/\/i0.wp.com\/i392.photobucket.com\/albums\/pp7\/pepejaguar\/maraton\/interactivaweb.png?resize=525%2C300 1.5x"},"classes":[]},{"id":6479,"url":"https:\/\/quechilero.com\/blog\/2010\/12\/01\/estampas-navidenas-dublin\/","url_meta":{"origin":4181,"position":1},"title":"Estampas Navide\u00f1as: Dubl\u00edn","author":"Pepe Barrascout Ortiz","date":"1 diciembre 2010","format":false,"excerpt":"Carreras en las compras, en esta \u00e9poca en las ventanas se puede ver de todo y no hay duda que son las m\u00e1s hermosas de Navidad. Las grandes inversiones en publicidad de los grandes almacenes, como el Brown Thomas en Dubl\u00edn desaf\u00edan a la crisis de la moneda local. Imagen:\u2026","rel":"","context":"En \u00abLimones por mano\u00bb","block_context":{"text":"Limones por mano","link":"https:\/\/quechilero.com\/blog\/category\/limones-por-mano\/"},"img":{"alt_text":"","src":"","width":0,"height":0},"classes":[]},{"id":19499,"url":"https:\/\/quechilero.com\/blog\/2014\/10\/01\/almacena-solo-lo-bueno\/","url_meta":{"origin":4181,"position":2},"title":"Almacena s\u00f3lo lo bueno","author":"Pepe Barrascout Ortiz","date":"1 octubre 2014","format":false,"excerpt":"La vida a veces nos lleva por caminos que van cambiando nuestra manera de ser. Son cambios que muchas veces se ven reflejados en nuestra apariencia exterior. Porque de la abundancia de nuestro coraz\u00f3n hablan nuestras obras, las cuales se ver\u00e1n reflejadas en la mirada y en cada uno de\u2026","rel":"","context":"En \u00abLimones\u00bb","block_context":{"text":"Limones","link":"https:\/\/quechilero.com\/blog\/category\/limones\/"},"img":{"alt_text":"","src":"","width":0,"height":0},"classes":[]},{"id":634,"url":"https:\/\/quechilero.com\/blog\/2007\/08\/18\/maraton-de-blogs-jessica-alba\/","url_meta":{"origin":4181,"position":3},"title":"Marat\u00f3n de Blogs &#8211; Jessica Alba","author":"Pepe Barrascout Ortiz","date":"18 agosto 2007","format":false,"excerpt":"Sigue el Marat\u00f3n de Blogs, con este texto publicado originalmente en el blog Web de Bolsillo, especializado en tecnolog\u00edas para dispositivos port\u00e1tiles, regularmente hace publicaciones de fondos de pantalla, colocando en cada serie, muy buenas im\u00e1genes. De la gran colecci\u00f3n disponible en el blog, he publicado esta hermosa imagen de\u2026","rel":"","context":"En \u00abLimones\u00bb","block_context":{"text":"Limones","link":"https:\/\/quechilero.com\/blog\/category\/limones\/"},"img":{"alt_text":"","src":"","width":0,"height":0},"classes":[]},{"id":9930,"url":"https:\/\/quechilero.com\/blog\/2011\/08\/24\/maraton-de-blogs-radio-ati\/","url_meta":{"origin":4181,"position":4},"title":"Marat\u00f3n de Blogs: Radio Ati","author":"Pepe Barrascout Ortiz","date":"24 agosto 2011","format":false,"excerpt":"Lo primero que se lee al entrar al blog de Radio Ati es: \"Mientras tengamos electricidad e internet, puedes escuchar Radio Ati, con lo mejor de la m\u00fasica centroamericana\". Una frase muy fuerte, que refleja la realidad nacional en el interior del pa\u00eds. Preocuparse por contar con electricidad e internet,\u2026","rel":"","context":"En \u00abBlogs de Guatemala\u00bb","block_context":{"text":"Blogs de Guatemala","link":"https:\/\/quechilero.com\/blog\/category\/blogs-de-guatemala\/"},"img":{"alt_text":"","src":"https:\/\/i0.wp.com\/i392.photobucket.com\/albums\/pp7\/pepejaguar\/maraton\/radio-ati.png?resize=350%2C200","width":350,"height":200,"srcset":"https:\/\/i0.wp.com\/i392.photobucket.com\/albums\/pp7\/pepejaguar\/maraton\/radio-ati.png?resize=350%2C200 1x, https:\/\/i0.wp.com\/i392.photobucket.com\/albums\/pp7\/pepejaguar\/maraton\/radio-ati.png?resize=525%2C300 1.5x"},"classes":[]},{"id":2242,"url":"https:\/\/quechilero.com\/blog\/2008\/01\/16\/analfabetismo-o-ignorancia-digital\/","url_meta":{"origin":4181,"position":5},"title":"\u00bfAnalfabetismo o Ignorancia Digital?","author":"Pepe Barrascout Ortiz","date":"16 enero 2008","format":false,"excerpt":"Hace un poco mas de un mes, el 15 de diciembre 2007, Prensa Libre public\u00f3 en la p\u00e1gina 4 en la secci\u00f3n Actualidad Nacional, una noticia relacionada con el destino de las computadoras que en su momento adquiri\u00f3 el Tribunal Supremo Electoral (TSE) y que principalmente fueron utilizadas en las\u2026","rel":"","context":"En \u00abLimones\u00bb","block_context":{"text":"Limones","link":"https:\/\/quechilero.com\/blog\/category\/limones\/"},"img":{"alt_text":"Analfabetismo o Ignorancia Digital","src":"https:\/\/i0.wp.com\/img257.imageshack.us\/img257\/1130\/tselg9.png?resize=350%2C200","width":350,"height":200},"classes":[]}],"jetpack_featured_media_url":"","_links":{"self":[{"href":"https:\/\/quechilero.com\/blog\/wp-json\/wp\/v2\/posts\/4181","targetHints":{"allow":["GET"]}}],"collection":[{"href":"https:\/\/quechilero.com\/blog\/wp-json\/wp\/v2\/posts"}],"about":[{"href":"https:\/\/quechilero.com\/blog\/wp-json\/wp\/v2\/types\/post"}],"author":[{"embeddable":true,"href":"https:\/\/quechilero.com\/blog\/wp-json\/wp\/v2\/users\/1"}],"replies":[{"embeddable":true,"href":"https:\/\/quechilero.com\/blog\/wp-json\/wp\/v2\/comments?post=4181"}],"version-history":[{"count":0,"href":"https:\/\/quechilero.com\/blog\/wp-json\/wp\/v2\/posts\/4181\/revisions"}],"wp:attachment":[{"href":"https:\/\/quechilero.com\/blog\/wp-json\/wp\/v2\/media?parent=4181"}],"wp:term":[{"taxonomy":"category","embeddable":true,"href":"https:\/\/quechilero.com\/blog\/wp-json\/wp\/v2\/categories?post=4181"},{"taxonomy":"post_tag","embeddable":true,"href":"https:\/\/quechilero.com\/blog\/wp-json\/wp\/v2\/tags?post=4181"},{"taxonomy":"series","embeddable":true,"href":"https:\/\/quechilero.com\/blog\/wp-json\/wp\/v2\/series?post=4181"}],"curies":[{"name":"wp","href":"https:\/\/api.w.org\/{rel}","templated":true}]}}