{"id":4177,"date":"2009-12-31T08:00:18","date_gmt":"2009-12-31T14:00:18","guid":{"rendered":"http:\/\/quechilero.com\/blog\/?p=4177"},"modified":"2009-12-31T08:00:18","modified_gmt":"2009-12-31T14:00:18","slug":"adios-al-2009","status":"publish","type":"post","link":"https:\/\/quechilero.com\/blog\/2009\/12\/31\/adios-al-2009\/","title":{"rendered":"Adi\u00f3s al 2009"},"content":{"rendered":"<p>Se acab\u00f3 la primera d\u00e9cada del nuevo milenio y ma\u00f1ana inicia un nuevo d\u00eda, un nuevo a\u00f1o, una nueva d\u00e9cada de este siglo, de este milenio. Muchas cosas han pasado a lo largo de este a\u00f1o, pero dejando a un lado lo malo, destaquemos mejor lo bueno, lo que vali\u00f3 la pena, las experiencias aprendidas, los \u00e9xitos que logramos y las metas que cumplimos.<\/p>\n<p>Para despedir este a\u00f1o, Google Wave ha sacado este video a manera de despedida del a\u00f1o, resumiendo a su estilo algunos acontecimientos importantes transcurridos en el 2009.<\/p>\n<p><object classid=\"clsid:d27cdb6e-ae6d-11cf-96b8-444553540000\" width=\"550\" height=\"344\" codebase=\"http:\/\/download.macromedia.com\/pub\/shockwave\/cabs\/flash\/swflash.cab#version=6,0,40,0\"><param name=\"allowFullScreen\" value=\"true\" \/><param name=\"allowScriptAccess\" value=\"always\" \/><param name=\"src\" value=\"http:\/\/www.youtube.com\/v\/XyoGbd1iJIw&amp;color1=0xb1b1b1&amp;color2=0xcfcfcf&amp;hl=pt_BR&amp;feature=player_embedded&amp;fs=1\" \/><param name=\"allowfullscreen\" value=\"true\" \/><\/object><\/p>\n<p>El video lo vi en <a title=\"Adi\u00f3s al 2009\" href=\"http:\/\/googlediscovery.com\/\" target=\"_blank\">Googlediscovery<\/a><\/p>\n<p>Si alguien desea una invitaci\u00f3n para Google Wave, por favor deje sus datos en un comentario y con gusto se lo estar\u00e9 enviando.<\/p>\n<p>Dios los bendiga a todos.<\/p>\n","protected":false},"excerpt":{"rendered":"<p>Se acab\u00f3 la primera d\u00e9cada del nuevo milenio y ma\u00f1ana inicia un nuevo d\u00eda, un nuevo a\u00f1o, una nueva d\u00e9cada de este siglo, de este milenio. Muchas cosas han pasado a lo largo de este a\u00f1o, pero dejando a un lado lo malo, destaquemos mejor lo bueno, lo que vali\u00f3 la pena, las experiencias aprendidas, &#8230; <a title=\"Adi\u00f3s al 2009\" class=\"read-more\" href=\"https:\/\/quechilero.com\/blog\/2009\/12\/31\/adios-al-2009\/\" aria-label=\"Leer m\u00e1s sobre Adi\u00f3s al 2009\">Leer m\u00e1s<\/a><\/p>\n","protected":false},"author":1,"featured_media":0,"comment_status":"open","ping_status":"open","sticky":false,"template":"","format":"standard","meta":{"advanced_seo_description":"","jetpack_seo_html_title":"","jetpack_seo_noindex":false,"jetpack_seo_schema_type":"","episode_type":"","audio_file":"","podmotor_file_id":"","podmotor_episode_id":"","cover_image":"","cover_image_id":"","duration":"","filesize":"","filesize_raw":"","date_recorded":"","explicit":"","block":"","_jetpack_newsletter_access":"","_jetpack_dont_email_post_to_subs":false,"_jetpack_newsletter_tier_id":0,"_jetpack_memberships_contains_paywalled_content":false,"_jetpack_feature_clip_id":0,"_jetpack_memberships_contains_paid_content":false,"footnotes":"","jetpack_publicize_message":"","jetpack_publicize_feature_enabled":true,"jetpack_social_post_already_shared":false,"jetpack_social_options":{"image_generator_settings":{"template":"highway","default_image_id":0,"font":"","enabled":false},"version":2},"jetpack_post_was_ever_published":false},"categories":[2],"tags":[12,51,25,53],"series":[],"class_list":["post-4177","post","type-post","status-publish","format-standard","hentry","category-limones","tag-cosas","tag-dios","tag-video","tag-youtube"],"episode_featured_image":false,"episode_player_image":"https:\/\/i0.wp.com\/quechilero.com\/blog\/imagenes\/podcast.png?fit=1831%2C1831&ssl=1","download_link":"","player_link":"","audio_player":false,"episode_data":{"playerMode":"dark","subscribeUrls":{"amazon":{"key":"amazon","url":"","label":"Amazon","class":"amazon","icon":"amazon.png"},"apple_podcasts":{"key":"apple_podcasts","url":"","label":"Apple Podcasts","class":"apple_podcasts","icon":"apple-podcasts.png"},"castbox":{"key":"castbox","url":"","label":"CastBox","class":"castbox","icon":"castbox.png"},"deezer":{"key":"deezer","url":"","label":"Deezer","class":"deezer","icon":"deezer.png"},"google_podcasts":{"key":"google_podcasts","url":"","label":"Google Podcasts","class":"google_podcasts","icon":"google-podcasts.png"},"listen_notes":{"key":"listen_notes","url":"","label":"Listen Notes","class":"listen_notes","icon":"listen-notes.png"},"pandora":{"key":"pandora","url":"","label":"Pandora","class":"pandora","icon":"pandora.png"},"podbean":{"key":"podbean","url":"","label":"Podbean","class":"podbean","icon":"podbean.png"},"podcast_republic":{"key":"podcast_republic","url":"","label":"Podcast Republic","class":"podcast_republic","icon":"podcast-republic.png"},"rss":{"key":"rss","url":"","label":"RSS","class":"rss","icon":"rss.png"},"spotify":{"key":"spotify","url":"","label":"Spotify","class":"spotify","icon":"spotify.png"},"stitcher":{"key":"stitcher","url":"","label":"Stitcher","class":"stitcher","icon":"stitcher.png"},"tunein":{"key":"tunein","url":"","label":"TuneIn","class":"tunein","icon":"tunein.png"},"youtube":{"key":"youtube","url":"","label":"YouTube","class":"youtube","icon":"youtube.png"},"iheartradio":{"key":"iheartradio","url":"","label":"iHeartRadio","class":"iheartradio","icon":"iheartradio.png"},"ivoox":{"key":"ivoox","url":"","label":"iVoox","class":"ivoox","icon":"ivoox.png"}},"rssFeedUrl":"https:\/\/quechilero.com\/blog\/feed\/podcast\/si-la-vida-nos-da-limones","embedCode":"<blockquote class=\"wp-embedded-content\" data-secret=\"TqSJ65F5Mr\"><a href=\"https:\/\/quechilero.com\/blog\/2009\/12\/31\/adios-al-2009\/\">Adi\u00f3s al 2009<\/a><\/blockquote><iframe sandbox=\"allow-scripts\" security=\"restricted\" src=\"https:\/\/quechilero.com\/blog\/2009\/12\/31\/adios-al-2009\/embed\/#?secret=TqSJ65F5Mr\" width=\"500\" height=\"350\" title=\"\u00abAdi\u00f3s al 2009\u00bb \u2014 Si la Vida nos da Limones...\" data-secret=\"TqSJ65F5Mr\" frameborder=\"0\" marginwidth=\"0\" marginheight=\"0\" scrolling=\"no\" class=\"wp-embedded-content\"><\/iframe><script>\n\/*! This file is auto-generated *\/\n!function(d,l){\"use strict\";l.querySelector&&d.addEventListener&&\"undefined\"!=typeof URL&&(d.wp=d.wp||{},d.wp.receiveEmbedMessage||(d.wp.receiveEmbedMessage=function(e){var t=e.data;if((t||t.secret||t.message||t.value)&&!\/[^a-zA-Z0-9]\/.test(t.secret)){for(var s,r,n,a=l.querySelectorAll('iframe[data-secret=\"'+t.secret+'\"]'),o=l.querySelectorAll('blockquote[data-secret=\"'+t.secret+'\"]'),c=new RegExp(\"^https?:$\",\"i\"),i=0;i<o.length;i++)o[i].style.display=\"none\";for(i=0;i<a.length;i++)s=a[i],e.source===s.contentWindow&&(s.removeAttribute(\"style\"),\"height\"===t.message?(1e3<(r=parseInt(t.value,10))?r=1e3:~~r<200&&(r=200),s.height=r):\"link\"===t.message&&(r=new URL(s.getAttribute(\"src\")),n=new URL(t.value),c.test(n.protocol))&&n.host===r.host&&l.activeElement===s&&(d.top.location.href=t.value))}},d.addEventListener(\"message\",d.wp.receiveEmbedMessage,!1),l.addEventListener(\"DOMContentLoaded\",function(){for(var e,t,s=l.querySelectorAll(\"iframe.wp-embedded-content\"),r=0;r<s.length;r++)(t=(e=s[r]).getAttribute(\"data-secret\"))||(t=Math.random().toString(36).substring(2,12),e.src+=\"#?secret=\"+t,e.setAttribute(\"data-secret\",t)),e.contentWindow.postMessage({message:\"ready\",secret:t},\"*\")},!1)))}(window,document);\n\/\/# sourceURL=https:\/\/quechilero.com\/blog\/wp-includes\/js\/wp-embed.min.js\n<\/script>\n"},"jetpack_publicize_connections":[],"jetpack_shortlink":"https:\/\/wp.me\/pDKli-15n","jetpack_sharing_enabled":true,"jetpack-related-posts":[{"id":4201,"url":"https:\/\/quechilero.com\/blog\/2010\/01\/24\/un-dia-normal-en-internet\/","url_meta":{"origin":4177,"position":0},"title":"Un d\u00eda normal en Internet","author":"Pepe Barrascout Ortiz","date":"24 enero 2010","format":false,"excerpt":"En \"condiciones normales\", es decir sin ning\u00fan evento que \"altere el orden mundial\", el comportamiento de Internet y sus usuarios, se encuentra resumido en la siguiente gr\u00e1fica, agregando los datos que genera Youtube, estar\u00eda mas completa. En la actualidad, se suben a Youtube un promedio de 20 horas de video\u2026","rel":"","context":"En \u00abLimones\u00bb","block_context":{"text":"Limones","link":"https:\/\/quechilero.com\/blog\/category\/limones\/"},"img":{"alt_text":"","src":"https:\/\/i0.wp.com\/i392.photobucket.com\/albums\/pp7\/pepejaguar\/blog\/theinternetisbig.jpg?resize=350%2C200","width":350,"height":200},"classes":[]},{"id":18063,"url":"https:\/\/quechilero.com\/blog\/2014\/08\/10\/como-te-cambia-la-vida-ser-papa\/","url_meta":{"origin":4177,"position":1},"title":"Como te cambia la vida ser pap\u00e1","author":"Pepe Barrascout Ortiz","date":"10 agosto 2014","format":false,"excerpt":"No hay duda que una de las cosas mas importantes en la vida de cualquier persona, es el d\u00eda en que se convierte en padre. Como te cambia la vida ser pap\u00e1, b\u00e1sicamente es mas que un cambio, es un inicio totalmente nuevo, el tener bajo su cargo y responsabilidad\u2026","rel":"","context":"En \u00abLimones\u00bb","block_context":{"text":"Limones","link":"https:\/\/quechilero.com\/blog\/category\/limones\/"},"img":{"alt_text":"","src":"https:\/\/i0.wp.com\/img.youtube.com\/vi\/-prOqP8AxAA\/0.jpg?resize=350%2C200","width":350,"height":200},"classes":[]},{"id":8708,"url":"https:\/\/quechilero.com\/blog\/2011\/08\/01\/viajando-por-el-mundo-londres\/","url_meta":{"origin":4177,"position":2},"title":"Viajando por el Mundo: Londres","author":"Pepe Barrascout Ortiz","date":"1 agosto 2011","format":false,"excerpt":"Viajando por el Mundo, hoy vamos a\u00a0Londres. Es la capital de Inglaterra y del Reino Unido. Situada a orillas del r\u00edo T\u00e1mesis en el sureste de la isla de Gran Breta\u00f1a, su establecimiento se data m\u00e1s de dos milenios atr\u00e1s, fue fundada alrededor del a\u00f1o 43 por los romanos con\u2026","rel":"","context":"En \u00abLimones por mano\u00bb","block_context":{"text":"Limones por mano","link":"https:\/\/quechilero.com\/blog\/category\/limones-por-mano\/"},"img":{"alt_text":"","src":"","width":0,"height":0},"classes":[]},{"id":2298,"url":"https:\/\/quechilero.com\/blog\/2009\/01\/12\/blogs-de-guatemala-los-50-articulos-mas-leidos-en-el-2008\/","url_meta":{"origin":4177,"position":3},"title":"Blogs de Guatemala: los 50 art\u00edculos mas le\u00eddos en el 2008","author":"Pepe Barrascout Ortiz","date":"12 enero 2009","format":false,"excerpt":"A lo largo del a\u00f1o 2008, los blogs que forman parte de www.blogsdeguatemala.com, publicaron varios miles de art\u00edculos, llegando casi a los doscientos mil, solo el a\u00f1o pasado. De esta cantidad de producci\u00f3n escrita generada por guatemaltecos, a continuaci\u00f3n les presento los 50 art\u00edculos mas le\u00eddos, durante el a\u00f1o 2008.\u2026","rel":"","context":"En \u00abBlogs de Guatemala\u00bb","block_context":{"text":"Blogs de Guatemala","link":"https:\/\/quechilero.com\/blog\/category\/blogs-de-guatemala\/"},"img":{"alt_text":"","src":"","width":0,"height":0},"classes":[]},{"id":11438,"url":"https:\/\/quechilero.com\/blog\/2011\/12\/18\/de-salomon\/","url_meta":{"origin":4177,"position":4},"title":"De Salom\u00f3n","author":"Pepe Barrascout Ortiz","date":"18 diciembre 2011","format":false,"excerpt":"Si usted encuentra que apenas usted est\u00e1 sufriendo, o amando, o desesperado, o aterrorizado, en fin, si usted halla que todo lo bueno o lo malo de la vida solo le pasa a usted, recuerde a Salom\u00f3n: \"Generaci\u00f3n va y generaci\u00f3n viene, mas la Tierra permanece siempre igual. El Sol\u2026","rel":"","context":"En \u00abLimones\u00bb","block_context":{"text":"Limones","link":"https:\/\/quechilero.com\/blog\/category\/limones\/"},"img":{"alt_text":"","src":"","width":0,"height":0},"classes":[]},{"id":3838,"url":"https:\/\/quechilero.com\/blog\/2009\/11\/04\/blog-star\/","url_meta":{"origin":4177,"position":5},"title":"Blog Star","author":"Pepe Barrascout Ortiz","date":"4 noviembre 2009","format":false,"excerpt":"En el blog \"El Webmarketer\", de Jos\u00e9 Kont, hace un mes vi un video que public\u00f3, que a su vez fue publicado por una red de blogs peruanos, me gust\u00f3 mucho la producci\u00f3n del mismo y el compa\u00f1erismo que, al menos en lo que se puede ver y que transmite\u2026","rel":"","context":"En \u00abLimones\u00bb","block_context":{"text":"Limones","link":"https:\/\/quechilero.com\/blog\/category\/limones\/"},"img":{"alt_text":"","src":"","width":0,"height":0},"classes":[]}],"jetpack_featured_media_url":"","_links":{"self":[{"href":"https:\/\/quechilero.com\/blog\/wp-json\/wp\/v2\/posts\/4177","targetHints":{"allow":["GET"]}}],"collection":[{"href":"https:\/\/quechilero.com\/blog\/wp-json\/wp\/v2\/posts"}],"about":[{"href":"https:\/\/quechilero.com\/blog\/wp-json\/wp\/v2\/types\/post"}],"author":[{"embeddable":true,"href":"https:\/\/quechilero.com\/blog\/wp-json\/wp\/v2\/users\/1"}],"replies":[{"embeddable":true,"href":"https:\/\/quechilero.com\/blog\/wp-json\/wp\/v2\/comments?post=4177"}],"version-history":[{"count":0,"href":"https:\/\/quechilero.com\/blog\/wp-json\/wp\/v2\/posts\/4177\/revisions"}],"wp:attachment":[{"href":"https:\/\/quechilero.com\/blog\/wp-json\/wp\/v2\/media?parent=4177"}],"wp:term":[{"taxonomy":"category","embeddable":true,"href":"https:\/\/quechilero.com\/blog\/wp-json\/wp\/v2\/categories?post=4177"},{"taxonomy":"post_tag","embeddable":true,"href":"https:\/\/quechilero.com\/blog\/wp-json\/wp\/v2\/tags?post=4177"},{"taxonomy":"series","embeddable":true,"href":"https:\/\/quechilero.com\/blog\/wp-json\/wp\/v2\/series?post=4177"}],"curies":[{"name":"wp","href":"https:\/\/api.w.org\/{rel}","templated":true}]}}