{"id":415,"date":"2007-01-20T12:28:42","date_gmt":"2007-01-20T18:28:42","guid":{"rendered":"http:\/\/www.quechilero.com\/blog\/2007\/01\/20\/afligido-por-la-gracia\/"},"modified":"2007-01-20T12:28:42","modified_gmt":"2007-01-20T18:28:42","slug":"afligido-por-la-gracia","status":"publish","type":"post","link":"https:\/\/quechilero.com\/blog\/2007\/01\/20\/afligido-por-la-gracia\/","title":{"rendered":"Afligido por la gracia"},"content":{"rendered":"<p>En su libro The Divine Intruder [El divino intruso], James Edwards presenta  al profeta Jon\u00e1s como un hombre que se afligi\u00f3 por la gracia de Dios. Dios hab\u00eda  dicho a Jon\u00e1s que predicara el arrepentimiento al pueblo de N\u00ednive. Sin embargo,  \u00e9l cre\u00eda que la malvada ciudad merec\u00eda ser destruida por su brutalidad y  crueldad, no perdonada.<\/p>\n<p>Despu\u00e9s de un in\u00fatil intento de salir huyendo de Dios, Jon\u00e1s finalmente  obedeci\u00f3 y proclam\u00f3 juicio sobre N\u00ednive. Entonces sucedi\u00f3 lo inconcebible: el  pueblo se arrepinti\u00f3.<\/p>\n<p>Muy enojado, Jon\u00e1s expres\u00f3 su frustraci\u00f3n al Se\u00f1or: \u00ab&#8230; Por eso me apresur\u00e9  a huir a Tarsis; porque sab\u00eda yo que t\u00fa eres Dios clemente y piadoso, tardo en  enojarte, y de grande misericordia, y que te arrepientes del mal\u00bb (Jon\u00e1s  4:2).<\/p>\n<p>Igual que Jon\u00e1s, puede que creamos que algunas personas merecen el juicio de  Dios, no su perd\u00f3n. Por lo que nos han hecho a nosotros o a los que amamos, no  podemos esperar nada m\u00e1s que lo peor para ellos. Sin embargo, James Edwards nos  recuerda que la historia de Jon\u00e1s a la larga nos se\u00f1ala con el dedo. \u00c9l  pregunta: \u00ab\u00bfVamos a atar a Dios con nuestros juicios o lo vamos a liberar para  que transforme a nuestros enemigos -e incluso a nosotros- por gracia?\u00bb<\/p>\n<p>Dios nos llama a que nos acerquemos a las personas que hay en nuestra vida a  quienes \u00c9l anhela mostrarle su amor y misericordia.<\/p>\n<p><center><em>Cuando Dios deje de ser misericordioso contigo,<br \/>\nentonces puedes  dejar de ser misericordioso con los dem\u00e1s.<\/em><\/center><strong><em>Rodolfo Murua<\/em><\/strong><\/p>\n","protected":false},"excerpt":{"rendered":"<p>En su libro The Divine Intruder [El divino intruso], James Edwards presenta al profeta Jon\u00e1s como un hombre que se afligi\u00f3 por la gracia de Dios. Dios hab\u00eda dicho a Jon\u00e1s que predicara el arrepentimiento al pueblo de N\u00ednive. Sin embargo, \u00e9l cre\u00eda que la malvada ciudad merec\u00eda ser destruida por su brutalidad y crueldad, &#8230; <a title=\"Afligido por la gracia\" class=\"read-more\" href=\"https:\/\/quechilero.com\/blog\/2007\/01\/20\/afligido-por-la-gracia\/\" aria-label=\"Leer m\u00e1s sobre Afligido por la gracia\">Leer m\u00e1s<\/a><\/p>\n","protected":false},"author":1,"featured_media":0,"comment_status":"open","ping_status":"open","sticky":false,"template":"","format":"standard","meta":{"advanced_seo_description":"","jetpack_seo_html_title":"","jetpack_seo_noindex":false,"jetpack_seo_schema_type":"","episode_type":"","audio_file":"","podmotor_file_id":"","podmotor_episode_id":"","cover_image":"","cover_image_id":"","duration":"","filesize":"","filesize_raw":"","date_recorded":"","explicit":"","block":"","_jetpack_newsletter_access":"","_jetpack_dont_email_post_to_subs":false,"_jetpack_newsletter_tier_id":0,"_jetpack_memberships_contains_paywalled_content":false,"_jetpack_feature_clip_id":0,"_jetpack_memberships_contains_paid_content":false,"footnotes":"","jetpack_publicize_message":"","jetpack_publicize_feature_enabled":true,"jetpack_social_post_already_shared":false,"jetpack_social_options":{"image_generator_settings":{"template":"highway","default_image_id":0,"font":"","enabled":false},"version":2},"jetpack_post_was_ever_published":false},"categories":[2],"tags":[15,51,92,17,18,72,24],"series":[],"class_list":["post-415","post","type-post","status-publish","format-standard","hentry","category-limones","tag-amor","tag-dios","tag-frustracion","tag-historia","tag-hombre","tag-libro","tag-vida"],"episode_featured_image":false,"episode_player_image":"https:\/\/i0.wp.com\/quechilero.com\/blog\/imagenes\/podcast.png?fit=1831%2C1831&ssl=1","download_link":"","player_link":"","audio_player":false,"episode_data":{"playerMode":"dark","subscribeUrls":{"amazon":{"key":"amazon","url":"","label":"Amazon","class":"amazon","icon":"amazon.png"},"apple_podcasts":{"key":"apple_podcasts","url":"","label":"Apple Podcasts","class":"apple_podcasts","icon":"apple-podcasts.png"},"castbox":{"key":"castbox","url":"","label":"CastBox","class":"castbox","icon":"castbox.png"},"deezer":{"key":"deezer","url":"","label":"Deezer","class":"deezer","icon":"deezer.png"},"google_podcasts":{"key":"google_podcasts","url":"","label":"Google Podcasts","class":"google_podcasts","icon":"google-podcasts.png"},"listen_notes":{"key":"listen_notes","url":"","label":"Listen Notes","class":"listen_notes","icon":"listen-notes.png"},"pandora":{"key":"pandora","url":"","label":"Pandora","class":"pandora","icon":"pandora.png"},"podbean":{"key":"podbean","url":"","label":"Podbean","class":"podbean","icon":"podbean.png"},"podcast_republic":{"key":"podcast_republic","url":"","label":"Podcast Republic","class":"podcast_republic","icon":"podcast-republic.png"},"rss":{"key":"rss","url":"","label":"RSS","class":"rss","icon":"rss.png"},"spotify":{"key":"spotify","url":"","label":"Spotify","class":"spotify","icon":"spotify.png"},"stitcher":{"key":"stitcher","url":"","label":"Stitcher","class":"stitcher","icon":"stitcher.png"},"tunein":{"key":"tunein","url":"","label":"TuneIn","class":"tunein","icon":"tunein.png"},"youtube":{"key":"youtube","url":"","label":"YouTube","class":"youtube","icon":"youtube.png"},"iheartradio":{"key":"iheartradio","url":"","label":"iHeartRadio","class":"iheartradio","icon":"iheartradio.png"},"ivoox":{"key":"ivoox","url":"","label":"iVoox","class":"ivoox","icon":"ivoox.png"}},"rssFeedUrl":"https:\/\/quechilero.com\/blog\/feed\/podcast\/si-la-vida-nos-da-limones","embedCode":"<blockquote class=\"wp-embedded-content\" data-secret=\"E5JVnVXqhQ\"><a href=\"https:\/\/quechilero.com\/blog\/2007\/01\/20\/afligido-por-la-gracia\/\">Afligido por la gracia<\/a><\/blockquote><iframe sandbox=\"allow-scripts\" security=\"restricted\" src=\"https:\/\/quechilero.com\/blog\/2007\/01\/20\/afligido-por-la-gracia\/embed\/#?secret=E5JVnVXqhQ\" width=\"500\" height=\"350\" title=\"\u00abAfligido por la gracia\u00bb \u2014 Si la Vida nos da Limones...\" data-secret=\"E5JVnVXqhQ\" frameborder=\"0\" marginwidth=\"0\" marginheight=\"0\" scrolling=\"no\" class=\"wp-embedded-content\"><\/iframe><script>\n\/*! This file is auto-generated *\/\n!function(d,l){\"use strict\";l.querySelector&&d.addEventListener&&\"undefined\"!=typeof URL&&(d.wp=d.wp||{},d.wp.receiveEmbedMessage||(d.wp.receiveEmbedMessage=function(e){var t=e.data;if((t||t.secret||t.message||t.value)&&!\/[^a-zA-Z0-9]\/.test(t.secret)){for(var s,r,n,a=l.querySelectorAll('iframe[data-secret=\"'+t.secret+'\"]'),o=l.querySelectorAll('blockquote[data-secret=\"'+t.secret+'\"]'),c=new RegExp(\"^https?:$\",\"i\"),i=0;i<o.length;i++)o[i].style.display=\"none\";for(i=0;i<a.length;i++)s=a[i],e.source===s.contentWindow&&(s.removeAttribute(\"style\"),\"height\"===t.message?(1e3<(r=parseInt(t.value,10))?r=1e3:~~r<200&&(r=200),s.height=r):\"link\"===t.message&&(r=new URL(s.getAttribute(\"src\")),n=new URL(t.value),c.test(n.protocol))&&n.host===r.host&&l.activeElement===s&&(d.top.location.href=t.value))}},d.addEventListener(\"message\",d.wp.receiveEmbedMessage,!1),l.addEventListener(\"DOMContentLoaded\",function(){for(var e,t,s=l.querySelectorAll(\"iframe.wp-embedded-content\"),r=0;r<s.length;r++)(t=(e=s[r]).getAttribute(\"data-secret\"))||(t=Math.random().toString(36).substring(2,12),e.src+=\"#?secret=\"+t,e.setAttribute(\"data-secret\",t)),e.contentWindow.postMessage({message:\"ready\",secret:t},\"*\")},!1)))}(window,document);\n\/\/# sourceURL=https:\/\/quechilero.com\/blog\/wp-includes\/js\/wp-embed.min.js\n<\/script>\n"},"jetpack_publicize_connections":[],"jetpack_shortlink":"https:\/\/wp.me\/pDKli-6H","jetpack_sharing_enabled":true,"jetpack-related-posts":[{"id":866,"url":"https:\/\/quechilero.com\/blog\/2008\/02\/13\/cuaresma-evangelio-13-feb-08\/","url_meta":{"origin":415,"position":0},"title":"Cuaresma &#8211; Evangelio 13 feb 08","author":"Pepe Barrascout Ortiz","date":"13 febrero 2008","format":false,"excerpt":"Evangelio seg\u00fan San Lucas 11,29-32. Al ver Jes\u00fas que la multitud se apretujaba, comenz\u00f3 a decir: \"Esta es una generaci\u00f3n malvada. Pide un signo y no le ser\u00e1 dado otro que el de Jon\u00e1s\". As\u00ed como Jon\u00e1s fue un signo para los ninivitas, tambi\u00e9n el Hijo del hombre lo ser\u00e1\u2026","rel":"","context":"En \u00abLimones\u00bb","block_context":{"text":"Limones","link":"https:\/\/quechilero.com\/blog\/category\/limones\/"},"img":{"alt_text":"","src":"","width":0,"height":0},"classes":[]},{"id":877,"url":"https:\/\/quechilero.com\/blog\/2008\/02\/22\/cuaresma-evangelio-22-feb-08\/","url_meta":{"origin":415,"position":1},"title":"Cuaresma &#8211; Evangelio 22 feb 08","author":"Pepe Barrascout Ortiz","date":"22 febrero 2008","format":false,"excerpt":"Evangelio seg\u00fan San Mateo 16,13-19. Al llegar a la regi\u00f3n de Cesarea de Filipo, Jes\u00fas pregunt\u00f3 a sus disc\u00edpulos: \"\u00bfQu\u00e9 dice la gente sobre el Hijo del hombre? \u00bfQui\u00e9n dicen que es?\". Ellos le respondieron: \"Unos dicen que es Juan el Bautista; otros, El\u00edas; y otros, Jerem\u00edas o alguno de\u2026","rel":"","context":"En \u00abLimones\u00bb","block_context":{"text":"Limones","link":"https:\/\/quechilero.com\/blog\/category\/limones\/"},"img":{"alt_text":"","src":"","width":0,"height":0},"classes":[]},{"id":301,"url":"https:\/\/quechilero.com\/blog\/2006\/10\/30\/bobby-el-tira-palos\/","url_meta":{"origin":415,"position":2},"title":"Bobby, el tira palos","author":"Pepe Barrascout Ortiz","date":"30 octubre 2006","format":false,"excerpt":"Las personas tienen s\u00f3lo dos alternativas cuando se trata de sus emociones: las controlan o \u00e9stas les controlan. Esto no significa que para ser un buen jugador de equipo tiene que ignorar sus sentimientos. Pero s\u00ed quiere decir que no va a permitir que sus sentimientos le impidan hacer lo\u2026","rel":"","context":"En \u00abLimones\u00bb","block_context":{"text":"Limones","link":"https:\/\/quechilero.com\/blog\/category\/limones\/"},"img":{"alt_text":"","src":"","width":0,"height":0},"classes":[]},{"id":17375,"url":"https:\/\/quechilero.com\/blog\/2013\/11\/07\/dios-saca-lo-mejor-de-nosotros\/","url_meta":{"origin":415,"position":3},"title":"Dios saca lo mejor de nosotros","author":"Pepe Barrascout Ortiz","date":"7 noviembre 2013","format":false,"excerpt":"Jes\u00fas ten\u00eda el poder para sacar lo mejor de cada persona. Cuando se encontr\u00f3 con Sim\u00f3n, un torpe pescador bastante charlat\u00e1n, pudo descubrir su potencial a\u00fan m\u00e1s all\u00e1 de sus escasas habilidades. Lo mir\u00f3 a los ojos y le dijo: \"\u00bfAs\u00ed que t\u00fa eres Sim\u00f3n, el hijo de Jon\u00e1s?\" Sim\u00f3n\u2026","rel":"","context":"En \u00abLimones\u00bb","block_context":{"text":"Limones","link":"https:\/\/quechilero.com\/blog\/category\/limones\/"},"img":{"alt_text":"","src":"","width":0,"height":0},"classes":[]},{"id":14893,"url":"https:\/\/quechilero.com\/blog\/2012\/10\/28\/una-buena-reputacion\/","url_meta":{"origin":415,"position":4},"title":"Una buena reputaci\u00f3n","author":"Pepe Barrascout Ortiz","date":"28 octubre 2012","format":false,"excerpt":"Rogelio era un buen empleado, nada espectacular, pero confiable, puntual, de temperamento equilibrado y siempre dispuesto a hacer un poco m\u00e1s. Bernardo tambi\u00e9n hac\u00eda un buen trabajo, pero no le importaba ir por un atajo para terminar un trabajo, ni retirarse unos minutos antes para atender sus necesidades personales. Cuando\u2026","rel":"","context":"En \u00abLimones\u00bb","block_context":{"text":"Limones","link":"https:\/\/quechilero.com\/blog\/category\/limones\/"},"img":{"alt_text":"","src":"","width":0,"height":0},"classes":[]},{"id":420,"url":"https:\/\/quechilero.com\/blog\/2007\/01\/25\/como-llenar-un-colador-con-agua\/","url_meta":{"origin":415,"position":5},"title":"Como llenar un colador con agua","author":"Pepe Barrascout Ortiz","date":"25 enero 2007","format":false,"excerpt":"Un grupo de devotos invit\u00f3 a un maestro de meditaci\u00f3n a la casa de uno de ellos para que los instruyera. El maestro dijo que deb\u00edan esforzarse por liberarse de reaccionar en demas\u00eda frente a los hechos de la vida diaria, por lograr una actitud de reverencia, y por adquirir\u2026","rel":"","context":"En \u00abLimones\u00bb","block_context":{"text":"Limones","link":"https:\/\/quechilero.com\/blog\/category\/limones\/"},"img":{"alt_text":"","src":"","width":0,"height":0},"classes":[]}],"jetpack_featured_media_url":"","_links":{"self":[{"href":"https:\/\/quechilero.com\/blog\/wp-json\/wp\/v2\/posts\/415","targetHints":{"allow":["GET"]}}],"collection":[{"href":"https:\/\/quechilero.com\/blog\/wp-json\/wp\/v2\/posts"}],"about":[{"href":"https:\/\/quechilero.com\/blog\/wp-json\/wp\/v2\/types\/post"}],"author":[{"embeddable":true,"href":"https:\/\/quechilero.com\/blog\/wp-json\/wp\/v2\/users\/1"}],"replies":[{"embeddable":true,"href":"https:\/\/quechilero.com\/blog\/wp-json\/wp\/v2\/comments?post=415"}],"version-history":[{"count":0,"href":"https:\/\/quechilero.com\/blog\/wp-json\/wp\/v2\/posts\/415\/revisions"}],"wp:attachment":[{"href":"https:\/\/quechilero.com\/blog\/wp-json\/wp\/v2\/media?parent=415"}],"wp:term":[{"taxonomy":"category","embeddable":true,"href":"https:\/\/quechilero.com\/blog\/wp-json\/wp\/v2\/categories?post=415"},{"taxonomy":"post_tag","embeddable":true,"href":"https:\/\/quechilero.com\/blog\/wp-json\/wp\/v2\/tags?post=415"},{"taxonomy":"series","embeddable":true,"href":"https:\/\/quechilero.com\/blog\/wp-json\/wp\/v2\/series?post=415"}],"curies":[{"name":"wp","href":"https:\/\/api.w.org\/{rel}","templated":true}]}}