{"id":413,"date":"2007-01-18T12:56:38","date_gmt":"2007-01-18T18:56:38","guid":{"rendered":"http:\/\/www.quechilero.com\/blog\/2007\/01\/18\/la-meta-de-j-c-penney\/"},"modified":"2007-01-18T12:56:38","modified_gmt":"2007-01-18T18:56:38","slug":"la-meta-de-j-c-penney","status":"publish","type":"post","link":"https:\/\/quechilero.com\/blog\/2007\/01\/18\/la-meta-de-j-c-penney\/","title":{"rendered":"La meta de J. C. Penney"},"content":{"rendered":"<p>El fundador de la cadena de tiendas por departamento J. C. Penney,  declar\u00f3:<\/p>\n<p>\u00abD\u00e9me un empleado de almac\u00e9n con una meta y yo le dar\u00e9 un hombre que har\u00e1  historia. D\u00e9me un hombre sin una meta y le dar\u00e9 un empleado de almac\u00e9n.\u00bb<\/p>\n<p>Penney reconoc\u00eda el poder y la importancia de las metas.<\/p>\n<p>Mientras usted trabaja en ellas, ellas trabajan en usted.<\/p>\n<p>Lo que usted obtiene al lograr sus metas no es tan importante como lo que  usted llega a ser al lograrlas.<\/p>\n<p>En el caso de Penney, hizo m\u00e1s que hacerse rico al edificar una cadena de  1,600 tiendas por departamento con ventas mayores a los cuatro mil millones de  d\u00f3lares. \u00c9l desarroll\u00f3 su potencial y el de otros y dio generosamente para obras  de caridad y ayud\u00f3 a personas que trabajaban para \u00e9l.<\/p>\n<p>Despu\u00e9s de hacer p\u00fablica su compa\u00f1\u00eda en 1927, dio acciones a todos sus  gerentes e incluy\u00f3 a todos los empleados en un programa de repartici\u00f3n de  ganancias. Es evidente que hall\u00f3 su prop\u00f3sito, creci\u00f3 en su potencial, y sembr\u00f3  semillas para beneficio de otros.<\/p>\n<p>Verdaderamente tuvo \u00e9xito.<\/p>\n<p>A medida que usted explora su sue\u00f1o, pondera su prop\u00f3sito e identifica sus  metas, prep\u00e1rese para las cosas maravillosas que ocurrir\u00e1n.<\/p>\n<p>No se puede decir lo que ocurrir\u00e1 en el viaje al \u00e9xito. Al final, su vida  puede superar sus expectativas. Pero tiene que empezar en alg\u00fan punto para  cumplir su sue\u00f1o, y establecer metas es un excelente punto de partida<\/p>\n<p><strong><em>Del libro \u00abEl mapa para alcanzar el \u00e9xito\u00bb, de John C.  Maxwell<\/em><\/strong><\/p>\n","protected":false},"excerpt":{"rendered":"<p>El fundador de la cadena de tiendas por departamento J. C. Penney, declar\u00f3: \u00abD\u00e9me un empleado de almac\u00e9n con una meta y yo le dar\u00e9 un hombre que har\u00e1 historia. D\u00e9me un hombre sin una meta y le dar\u00e9 un empleado de almac\u00e9n.\u00bb Penney reconoc\u00eda el poder y la importancia de las metas. Mientras usted &#8230; <a title=\"La meta de J. C. Penney\" class=\"read-more\" href=\"https:\/\/quechilero.com\/blog\/2007\/01\/18\/la-meta-de-j-c-penney\/\" aria-label=\"Leer m\u00e1s sobre La meta de J. C. Penney\">Leer m\u00e1s<\/a><\/p>\n","protected":false},"author":1,"featured_media":0,"comment_status":"open","ping_status":"open","sticky":false,"template":"","format":"standard","meta":{"advanced_seo_description":"","jetpack_seo_html_title":"","jetpack_seo_noindex":false,"jetpack_seo_schema_type":"","episode_type":"","audio_file":"","podmotor_file_id":"","podmotor_episode_id":"","cover_image":"","cover_image_id":"","duration":"","filesize":"","filesize_raw":"","date_recorded":"","explicit":"","block":"","_jetpack_newsletter_access":"","_jetpack_dont_email_post_to_subs":false,"_jetpack_newsletter_tier_id":0,"_jetpack_memberships_contains_paywalled_content":false,"_jetpack_feature_clip_id":0,"_jetpack_memberships_contains_paid_content":false,"footnotes":"","jetpack_publicize_message":"","jetpack_publicize_feature_enabled":true,"jetpack_social_post_already_shared":false,"jetpack_social_options":{"image_generator_settings":{"template":"highway","default_image_id":0,"font":"","enabled":false},"version":2},"jetpack_post_was_ever_published":false},"categories":[2],"tags":[12,17,18,72,47,56,41,24],"series":[],"class_list":["post-413","post","type-post","status-publish","format-standard","hentry","category-limones","tag-cosas","tag-historia","tag-hombre","tag-libro","tag-mapa","tag-sueno","tag-verdad","tag-vida"],"episode_featured_image":false,"episode_player_image":"https:\/\/i0.wp.com\/quechilero.com\/blog\/imagenes\/podcast.png?fit=1831%2C1831&ssl=1","download_link":"","player_link":"","audio_player":false,"episode_data":{"playerMode":"dark","subscribeUrls":{"amazon":{"key":"amazon","url":"","label":"Amazon","class":"amazon","icon":"amazon.png"},"apple_podcasts":{"key":"apple_podcasts","url":"","label":"Apple Podcasts","class":"apple_podcasts","icon":"apple-podcasts.png"},"castbox":{"key":"castbox","url":"","label":"CastBox","class":"castbox","icon":"castbox.png"},"deezer":{"key":"deezer","url":"","label":"Deezer","class":"deezer","icon":"deezer.png"},"google_podcasts":{"key":"google_podcasts","url":"","label":"Google Podcasts","class":"google_podcasts","icon":"google-podcasts.png"},"listen_notes":{"key":"listen_notes","url":"","label":"Listen Notes","class":"listen_notes","icon":"listen-notes.png"},"pandora":{"key":"pandora","url":"","label":"Pandora","class":"pandora","icon":"pandora.png"},"podbean":{"key":"podbean","url":"","label":"Podbean","class":"podbean","icon":"podbean.png"},"podcast_republic":{"key":"podcast_republic","url":"","label":"Podcast Republic","class":"podcast_republic","icon":"podcast-republic.png"},"rss":{"key":"rss","url":"","label":"RSS","class":"rss","icon":"rss.png"},"spotify":{"key":"spotify","url":"","label":"Spotify","class":"spotify","icon":"spotify.png"},"stitcher":{"key":"stitcher","url":"","label":"Stitcher","class":"stitcher","icon":"stitcher.png"},"tunein":{"key":"tunein","url":"","label":"TuneIn","class":"tunein","icon":"tunein.png"},"youtube":{"key":"youtube","url":"","label":"YouTube","class":"youtube","icon":"youtube.png"},"iheartradio":{"key":"iheartradio","url":"","label":"iHeartRadio","class":"iheartradio","icon":"iheartradio.png"},"ivoox":{"key":"ivoox","url":"","label":"iVoox","class":"ivoox","icon":"ivoox.png"}},"rssFeedUrl":"https:\/\/quechilero.com\/blog\/feed\/podcast\/si-la-vida-nos-da-limones","embedCode":"<blockquote class=\"wp-embedded-content\" data-secret=\"RFi2dgnsS1\"><a href=\"https:\/\/quechilero.com\/blog\/2007\/01\/18\/la-meta-de-j-c-penney\/\">La meta de J. C. Penney<\/a><\/blockquote><iframe sandbox=\"allow-scripts\" security=\"restricted\" src=\"https:\/\/quechilero.com\/blog\/2007\/01\/18\/la-meta-de-j-c-penney\/embed\/#?secret=RFi2dgnsS1\" width=\"500\" height=\"350\" title=\"\u00abLa meta de J. C. Penney\u00bb \u2014 Si la Vida nos da Limones...\" data-secret=\"RFi2dgnsS1\" frameborder=\"0\" marginwidth=\"0\" marginheight=\"0\" scrolling=\"no\" class=\"wp-embedded-content\"><\/iframe><script>\n\/*! This file is auto-generated *\/\n!function(d,l){\"use strict\";l.querySelector&&d.addEventListener&&\"undefined\"!=typeof URL&&(d.wp=d.wp||{},d.wp.receiveEmbedMessage||(d.wp.receiveEmbedMessage=function(e){var t=e.data;if((t||t.secret||t.message||t.value)&&!\/[^a-zA-Z0-9]\/.test(t.secret)){for(var s,r,n,a=l.querySelectorAll('iframe[data-secret=\"'+t.secret+'\"]'),o=l.querySelectorAll('blockquote[data-secret=\"'+t.secret+'\"]'),c=new RegExp(\"^https?:$\",\"i\"),i=0;i<o.length;i++)o[i].style.display=\"none\";for(i=0;i<a.length;i++)s=a[i],e.source===s.contentWindow&&(s.removeAttribute(\"style\"),\"height\"===t.message?(1e3<(r=parseInt(t.value,10))?r=1e3:~~r<200&&(r=200),s.height=r):\"link\"===t.message&&(r=new URL(s.getAttribute(\"src\")),n=new URL(t.value),c.test(n.protocol))&&n.host===r.host&&l.activeElement===s&&(d.top.location.href=t.value))}},d.addEventListener(\"message\",d.wp.receiveEmbedMessage,!1),l.addEventListener(\"DOMContentLoaded\",function(){for(var e,t,s=l.querySelectorAll(\"iframe.wp-embedded-content\"),r=0;r<s.length;r++)(t=(e=s[r]).getAttribute(\"data-secret\"))||(t=Math.random().toString(36).substring(2,12),e.src+=\"#?secret=\"+t,e.setAttribute(\"data-secret\",t)),e.contentWindow.postMessage({message:\"ready\",secret:t},\"*\")},!1)))}(window,document);\n\/\/# sourceURL=https:\/\/quechilero.com\/blog\/wp-includes\/js\/wp-embed.min.js\n<\/script>\n"},"jetpack_publicize_connections":[],"jetpack_shortlink":"https:\/\/wp.me\/pDKli-6F","jetpack_sharing_enabled":true,"jetpack-related-posts":[{"id":975,"url":"https:\/\/quechilero.com\/blog\/2008\/05\/21\/se-tu-mismo\/","url_meta":{"origin":413,"position":0},"title":"S\u00e9 tu mismo","author":"Pepe Barrascout Ortiz","date":"21 mayo 2008","format":false,"excerpt":"Un fot\u00f3grafo que deseaba complacer a todo el mundo, puso una vez el siguiente anuncio: \"Como yo lo veo, 5 rupias; Como usted se ve, 5-8 rupias; Como le gustar\u00eda a usted verse, 10 rupias\" La mayor\u00eda de nosotros nos metemos en toda clase de dificultades porque tratamos de enga\u00f1arnos.\u2026","rel":"","context":"En \u00abLimones\u00bb","block_context":{"text":"Limones","link":"https:\/\/quechilero.com\/blog\/category\/limones\/"},"img":{"alt_text":"","src":"","width":0,"height":0},"classes":[]},{"id":17146,"url":"https:\/\/quechilero.com\/blog\/2013\/09\/24\/tienes-objetivos-y-metas\/","url_meta":{"origin":413,"position":1},"title":"\u00bfTienes Objetivos y Metas?","author":"Pepe Barrascout Ortiz","date":"24 septiembre 2013","format":false,"excerpt":"Gran parte de nuestros fracasos y frustraciones tienen su origen en la no concreci\u00f3n de metas que nos hemos propuesto al comenzar el a\u00f1o. \"\u00a1Vaya descubrimiento!\", podr\u00e1 insinuar usted. Sin embargo, perm\u00edtame ir un poco m\u00e1s all\u00e1 de la superficie de las frases y los saberes previamente aprehendidos. Tiempo atr\u00e1s\u2026","rel":"","context":"En \u00abLimones\u00bb","block_context":{"text":"Limones","link":"https:\/\/quechilero.com\/blog\/category\/limones\/"},"img":{"alt_text":"","src":"","width":0,"height":0},"classes":[]},{"id":16776,"url":"https:\/\/quechilero.com\/blog\/2013\/06\/20\/una-puerta-abierta-a-tu-meta\/","url_meta":{"origin":413,"position":2},"title":"Una Puerta Abierta a tu Meta","author":"Pepe Barrascout Ortiz","date":"20 junio 2013","format":false,"excerpt":"Edwin C. Barnes ten\u00eda un deseo ardiente de convertirse en un asociado de negocios con el gran inventor Thomas a. Edison. No quer\u00eda trabajar para Edison, quer\u00eda trabajar con \u00e9l. Como un paso hacia convertir su sue\u00f1o en realidad, Barnes solicit\u00f3 trabajo en el laboratorio de Edison en Nueva Jersey.\u2026","rel":"","context":"En \u00abLimones\u00bb","block_context":{"text":"Limones","link":"https:\/\/quechilero.com\/blog\/category\/limones\/"},"img":{"alt_text":"","src":"","width":0,"height":0},"classes":[]},{"id":19373,"url":"https:\/\/quechilero.com\/blog\/2014\/09\/19\/alcanza-tus-metas\/","url_meta":{"origin":413,"position":3},"title":"Alcanza tus metas","author":"Pepe Barrascout Ortiz","date":"19 septiembre 2014","format":false,"excerpt":"El se\u00f1or Ben\u00edtez, due\u00f1o de una ferreter\u00eda, buscaba un empleado. Varios j\u00f3venes respondieron al aviso, pero \u00e9l finalmente circunscribi\u00f3 su decisi\u00f3n a tres personas: Pablo, Juan y Diego. Entonces cre\u00f3 un sistema de selecci\u00f3n definitivo. Le dio a cada uno de los muchachos un destornillador nuevo de dise\u00f1o innovador y\u2026","rel":"","context":"En \u00abLimones\u00bb","block_context":{"text":"Limones","link":"https:\/\/quechilero.com\/blog\/category\/limones\/"},"img":{"alt_text":"","src":"","width":0,"height":0},"classes":[]},{"id":581,"url":"https:\/\/quechilero.com\/blog\/2007\/06\/17\/sea-usted-perfecto\/","url_meta":{"origin":413,"position":4},"title":"Sea usted perfecto","author":"Pepe Barrascout Ortiz","date":"17 junio 2007","format":false,"excerpt":"La peque\u00f1a Lalita, de seis a\u00f1os de edad, fue a comprar un libro de ejercicios. La vendedora le mostr\u00f3 uno ligeramente manchado. - No, por favor quiero uno mejor. - \u00bfQu\u00e9 quieres decir con uno mejor? - M\u00e1s perfecto -contest\u00f3. Todos los hombres deben aspirar y luchar por ser perfectos.\u2026","rel":"","context":"En \u00abLimones\u00bb","block_context":{"text":"Limones","link":"https:\/\/quechilero.com\/blog\/category\/limones\/"},"img":{"alt_text":"","src":"","width":0,"height":0},"classes":[]},{"id":15570,"url":"https:\/\/quechilero.com\/blog\/2013\/01\/01\/la-carrera-2\/","url_meta":{"origin":413,"position":5},"title":"La carrera","author":"Pepe Barrascout Ortiz","date":"1 enero 2013","format":false,"excerpt":"En una ocasi\u00f3n, en la carrera de los 100 metros con obst\u00e1culos de las olimpiadas de 1980, salieron los ocho competidores. El n\u00famero 5 tir\u00f3 el primer obst\u00e1culo, luego el segundo y el tercero; su desesperaci\u00f3n fue tanta que no pudo saltar totalmente el cuarto y tropez\u00f3 con el, cayendo\u2026","rel":"","context":"En \u00abLimones\u00bb","block_context":{"text":"Limones","link":"https:\/\/quechilero.com\/blog\/category\/limones\/"},"img":{"alt_text":"","src":"","width":0,"height":0},"classes":[]}],"jetpack_featured_media_url":"","_links":{"self":[{"href":"https:\/\/quechilero.com\/blog\/wp-json\/wp\/v2\/posts\/413","targetHints":{"allow":["GET"]}}],"collection":[{"href":"https:\/\/quechilero.com\/blog\/wp-json\/wp\/v2\/posts"}],"about":[{"href":"https:\/\/quechilero.com\/blog\/wp-json\/wp\/v2\/types\/post"}],"author":[{"embeddable":true,"href":"https:\/\/quechilero.com\/blog\/wp-json\/wp\/v2\/users\/1"}],"replies":[{"embeddable":true,"href":"https:\/\/quechilero.com\/blog\/wp-json\/wp\/v2\/comments?post=413"}],"version-history":[{"count":0,"href":"https:\/\/quechilero.com\/blog\/wp-json\/wp\/v2\/posts\/413\/revisions"}],"wp:attachment":[{"href":"https:\/\/quechilero.com\/blog\/wp-json\/wp\/v2\/media?parent=413"}],"wp:term":[{"taxonomy":"category","embeddable":true,"href":"https:\/\/quechilero.com\/blog\/wp-json\/wp\/v2\/categories?post=413"},{"taxonomy":"post_tag","embeddable":true,"href":"https:\/\/quechilero.com\/blog\/wp-json\/wp\/v2\/tags?post=413"},{"taxonomy":"series","embeddable":true,"href":"https:\/\/quechilero.com\/blog\/wp-json\/wp\/v2\/series?post=413"}],"curies":[{"name":"wp","href":"https:\/\/api.w.org\/{rel}","templated":true}]}}