{"id":4128,"date":"2010-01-09T08:00:21","date_gmt":"2010-01-09T14:00:21","guid":{"rendered":"http:\/\/quechilero.com\/blog\/?p=4128"},"modified":"2010-01-09T08:00:21","modified_gmt":"2010-01-09T14:00:21","slug":"sobre-la-vida-y-la-muerte","status":"publish","type":"post","link":"https:\/\/quechilero.com\/blog\/2010\/01\/09\/sobre-la-vida-y-la-muerte\/","title":{"rendered":"Sobre la vida y la muerte"},"content":{"rendered":"<p>Todas las preguntas que se suscitaron aquel d\u00eda en la reuni\u00f3n p\u00fablica estaban referidas a la vida m\u00e1s all\u00e1 de la muerte.<\/p>\n<p>El Maestro se limitaba a sonre\u00edr sin dar una sola respuesta.<\/p>\n<p>Cuando, m\u00e1s tarde, los disc\u00edpulos le preguntaron por qu\u00e9 se hab\u00eda mostrado tan evasivo, \u00e9l replic\u00f3:<\/p>\n<p><em>&#8211; \u00ab\u00bfNo hab\u00e9is observado que los que no saben qu\u00e9 hacer con esta vida son precisamente los que m\u00e1s desean otra vida que dure eternamente? \u00ab.<\/em><\/p>\n<p><em>&#8211; \u00abPero, \u00bfhay vida despu\u00e9s de la muerte o no la hay?\u00bb<\/em>, insisti\u00f3 un disc\u00edpulo.<\/p>\n<p><em>&#8211; \u00ab\u00bfHay vida antes de la muerte? \u00a1Esta es la cuesti\u00f3n!\u00bb<\/em>, replic\u00f3 enigm\u00e1ticamente el Maestro<\/p>\n","protected":false},"excerpt":{"rendered":"<p>Todas las preguntas que se suscitaron aquel d\u00eda en la reuni\u00f3n p\u00fablica estaban referidas a la vida m\u00e1s all\u00e1 de la muerte. El Maestro se limitaba a sonre\u00edr sin dar una sola respuesta. Cuando, m\u00e1s tarde, los disc\u00edpulos le preguntaron por qu\u00e9 se hab\u00eda mostrado tan evasivo, \u00e9l replic\u00f3: &#8211; \u00ab\u00bfNo hab\u00e9is observado que los &#8230; <a title=\"Sobre la vida y la muerte\" class=\"read-more\" href=\"https:\/\/quechilero.com\/blog\/2010\/01\/09\/sobre-la-vida-y-la-muerte\/\" aria-label=\"Leer m\u00e1s sobre Sobre la vida y la muerte\">Leer m\u00e1s<\/a><\/p>\n","protected":false},"author":1,"featured_media":0,"comment_status":"open","ping_status":"open","sticky":false,"template":"","format":"standard","meta":{"advanced_seo_description":"","jetpack_seo_html_title":"","jetpack_seo_noindex":false,"jetpack_seo_schema_type":"","episode_type":"","audio_file":"","podmotor_file_id":"","podmotor_episode_id":"","cover_image":"","cover_image_id":"","duration":"","filesize":"","filesize_raw":"","date_recorded":"","explicit":"","block":"","_jetpack_newsletter_access":"","_jetpack_dont_email_post_to_subs":false,"_jetpack_newsletter_tier_id":0,"_jetpack_memberships_contains_paywalled_content":false,"_jetpack_feature_clip_id":0,"_jetpack_memberships_contains_paid_content":false,"footnotes":"","jetpack_publicize_message":"","jetpack_publicize_feature_enabled":true,"jetpack_social_post_already_shared":false,"jetpack_social_options":{"image_generator_settings":{"template":"highway","default_image_id":0,"font":"","enabled":false},"version":2},"jetpack_post_was_ever_published":false},"categories":[2],"tags":[50,22,24],"series":[],"class_list":["post-4128","post","type-post","status-publish","format-standard","hentry","category-limones","tag-muerte","tag-respuesta","tag-vida"],"episode_featured_image":false,"episode_player_image":"https:\/\/i0.wp.com\/quechilero.com\/blog\/imagenes\/podcast.png?fit=1831%2C1831&ssl=1","download_link":"","player_link":"","audio_player":false,"episode_data":{"playerMode":"dark","subscribeUrls":{"amazon":{"key":"amazon","url":"","label":"Amazon","class":"amazon","icon":"amazon.png"},"apple_podcasts":{"key":"apple_podcasts","url":"","label":"Apple Podcasts","class":"apple_podcasts","icon":"apple-podcasts.png"},"castbox":{"key":"castbox","url":"","label":"CastBox","class":"castbox","icon":"castbox.png"},"deezer":{"key":"deezer","url":"","label":"Deezer","class":"deezer","icon":"deezer.png"},"google_podcasts":{"key":"google_podcasts","url":"","label":"Google Podcasts","class":"google_podcasts","icon":"google-podcasts.png"},"listen_notes":{"key":"listen_notes","url":"","label":"Listen Notes","class":"listen_notes","icon":"listen-notes.png"},"pandora":{"key":"pandora","url":"","label":"Pandora","class":"pandora","icon":"pandora.png"},"podbean":{"key":"podbean","url":"","label":"Podbean","class":"podbean","icon":"podbean.png"},"podcast_republic":{"key":"podcast_republic","url":"","label":"Podcast Republic","class":"podcast_republic","icon":"podcast-republic.png"},"rss":{"key":"rss","url":"","label":"RSS","class":"rss","icon":"rss.png"},"spotify":{"key":"spotify","url":"","label":"Spotify","class":"spotify","icon":"spotify.png"},"stitcher":{"key":"stitcher","url":"","label":"Stitcher","class":"stitcher","icon":"stitcher.png"},"tunein":{"key":"tunein","url":"","label":"TuneIn","class":"tunein","icon":"tunein.png"},"youtube":{"key":"youtube","url":"","label":"YouTube","class":"youtube","icon":"youtube.png"},"iheartradio":{"key":"iheartradio","url":"","label":"iHeartRadio","class":"iheartradio","icon":"iheartradio.png"},"ivoox":{"key":"ivoox","url":"","label":"iVoox","class":"ivoox","icon":"ivoox.png"}},"rssFeedUrl":"https:\/\/quechilero.com\/blog\/feed\/podcast\/si-la-vida-nos-da-limones","embedCode":"<blockquote class=\"wp-embedded-content\" data-secret=\"lp5xCX5XDZ\"><a href=\"https:\/\/quechilero.com\/blog\/2010\/01\/09\/sobre-la-vida-y-la-muerte\/\">Sobre la vida y la muerte<\/a><\/blockquote><iframe sandbox=\"allow-scripts\" security=\"restricted\" src=\"https:\/\/quechilero.com\/blog\/2010\/01\/09\/sobre-la-vida-y-la-muerte\/embed\/#?secret=lp5xCX5XDZ\" width=\"500\" height=\"350\" title=\"\u00abSobre la vida y la muerte\u00bb \u2014 Si la Vida nos da Limones...\" data-secret=\"lp5xCX5XDZ\" frameborder=\"0\" marginwidth=\"0\" marginheight=\"0\" scrolling=\"no\" class=\"wp-embedded-content\"><\/iframe><script>\n\/*! This file is auto-generated *\/\n!function(d,l){\"use strict\";l.querySelector&&d.addEventListener&&\"undefined\"!=typeof URL&&(d.wp=d.wp||{},d.wp.receiveEmbedMessage||(d.wp.receiveEmbedMessage=function(e){var t=e.data;if((t||t.secret||t.message||t.value)&&!\/[^a-zA-Z0-9]\/.test(t.secret)){for(var s,r,n,a=l.querySelectorAll('iframe[data-secret=\"'+t.secret+'\"]'),o=l.querySelectorAll('blockquote[data-secret=\"'+t.secret+'\"]'),c=new RegExp(\"^https?:$\",\"i\"),i=0;i<o.length;i++)o[i].style.display=\"none\";for(i=0;i<a.length;i++)s=a[i],e.source===s.contentWindow&&(s.removeAttribute(\"style\"),\"height\"===t.message?(1e3<(r=parseInt(t.value,10))?r=1e3:~~r<200&&(r=200),s.height=r):\"link\"===t.message&&(r=new URL(s.getAttribute(\"src\")),n=new URL(t.value),c.test(n.protocol))&&n.host===r.host&&l.activeElement===s&&(d.top.location.href=t.value))}},d.addEventListener(\"message\",d.wp.receiveEmbedMessage,!1),l.addEventListener(\"DOMContentLoaded\",function(){for(var e,t,s=l.querySelectorAll(\"iframe.wp-embedded-content\"),r=0;r<s.length;r++)(t=(e=s[r]).getAttribute(\"data-secret\"))||(t=Math.random().toString(36).substring(2,12),e.src+=\"#?secret=\"+t,e.setAttribute(\"data-secret\",t)),e.contentWindow.postMessage({message:\"ready\",secret:t},\"*\")},!1)))}(window,document);\n\/\/# sourceURL=https:\/\/quechilero.com\/blog\/wp-includes\/js\/wp-embed.min.js\n<\/script>\n"},"jetpack_publicize_connections":[],"jetpack_shortlink":"https:\/\/wp.me\/pDKli-14A","jetpack_sharing_enabled":true,"jetpack-related-posts":[{"id":2791,"url":"https:\/\/quechilero.com\/blog\/2009\/06\/11\/del-mercado\/","url_meta":{"origin":4128,"position":0},"title":"Del Mercado","author":"Pepe Barrascout Ortiz","date":"11 junio 2009","format":false,"excerpt":"El fil\u00f3sofo S\u00f3crates, que provoc\u00f3 una verdadera revoluci\u00f3n del pensamiento humano (y por causa de esto acab\u00f3 condenado a muerte), era siempre visto paseando por el mercado principal de la ciudad. Cierto d\u00eda, uno de sus disc\u00edpulos pregunt\u00f3: \"Maestro, aprendemos con el se\u00f1or que todo sabio lleva una vida simple.\u2026","rel":"","context":"En \u00abLimones\u00bb","block_context":{"text":"Limones","link":"https:\/\/quechilero.com\/blog\/category\/limones\/"},"img":{"alt_text":"","src":"","width":0,"height":0},"classes":[]},{"id":6706,"url":"https:\/\/quechilero.com\/blog\/2011\/01\/16\/se-como-un-muerto\/","url_meta":{"origin":4128,"position":1},"title":"S\u00e9 como un muerto","author":"Pepe Barrascout Ortiz","date":"16 enero 2011","format":false,"excerpt":"Era un venerable maestro. En sus ojos hab\u00eda un reconfortante destello de paz permanente. S\u00f3lo ten\u00eda un disc\u00edpulo, al que paulatinamente iba impartiendo la ense\u00f1anza m\u00edstica. El cielo se hab\u00eda te\u00f1ido de una hermosa tonalidad de naranja-oro, cuando el maestro se dirigi\u00f3 al disc\u00edpulo y le orden\u00f3: - Querido m\u00edo,\u2026","rel":"","context":"En \u00abLimones\u00bb","block_context":{"text":"Limones","link":"https:\/\/quechilero.com\/blog\/category\/limones\/"},"img":{"alt_text":"","src":"","width":0,"height":0},"classes":[]},{"id":421,"url":"https:\/\/quechilero.com\/blog\/2007\/02\/01\/el-problema\/","url_meta":{"origin":4128,"position":2},"title":"El Problema","author":"Pepe Barrascout Ortiz","date":"1 febrero 2007","format":false,"excerpt":"? Cuentan que cierto d\u00eda en un monasterio Zen-Budista, los monjes se encontraron con la muerte de uno de sus guardianes y fue preciso encontrar un substituto. El Gran Maestro convoc\u00f3 a todos los disc\u00edpulos para determinar qui\u00e9n ser\u00eda el nuevo centinela. El Maestro, con mucha tranquilidad y calma, dijo:\u2026","rel":"","context":"En \u00abLimones\u00bb","block_context":{"text":"Limones","link":"https:\/\/quechilero.com\/blog\/category\/limones\/"},"img":{"alt_text":"","src":"","width":0,"height":0},"classes":[]},{"id":566,"url":"https:\/\/quechilero.com\/blog\/2007\/06\/03\/el-problema-2\/","url_meta":{"origin":4128,"position":3},"title":"El Problema","author":"Pepe Barrascout Ortiz","date":"3 junio 2007","format":false,"excerpt":"\"Cuentan que cierto d\u00eda en un monasterio Zen-Budista, los monjes se encontraron con la muerte de uno de sus guardianes y fue preciso encontrar un substituto. El Gran Maestro convoc\u00f3 a todos los disc\u00edpulos para determinar qui\u00e9n ser\u00eda el nuevo centinela. El Maestro, con mucha tranquilidad y calma, dijo: -\u2026","rel":"","context":"En \u00abLimones\u00bb","block_context":{"text":"Limones","link":"https:\/\/quechilero.com\/blog\/category\/limones\/"},"img":{"alt_text":"","src":"","width":0,"height":0},"classes":[]},{"id":893,"url":"https:\/\/quechilero.com\/blog\/2008\/03\/09\/cuaresma-evangelio-09-mar-08\/","url_meta":{"origin":4128,"position":4},"title":"Cuaresma &#8211; Evangelio 09 mar 08","author":"Pepe Barrascout Ortiz","date":"9 marzo 2008","format":false,"excerpt":"Evangelio seg\u00fan San Juan 11,1-45. Hab\u00eda un hombre enfermo, L\u00e1zaro de Betania, del pueblo de Mar\u00eda y de su hermana Marta.\u00a0Mar\u00eda era la misma que derram\u00f3 perfume sobre el Se\u00f1or y le sec\u00f3 los pies con sus cabellos. Su hermano L\u00e1zaro era el que estaba enfermo. Las hermanas enviaron a\u2026","rel":"","context":"En \u00abLimones\u00bb","block_context":{"text":"Limones","link":"https:\/\/quechilero.com\/blog\/category\/limones\/"},"img":{"alt_text":"","src":"","width":0,"height":0},"classes":[]},{"id":4619,"url":"https:\/\/quechilero.com\/blog\/2010\/04\/04\/verdaderamente-resucito-jesucristo\/","url_meta":{"origin":4128,"position":5},"title":"\u00bfVerdaderamente resucit\u00f3 Jesucristo?","author":"Pepe Barrascout Ortiz","date":"4 abril 2010","format":false,"excerpt":"Entre uno de los rasgos caracter\u00edsticos de la figura de Jesucristo, que contrasta tremendamente con su condici\u00f3n divina, fue la humillaci\u00f3n extrema que sufri\u00f3 en la hora de su muerte. Una paradoja absoluta. El que ha manifestado ser el propio Hijo de Dios, aquel que reun\u00eda a las multitudes y\u2026","rel":"","context":"En \u00abLimones\u00bb","block_context":{"text":"Limones","link":"https:\/\/quechilero.com\/blog\/category\/limones\/"},"img":{"alt_text":"","src":"","width":0,"height":0},"classes":[]}],"jetpack_featured_media_url":"","_links":{"self":[{"href":"https:\/\/quechilero.com\/blog\/wp-json\/wp\/v2\/posts\/4128","targetHints":{"allow":["GET"]}}],"collection":[{"href":"https:\/\/quechilero.com\/blog\/wp-json\/wp\/v2\/posts"}],"about":[{"href":"https:\/\/quechilero.com\/blog\/wp-json\/wp\/v2\/types\/post"}],"author":[{"embeddable":true,"href":"https:\/\/quechilero.com\/blog\/wp-json\/wp\/v2\/users\/1"}],"replies":[{"embeddable":true,"href":"https:\/\/quechilero.com\/blog\/wp-json\/wp\/v2\/comments?post=4128"}],"version-history":[{"count":0,"href":"https:\/\/quechilero.com\/blog\/wp-json\/wp\/v2\/posts\/4128\/revisions"}],"wp:attachment":[{"href":"https:\/\/quechilero.com\/blog\/wp-json\/wp\/v2\/media?parent=4128"}],"wp:term":[{"taxonomy":"category","embeddable":true,"href":"https:\/\/quechilero.com\/blog\/wp-json\/wp\/v2\/categories?post=4128"},{"taxonomy":"post_tag","embeddable":true,"href":"https:\/\/quechilero.com\/blog\/wp-json\/wp\/v2\/tags?post=4128"},{"taxonomy":"series","embeddable":true,"href":"https:\/\/quechilero.com\/blog\/wp-json\/wp\/v2\/series?post=4128"}],"curies":[{"name":"wp","href":"https:\/\/api.w.org\/{rel}","templated":true}]}}