{"id":4118,"date":"2010-01-04T08:00:40","date_gmt":"2010-01-04T14:00:40","guid":{"rendered":"http:\/\/quechilero.com\/blog\/?p=4118"},"modified":"2010-01-04T08:00:40","modified_gmt":"2010-01-04T14:00:40","slug":"accion-desinteresada","status":"publish","type":"post","link":"https:\/\/quechilero.com\/blog\/2010\/01\/04\/accion-desinteresada\/","title":{"rendered":"Acci\u00f3n desinteresada"},"content":{"rendered":"<p><em>&#8211; \u00abLo que m\u00e1s me deprime es la absoluta vulgaridad de mi existencia. Jam\u00e1s en la vida he hecho nada tan importante como para merecer la atenci\u00f3n del mundo\u00bb.<\/em><\/p>\n<p><em>&#8211; \u00abTe equivocas si piensas que es la atenci\u00f3n del mundo lo que hace que una acci\u00f3n sea importante\u00bb<\/em>, dijo el Maestro.<\/p>\n<p>Sigui\u00f3 una larga pausa.<\/p>\n<p><em>&#8211; \u00abBueno, pero es que tampoco he hecho nada que haya influido en alguien, ni para bien ni para mal&#8230;\u00bb<\/em><\/p>\n<p><em>&#8211; \u00abTe equivocas si piensas que es el influir en los dem\u00e1s lo que hace que una acci\u00f3n sea importante\u00bb,<\/em> volvi\u00f3 a decir el Maestro.<\/p>\n<p><em>&#8211; \u00abPero, entonces, \u00bfqu\u00e9 es lo que hace que una acci\u00f3n sea importante?\u00bb<\/em><\/p>\n<p><em>&#8211; \u00abEl realizarla por s\u00ed misma y poniendo en ello todo el propio ser. Entonces resulta ser una acci\u00f3n desinteresada, semejante a la actividad de Dios.\u00bb<\/em><\/p>\n<p><strong><em>Del libro \u00abUn minuto para el absurdo\u00bb, Anthony de Mello<\/em><\/strong><\/p>\n","protected":false},"excerpt":{"rendered":"<p>&#8211; \u00abLo que m\u00e1s me deprime es la absoluta vulgaridad de mi existencia. Jam\u00e1s en la vida he hecho nada tan importante como para merecer la atenci\u00f3n del mundo\u00bb. &#8211; \u00abTe equivocas si piensas que es la atenci\u00f3n del mundo lo que hace que una acci\u00f3n sea importante\u00bb, dijo el Maestro. Sigui\u00f3 una larga pausa. &#8230; <a title=\"Acci\u00f3n desinteresada\" class=\"read-more\" href=\"https:\/\/quechilero.com\/blog\/2010\/01\/04\/accion-desinteresada\/\" aria-label=\"Leer m\u00e1s sobre Acci\u00f3n desinteresada\">Leer m\u00e1s<\/a><\/p>\n","protected":false},"author":1,"featured_media":0,"comment_status":"open","ping_status":"open","sticky":false,"template":"","format":"standard","meta":{"advanced_seo_description":"","jetpack_seo_html_title":"","jetpack_seo_noindex":false,"jetpack_seo_schema_type":"","episode_type":"","audio_file":"","podmotor_file_id":"","podmotor_episode_id":"","cover_image":"","cover_image_id":"","duration":"","filesize":"","filesize_raw":"","date_recorded":"","explicit":"","block":"","_jetpack_newsletter_access":"","_jetpack_dont_email_post_to_subs":false,"_jetpack_newsletter_tier_id":0,"_jetpack_memberships_contains_paywalled_content":false,"_jetpack_feature_clip_id":0,"_jetpack_memberships_contains_paid_content":false,"footnotes":"","jetpack_publicize_message":"","jetpack_publicize_feature_enabled":true,"jetpack_social_post_already_shared":false,"jetpack_social_options":{"image_generator_settings":{"template":"highway","default_image_id":0,"font":"","enabled":false},"version":2},"jetpack_post_was_ever_published":false},"categories":[2],"tags":[14,51,72,24],"series":[],"class_list":["post-4118","post","type-post","status-publish","format-standard","hentry","category-limones","tag-accion","tag-dios","tag-libro","tag-vida"],"episode_featured_image":false,"episode_player_image":"https:\/\/i0.wp.com\/quechilero.com\/blog\/imagenes\/podcast.png?fit=1831%2C1831&ssl=1","download_link":"","player_link":"","audio_player":false,"episode_data":{"playerMode":"dark","subscribeUrls":{"amazon":{"key":"amazon","url":"","label":"Amazon","class":"amazon","icon":"amazon.png"},"apple_podcasts":{"key":"apple_podcasts","url":"","label":"Apple Podcasts","class":"apple_podcasts","icon":"apple-podcasts.png"},"castbox":{"key":"castbox","url":"","label":"CastBox","class":"castbox","icon":"castbox.png"},"deezer":{"key":"deezer","url":"","label":"Deezer","class":"deezer","icon":"deezer.png"},"google_podcasts":{"key":"google_podcasts","url":"","label":"Google Podcasts","class":"google_podcasts","icon":"google-podcasts.png"},"listen_notes":{"key":"listen_notes","url":"","label":"Listen Notes","class":"listen_notes","icon":"listen-notes.png"},"pandora":{"key":"pandora","url":"","label":"Pandora","class":"pandora","icon":"pandora.png"},"podbean":{"key":"podbean","url":"","label":"Podbean","class":"podbean","icon":"podbean.png"},"podcast_republic":{"key":"podcast_republic","url":"","label":"Podcast Republic","class":"podcast_republic","icon":"podcast-republic.png"},"rss":{"key":"rss","url":"","label":"RSS","class":"rss","icon":"rss.png"},"spotify":{"key":"spotify","url":"","label":"Spotify","class":"spotify","icon":"spotify.png"},"stitcher":{"key":"stitcher","url":"","label":"Stitcher","class":"stitcher","icon":"stitcher.png"},"tunein":{"key":"tunein","url":"","label":"TuneIn","class":"tunein","icon":"tunein.png"},"youtube":{"key":"youtube","url":"","label":"YouTube","class":"youtube","icon":"youtube.png"},"iheartradio":{"key":"iheartradio","url":"","label":"iHeartRadio","class":"iheartradio","icon":"iheartradio.png"},"ivoox":{"key":"ivoox","url":"","label":"iVoox","class":"ivoox","icon":"ivoox.png"}},"rssFeedUrl":"https:\/\/quechilero.com\/blog\/feed\/podcast\/si-la-vida-nos-da-limones","embedCode":"<blockquote class=\"wp-embedded-content\" data-secret=\"Yg15PlKfFr\"><a href=\"https:\/\/quechilero.com\/blog\/2010\/01\/04\/accion-desinteresada\/\">Acci\u00f3n desinteresada<\/a><\/blockquote><iframe sandbox=\"allow-scripts\" security=\"restricted\" src=\"https:\/\/quechilero.com\/blog\/2010\/01\/04\/accion-desinteresada\/embed\/#?secret=Yg15PlKfFr\" width=\"500\" height=\"350\" title=\"\u00abAcci\u00f3n desinteresada\u00bb \u2014 Si la Vida nos da Limones...\" data-secret=\"Yg15PlKfFr\" frameborder=\"0\" marginwidth=\"0\" marginheight=\"0\" scrolling=\"no\" class=\"wp-embedded-content\"><\/iframe><script>\n\/*! This file is auto-generated *\/\n!function(d,l){\"use strict\";l.querySelector&&d.addEventListener&&\"undefined\"!=typeof URL&&(d.wp=d.wp||{},d.wp.receiveEmbedMessage||(d.wp.receiveEmbedMessage=function(e){var t=e.data;if((t||t.secret||t.message||t.value)&&!\/[^a-zA-Z0-9]\/.test(t.secret)){for(var s,r,n,a=l.querySelectorAll('iframe[data-secret=\"'+t.secret+'\"]'),o=l.querySelectorAll('blockquote[data-secret=\"'+t.secret+'\"]'),c=new RegExp(\"^https?:$\",\"i\"),i=0;i<o.length;i++)o[i].style.display=\"none\";for(i=0;i<a.length;i++)s=a[i],e.source===s.contentWindow&&(s.removeAttribute(\"style\"),\"height\"===t.message?(1e3<(r=parseInt(t.value,10))?r=1e3:~~r<200&&(r=200),s.height=r):\"link\"===t.message&&(r=new URL(s.getAttribute(\"src\")),n=new URL(t.value),c.test(n.protocol))&&n.host===r.host&&l.activeElement===s&&(d.top.location.href=t.value))}},d.addEventListener(\"message\",d.wp.receiveEmbedMessage,!1),l.addEventListener(\"DOMContentLoaded\",function(){for(var e,t,s=l.querySelectorAll(\"iframe.wp-embedded-content\"),r=0;r<s.length;r++)(t=(e=s[r]).getAttribute(\"data-secret\"))||(t=Math.random().toString(36).substring(2,12),e.src+=\"#?secret=\"+t,e.setAttribute(\"data-secret\",t)),e.contentWindow.postMessage({message:\"ready\",secret:t},\"*\")},!1)))}(window,document);\n\/\/# sourceURL=https:\/\/quechilero.com\/blog\/wp-includes\/js\/wp-embed.min.js\n<\/script>\n"},"jetpack_publicize_connections":[],"jetpack_shortlink":"https:\/\/wp.me\/pDKli-14q","jetpack_sharing_enabled":true,"jetpack-related-posts":[{"id":9546,"url":"https:\/\/quechilero.com\/blog\/2011\/06\/25\/dia-del-maestro\/","url_meta":{"origin":4118,"position":0},"title":"D\u00eda del Maestro","author":"Pepe Barrascout Ortiz","date":"25 junio 2011","format":false,"excerpt":"Como un homenaje a mis colegas maestros, comparto estos art\u00edculos, que a lo largo de cinco a\u00f1os, he publicado en Si la vida nos da limones..., pero solo a aquellos que con \u00e1nimo y energ\u00eda, vocaci\u00f3n y entrega, d\u00eda a d\u00eda, asisten puntuales a la cita que tienen con la\u2026","rel":"","context":"En \u00abLimones\u00bb","block_context":{"text":"Limones","link":"https:\/\/quechilero.com\/blog\/category\/limones\/"},"img":{"alt_text":"","src":"","width":0,"height":0},"classes":[]},{"id":17886,"url":"https:\/\/quechilero.com\/blog\/2014\/06\/10\/el-mundo-al-reves\/","url_meta":{"origin":4118,"position":1},"title":"El mundo al rev\u00e9s","author":"Pepe Barrascout Ortiz","date":"10 junio 2014","format":false,"excerpt":"https:\/\/youtu.be\/ma7ffXbqhL0 Muchas veces y a cada momento de nuestras vidas, nos encontramos en disyuntivas que nos obligan a elegir cu\u00e1l camino tomar ante determinada situaci\u00f3n. En la mayor\u00eda de las veces, si no en todas, ponemos todo nuestros y esfuerzo y capacidades en intentar por todos los medios, que las\u2026","rel":"","context":"En \u00abLimones\u00bb","block_context":{"text":"Limones","link":"https:\/\/quechilero.com\/blog\/category\/limones\/"},"img":{"alt_text":"","src":"https:\/\/i0.wp.com\/img.youtube.com\/vi\/ma7ffXbqhL0\/0.jpg?resize=350%2C200","width":350,"height":200},"classes":[]},{"id":303,"url":"https:\/\/quechilero.com\/blog\/2006\/10\/28\/rezar-o-actuar\/","url_meta":{"origin":4118,"position":2},"title":"Rezar o actuar","author":"Pepe Barrascout Ortiz","date":"28 octubre 2006","format":false,"excerpt":"Si un misionero llega a tu iglesia y dice que necesita ayuda por un per\u00edodo corto de tiempo, \u00bforas o act\u00faas?. Si el director de j\u00f3venes dice que tu iglesia necesita algunos instrumentos musicales nuevos para el ministerio, \u00bforas o act\u00faas? Si un ministerio necesita ayuda en un comedor de\u2026","rel":"","context":"En \u00abLimones\u00bb","block_context":{"text":"Limones","link":"https:\/\/quechilero.com\/blog\/category\/limones\/"},"img":{"alt_text":"","src":"","width":0,"height":0},"classes":[]},{"id":571,"url":"https:\/\/quechilero.com\/blog\/2007\/06\/08\/como-dios-creo-al-amigo\/","url_meta":{"origin":4118,"position":3},"title":"C\u00f3mo Dios cre\u00f3 al Amigo","author":"Pepe Barrascout Ortiz","date":"8 junio 2007","format":false,"excerpt":"En v\u00edsperas del D\u00eda del Amigo se presentan diversas alternativas. Reservar una mesa especial en nuestro restaurante favorito, preparar tarjetas de felicitaci\u00f3n, reenviar mensajes de correo electr\u00f3nico con an\u00e9cdotas emotivas, o comprar alguno que otro obsequio para nuestros amigos. Pero a m\u00ed siempre me gusta ir un poco m\u00e1s all\u00e1\u2026","rel":"","context":"En \u00abLimones\u00bb","block_context":{"text":"Limones","link":"https:\/\/quechilero.com\/blog\/category\/limones\/"},"img":{"alt_text":"","src":"","width":0,"height":0},"classes":[]},{"id":2891,"url":"https:\/\/quechilero.com\/blog\/2009\/07\/15\/resolviendo-problemas-en-forma-creativa-ii\/","url_meta":{"origin":4118,"position":4},"title":"Resolviendo problemas en forma creativa (II)","author":"Pepe Barrascout Ortiz","date":"15 julio 2009","format":false,"excerpt":"Siguiendo el enlace, se puede leer la primera parte de \"Resolviendo problemas en forma creativa\" Necesitamos los problemas para motivarnos, para aceptar el reto de resolverlos como un modo de vida positivo y la fuente de la que puede fluir el goce.\u00a0 En ocasiones sufrimos problemas y, sin embargo, nos\u2026","rel":"","context":"En \u00abLimones\u00bb","block_context":{"text":"Limones","link":"https:\/\/quechilero.com\/blog\/category\/limones\/"},"img":{"alt_text":"","src":"","width":0,"height":0},"classes":[]},{"id":19634,"url":"https:\/\/quechilero.com\/blog\/2014\/11\/08\/reflejo-de-tus-acciones\/","url_meta":{"origin":4118,"position":5},"title":"Reflejo de tus acciones","author":"Pepe Barrascout Ortiz","date":"8 noviembre 2014","format":false,"excerpt":"Conduc\u00eda camino a mi casa durante una noche lluviosa; delante de m\u00ed iba otro autom\u00f3vil que constantemente me deslumbraba con una luz proveniente de la parte de atr\u00e1s del autom\u00f3vil. Me molest\u00e9 pues, adem\u00e1s de la lluvia y el estado de la carretera, ten\u00eda que lidiar con el destello que\u2026","rel":"","context":"En \u00abLimones\u00bb","block_context":{"text":"Limones","link":"https:\/\/quechilero.com\/blog\/category\/limones\/"},"img":{"alt_text":"","src":"","width":0,"height":0},"classes":[]}],"jetpack_featured_media_url":"","_links":{"self":[{"href":"https:\/\/quechilero.com\/blog\/wp-json\/wp\/v2\/posts\/4118","targetHints":{"allow":["GET"]}}],"collection":[{"href":"https:\/\/quechilero.com\/blog\/wp-json\/wp\/v2\/posts"}],"about":[{"href":"https:\/\/quechilero.com\/blog\/wp-json\/wp\/v2\/types\/post"}],"author":[{"embeddable":true,"href":"https:\/\/quechilero.com\/blog\/wp-json\/wp\/v2\/users\/1"}],"replies":[{"embeddable":true,"href":"https:\/\/quechilero.com\/blog\/wp-json\/wp\/v2\/comments?post=4118"}],"version-history":[{"count":0,"href":"https:\/\/quechilero.com\/blog\/wp-json\/wp\/v2\/posts\/4118\/revisions"}],"wp:attachment":[{"href":"https:\/\/quechilero.com\/blog\/wp-json\/wp\/v2\/media?parent=4118"}],"wp:term":[{"taxonomy":"category","embeddable":true,"href":"https:\/\/quechilero.com\/blog\/wp-json\/wp\/v2\/categories?post=4118"},{"taxonomy":"post_tag","embeddable":true,"href":"https:\/\/quechilero.com\/blog\/wp-json\/wp\/v2\/tags?post=4118"},{"taxonomy":"series","embeddable":true,"href":"https:\/\/quechilero.com\/blog\/wp-json\/wp\/v2\/series?post=4118"}],"curies":[{"name":"wp","href":"https:\/\/api.w.org\/{rel}","templated":true}]}}