{"id":4116,"date":"2010-01-03T08:00:35","date_gmt":"2010-01-03T14:00:35","guid":{"rendered":"http:\/\/quechilero.com\/blog\/?p=4116"},"modified":"2010-01-03T08:00:35","modified_gmt":"2010-01-03T14:00:35","slug":"el-tiempo-y-los-platanos","status":"publish","type":"post","link":"https:\/\/quechilero.com\/blog\/2010\/01\/03\/el-tiempo-y-los-platanos\/","title":{"rendered":"El tiempo y los pl\u00e1tanos"},"content":{"rendered":"<p>Un hombre decidi\u00f3 pasar algunas semanas en un monasterio de Nepal. Cierta tarde entr\u00f3 en uno de los numerosos templos de la regi\u00f3n y encontr\u00f3 a un monje sentado en el altar, sonriendo. Le pregunt\u00f3 por qu\u00e9 sonre\u00eda.<\/p>\n<p><em>&#8211; \u00abPorque entiendo el significado de los pl\u00e1tanos\u00bb, fue su respuesta.<\/em><\/p>\n<p>Dicho esto, abri\u00f3 la bolsa que llevaba, extrayendo de ella un pl\u00e1tano podrido.<\/p>\n<p><em>&#8211; \u00abEsta es la vida que pas\u00f3 y no fue aprovechada en el momento adecuado; ahora es demasiado tarde.\u00bb<\/em><\/p>\n<p>Seguidamente, sac\u00f3 de la bolsa un pl\u00e1tano a\u00fan verde, lo mostr\u00f3 y volvi\u00f3 a guardarlo.<\/p>\n<p><em>&#8211; \u00abEsta es la vida que a\u00fan no sucedi\u00f3, es necesario esperar el momento adecuado.\u00bb<\/em><\/p>\n<p>Finalmente tom\u00f3 un pl\u00e1tano maduro, lo pel\u00f3 y lo comparti\u00f3 con \u00e9l.<\/p>\n<p><em>&#8211; \u00abEsta es la vida en el momento presente. Alim\u00e9ntate con ella y v\u00edvela sin miedos y sin culpas.\u00bb<\/em><\/p>\n","protected":false},"excerpt":{"rendered":"<p>Un hombre decidi\u00f3 pasar algunas semanas en un monasterio de Nepal. Cierta tarde entr\u00f3 en uno de los numerosos templos de la regi\u00f3n y encontr\u00f3 a un monje sentado en el altar, sonriendo. Le pregunt\u00f3 por qu\u00e9 sonre\u00eda. &#8211; \u00abPorque entiendo el significado de los pl\u00e1tanos\u00bb, fue su respuesta. Dicho esto, abri\u00f3 la bolsa que &#8230; <a title=\"El tiempo y los pl\u00e1tanos\" class=\"read-more\" href=\"https:\/\/quechilero.com\/blog\/2010\/01\/03\/el-tiempo-y-los-platanos\/\" aria-label=\"Leer m\u00e1s sobre El tiempo y los pl\u00e1tanos\">Leer m\u00e1s<\/a><\/p>\n","protected":false},"author":1,"featured_media":0,"comment_status":"open","ping_status":"open","sticky":false,"template":"","format":"standard","meta":{"advanced_seo_description":"","jetpack_seo_html_title":"","jetpack_seo_noindex":false,"jetpack_seo_schema_type":"","episode_type":"","audio_file":"","podmotor_file_id":"","podmotor_episode_id":"","cover_image":"","cover_image_id":"","duration":"","filesize":"","filesize_raw":"","date_recorded":"","explicit":"","block":"","_jetpack_newsletter_access":"","_jetpack_dont_email_post_to_subs":false,"_jetpack_newsletter_tier_id":0,"_jetpack_memberships_contains_paywalled_content":false,"_jetpack_feature_clip_id":0,"_jetpack_memberships_contains_paid_content":false,"footnotes":"","jetpack_publicize_message":"","jetpack_publicize_feature_enabled":true,"jetpack_social_post_already_shared":false,"jetpack_social_options":{"image_generator_settings":{"template":"highway","default_image_id":0,"font":"","enabled":false},"version":2},"jetpack_post_was_ever_published":false},"categories":[2],"tags":[18,22,5,24],"series":[],"class_list":["post-4116","post","type-post","status-publish","format-standard","hentry","category-limones","tag-hombre","tag-respuesta","tag-tiempo","tag-vida"],"episode_featured_image":false,"episode_player_image":"https:\/\/i0.wp.com\/quechilero.com\/blog\/imagenes\/podcast.png?fit=1831%2C1831&ssl=1","download_link":"","player_link":"","audio_player":false,"episode_data":{"playerMode":"dark","subscribeUrls":{"amazon":{"key":"amazon","url":"","label":"Amazon","class":"amazon","icon":"amazon.png"},"apple_podcasts":{"key":"apple_podcasts","url":"","label":"Apple Podcasts","class":"apple_podcasts","icon":"apple-podcasts.png"},"castbox":{"key":"castbox","url":"","label":"CastBox","class":"castbox","icon":"castbox.png"},"deezer":{"key":"deezer","url":"","label":"Deezer","class":"deezer","icon":"deezer.png"},"google_podcasts":{"key":"google_podcasts","url":"","label":"Google Podcasts","class":"google_podcasts","icon":"google-podcasts.png"},"listen_notes":{"key":"listen_notes","url":"","label":"Listen Notes","class":"listen_notes","icon":"listen-notes.png"},"pandora":{"key":"pandora","url":"","label":"Pandora","class":"pandora","icon":"pandora.png"},"podbean":{"key":"podbean","url":"","label":"Podbean","class":"podbean","icon":"podbean.png"},"podcast_republic":{"key":"podcast_republic","url":"","label":"Podcast Republic","class":"podcast_republic","icon":"podcast-republic.png"},"rss":{"key":"rss","url":"","label":"RSS","class":"rss","icon":"rss.png"},"spotify":{"key":"spotify","url":"","label":"Spotify","class":"spotify","icon":"spotify.png"},"stitcher":{"key":"stitcher","url":"","label":"Stitcher","class":"stitcher","icon":"stitcher.png"},"tunein":{"key":"tunein","url":"","label":"TuneIn","class":"tunein","icon":"tunein.png"},"youtube":{"key":"youtube","url":"","label":"YouTube","class":"youtube","icon":"youtube.png"},"iheartradio":{"key":"iheartradio","url":"","label":"iHeartRadio","class":"iheartradio","icon":"iheartradio.png"},"ivoox":{"key":"ivoox","url":"","label":"iVoox","class":"ivoox","icon":"ivoox.png"}},"rssFeedUrl":"https:\/\/quechilero.com\/blog\/feed\/podcast\/si-la-vida-nos-da-limones","embedCode":"<blockquote class=\"wp-embedded-content\" data-secret=\"lqQyEfTvc4\"><a href=\"https:\/\/quechilero.com\/blog\/2010\/01\/03\/el-tiempo-y-los-platanos\/\">El tiempo y los pl\u00e1tanos<\/a><\/blockquote><iframe sandbox=\"allow-scripts\" security=\"restricted\" src=\"https:\/\/quechilero.com\/blog\/2010\/01\/03\/el-tiempo-y-los-platanos\/embed\/#?secret=lqQyEfTvc4\" width=\"500\" height=\"350\" title=\"\u00abEl tiempo y los pl\u00e1tanos\u00bb \u2014 Si la Vida nos da Limones...\" data-secret=\"lqQyEfTvc4\" frameborder=\"0\" marginwidth=\"0\" marginheight=\"0\" scrolling=\"no\" class=\"wp-embedded-content\"><\/iframe><script>\n\/*! This file is auto-generated *\/\n!function(d,l){\"use strict\";l.querySelector&&d.addEventListener&&\"undefined\"!=typeof URL&&(d.wp=d.wp||{},d.wp.receiveEmbedMessage||(d.wp.receiveEmbedMessage=function(e){var t=e.data;if((t||t.secret||t.message||t.value)&&!\/[^a-zA-Z0-9]\/.test(t.secret)){for(var s,r,n,a=l.querySelectorAll('iframe[data-secret=\"'+t.secret+'\"]'),o=l.querySelectorAll('blockquote[data-secret=\"'+t.secret+'\"]'),c=new RegExp(\"^https?:$\",\"i\"),i=0;i<o.length;i++)o[i].style.display=\"none\";for(i=0;i<a.length;i++)s=a[i],e.source===s.contentWindow&&(s.removeAttribute(\"style\"),\"height\"===t.message?(1e3<(r=parseInt(t.value,10))?r=1e3:~~r<200&&(r=200),s.height=r):\"link\"===t.message&&(r=new URL(s.getAttribute(\"src\")),n=new URL(t.value),c.test(n.protocol))&&n.host===r.host&&l.activeElement===s&&(d.top.location.href=t.value))}},d.addEventListener(\"message\",d.wp.receiveEmbedMessage,!1),l.addEventListener(\"DOMContentLoaded\",function(){for(var e,t,s=l.querySelectorAll(\"iframe.wp-embedded-content\"),r=0;r<s.length;r++)(t=(e=s[r]).getAttribute(\"data-secret\"))||(t=Math.random().toString(36).substring(2,12),e.src+=\"#?secret=\"+t,e.setAttribute(\"data-secret\",t)),e.contentWindow.postMessage({message:\"ready\",secret:t},\"*\")},!1)))}(window,document);\n\/\/# sourceURL=https:\/\/quechilero.com\/blog\/wp-includes\/js\/wp-embed.min.js\n<\/script>\n"},"jetpack_publicize_connections":[],"jetpack_shortlink":"https:\/\/wp.me\/pDKli-14o","jetpack_sharing_enabled":true,"jetpack-related-posts":[{"id":5603,"url":"https:\/\/quechilero.com\/blog\/2010\/09\/12\/el-platano-talado\/","url_meta":{"origin":4116,"position":0},"title":"El pl\u00e1tano talado","author":"Pepe Barrascout Ortiz","date":"12 septiembre 2010","format":false,"excerpt":"Un hombre ten\u00eda un pl\u00e1tano seco. - El conservar un pl\u00e1tano seco trae mala suerte -dijo su vecino. Pero cuando el due\u00f1o del \u00e1rbol lo hubo talado, el vecino le pidi\u00f3 un poco de le\u00f1a para el fuego. - El viejo s\u00f3lo quer\u00eda le\u00f1a -pens\u00f3 el hombre enfadado-. Por eso\u2026","rel":"","context":"En \u00abLimones\u00bb","block_context":{"text":"Limones","link":"https:\/\/quechilero.com\/blog\/category\/limones\/"},"img":{"alt_text":"","src":"","width":0,"height":0},"classes":[]},{"id":13017,"url":"https:\/\/quechilero.com\/blog\/2012\/04\/10\/un-hombre-de-negocios\/","url_meta":{"origin":4116,"position":1},"title":"Un Hombre de Negocios","author":"Pepe Barrascout Ortiz","date":"10 abril 2012","format":false,"excerpt":"Un hombre de negocios estaba en el embarcadero de un pueblecito costero\u00a0cuando lleg\u00f3 una barca con un solo tripulante y varios soberbios atunes. El hombre de negocios felicit\u00f3 al pescador por la calidad del pescado y le pregunt\u00f3 cu\u00e1nto tiempo hab\u00eda tardado en pescarlo. El pescador replic\u00f3:\u00a0- Oh, s\u00f3lo un\u2026","rel":"","context":"En \u00abLimones\u00bb","block_context":{"text":"Limones","link":"https:\/\/quechilero.com\/blog\/category\/limones\/"},"img":{"alt_text":"","src":"","width":0,"height":0},"classes":[]},{"id":16366,"url":"https:\/\/quechilero.com\/blog\/2013\/04\/24\/el-tema-que-vale-la-pena\/","url_meta":{"origin":4116,"position":2},"title":"El tema que vale la pena","author":"Pepe Barrascout Ortiz","date":"24 abril 2013","format":false,"excerpt":"Los debates giran en torno a cientos de temas. Discutimos sobre el clima y sobre la familia, sobre la bolsa y sobre los impuestos, sobre las promesas de los pol\u00edticos y sobre la mejor manera de ahorrar. Pero a veces dejamos de lado un tema que deber\u00eda ocupar un lugar\u2026","rel":"","context":"En \u00abLimones\u00bb","block_context":{"text":"Limones","link":"https:\/\/quechilero.com\/blog\/category\/limones\/"},"img":{"alt_text":"","src":"","width":0,"height":0},"classes":[]},{"id":174,"url":"https:\/\/quechilero.com\/blog\/2006\/08\/22\/de-perros\/","url_meta":{"origin":4116,"position":3},"title":"De perros","author":"Pepe Barrascout Ortiz","date":"22 agosto 2006","format":false,"excerpt":"Un carnicero estaba trabajando muy ocupado, cuando ve entrar a su local un perro al que echa de la tienda, poco despu\u00e9s el perro entra nuevamente y esta vez el carnicero se da cuenta que el perro trae una nota en el hocico que dice: \u00bfPodr\u00eda darme una pierna de\u2026","rel":"","context":"En \u00abLimones\u00bb","block_context":{"text":"Limones","link":"https:\/\/quechilero.com\/blog\/category\/limones\/"},"img":{"alt_text":"","src":"","width":0,"height":0},"classes":[]},{"id":980,"url":"https:\/\/quechilero.com\/blog\/2008\/06\/01\/nunca-es-demasiado-tarde\/","url_meta":{"origin":4116,"position":4},"title":"Nunca es demasiado tarde","author":"Pepe Barrascout Ortiz","date":"1 junio 2008","format":false,"excerpt":"Di\u00f3genes Laercio, en su libro vidas y opiniones de fil\u00f3sofos eminentes, relata una historia sobre Lacydes, el pensador de la antig\u00fcedad. Seg\u00fan la historia, comenz\u00f3 de muy avanzada edad a estudiar geometr\u00eda. Alguien le pregunt\u00f3: \"\u00bfEs entonces ahora oportuno que aprenda usted?\" \"Si no lo es hoy\", contest\u00f3 el fil\u00f3sofo,\u2026","rel":"","context":"En \u00abLimones\u00bb","block_context":{"text":"Limones","link":"https:\/\/quechilero.com\/blog\/category\/limones\/"},"img":{"alt_text":"","src":"","width":0,"height":0},"classes":[]},{"id":14065,"url":"https:\/\/quechilero.com\/blog\/2012\/07\/29\/arco-iris\/","url_meta":{"origin":4116,"position":5},"title":"Arco iris","author":"Pepe Barrascout Ortiz","date":"29 julio 2012","format":false,"excerpt":"Cuando Fernando de Lesseps oy\u00f3 que Mohamed Said, su amigo de la infancia, hab\u00eda sido nombrado virrey de Egipto, no perdi\u00f3 tiempo en dirigirse al Cairo. Ambos hombres estaban de buen humor cuando se encontraron en las afueras de Alejandr\u00eda, el 13 de noviembre de 1854. De Lesseps hab\u00eda venido\u2026","rel":"","context":"En \u00abLimones\u00bb","block_context":{"text":"Limones","link":"https:\/\/quechilero.com\/blog\/category\/limones\/"},"img":{"alt_text":"","src":"","width":0,"height":0},"classes":[]}],"jetpack_featured_media_url":"","_links":{"self":[{"href":"https:\/\/quechilero.com\/blog\/wp-json\/wp\/v2\/posts\/4116","targetHints":{"allow":["GET"]}}],"collection":[{"href":"https:\/\/quechilero.com\/blog\/wp-json\/wp\/v2\/posts"}],"about":[{"href":"https:\/\/quechilero.com\/blog\/wp-json\/wp\/v2\/types\/post"}],"author":[{"embeddable":true,"href":"https:\/\/quechilero.com\/blog\/wp-json\/wp\/v2\/users\/1"}],"replies":[{"embeddable":true,"href":"https:\/\/quechilero.com\/blog\/wp-json\/wp\/v2\/comments?post=4116"}],"version-history":[{"count":0,"href":"https:\/\/quechilero.com\/blog\/wp-json\/wp\/v2\/posts\/4116\/revisions"}],"wp:attachment":[{"href":"https:\/\/quechilero.com\/blog\/wp-json\/wp\/v2\/media?parent=4116"}],"wp:term":[{"taxonomy":"category","embeddable":true,"href":"https:\/\/quechilero.com\/blog\/wp-json\/wp\/v2\/categories?post=4116"},{"taxonomy":"post_tag","embeddable":true,"href":"https:\/\/quechilero.com\/blog\/wp-json\/wp\/v2\/tags?post=4116"},{"taxonomy":"series","embeddable":true,"href":"https:\/\/quechilero.com\/blog\/wp-json\/wp\/v2\/series?post=4116"}],"curies":[{"name":"wp","href":"https:\/\/api.w.org\/{rel}","templated":true}]}}