{"id":4061,"date":"2009-12-25T08:00:20","date_gmt":"2009-12-25T14:00:20","guid":{"rendered":"http:\/\/quechilero.com\/blog\/?p=4061"},"modified":"2009-12-25T08:00:20","modified_gmt":"2009-12-25T14:00:20","slug":"la-olla-de-los-tamales","status":"publish","type":"post","link":"https:\/\/quechilero.com\/blog\/2009\/12\/25\/la-olla-de-los-tamales\/","title":{"rendered":"La olla de los tamales"},"content":{"rendered":"<p>Preparaci\u00f3n de los <em>tradicionales<\/em> <strong>Tamales Navide\u00f1os<\/strong> <em>guatemaltecos<\/em><\/p>\n<p><object classid=\"clsid:d27cdb6e-ae6d-11cf-96b8-444553540000\" width=\"550\" height=\"344\" codebase=\"http:\/\/download.macromedia.com\/pub\/shockwave\/cabs\/flash\/swflash.cab#version=6,0,40,0\"><param name=\"allowFullScreen\" value=\"true\" \/><param name=\"allowscriptaccess\" value=\"always\" \/><param name=\"src\" value=\"http:\/\/www.youtube.com\/v\/CP0L455jwfM&amp;hl=es&amp;fs=1\" \/><param name=\"allowfullscreen\" value=\"true\" \/><\/object><\/p>\n","protected":false},"excerpt":{"rendered":"<p>Preparaci\u00f3n de los tradicionales Tamales Navide\u00f1os guatemaltecos<\/p>\n","protected":false},"author":1,"featured_media":0,"comment_status":"open","ping_status":"open","sticky":false,"template":"","format":"standard","meta":{"advanced_seo_description":"","jetpack_seo_html_title":"","jetpack_seo_noindex":false,"jetpack_seo_schema_type":"","episode_type":"","audio_file":"","podmotor_file_id":"","podmotor_episode_id":"","cover_image":"","cover_image_id":"","duration":"","filesize":"","filesize_raw":"","date_recorded":"","explicit":"","block":"","_jetpack_newsletter_access":"","_jetpack_dont_email_post_to_subs":false,"_jetpack_newsletter_tier_id":0,"_jetpack_memberships_contains_paywalled_content":false,"_jetpack_feature_clip_id":0,"_jetpack_memberships_contains_paid_content":false,"footnotes":"","jetpack_publicize_message":"","jetpack_publicize_feature_enabled":true,"jetpack_social_post_already_shared":false,"jetpack_social_options":{"image_generator_settings":{"template":"highway","default_image_id":0,"font":"","enabled":false},"version":2},"jetpack_post_was_ever_published":false},"categories":[2],"tags":[53],"series":[],"class_list":["post-4061","post","type-post","status-publish","format-standard","hentry","category-limones","tag-youtube"],"episode_featured_image":false,"episode_player_image":"https:\/\/i0.wp.com\/quechilero.com\/blog\/imagenes\/podcast.png?fit=1831%2C1831&ssl=1","download_link":"","player_link":"","audio_player":false,"episode_data":{"playerMode":"dark","subscribeUrls":{"amazon":{"key":"amazon","url":"","label":"Amazon","class":"amazon","icon":"amazon.png"},"apple_podcasts":{"key":"apple_podcasts","url":"","label":"Apple Podcasts","class":"apple_podcasts","icon":"apple-podcasts.png"},"castbox":{"key":"castbox","url":"","label":"CastBox","class":"castbox","icon":"castbox.png"},"deezer":{"key":"deezer","url":"","label":"Deezer","class":"deezer","icon":"deezer.png"},"google_podcasts":{"key":"google_podcasts","url":"","label":"Google Podcasts","class":"google_podcasts","icon":"google-podcasts.png"},"listen_notes":{"key":"listen_notes","url":"","label":"Listen Notes","class":"listen_notes","icon":"listen-notes.png"},"pandora":{"key":"pandora","url":"","label":"Pandora","class":"pandora","icon":"pandora.png"},"podbean":{"key":"podbean","url":"","label":"Podbean","class":"podbean","icon":"podbean.png"},"podcast_republic":{"key":"podcast_republic","url":"","label":"Podcast Republic","class":"podcast_republic","icon":"podcast-republic.png"},"rss":{"key":"rss","url":"","label":"RSS","class":"rss","icon":"rss.png"},"spotify":{"key":"spotify","url":"","label":"Spotify","class":"spotify","icon":"spotify.png"},"stitcher":{"key":"stitcher","url":"","label":"Stitcher","class":"stitcher","icon":"stitcher.png"},"tunein":{"key":"tunein","url":"","label":"TuneIn","class":"tunein","icon":"tunein.png"},"youtube":{"key":"youtube","url":"","label":"YouTube","class":"youtube","icon":"youtube.png"},"iheartradio":{"key":"iheartradio","url":"","label":"iHeartRadio","class":"iheartradio","icon":"iheartradio.png"},"ivoox":{"key":"ivoox","url":"","label":"iVoox","class":"ivoox","icon":"ivoox.png"}},"rssFeedUrl":"https:\/\/quechilero.com\/blog\/feed\/podcast\/si-la-vida-nos-da-limones","embedCode":"<blockquote class=\"wp-embedded-content\" data-secret=\"cmcuYoxQ2B\"><a href=\"https:\/\/quechilero.com\/blog\/2009\/12\/25\/la-olla-de-los-tamales\/\">La olla de los tamales<\/a><\/blockquote><iframe sandbox=\"allow-scripts\" security=\"restricted\" src=\"https:\/\/quechilero.com\/blog\/2009\/12\/25\/la-olla-de-los-tamales\/embed\/#?secret=cmcuYoxQ2B\" width=\"500\" height=\"350\" title=\"\u00abLa olla de los tamales\u00bb \u2014 Si la Vida nos da Limones...\" data-secret=\"cmcuYoxQ2B\" frameborder=\"0\" marginwidth=\"0\" marginheight=\"0\" scrolling=\"no\" class=\"wp-embedded-content\"><\/iframe><script>\n\/*! This file is auto-generated *\/\n!function(d,l){\"use strict\";l.querySelector&&d.addEventListener&&\"undefined\"!=typeof URL&&(d.wp=d.wp||{},d.wp.receiveEmbedMessage||(d.wp.receiveEmbedMessage=function(e){var t=e.data;if((t||t.secret||t.message||t.value)&&!\/[^a-zA-Z0-9]\/.test(t.secret)){for(var s,r,n,a=l.querySelectorAll('iframe[data-secret=\"'+t.secret+'\"]'),o=l.querySelectorAll('blockquote[data-secret=\"'+t.secret+'\"]'),c=new RegExp(\"^https?:$\",\"i\"),i=0;i<o.length;i++)o[i].style.display=\"none\";for(i=0;i<a.length;i++)s=a[i],e.source===s.contentWindow&&(s.removeAttribute(\"style\"),\"height\"===t.message?(1e3<(r=parseInt(t.value,10))?r=1e3:~~r<200&&(r=200),s.height=r):\"link\"===t.message&&(r=new URL(s.getAttribute(\"src\")),n=new URL(t.value),c.test(n.protocol))&&n.host===r.host&&l.activeElement===s&&(d.top.location.href=t.value))}},d.addEventListener(\"message\",d.wp.receiveEmbedMessage,!1),l.addEventListener(\"DOMContentLoaded\",function(){for(var e,t,s=l.querySelectorAll(\"iframe.wp-embedded-content\"),r=0;r<s.length;r++)(t=(e=s[r]).getAttribute(\"data-secret\"))||(t=Math.random().toString(36).substring(2,12),e.src+=\"#?secret=\"+t,e.setAttribute(\"data-secret\",t)),e.contentWindow.postMessage({message:\"ready\",secret:t},\"*\")},!1)))}(window,document);\n\/\/# sourceURL=https:\/\/quechilero.com\/blog\/wp-includes\/js\/wp-embed.min.js\n<\/script>\n"},"jetpack_publicize_connections":[],"jetpack_shortlink":"https:\/\/wp.me\/pDKli-13v","jetpack_sharing_enabled":true,"jetpack-related-posts":[{"id":17385,"url":"https:\/\/quechilero.com\/blog\/2013\/11\/02\/el-fiambre\/","url_meta":{"origin":4061,"position":0},"title":"El Fiambre","author":"Pepe Barrascout Ortiz","date":"2 noviembre 2013","format":false,"excerpt":"https:\/\/youtu.be\/v=38ewn_c-wTI Una de las tradiciones guatemaltecas que mas disfruto, es la del\u00a0fiambre, elaborado con un sin fin de embutidos fr\u00edos y verduras cocidas, este platillo es una de las obras maestras de la gastronom\u00eda en Guatemala. Cuando el\u00a0fiambre es elaborado en la casa, se empieza a disfrutar desde varias semanas\u2026","rel":"","context":"En \u00abLimones\u00bb","block_context":{"text":"Limones","link":"https:\/\/quechilero.com\/blog\/category\/limones\/"},"img":{"alt_text":"","src":"https:\/\/i0.wp.com\/img.youtube.com\/vi\/v38ewn_c-wTI\/0.jpg?resize=350%2C200","width":350,"height":200},"classes":[]},{"id":793,"url":"https:\/\/quechilero.com\/blog\/2007\/11\/20\/el-gran-ausente\/","url_meta":{"origin":4061,"position":1},"title":"El Gran Ausente","author":"Pepe Barrascout Ortiz","date":"20 noviembre 2007","format":false,"excerpt":"Escrito por: Byron Valdiz\u00f3n C. En el baile de La Conquista de Guatemala de este a\u00f1o tendremos un gran ausente, la figura y personalidad de don Mario Abigail Valdiz\u00f3n Ayala, quien por m\u00e1s de 50 a\u00f1os (53 para ser exactos) organiz\u00f3 y dirigi\u00f3 esta tradicional pieza del arte folkl\u00f3rico, de\u2026","rel":"","context":"En \u00abLimones\u00bb","block_context":{"text":"Limones","link":"https:\/\/quechilero.com\/blog\/category\/limones\/"},"img":{"alt_text":"","src":"","width":0,"height":0},"classes":[]},{"id":1198,"url":"https:\/\/quechilero.com\/blog\/2008\/12\/01\/pescador-de-hombres\/","url_meta":{"origin":4061,"position":2},"title":"Pescador de Hombres","author":"Pepe Barrascout Ortiz","date":"1 diciembre 2008","format":false,"excerpt":"Para empezar la \u00e9poca Navide\u00f1a, reflexionando sobre nuestra vida, lo que hacemos por nosotros mismos y lo que hacemos por los dem\u00e1s. Es un video de una versi\u00f3n en Rock de la popular canci\u00f3n \"Pescador de Hombres\", dedicada a S.S. Juan Pablo II. Esta versi\u00f3n es la del Padre Jony,\u2026","rel":"","context":"En \u00abLimones\u00bb","block_context":{"text":"Limones","link":"https:\/\/quechilero.com\/blog\/category\/limones\/"},"img":{"alt_text":"","src":"","width":0,"height":0},"classes":[]},{"id":658,"url":"https:\/\/quechilero.com\/blog\/2007\/08\/19\/maraton-de-blogs-identidad-del-guatemalteco\/","url_meta":{"origin":4061,"position":3},"title":"Marat\u00f3n de Blogs &#8211; Identidad del Guatemalteco","author":"Pepe Barrascout Ortiz","date":"19 agosto 2007","format":false,"excerpt":"Seguimos el Marat\u00f3n de Blogs, con este texto publicado originalmente en el Blog de Jorge Stuff, el art\u00edculo presenta un video en el cual varias personas dan datos que nos acercan a los diversos rasgos de una identidad guatemalteca. \u00bfCon cual te identificas?, \u00bfComo te consideras?, \u00bfHay mas ventajas o\u2026","rel":"","context":"En \u00abLimones\u00bb","block_context":{"text":"Limones","link":"https:\/\/quechilero.com\/blog\/category\/limones\/"},"img":{"alt_text":"","src":"","width":0,"height":0},"classes":[]},{"id":1670,"url":"https:\/\/quechilero.com\/blog\/2008\/09\/15\/libre-al-viento-tu-hermosa-bandera\/","url_meta":{"origin":4061,"position":4},"title":"Libre al viento, tu hermosa bandera","author":"Pepe Barrascout Ortiz","date":"15 septiembre 2008","format":false,"excerpt":"Para reflexionar un poco en este d\u00eda, sobre nuestro trabajo en la sociedad, para con nuestros semejantes y para con el mundo. Si trabajamos todos juntos, se puede lograr mas que si cada quien lo hace separado, si ayudamos a los dem\u00e1s, ganamos mas, que si no lo hacemos, construyamos\u2026","rel":"","context":"En \u00abLimones\u00bb","block_context":{"text":"Limones","link":"https:\/\/quechilero.com\/blog\/category\/limones\/"},"img":{"alt_text":"","src":"https:\/\/i0.wp.com\/img357.imageshack.us\/img357\/3079\/bandera11vg8.png?resize=350%2C200","width":350,"height":200},"classes":[]},{"id":6501,"url":"https:\/\/quechilero.com\/blog\/2010\/12\/08\/estampas-navidenas-barcelona\/","url_meta":{"origin":4061,"position":5},"title":"Estampas Navide\u00f1as: Barcelona","author":"Pepe Barrascout Ortiz","date":"8 diciembre 2010","format":false,"excerpt":"Primavera, Navidad, Primavera!\u00a0Mojado y feliz es el 25 de\u00a0De diciembre en el sur de Europa.\u00a0En este d\u00eda, los catalanes tienen en el muelle de su capital Barcelona, la tradicional nataci\u00f3n de Navidad. Imagen: \u00a9 Toni Albir\/EPA","rel":"","context":"En \u00abLimones por mano\u00bb","block_context":{"text":"Limones por mano","link":"https:\/\/quechilero.com\/blog\/category\/limones-por-mano\/"},"img":{"alt_text":"","src":"","width":0,"height":0},"classes":[]}],"jetpack_featured_media_url":"","_links":{"self":[{"href":"https:\/\/quechilero.com\/blog\/wp-json\/wp\/v2\/posts\/4061","targetHints":{"allow":["GET"]}}],"collection":[{"href":"https:\/\/quechilero.com\/blog\/wp-json\/wp\/v2\/posts"}],"about":[{"href":"https:\/\/quechilero.com\/blog\/wp-json\/wp\/v2\/types\/post"}],"author":[{"embeddable":true,"href":"https:\/\/quechilero.com\/blog\/wp-json\/wp\/v2\/users\/1"}],"replies":[{"embeddable":true,"href":"https:\/\/quechilero.com\/blog\/wp-json\/wp\/v2\/comments?post=4061"}],"version-history":[{"count":0,"href":"https:\/\/quechilero.com\/blog\/wp-json\/wp\/v2\/posts\/4061\/revisions"}],"wp:attachment":[{"href":"https:\/\/quechilero.com\/blog\/wp-json\/wp\/v2\/media?parent=4061"}],"wp:term":[{"taxonomy":"category","embeddable":true,"href":"https:\/\/quechilero.com\/blog\/wp-json\/wp\/v2\/categories?post=4061"},{"taxonomy":"post_tag","embeddable":true,"href":"https:\/\/quechilero.com\/blog\/wp-json\/wp\/v2\/tags?post=4061"},{"taxonomy":"series","embeddable":true,"href":"https:\/\/quechilero.com\/blog\/wp-json\/wp\/v2\/series?post=4061"}],"curies":[{"name":"wp","href":"https:\/\/api.w.org\/{rel}","templated":true}]}}