{"id":405,"date":"2007-01-17T11:45:02","date_gmt":"2007-01-17T17:45:02","guid":{"rendered":"http:\/\/quechilero.com\/blog\/2007\/01\/17\/policia-sin-miedo\/"},"modified":"2007-01-17T11:45:02","modified_gmt":"2007-01-17T17:45:02","slug":"policia-sin-miedo","status":"publish","type":"post","link":"https:\/\/quechilero.com\/blog\/2007\/01\/17\/policia-sin-miedo\/","title":{"rendered":"Polic\u00eda sin miedo"},"content":{"rendered":"<p>Esta es la polic\u00eda que todos quisi\u00e9ramos tener, eficiente, r\u00e1pida, efectiva, sin miedo y que sobre todo atrape a los malos.<\/p>\n<p><span class=\"embed-youtube\" style=\"text-align:center; display: block;\"><iframe loading=\"lazy\" class=\"youtube-player\" width=\"1200\" height=\"675\" src=\"https:\/\/www.youtube.com\/embed\/Ypkjze_hZds?version=3&#038;rel=1&#038;showsearch=0&#038;showinfo=1&#038;iv_load_policy=1&#038;fs=1&#038;hl=es-ES&#038;autohide=2&#038;wmode=transparent\" allowfullscreen=\"true\" style=\"border:0;\" sandbox=\"allow-scripts allow-same-origin allow-popups allow-presentation allow-popups-to-escape-sandbox\"><\/iframe><\/span><\/p>\n","protected":false},"excerpt":{"rendered":"<p>Esta es la polic\u00eda que todos quisi\u00e9ramos tener, eficiente, r\u00e1pida, efectiva, sin miedo y que sobre todo atrape a los malos.<\/p>\n","protected":false},"author":1,"featured_media":0,"comment_status":"open","ping_status":"open","sticky":false,"template":"","format":"standard","meta":{"advanced_seo_description":"","jetpack_seo_html_title":"","jetpack_seo_noindex":false,"jetpack_seo_schema_type":"","episode_type":"","audio_file":"","podmotor_file_id":"","podmotor_episode_id":"","cover_image":"","cover_image_id":"","duration":"","filesize":"","filesize_raw":"","date_recorded":"","explicit":"","block":"","_jetpack_newsletter_access":"","_jetpack_dont_email_post_to_subs":false,"_jetpack_newsletter_tier_id":0,"_jetpack_memberships_contains_paywalled_content":false,"_jetpack_feature_clip_id":0,"_jetpack_memberships_contains_paid_content":false,"footnotes":"","jetpack_publicize_message":"","jetpack_publicize_feature_enabled":true,"jetpack_social_post_already_shared":false,"jetpack_social_options":{"image_generator_settings":{"template":"highway","default_image_id":0,"font":"","enabled":false},"version":2},"jetpack_post_was_ever_published":false},"categories":[2],"tags":[53],"series":[],"class_list":["post-405","post","type-post","status-publish","format-standard","hentry","category-limones","tag-youtube"],"episode_featured_image":false,"episode_player_image":"https:\/\/i0.wp.com\/quechilero.com\/blog\/imagenes\/podcast.png?fit=1831%2C1831&ssl=1","download_link":"","player_link":"","audio_player":false,"episode_data":{"playerMode":"dark","subscribeUrls":{"amazon":{"key":"amazon","url":"","label":"Amazon","class":"amazon","icon":"amazon.png"},"apple_podcasts":{"key":"apple_podcasts","url":"","label":"Apple Podcasts","class":"apple_podcasts","icon":"apple-podcasts.png"},"castbox":{"key":"castbox","url":"","label":"CastBox","class":"castbox","icon":"castbox.png"},"deezer":{"key":"deezer","url":"","label":"Deezer","class":"deezer","icon":"deezer.png"},"google_podcasts":{"key":"google_podcasts","url":"","label":"Google Podcasts","class":"google_podcasts","icon":"google-podcasts.png"},"listen_notes":{"key":"listen_notes","url":"","label":"Listen Notes","class":"listen_notes","icon":"listen-notes.png"},"pandora":{"key":"pandora","url":"","label":"Pandora","class":"pandora","icon":"pandora.png"},"podbean":{"key":"podbean","url":"","label":"Podbean","class":"podbean","icon":"podbean.png"},"podcast_republic":{"key":"podcast_republic","url":"","label":"Podcast Republic","class":"podcast_republic","icon":"podcast-republic.png"},"rss":{"key":"rss","url":"","label":"RSS","class":"rss","icon":"rss.png"},"spotify":{"key":"spotify","url":"","label":"Spotify","class":"spotify","icon":"spotify.png"},"stitcher":{"key":"stitcher","url":"","label":"Stitcher","class":"stitcher","icon":"stitcher.png"},"tunein":{"key":"tunein","url":"","label":"TuneIn","class":"tunein","icon":"tunein.png"},"youtube":{"key":"youtube","url":"","label":"YouTube","class":"youtube","icon":"youtube.png"},"iheartradio":{"key":"iheartradio","url":"","label":"iHeartRadio","class":"iheartradio","icon":"iheartradio.png"},"ivoox":{"key":"ivoox","url":"","label":"iVoox","class":"ivoox","icon":"ivoox.png"}},"rssFeedUrl":"https:\/\/quechilero.com\/blog\/feed\/podcast\/si-la-vida-nos-da-limones","embedCode":"<blockquote class=\"wp-embedded-content\" data-secret=\"ESSWUXU3vf\"><a href=\"https:\/\/quechilero.com\/blog\/2007\/01\/17\/policia-sin-miedo\/\">Polic\u00eda sin miedo<\/a><\/blockquote><iframe sandbox=\"allow-scripts\" security=\"restricted\" src=\"https:\/\/quechilero.com\/blog\/2007\/01\/17\/policia-sin-miedo\/embed\/#?secret=ESSWUXU3vf\" width=\"500\" height=\"350\" title=\"\u00abPolic\u00eda sin miedo\u00bb \u2014 Si la Vida nos da Limones...\" data-secret=\"ESSWUXU3vf\" frameborder=\"0\" marginwidth=\"0\" marginheight=\"0\" scrolling=\"no\" class=\"wp-embedded-content\"><\/iframe><script>\n\/*! This file is auto-generated *\/\n!function(d,l){\"use strict\";l.querySelector&&d.addEventListener&&\"undefined\"!=typeof URL&&(d.wp=d.wp||{},d.wp.receiveEmbedMessage||(d.wp.receiveEmbedMessage=function(e){var t=e.data;if((t||t.secret||t.message||t.value)&&!\/[^a-zA-Z0-9]\/.test(t.secret)){for(var s,r,n,a=l.querySelectorAll('iframe[data-secret=\"'+t.secret+'\"]'),o=l.querySelectorAll('blockquote[data-secret=\"'+t.secret+'\"]'),c=new RegExp(\"^https?:$\",\"i\"),i=0;i<o.length;i++)o[i].style.display=\"none\";for(i=0;i<a.length;i++)s=a[i],e.source===s.contentWindow&&(s.removeAttribute(\"style\"),\"height\"===t.message?(1e3<(r=parseInt(t.value,10))?r=1e3:~~r<200&&(r=200),s.height=r):\"link\"===t.message&&(r=new URL(s.getAttribute(\"src\")),n=new URL(t.value),c.test(n.protocol))&&n.host===r.host&&l.activeElement===s&&(d.top.location.href=t.value))}},d.addEventListener(\"message\",d.wp.receiveEmbedMessage,!1),l.addEventListener(\"DOMContentLoaded\",function(){for(var e,t,s=l.querySelectorAll(\"iframe.wp-embedded-content\"),r=0;r<s.length;r++)(t=(e=s[r]).getAttribute(\"data-secret\"))||(t=Math.random().toString(36).substring(2,12),e.src+=\"#?secret=\"+t,e.setAttribute(\"data-secret\",t)),e.contentWindow.postMessage({message:\"ready\",secret:t},\"*\")},!1)))}(window,document);\n\/\/# sourceURL=https:\/\/quechilero.com\/blog\/wp-includes\/js\/wp-embed.min.js\n<\/script>\n"},"jetpack_publicize_connections":[],"jetpack_shortlink":"https:\/\/wp.me\/pDKli-6x","jetpack_sharing_enabled":true,"jetpack-related-posts":[{"id":21184,"url":"https:\/\/quechilero.com\/blog\/2015\/05\/30\/el-miedo-puede-ser-contagioso\/","url_meta":{"origin":405,"position":0},"title":"El miedo puede ser contagioso","author":"Pepe Barrascout Ortiz","date":"30 mayo 2015","format":false,"excerpt":"Un hombre en un pueblo del medio oeste comenz\u00f3 a correr por la calle, gritando \"La presa se ha roto\". Los hombres en la peluquer\u00eda le escucharon y al instante se unieron en el p\u00e1nico, corriendo a la calle gritando \"La presa se ha roto\". Las mujeres que andaban de\u2026","rel":"","context":"En \u00abLimones\u00bb","block_context":{"text":"Limones","link":"https:\/\/quechilero.com\/blog\/category\/limones\/"},"img":{"alt_text":"","src":"","width":0,"height":0},"classes":[]},{"id":71,"url":"https:\/\/quechilero.com\/blog\/2006\/07\/27\/emetra\/","url_meta":{"origin":405,"position":1},"title":"Emetra &#8211; PMT","author":"Pepe Barrascout Ortiz","date":"27 julio 2006","format":false,"excerpt":"A todos en alguna oportunidad, para bien o para mal, nos ha tocado hablar con alg\u00fan integrante de la Polic\u00eda Municipal de Tr\u00e1nsito de la capital. Algunos talvez a las 3 de la ma\u00f1ana despu\u00e9s de una parranda y han sido multados por exceso de velocidad, por manejar en estado\u2026","rel":"","context":"En \u00abLimones\u00bb","block_context":{"text":"Limones","link":"https:\/\/quechilero.com\/blog\/category\/limones\/"},"img":{"alt_text":"","src":"","width":0,"height":0},"classes":[]},{"id":16586,"url":"https:\/\/quechilero.com\/blog\/2013\/04\/16\/videoblog-patrullas-de-la-policia-destruidas-episodio-006\/","url_meta":{"origin":405,"position":2},"title":"VideoBlog: Patrullas de la polic\u00eda destruidas. Episodio 006","author":"Pepe Barrascout Ortiz","date":"16 abril 2013","format":false,"excerpt":"https:\/\/youtu.be\/TwrLvos8aIU VideoBlog:\u00a0Patrullas de la polic\u00eda\u00a0destruidas En la estaci\u00f3n de la Polic\u00eda Nacional Civil, que se encuentra en Siquinal\u00e1, se observan cuatro patrullas destruidas que est\u00e1n a punto de caerse en pedazos, en la\u00a0intemperie, bajo el sol, la lluvia y dem\u00e1s inclemencias del clima. Llevan mucho tiempo abandonadas y no se\u2026","rel":"","context":"En \u00abVideoBlog\u00bb","block_context":{"text":"VideoBlog","link":"https:\/\/quechilero.com\/blog\/category\/videoblog\/"},"img":{"alt_text":"","src":"https:\/\/i0.wp.com\/img.youtube.com\/vi\/TwrLvos8aIU\/0.jpg?resize=350%2C200","width":350,"height":200},"classes":[]},{"id":16359,"url":"https:\/\/quechilero.com\/blog\/2013\/03\/30\/del-miedo-y-el-deseo\/","url_meta":{"origin":405,"position":3},"title":"Del miedo y el deseo","author":"Pepe Barrascout Ortiz","date":"30 marzo 2013","format":false,"excerpt":"Ana Sharp, autora de \"La Magia del Camino Real\", la responsable de acompa\u00f1ar a Shirley MacLaine por el Camino de Santiago, me dijo cierta noche: \"El miedo es un deseo oculto. Inconscientemente, pasamos la vida intentando probar que nuestros padres estaban acertados, porque ellos nos dieron la cosa m\u00e1s importante:\u2026","rel":"","context":"En \u00abLimones\u00bb","block_context":{"text":"Limones","link":"https:\/\/quechilero.com\/blog\/category\/limones\/"},"img":{"alt_text":"","src":"","width":0,"height":0},"classes":[]},{"id":15096,"url":"https:\/\/quechilero.com\/blog\/2012\/11\/10\/nuestro-miedo\/","url_meta":{"origin":405,"position":4},"title":"Nuestro miedo","author":"Pepe Barrascout Ortiz","date":"10 noviembre 2012","format":false,"excerpt":"Nuestro miedo m\u00e1s hondo no es ser ineptos. Nuestro miedo m\u00e1s hondo es ser poderosos sin medida. No es la oscuridad, sino la luz lo que m\u00e1s nos asusta. Nos preguntamos, \u00bfqui\u00e9n soy yo para ser brillante, encantador, talentoso, fant\u00e1stico? Por el contrario, \u00bfqui\u00e9n eres t\u00fa para no serlo? Eres\u2026","rel":"","context":"En \u00abLimones\u00bb","block_context":{"text":"Limones","link":"https:\/\/quechilero.com\/blog\/category\/limones\/"},"img":{"alt_text":"","src":"","width":0,"height":0},"classes":[]},{"id":16804,"url":"https:\/\/quechilero.com\/blog\/2013\/07\/04\/te-olvidaste-de-mirar-a-lo-alto\/","url_meta":{"origin":405,"position":5},"title":"Te olvidaste de mirar a lo alto","author":"Pepe Barrascout Ortiz","date":"4 julio 2013","format":false,"excerpt":"Cuentan que un ladr\u00f3n que hab\u00eda despertado las sospechas de un polic\u00eda, entr\u00f3 de noche y cautelosamente en una oficina bancaria, dirigi\u00e9ndose hacia la caja fuerte para robarla. Con su linterna mir\u00f3 a derecha e izquierda, observ\u00f3 minuciosamente el suelo: no hab\u00eda nadie. Seguro de s\u00ed mismo, sac\u00f3 las herramientas\u2026","rel":"","context":"En \u00abLimones\u00bb","block_context":{"text":"Limones","link":"https:\/\/quechilero.com\/blog\/category\/limones\/"},"img":{"alt_text":"","src":"","width":0,"height":0},"classes":[]}],"jetpack_featured_media_url":"","_links":{"self":[{"href":"https:\/\/quechilero.com\/blog\/wp-json\/wp\/v2\/posts\/405","targetHints":{"allow":["GET"]}}],"collection":[{"href":"https:\/\/quechilero.com\/blog\/wp-json\/wp\/v2\/posts"}],"about":[{"href":"https:\/\/quechilero.com\/blog\/wp-json\/wp\/v2\/types\/post"}],"author":[{"embeddable":true,"href":"https:\/\/quechilero.com\/blog\/wp-json\/wp\/v2\/users\/1"}],"replies":[{"embeddable":true,"href":"https:\/\/quechilero.com\/blog\/wp-json\/wp\/v2\/comments?post=405"}],"version-history":[{"count":0,"href":"https:\/\/quechilero.com\/blog\/wp-json\/wp\/v2\/posts\/405\/revisions"}],"wp:attachment":[{"href":"https:\/\/quechilero.com\/blog\/wp-json\/wp\/v2\/media?parent=405"}],"wp:term":[{"taxonomy":"category","embeddable":true,"href":"https:\/\/quechilero.com\/blog\/wp-json\/wp\/v2\/categories?post=405"},{"taxonomy":"post_tag","embeddable":true,"href":"https:\/\/quechilero.com\/blog\/wp-json\/wp\/v2\/tags?post=405"},{"taxonomy":"series","embeddable":true,"href":"https:\/\/quechilero.com\/blog\/wp-json\/wp\/v2\/series?post=405"}],"curies":[{"name":"wp","href":"https:\/\/api.w.org\/{rel}","templated":true}]}}