{"id":401,"date":"2007-01-14T12:10:15","date_gmt":"2007-01-14T18:10:15","guid":{"rendered":"http:\/\/quechilero.com\/blog\/2007\/01\/14\/compras-de-enero\/"},"modified":"2007-01-14T12:10:15","modified_gmt":"2007-01-14T18:10:15","slug":"compras-de-enero","status":"publish","type":"post","link":"https:\/\/quechilero.com\/blog\/2007\/01\/14\/compras-de-enero\/","title":{"rendered":"Compras de Enero"},"content":{"rendered":"<p>Espero que a nadie le pase lo de esa imagen, porque con las fiestas de fin de a\u00f1o y el inicio del a\u00f1o escolar, las tarjetas quedan as\u00ed.<\/p>\n<p><a title=\"Photo Sharing\" target=\"_new\" href=\"http:\/\/www.flickr.com\/photos\/pepejaguar\/322363461\/\"><img data-recalc-dims=\"1\" loading=\"lazy\" decoding=\"async\" width=\"461\" height=\"325\" border=\"0\" alt=\"Tarjeta de Cr\u00e9dito\" src=\"https:\/\/i0.wp.com\/static.flickr.com\/139\/322363461_21454af52b.jpg?resize=461%2C325\" \/><\/a><\/p>\n","protected":false},"excerpt":{"rendered":"<p>Espero que a nadie le pase lo de esa imagen, porque con las fiestas de fin de a\u00f1o y el inicio del a\u00f1o escolar, las tarjetas quedan as\u00ed.<\/p>\n","protected":false},"author":1,"featured_media":0,"comment_status":"open","ping_status":"open","sticky":false,"template":"","format":"standard","meta":{"advanced_seo_description":"","jetpack_seo_html_title":"","jetpack_seo_noindex":false,"jetpack_seo_schema_type":"","episode_type":"","audio_file":"","podmotor_file_id":"","podmotor_episode_id":"","cover_image":"","cover_image_id":"","duration":"","filesize":"","filesize_raw":"","date_recorded":"","explicit":"","block":"","_jetpack_newsletter_access":"","_jetpack_dont_email_post_to_subs":false,"_jetpack_newsletter_tier_id":0,"_jetpack_memberships_contains_paywalled_content":false,"_jetpack_feature_clip_id":0,"_jetpack_memberships_contains_paid_content":false,"footnotes":"","jetpack_publicize_message":"","jetpack_publicize_feature_enabled":true,"jetpack_social_post_already_shared":false,"jetpack_social_options":{"image_generator_settings":{"template":"highway","default_image_id":0,"font":"","enabled":false},"version":2},"jetpack_post_was_ever_published":false},"categories":[2],"tags":[],"series":[],"class_list":["post-401","post","type-post","status-publish","format-standard","hentry","category-limones"],"episode_featured_image":false,"episode_player_image":"https:\/\/i0.wp.com\/quechilero.com\/blog\/imagenes\/podcast.png?fit=1831%2C1831&ssl=1","download_link":"","player_link":"","audio_player":false,"episode_data":{"playerMode":"dark","subscribeUrls":{"amazon":{"key":"amazon","url":"","label":"Amazon","class":"amazon","icon":"amazon.png"},"apple_podcasts":{"key":"apple_podcasts","url":"","label":"Apple Podcasts","class":"apple_podcasts","icon":"apple-podcasts.png"},"castbox":{"key":"castbox","url":"","label":"CastBox","class":"castbox","icon":"castbox.png"},"deezer":{"key":"deezer","url":"","label":"Deezer","class":"deezer","icon":"deezer.png"},"google_podcasts":{"key":"google_podcasts","url":"","label":"Google Podcasts","class":"google_podcasts","icon":"google-podcasts.png"},"listen_notes":{"key":"listen_notes","url":"","label":"Listen Notes","class":"listen_notes","icon":"listen-notes.png"},"pandora":{"key":"pandora","url":"","label":"Pandora","class":"pandora","icon":"pandora.png"},"podbean":{"key":"podbean","url":"","label":"Podbean","class":"podbean","icon":"podbean.png"},"podcast_republic":{"key":"podcast_republic","url":"","label":"Podcast Republic","class":"podcast_republic","icon":"podcast-republic.png"},"rss":{"key":"rss","url":"","label":"RSS","class":"rss","icon":"rss.png"},"spotify":{"key":"spotify","url":"","label":"Spotify","class":"spotify","icon":"spotify.png"},"stitcher":{"key":"stitcher","url":"","label":"Stitcher","class":"stitcher","icon":"stitcher.png"},"tunein":{"key":"tunein","url":"","label":"TuneIn","class":"tunein","icon":"tunein.png"},"youtube":{"key":"youtube","url":"","label":"YouTube","class":"youtube","icon":"youtube.png"},"iheartradio":{"key":"iheartradio","url":"","label":"iHeartRadio","class":"iheartradio","icon":"iheartradio.png"},"ivoox":{"key":"ivoox","url":"","label":"iVoox","class":"ivoox","icon":"ivoox.png"}},"rssFeedUrl":"https:\/\/quechilero.com\/blog\/feed\/podcast\/si-la-vida-nos-da-limones","embedCode":"<blockquote class=\"wp-embedded-content\" data-secret=\"FrD6CbPAnN\"><a href=\"https:\/\/quechilero.com\/blog\/2007\/01\/14\/compras-de-enero\/\">Compras de Enero<\/a><\/blockquote><iframe sandbox=\"allow-scripts\" security=\"restricted\" src=\"https:\/\/quechilero.com\/blog\/2007\/01\/14\/compras-de-enero\/embed\/#?secret=FrD6CbPAnN\" width=\"500\" height=\"350\" title=\"\u00abCompras de Enero\u00bb \u2014 Si la Vida nos da Limones...\" data-secret=\"FrD6CbPAnN\" frameborder=\"0\" marginwidth=\"0\" marginheight=\"0\" scrolling=\"no\" class=\"wp-embedded-content\"><\/iframe><script>\n\/*! This file is auto-generated *\/\n!function(d,l){\"use strict\";l.querySelector&&d.addEventListener&&\"undefined\"!=typeof URL&&(d.wp=d.wp||{},d.wp.receiveEmbedMessage||(d.wp.receiveEmbedMessage=function(e){var t=e.data;if((t||t.secret||t.message||t.value)&&!\/[^a-zA-Z0-9]\/.test(t.secret)){for(var s,r,n,a=l.querySelectorAll('iframe[data-secret=\"'+t.secret+'\"]'),o=l.querySelectorAll('blockquote[data-secret=\"'+t.secret+'\"]'),c=new RegExp(\"^https?:$\",\"i\"),i=0;i<o.length;i++)o[i].style.display=\"none\";for(i=0;i<a.length;i++)s=a[i],e.source===s.contentWindow&&(s.removeAttribute(\"style\"),\"height\"===t.message?(1e3<(r=parseInt(t.value,10))?r=1e3:~~r<200&&(r=200),s.height=r):\"link\"===t.message&&(r=new URL(s.getAttribute(\"src\")),n=new URL(t.value),c.test(n.protocol))&&n.host===r.host&&l.activeElement===s&&(d.top.location.href=t.value))}},d.addEventListener(\"message\",d.wp.receiveEmbedMessage,!1),l.addEventListener(\"DOMContentLoaded\",function(){for(var e,t,s=l.querySelectorAll(\"iframe.wp-embedded-content\"),r=0;r<s.length;r++)(t=(e=s[r]).getAttribute(\"data-secret\"))||(t=Math.random().toString(36).substring(2,12),e.src+=\"#?secret=\"+t,e.setAttribute(\"data-secret\",t)),e.contentWindow.postMessage({message:\"ready\",secret:t},\"*\")},!1)))}(window,document);\n\/\/# sourceURL=https:\/\/quechilero.com\/blog\/wp-includes\/js\/wp-embed.min.js\n<\/script>\n"},"jetpack_publicize_connections":[],"jetpack_shortlink":"https:\/\/wp.me\/pDKli-6t","jetpack_sharing_enabled":true,"jetpack-related-posts":[{"id":4281,"url":"https:\/\/quechilero.com\/blog\/2010\/02\/05\/un-ano-en-120-segundos\/","url_meta":{"origin":401,"position":0},"title":"Un a\u00f1o \u00aben 120 segundos\u00bb","author":"Pepe Barrascout Ortiz","date":"5 febrero 2010","format":false,"excerpt":"Muy impresionante el paso del tiempo, cuando se ve en forma acelerada, resumir un a\u00f1o completo en apenas 120 segundos, es una tarea que no es para nada f\u00e1cil, que requiere de mucho tiempo y dedicaci\u00f3n. Es muy interesante ver el paso del tiempo, lo cual da pie a muchas\u2026","rel":"","context":"En \u00abVideoBlog\u00bb","block_context":{"text":"VideoBlog","link":"https:\/\/quechilero.com\/blog\/category\/videoblog\/"},"img":{"alt_text":"","src":"https:\/\/i0.wp.com\/img.youtube.com\/vi\/XdE38IbLTyA\/0.jpg?resize=350%2C200","width":350,"height":200},"classes":[]},{"id":5693,"url":"https:\/\/quechilero.com\/blog\/2011\/01\/01\/feliz-ano-nuevo\/","url_meta":{"origin":401,"position":1},"title":"Feliz A\u00f1o Nuevo","author":"Pepe Barrascout Ortiz","date":"1 enero 2011","format":false,"excerpt":"Feliz A\u00f1o Nuevo. Que Dios gu\u00ede nuestros pasos y nos ayude a ser cada vez mejores personas, que sus bendiciones lleguen a nosotros y nuestras familias hoy y siempre.","rel":"","context":"En \u00abLimones\u00bb","block_context":{"text":"Limones","link":"https:\/\/quechilero.com\/blog\/category\/limones\/"},"img":{"alt_text":"","src":"","width":0,"height":0},"classes":[]},{"id":27529,"url":"https:\/\/quechilero.com\/blog\/2013\/01\/22\/podcast-punto-de-vista-episodio-4-informe-primer-ano-presidente-perez\/","url_meta":{"origin":401,"position":2},"title":"Podcast: Punto de Vista, episodio 4 &#8211; Informe primer a\u00f1o Presidente P\u00e9rez","author":"Pepe Barrascout Ortiz","date":"22 enero 2013","format":false,"excerpt":"Episodio 4: Informe primer a\u00f1o Presidente P\u00e9rez En esta semana, el Presidente P\u00e9rez, rindi\u00f3 el informe de su primer a\u00f1o de gesti\u00f3n. Tuvo varias\u00a0peculiaridades muy pintorescas, entre ellas, el d\u00eda anterior en una de los sectores mas violentos de Ciudad Guatemala, realiz\u00f3 una presentaci\u00f3n, que por muchos fue calificado como\u00a0mit\u00edn\u2026","rel":"","context":"En \u00abPodcast\u00bb","block_context":{"text":"Podcast","link":"https:\/\/quechilero.com\/blog\/category\/podcast\/"},"img":{"alt_text":"","src":"","width":0,"height":0},"classes":[]},{"id":11476,"url":"https:\/\/quechilero.com\/blog\/2012\/01\/01\/oracion-de-ano-nuevo\/","url_meta":{"origin":401,"position":3},"title":"Oraci\u00f3n de A\u00f1o Nuevo","author":"Pepe Barrascout Ortiz","date":"1 enero 2012","format":false,"excerpt":"Se\u00f1or Dios, due\u00f1o del tiempo y de la eternidad. Tuyo es el hoy y el ma\u00f1ana, el pasado y el futuro. Al empezar un a\u00f1o mas, detengo mi vida ante el nuevo calendario, aun sin estrenar, y te presento estos d\u00edas que solo Tu sabes si llegare a vivirlos. Hoy\u2026","rel":"","context":"En \u00abLimones\u00bb","block_context":{"text":"Limones","link":"https:\/\/quechilero.com\/blog\/category\/limones\/"},"img":{"alt_text":"","src":"","width":0,"height":0},"classes":[]},{"id":11474,"url":"https:\/\/quechilero.com\/blog\/2011\/12\/31\/oracion-de-fin-de-ano\/","url_meta":{"origin":401,"position":4},"title":"Oraci\u00f3n de Fin de A\u00f1o","author":"Pepe Barrascout Ortiz","date":"31 diciembre 2011","format":false,"excerpt":"Se\u00f1or, al terminar este a\u00f1o quiero darte gracias por todo aquello que recib\u00ed de ti. Gracias por la vida y el amor, por las flores, el aire y el sol, por la alegr\u00eda y el dolor por lo que fue posible y por lo que no pudo ser. Te ofrezco\u2026","rel":"","context":"En \u00abLimones\u00bb","block_context":{"text":"Limones","link":"https:\/\/quechilero.com\/blog\/category\/limones\/"},"img":{"alt_text":"","src":"","width":0,"height":0},"classes":[]},{"id":27477,"url":"https:\/\/quechilero.com\/blog\/2013\/12\/12\/tweet-podcast-08-la-nba-lista-para-las-fiestas-de-fin-de-ano-juanma_galvez\/","url_meta":{"origin":401,"position":5},"title":"Tweet Podcast 08 \u2013 La NBA lista para las fiestas de fin de a\u00f1o \u2013 @JuanMa_Galvez","author":"Pepe Barrascout Ortiz","date":"12 diciembre 2013","format":false,"excerpt":"https:\/\/youtu.be\/EYEHUOpwNvE En este episodio de\u00a0Tweet Podcast, comentamos el video publicado por @JuanMa_Galvez, donde una serie de jugadores profesionales de baloncesto, pertenecientes a la NBA, crean una melod\u00eda tradicional de fin de a\u00f1o, usando como instrumento musical, los aros, los balones y su habilidad. Descarga este y otros episodios. \u00a0Suscr\u00edbete al\u2026","rel":"","context":"En \u00abPodcast\u00bb","block_context":{"text":"Podcast","link":"https:\/\/quechilero.com\/blog\/category\/podcast\/"},"img":{"alt_text":"","src":"https:\/\/i0.wp.com\/img.youtube.com\/vi\/EYEHUOpwNvE\/0.jpg?resize=350%2C200","width":350,"height":200},"classes":[]}],"jetpack_featured_media_url":"","_links":{"self":[{"href":"https:\/\/quechilero.com\/blog\/wp-json\/wp\/v2\/posts\/401","targetHints":{"allow":["GET"]}}],"collection":[{"href":"https:\/\/quechilero.com\/blog\/wp-json\/wp\/v2\/posts"}],"about":[{"href":"https:\/\/quechilero.com\/blog\/wp-json\/wp\/v2\/types\/post"}],"author":[{"embeddable":true,"href":"https:\/\/quechilero.com\/blog\/wp-json\/wp\/v2\/users\/1"}],"replies":[{"embeddable":true,"href":"https:\/\/quechilero.com\/blog\/wp-json\/wp\/v2\/comments?post=401"}],"version-history":[{"count":0,"href":"https:\/\/quechilero.com\/blog\/wp-json\/wp\/v2\/posts\/401\/revisions"}],"wp:attachment":[{"href":"https:\/\/quechilero.com\/blog\/wp-json\/wp\/v2\/media?parent=401"}],"wp:term":[{"taxonomy":"category","embeddable":true,"href":"https:\/\/quechilero.com\/blog\/wp-json\/wp\/v2\/categories?post=401"},{"taxonomy":"post_tag","embeddable":true,"href":"https:\/\/quechilero.com\/blog\/wp-json\/wp\/v2\/tags?post=401"},{"taxonomy":"series","embeddable":true,"href":"https:\/\/quechilero.com\/blog\/wp-json\/wp\/v2\/series?post=401"}],"curies":[{"name":"wp","href":"https:\/\/api.w.org\/{rel}","templated":true}]}}