{"id":400,"date":"2007-01-12T11:48:41","date_gmt":"2007-01-12T17:48:41","guid":{"rendered":"http:\/\/quechilero.com\/blog\/2007\/01\/12\/contacto-humano\/"},"modified":"2007-01-12T11:48:41","modified_gmt":"2007-01-12T17:48:41","slug":"contacto-humano","status":"publish","type":"post","link":"https:\/\/quechilero.com\/blog\/2007\/01\/12\/contacto-humano\/","title":{"rendered":"Contacto humano"},"content":{"rendered":"<p>En estos d\u00edas de \u00abalta tecnolog\u00eda\u00bb muchas veces perdemos el sentido humano y llegamos a perder todo contacto con otras personas, anteponiendo la excusa tecnolog\u00edca a la convivencia.<\/p>\n<p>No estoy en contra de la tecnolog\u00eda, es m\u00e1s yo trabajo mucho con ella y es mi aliada en negocios, pero no estoy de acuerdo en que sustituya el contacto humano.<\/p>\n<p>Tan agradable que es recibir un <em>buenos d\u00edas<\/em> o <em>buenas noches<\/em> de otra persona, sentir el calor de una sonrisa y la fuerza del apret\u00f3n de manos.<\/p>\n<p>No dejemos que las m\u00e1quinas nos roben el contacto humano, convirti\u00e9ndonos cada vez mas como ellas.<\/p>\n<p><img data-recalc-dims=\"1\" loading=\"lazy\" decoding=\"async\" width=\"460\" height=\"282\" alt=\"Contacto Humano\" title=\"Contacto Humano\" src=\"https:\/\/i0.wp.com\/static.flickr.com\/130\/322342327_9cffb81d40.jpg?resize=460%2C282\" \/><\/p>\n","protected":false},"excerpt":{"rendered":"<p>En estos d\u00edas de \u00abalta tecnolog\u00eda\u00bb muchas veces perdemos el sentido humano y llegamos a perder todo contacto con otras personas, anteponiendo la excusa tecnolog\u00edca a la convivencia. No estoy en contra de la tecnolog\u00eda, es m\u00e1s yo trabajo mucho con ella y es mi aliada en negocios, pero no estoy de acuerdo en que &#8230; <a title=\"Contacto humano\" class=\"read-more\" href=\"https:\/\/quechilero.com\/blog\/2007\/01\/12\/contacto-humano\/\" aria-label=\"Leer m\u00e1s sobre Contacto humano\">Leer m\u00e1s<\/a><\/p>\n","protected":false},"author":1,"featured_media":0,"comment_status":"open","ping_status":"open","sticky":false,"template":"","format":"standard","meta":{"advanced_seo_description":"","jetpack_seo_html_title":"","jetpack_seo_noindex":false,"jetpack_seo_schema_type":"","episode_type":"","audio_file":"","podmotor_file_id":"","podmotor_episode_id":"","cover_image":"","cover_image_id":"","duration":"","filesize":"","filesize_raw":"","date_recorded":"","explicit":"","block":"","_jetpack_newsletter_access":"","_jetpack_dont_email_post_to_subs":false,"_jetpack_newsletter_tier_id":0,"_jetpack_memberships_contains_paywalled_content":false,"_jetpack_feature_clip_id":0,"_jetpack_memberships_contains_paid_content":false,"footnotes":"","jetpack_publicize_message":"","jetpack_publicize_feature_enabled":true,"jetpack_social_post_already_shared":false,"jetpack_social_options":{"image_generator_settings":{"template":"highway","default_image_id":0,"font":"","enabled":false},"version":2},"jetpack_post_was_ever_published":false},"categories":[2],"tags":[55,36],"series":[],"class_list":["post-400","post","type-post","status-publish","format-standard","hentry","category-limones","tag-tecnologia","tag-trabajo"],"episode_featured_image":false,"episode_player_image":"https:\/\/i0.wp.com\/quechilero.com\/blog\/imagenes\/podcast.png?fit=1831%2C1831&ssl=1","download_link":"","player_link":"","audio_player":false,"episode_data":{"playerMode":"dark","subscribeUrls":{"amazon":{"key":"amazon","url":"","label":"Amazon","class":"amazon","icon":"amazon.png"},"apple_podcasts":{"key":"apple_podcasts","url":"","label":"Apple Podcasts","class":"apple_podcasts","icon":"apple-podcasts.png"},"castbox":{"key":"castbox","url":"","label":"CastBox","class":"castbox","icon":"castbox.png"},"deezer":{"key":"deezer","url":"","label":"Deezer","class":"deezer","icon":"deezer.png"},"google_podcasts":{"key":"google_podcasts","url":"","label":"Google Podcasts","class":"google_podcasts","icon":"google-podcasts.png"},"listen_notes":{"key":"listen_notes","url":"","label":"Listen Notes","class":"listen_notes","icon":"listen-notes.png"},"pandora":{"key":"pandora","url":"","label":"Pandora","class":"pandora","icon":"pandora.png"},"podbean":{"key":"podbean","url":"","label":"Podbean","class":"podbean","icon":"podbean.png"},"podcast_republic":{"key":"podcast_republic","url":"","label":"Podcast Republic","class":"podcast_republic","icon":"podcast-republic.png"},"rss":{"key":"rss","url":"","label":"RSS","class":"rss","icon":"rss.png"},"spotify":{"key":"spotify","url":"","label":"Spotify","class":"spotify","icon":"spotify.png"},"stitcher":{"key":"stitcher","url":"","label":"Stitcher","class":"stitcher","icon":"stitcher.png"},"tunein":{"key":"tunein","url":"","label":"TuneIn","class":"tunein","icon":"tunein.png"},"youtube":{"key":"youtube","url":"","label":"YouTube","class":"youtube","icon":"youtube.png"},"iheartradio":{"key":"iheartradio","url":"","label":"iHeartRadio","class":"iheartradio","icon":"iheartradio.png"},"ivoox":{"key":"ivoox","url":"","label":"iVoox","class":"ivoox","icon":"ivoox.png"}},"rssFeedUrl":"https:\/\/quechilero.com\/blog\/feed\/podcast\/si-la-vida-nos-da-limones","embedCode":"<blockquote class=\"wp-embedded-content\" data-secret=\"EOqySJrtKj\"><a href=\"https:\/\/quechilero.com\/blog\/2007\/01\/12\/contacto-humano\/\">Contacto humano<\/a><\/blockquote><iframe sandbox=\"allow-scripts\" security=\"restricted\" src=\"https:\/\/quechilero.com\/blog\/2007\/01\/12\/contacto-humano\/embed\/#?secret=EOqySJrtKj\" width=\"500\" height=\"350\" title=\"\u00abContacto humano\u00bb \u2014 Si la Vida nos da Limones...\" data-secret=\"EOqySJrtKj\" frameborder=\"0\" marginwidth=\"0\" marginheight=\"0\" scrolling=\"no\" class=\"wp-embedded-content\"><\/iframe><script>\n\/*! This file is auto-generated *\/\n!function(d,l){\"use strict\";l.querySelector&&d.addEventListener&&\"undefined\"!=typeof URL&&(d.wp=d.wp||{},d.wp.receiveEmbedMessage||(d.wp.receiveEmbedMessage=function(e){var t=e.data;if((t||t.secret||t.message||t.value)&&!\/[^a-zA-Z0-9]\/.test(t.secret)){for(var s,r,n,a=l.querySelectorAll('iframe[data-secret=\"'+t.secret+'\"]'),o=l.querySelectorAll('blockquote[data-secret=\"'+t.secret+'\"]'),c=new RegExp(\"^https?:$\",\"i\"),i=0;i<o.length;i++)o[i].style.display=\"none\";for(i=0;i<a.length;i++)s=a[i],e.source===s.contentWindow&&(s.removeAttribute(\"style\"),\"height\"===t.message?(1e3<(r=parseInt(t.value,10))?r=1e3:~~r<200&&(r=200),s.height=r):\"link\"===t.message&&(r=new URL(s.getAttribute(\"src\")),n=new URL(t.value),c.test(n.protocol))&&n.host===r.host&&l.activeElement===s&&(d.top.location.href=t.value))}},d.addEventListener(\"message\",d.wp.receiveEmbedMessage,!1),l.addEventListener(\"DOMContentLoaded\",function(){for(var e,t,s=l.querySelectorAll(\"iframe.wp-embedded-content\"),r=0;r<s.length;r++)(t=(e=s[r]).getAttribute(\"data-secret\"))||(t=Math.random().toString(36).substring(2,12),e.src+=\"#?secret=\"+t,e.setAttribute(\"data-secret\",t)),e.contentWindow.postMessage({message:\"ready\",secret:t},\"*\")},!1)))}(window,document);\n\/\/# sourceURL=https:\/\/quechilero.com\/blog\/wp-includes\/js\/wp-embed.min.js\n<\/script>\n"},"jetpack_publicize_connections":[],"jetpack_shortlink":"https:\/\/wp.me\/pDKli-6s","jetpack_sharing_enabled":true,"jetpack-related-posts":[{"id":17905,"url":"https:\/\/quechilero.com\/blog\/2014\/06\/19\/que-tu-celular-no-tenga-la-ultima-palabra-la-diferencia-entre-la-vida-y-la-muerte\/","url_meta":{"origin":400,"position":0},"title":"Que tu celular no tenga la \u00faltima palabra &#8211; la diferencia entre la vida y la muerte","author":"Pepe Barrascout Ortiz","date":"19 junio 2014","format":false,"excerpt":"https:\/\/youtu.be\/mw7ETwaNbFU Es muy com\u00fan en la \u00e9poca actual y con las facilidades que nos da la tecnolog\u00eda, que estemos permanentemente\u00a0\"conectados\" y perdamos el contacto con la realidad, con lo que de verdad importa. La familia, los amigos, el trabajo, todo pasa a segundo t\u00e9rmino, con tal de atender ese dispositivo\u2026","rel":"","context":"En \u00abVideoBlog\u00bb","block_context":{"text":"VideoBlog","link":"https:\/\/quechilero.com\/blog\/category\/videoblog\/"},"img":{"alt_text":"","src":"https:\/\/i0.wp.com\/img.youtube.com\/vi\/mw7ETwaNbFU\/0.jpg?resize=350%2C200","width":350,"height":200},"classes":[]},{"id":19828,"url":"https:\/\/quechilero.com\/blog\/2015\/02\/15\/el-temor-debilitarse\/","url_meta":{"origin":400,"position":1},"title":"El temor a debilitarse","author":"Pepe Barrascout Ortiz","date":"15 febrero 2015","format":false,"excerpt":"Las personas que son d\u00e9biles espiritualmente tienen muchos temores a debilitarse. Se sienten fr\u00e1giles, y por eso creen que se pueden desgastar y enfermar por cualquier cosa. Pero ese mismo temor los debilita m\u00e1s y los expone a enfermarse. Adem\u00e1s, como est\u00e1n pendientes de cualquier dolor, cada vez que comienzan\u2026","rel":"","context":"En \u00abLimones\u00bb","block_context":{"text":"Limones","link":"https:\/\/quechilero.com\/blog\/category\/limones\/"},"img":{"alt_text":"","src":"","width":0,"height":0},"classes":[]},{"id":5887,"url":"https:\/\/quechilero.com\/blog\/2010\/12\/22\/desconectarse-para-conectarse\/","url_meta":{"origin":400,"position":2},"title":"Desconectarse para Conectarse","author":"Pepe Barrascout Ortiz","date":"22 diciembre 2010","format":false,"excerpt":"El avance y desarrollo a toda velocidad, de las nuevas tecnolog\u00edas, han tra\u00eddo muchas ventajas, en muchos casos, nos ayudan a eliminar fronteras, a mejorar la comunicaci\u00f3n y a estar mas en contacto, sin embargo, con las \"redes sociales\", parad\u00f3jicamente, las personas dejan de ser mas sociables. Con cientos y\u2026","rel":"","context":"En \u00abLimones\u00bb","block_context":{"text":"Limones","link":"https:\/\/quechilero.com\/blog\/category\/limones\/"},"img":{"alt_text":"","src":"","width":0,"height":0},"classes":[]},{"id":11373,"url":"https:\/\/quechilero.com\/blog\/2012\/02\/05\/twitter-y-los-famosos\/","url_meta":{"origin":400,"position":3},"title":"Twitter y los \u00abfamosos\u00bb","author":"Pepe Barrascout Ortiz","date":"5 febrero 2012","format":false,"excerpt":"https:\/\/youtu.be\/i2mnmgXMV6Y Twitter, la hermana menor\u00a0de las redes sociales, en el \u00faltimo a\u00f1o, ha tenido un gran crecimiento en Guatemala, en parte por la masificaci\u00f3n\u00a0de los Blackberry\u00a0que las empresas de telefon\u00eda, que operan localmente, promocionaron de tal forma y fuerza, que las personas que no est\u00e1n al tanto de las tendencias\u2026","rel":"","context":"En \u00abLimones\u00bb","block_context":{"text":"Limones","link":"https:\/\/quechilero.com\/blog\/category\/limones\/"},"img":{"alt_text":"","src":"https:\/\/i0.wp.com\/img.youtube.com\/vi\/i2mnmgXMV6Y\/0.jpg?resize=350%2C200","width":350,"height":200},"classes":[]},{"id":360,"url":"https:\/\/quechilero.com\/blog\/2007\/01\/06\/profesiones-que-generan-estres\/","url_meta":{"origin":400,"position":4},"title":"Profesiones que generan estr\u00e9s","author":"Pepe Barrascout Ortiz","date":"6 enero 2007","format":false,"excerpt":"Seg\u00fan un estudio realizado por la ABC, la profesi\u00f3n que m\u00e1s estr\u00e9s genera es la relacionada con Tecnolog\u00edas de la Informaci\u00f3n, seg\u00fan es sondeo realizado, el 97% de estos profesionales sufre de estr\u00e9s a causa de su profesi\u00f3n. Las 10 profesiones que generan m\u00e1s estr\u00e9s son: Tecnolog\u00edas de la Informaci\u00f3n\u2026","rel":"","context":"En \u00abLimones\u00bb","block_context":{"text":"Limones","link":"https:\/\/quechilero.com\/blog\/category\/limones\/"},"img":{"alt_text":"","src":"","width":0,"height":0},"classes":[]},{"id":928,"url":"https:\/\/quechilero.com\/blog\/2008\/04\/06\/del-vacio\/","url_meta":{"origin":400,"position":5},"title":"Del Vac\u00edo","author":"Pepe Barrascout Ortiz","date":"6 abril 2008","format":false,"excerpt":"A veces somos pose\u00eddos por una sensaci\u00f3n de tristeza que no conseguimos controlar. No importa el lugar donde estamos, en el trabajo, junto a la persona que amamos, en una fiesta, pero, sin ninguna explicaci\u00f3n, el mundo pierde su color, y la vida esconde su magia. En esos momentos -nos\u2026","rel":"","context":"En \u00abLimones\u00bb","block_context":{"text":"Limones","link":"https:\/\/quechilero.com\/blog\/category\/limones\/"},"img":{"alt_text":"","src":"","width":0,"height":0},"classes":[]}],"jetpack_featured_media_url":"","_links":{"self":[{"href":"https:\/\/quechilero.com\/blog\/wp-json\/wp\/v2\/posts\/400","targetHints":{"allow":["GET"]}}],"collection":[{"href":"https:\/\/quechilero.com\/blog\/wp-json\/wp\/v2\/posts"}],"about":[{"href":"https:\/\/quechilero.com\/blog\/wp-json\/wp\/v2\/types\/post"}],"author":[{"embeddable":true,"href":"https:\/\/quechilero.com\/blog\/wp-json\/wp\/v2\/users\/1"}],"replies":[{"embeddable":true,"href":"https:\/\/quechilero.com\/blog\/wp-json\/wp\/v2\/comments?post=400"}],"version-history":[{"count":0,"href":"https:\/\/quechilero.com\/blog\/wp-json\/wp\/v2\/posts\/400\/revisions"}],"wp:attachment":[{"href":"https:\/\/quechilero.com\/blog\/wp-json\/wp\/v2\/media?parent=400"}],"wp:term":[{"taxonomy":"category","embeddable":true,"href":"https:\/\/quechilero.com\/blog\/wp-json\/wp\/v2\/categories?post=400"},{"taxonomy":"post_tag","embeddable":true,"href":"https:\/\/quechilero.com\/blog\/wp-json\/wp\/v2\/tags?post=400"},{"taxonomy":"series","embeddable":true,"href":"https:\/\/quechilero.com\/blog\/wp-json\/wp\/v2\/series?post=400"}],"curies":[{"name":"wp","href":"https:\/\/api.w.org\/{rel}","templated":true}]}}