{"id":3990,"date":"2009-11-20T08:00:34","date_gmt":"2009-11-20T14:00:34","guid":{"rendered":"http:\/\/quechilero.com\/blog\/?p=3990"},"modified":"2009-11-20T08:00:34","modified_gmt":"2009-11-20T14:00:34","slug":"2012-la-pelicula","status":"publish","type":"post","link":"https:\/\/quechilero.com\/blog\/2009\/11\/20\/2012-la-pelicula\/","title":{"rendered":"2,012 la pel\u00edcula"},"content":{"rendered":"<p><em>\u00bfC\u00f3mo los gobiernos de todo el planeta preparar\u00edan a 6.000 millones de personas para el fin del mundo?<\/em> Es la interrogante que la la pel\u00edcula 2012 hace a los espectadores, a continuaci\u00f3n un trailer de esta pel\u00edcula. En <em>2,012<\/em>, siguen la l\u00ednea de pel\u00edculas catastr\u00f3ficas como\u00a0<em>\u00abIndependence Day\u00bb<\/em> y <em>\u00abEl d\u00eda despu\u00e9s de ma\u00f1ana\u00bb,<\/em> era de esperar que tomaran el tema\u00a0del a\u00f1o 2,012 y lo pusieran en el cine.<\/p>\n<p>Seg\u00fan <em>\u00ab\u00bfel calendario maya?\u00bb<\/em>, el 21 de diciembre de 2,012 es su final. La base de este calendario seg\u00fan <em>los expertos<\/em> est\u00e1 en culturas m\u00e1s antiguas, para otros el origen es propio de la <em>Civilizaci\u00f3n Maya<\/em>; no existe una documentaci\u00f3n al respecto.<\/p>\n<p>Dado que es similar al calendario Mexica se considera una evidencia de que en toda mesoam\u00e9rica utilizaban el mismo sistema calend\u00e1rico. El calendario maya consiste de dos diferentes cuentas de tiempo que transcurren simult\u00e1neamente: el Sagrado, Tzolkin o Bucxok de 260 d\u00edas, el Civil, Haab de 365 d\u00edas y la Cuenta Larga.<\/p>\n<p>El calendario maya es c\u00edclico, porque se repite cada 52 a\u00f1os mayas. En la cuenta larga, el tiempo de c\u00f3mputo comienza el 0.0.0.0.0 4 ahau 8 cumk\u00fa 13 de agosto del 3114 a. C., y seg\u00fan las <em>supuestas profec\u00edas mayas<\/em> y particularmente la s\u00e9ptima indica que la fecha 13.0.0.0.0 4 ahau 3 kankin, es decir, el 21 de diciembre de 2,012 d.C dar\u00e1 lugar a un ciclo nuevo.<\/p>\n<p>En la <em>pel\u00edcula 2,012<\/em>, como <em>toda buena pel\u00edcula gringa<\/em>, est\u00e1 plagada de efectos especiales, para acentuar los hechos catastr\u00f3ficos que plantean en la pel\u00edcula.<\/p>\n<p><object classid=\"clsid:d27cdb6e-ae6d-11cf-96b8-444553540000\" width=\"550\" height=\"344\" codebase=\"http:\/\/download.macromedia.com\/pub\/shockwave\/cabs\/flash\/swflash.cab#version=6,0,40,0\"><param name=\"allowFullScreen\" value=\"true\" \/><param name=\"allowScriptAccess\" value=\"always\" \/><param name=\"src\" value=\"http:\/\/www.youtube.com\/v\/fkrGVNHxc78&amp;color1=0xb1b1b1&amp;color2=0xcfcfcf&amp;hl=es&amp;feature=player_embedded&amp;fs=1\" \/><param name=\"allowfullscreen\" value=\"true\" \/><\/object><\/p>\n","protected":false},"excerpt":{"rendered":"<p>\u00bfC\u00f3mo los gobiernos de todo el planeta preparar\u00edan a 6.000 millones de personas para el fin del mundo? Es la interrogante que la la pel\u00edcula 2012 hace a los espectadores, a continuaci\u00f3n un trailer de esta pel\u00edcula. En 2,012, siguen la l\u00ednea de pel\u00edculas catastr\u00f3ficas como\u00a0\u00abIndependence Day\u00bb y \u00abEl d\u00eda despu\u00e9s de ma\u00f1ana\u00bb, era de &#8230; <a title=\"2,012 la pel\u00edcula\" class=\"read-more\" href=\"https:\/\/quechilero.com\/blog\/2009\/11\/20\/2012-la-pelicula\/\" aria-label=\"Leer m\u00e1s sobre 2,012 la pel\u00edcula\">Leer m\u00e1s<\/a><\/p>\n","protected":false},"author":1,"featured_media":0,"comment_status":"open","ping_status":"open","sticky":false,"template":"","format":"standard","meta":{"advanced_seo_description":"","jetpack_seo_html_title":"","jetpack_seo_noindex":false,"jetpack_seo_schema_type":"","episode_type":"","audio_file":"","podmotor_file_id":"","podmotor_episode_id":"","cover_image":"","cover_image_id":"","duration":"","filesize":"","filesize_raw":"","date_recorded":"","explicit":"","block":"","_jetpack_newsletter_access":"","_jetpack_dont_email_post_to_subs":false,"_jetpack_newsletter_tier_id":0,"_jetpack_memberships_contains_paywalled_content":false,"_jetpack_feature_clip_id":0,"_jetpack_memberships_contains_paid_content":false,"footnotes":"","jetpack_publicize_message":"","jetpack_publicize_feature_enabled":true,"jetpack_social_post_already_shared":false,"jetpack_social_options":{"image_generator_settings":{"template":"highway","default_image_id":0,"font":"","enabled":false},"version":2},"jetpack_post_was_ever_published":false},"categories":[2],"tags":[32,5,53],"series":[],"class_list":["post-3990","post","type-post","status-publish","format-standard","hentry","category-limones","tag-especial","tag-tiempo","tag-youtube"],"episode_featured_image":false,"episode_player_image":"https:\/\/i0.wp.com\/quechilero.com\/blog\/imagenes\/podcast.png?fit=1831%2C1831&ssl=1","download_link":"","player_link":"","audio_player":false,"episode_data":{"playerMode":"dark","subscribeUrls":{"amazon":{"key":"amazon","url":"","label":"Amazon","class":"amazon","icon":"amazon.png"},"apple_podcasts":{"key":"apple_podcasts","url":"","label":"Apple Podcasts","class":"apple_podcasts","icon":"apple-podcasts.png"},"castbox":{"key":"castbox","url":"","label":"CastBox","class":"castbox","icon":"castbox.png"},"deezer":{"key":"deezer","url":"","label":"Deezer","class":"deezer","icon":"deezer.png"},"google_podcasts":{"key":"google_podcasts","url":"","label":"Google Podcasts","class":"google_podcasts","icon":"google-podcasts.png"},"listen_notes":{"key":"listen_notes","url":"","label":"Listen Notes","class":"listen_notes","icon":"listen-notes.png"},"pandora":{"key":"pandora","url":"","label":"Pandora","class":"pandora","icon":"pandora.png"},"podbean":{"key":"podbean","url":"","label":"Podbean","class":"podbean","icon":"podbean.png"},"podcast_republic":{"key":"podcast_republic","url":"","label":"Podcast Republic","class":"podcast_republic","icon":"podcast-republic.png"},"rss":{"key":"rss","url":"","label":"RSS","class":"rss","icon":"rss.png"},"spotify":{"key":"spotify","url":"","label":"Spotify","class":"spotify","icon":"spotify.png"},"stitcher":{"key":"stitcher","url":"","label":"Stitcher","class":"stitcher","icon":"stitcher.png"},"tunein":{"key":"tunein","url":"","label":"TuneIn","class":"tunein","icon":"tunein.png"},"youtube":{"key":"youtube","url":"","label":"YouTube","class":"youtube","icon":"youtube.png"},"iheartradio":{"key":"iheartradio","url":"","label":"iHeartRadio","class":"iheartradio","icon":"iheartradio.png"},"ivoox":{"key":"ivoox","url":"","label":"iVoox","class":"ivoox","icon":"ivoox.png"}},"rssFeedUrl":"https:\/\/quechilero.com\/blog\/feed\/podcast\/si-la-vida-nos-da-limones","embedCode":"<blockquote class=\"wp-embedded-content\" data-secret=\"lnztdZMPfo\"><a href=\"https:\/\/quechilero.com\/blog\/2009\/11\/20\/2012-la-pelicula\/\">2,012 la pel\u00edcula<\/a><\/blockquote><iframe sandbox=\"allow-scripts\" security=\"restricted\" src=\"https:\/\/quechilero.com\/blog\/2009\/11\/20\/2012-la-pelicula\/embed\/#?secret=lnztdZMPfo\" width=\"500\" height=\"350\" title=\"\u00ab2,012 la pel\u00edcula\u00bb \u2014 Si la Vida nos da Limones...\" data-secret=\"lnztdZMPfo\" frameborder=\"0\" marginwidth=\"0\" marginheight=\"0\" scrolling=\"no\" class=\"wp-embedded-content\"><\/iframe><script>\n\/*! This file is auto-generated *\/\n!function(d,l){\"use strict\";l.querySelector&&d.addEventListener&&\"undefined\"!=typeof URL&&(d.wp=d.wp||{},d.wp.receiveEmbedMessage||(d.wp.receiveEmbedMessage=function(e){var t=e.data;if((t||t.secret||t.message||t.value)&&!\/[^a-zA-Z0-9]\/.test(t.secret)){for(var s,r,n,a=l.querySelectorAll('iframe[data-secret=\"'+t.secret+'\"]'),o=l.querySelectorAll('blockquote[data-secret=\"'+t.secret+'\"]'),c=new RegExp(\"^https?:$\",\"i\"),i=0;i<o.length;i++)o[i].style.display=\"none\";for(i=0;i<a.length;i++)s=a[i],e.source===s.contentWindow&&(s.removeAttribute(\"style\"),\"height\"===t.message?(1e3<(r=parseInt(t.value,10))?r=1e3:~~r<200&&(r=200),s.height=r):\"link\"===t.message&&(r=new URL(s.getAttribute(\"src\")),n=new URL(t.value),c.test(n.protocol))&&n.host===r.host&&l.activeElement===s&&(d.top.location.href=t.value))}},d.addEventListener(\"message\",d.wp.receiveEmbedMessage,!1),l.addEventListener(\"DOMContentLoaded\",function(){for(var e,t,s=l.querySelectorAll(\"iframe.wp-embedded-content\"),r=0;r<s.length;r++)(t=(e=s[r]).getAttribute(\"data-secret\"))||(t=Math.random().toString(36).substring(2,12),e.src+=\"#?secret=\"+t,e.setAttribute(\"data-secret\",t)),e.contentWindow.postMessage({message:\"ready\",secret:t},\"*\")},!1)))}(window,document);\n\/\/# sourceURL=https:\/\/quechilero.com\/blog\/wp-includes\/js\/wp-embed.min.js\n<\/script>\n"},"jetpack_publicize_connections":[],"jetpack_shortlink":"https:\/\/wp.me\/pDKli-12m","jetpack_sharing_enabled":true,"jetpack-related-posts":[{"id":87,"url":"https:\/\/quechilero.com\/blog\/2006\/07\/31\/como-se-escribe-tu-nombre\/","url_meta":{"origin":3990,"position":0},"title":"\u00bfC\u00f3mo se escribe tu nombre?","author":"Pepe Barrascout Ortiz","date":"31 julio 2006","format":false,"excerpt":"Si est\u00e1s interesado en saber como se escribe tu nombre en diversos idiomas, incluso saber cual es el glifo que corresponde a tu fecha de nacimiento en el calendario maya, entonces visita Lexiquetos, donde podr\u00e1s ver traducido tu nombre en una variedad de idiomas no occidentales, adem\u00e1s de tener la\u2026","rel":"","context":"En \u00abLimones\u00bb","block_context":{"text":"Limones","link":"https:\/\/quechilero.com\/blog\/category\/limones\/"},"img":{"alt_text":"","src":"","width":0,"height":0},"classes":[]},{"id":31840,"url":"https:\/\/quechilero.com\/blog\/2023\/07\/21\/lunes-con-sabor-a-martes\/","url_meta":{"origin":3990,"position":1},"title":"Lunes con sabor a martes","author":"Pepe Barrascout Ortiz","date":"21 julio 2023","format":false,"excerpt":"Todo el universo se ha descontrolado amigos. Desde que cambi\u00e9 el s\u00e1bado por el domingo, ahora creo que los lunes son martes y que los s\u00e1bados son domingos, es un desorden de d\u00edas ya ni se exactamente en cu\u00e1l d\u00eda vivo. Hoy les comento sobre este peque\u00f1o desorden en el\u2026","rel":"","context":"En \u00abDaily Gym\u00bb","block_context":{"text":"Daily Gym","link":"https:\/\/quechilero.com\/blog\/category\/podcast\/daily-gym\/"},"img":{"alt_text":"Daily Gym Podcast","src":"https:\/\/i0.wp.com\/quechilero.com\/blog\/imagenes\/DailyGym.jpg?fit=1200%2C675&ssl=1&resize=350%2C200","width":350,"height":200,"srcset":"https:\/\/i0.wp.com\/quechilero.com\/blog\/imagenes\/DailyGym.jpg?fit=1200%2C675&ssl=1&resize=350%2C200 1x, https:\/\/i0.wp.com\/quechilero.com\/blog\/imagenes\/DailyGym.jpg?fit=1200%2C675&ssl=1&resize=525%2C300 1.5x, https:\/\/i0.wp.com\/quechilero.com\/blog\/imagenes\/DailyGym.jpg?fit=1200%2C675&ssl=1&resize=700%2C400 2x, https:\/\/i0.wp.com\/quechilero.com\/blog\/imagenes\/DailyGym.jpg?fit=1200%2C675&ssl=1&resize=1050%2C600 3x"},"classes":[]},{"id":1238,"url":"https:\/\/quechilero.com\/blog\/2008\/08\/17\/el-blog-de-aleroga\/","url_meta":{"origin":3990,"position":2},"title":"Marat\u00f3n &#8211; El Blog de Aleroga","author":"Pepe Barrascout Ortiz","date":"17 agosto 2008","format":false,"excerpt":"Alejandra Rodas Gallardo es una dise\u00f1adora como pocas, proactiva, creativa e incansable, son algunas de las cualidades que tiene y que la definen. El Blog de Aleroga es la uni\u00f3n de una serie de blogs que Alejandra editaba en forma individual, pero que luego decidi\u00f3, por comodidad, unirlos en uno\u2026","rel":"","context":"En \u00abBlogs de Guatemala\u00bb","block_context":{"text":"Blogs de Guatemala","link":"https:\/\/quechilero.com\/blog\/category\/blogs-de-guatemala\/"},"img":{"alt_text":"Blog de Aleroga","src":"https:\/\/i0.wp.com\/img291.imageshack.us\/img291\/2951\/maratonug3.jpg?resize=350%2C200","width":350,"height":200},"classes":[]},{"id":20088,"url":"https:\/\/quechilero.com\/blog\/2015\/05\/04\/se-agradecido\/","url_meta":{"origin":3990,"position":3},"title":"S\u00e9 agradecido","author":"Pepe Barrascout Ortiz","date":"4 mayo 2015","format":false,"excerpt":"Muchas veces he le\u00eddo estas sugerencias: Mant\u00e9n un registro de las cosas por las que est\u00e1s agradecido, escribi\u00f3 Donald C. Everhart. Cada ma\u00f1ana has una lista de los regalos de Dios para ti. Al final del d\u00eda, escribe en tu calendario una cosa por la que puedes alabar al Se\u00f1or.\u2026","rel":"","context":"En \u00abLimones\u00bb","block_context":{"text":"Limones","link":"https:\/\/quechilero.com\/blog\/category\/limones\/"},"img":{"alt_text":"","src":"","width":0,"height":0},"classes":[]},{"id":1,"url":"https:\/\/quechilero.com\/blog\/2006\/06\/19\/calendario-del-mundial\/","url_meta":{"origin":3990,"position":4},"title":"Calendario del Mundial","author":"Pepe Barrascout Ortiz","date":"19 junio 2006","format":false,"excerpt":"Aunque un poco tarde me enter\u00e9, creo que vale la pena contar que he visto una aplicaci\u00f3n bastante buena sobre los resultados de la Copa del Mundo de Futbol en Alemania este a\u00f1o, se puede ver en http:\/\/www.pabloacuna.net\/Alemania2006 donde se muestran los resultados de todos los partidos. Adem\u00e1s va creando\u2026","rel":"","context":"En \u00abLimones\u00bb","block_context":{"text":"Limones","link":"https:\/\/quechilero.com\/blog\/category\/limones\/"},"img":{"alt_text":"","src":"","width":0,"height":0},"classes":[]},{"id":6400,"url":"https:\/\/quechilero.com\/blog\/2011\/01\/03\/hot-shots-calendar-2011\/","url_meta":{"origin":3990,"position":5},"title":"Hot Shots Calendar 2011","author":"Pepe Barrascout Ortiz","date":"3 enero 2011","format":false,"excerpt":"Para iniciar el 2011, para este primer d\u00eda h\u00e1bil del a\u00f1o, este video del making off, del Hot Shots Calendar 2011. El objetivo de este sexy calendario, es recaudar fondos para aquellos militares heridos en combate y que han quedado con lesiones graves, adem\u00e1s de las mujeres cuyos esposos murieron\u2026","rel":"","context":"En \u00abLimones\u00bb","block_context":{"text":"Limones","link":"https:\/\/quechilero.com\/blog\/category\/limones\/"},"img":{"alt_text":"","src":"","width":0,"height":0},"classes":[]}],"jetpack_featured_media_url":"","_links":{"self":[{"href":"https:\/\/quechilero.com\/blog\/wp-json\/wp\/v2\/posts\/3990","targetHints":{"allow":["GET"]}}],"collection":[{"href":"https:\/\/quechilero.com\/blog\/wp-json\/wp\/v2\/posts"}],"about":[{"href":"https:\/\/quechilero.com\/blog\/wp-json\/wp\/v2\/types\/post"}],"author":[{"embeddable":true,"href":"https:\/\/quechilero.com\/blog\/wp-json\/wp\/v2\/users\/1"}],"replies":[{"embeddable":true,"href":"https:\/\/quechilero.com\/blog\/wp-json\/wp\/v2\/comments?post=3990"}],"version-history":[{"count":0,"href":"https:\/\/quechilero.com\/blog\/wp-json\/wp\/v2\/posts\/3990\/revisions"}],"wp:attachment":[{"href":"https:\/\/quechilero.com\/blog\/wp-json\/wp\/v2\/media?parent=3990"}],"wp:term":[{"taxonomy":"category","embeddable":true,"href":"https:\/\/quechilero.com\/blog\/wp-json\/wp\/v2\/categories?post=3990"},{"taxonomy":"post_tag","embeddable":true,"href":"https:\/\/quechilero.com\/blog\/wp-json\/wp\/v2\/tags?post=3990"},{"taxonomy":"series","embeddable":true,"href":"https:\/\/quechilero.com\/blog\/wp-json\/wp\/v2\/series?post=3990"}],"curies":[{"name":"wp","href":"https:\/\/api.w.org\/{rel}","templated":true}]}}