{"id":396,"date":"2007-02-14T05:00:15","date_gmt":"2007-02-14T11:00:15","guid":{"rendered":"http:\/\/quechilero.com\/blog\/2007\/02\/14\/dia-del-carino\/"},"modified":"2007-02-14T05:00:15","modified_gmt":"2007-02-14T11:00:15","slug":"dia-del-carino","status":"publish","type":"post","link":"https:\/\/quechilero.com\/blog\/2007\/02\/14\/dia-del-carino\/","title":{"rendered":"D\u00eda del Cari\u00f1o"},"content":{"rendered":"<p><em>\u00abLas flores son bellas porque se deshojan y nunca mueren&#8230;\u00bb<\/em>.<\/p>\n<p>Hoy es el <em>d\u00eda del cari\u00f1o<\/em> y para celebrarlo, que mejor que recordar este cl\u00e1sico de cl\u00e1sicos de la mejor serie animada de todos los tiempos. El cap\u00edtulo de amores rotos mas impactante de la historia, estoy seguro que a mas de alguno los har\u00e1 llorar y recordar.<\/p>\n<p>El cap\u00edtulo de la muerte de Anthony Andrie, el eterno enamorado de Candy.<\/p>\n<p>Primera Parte.<\/p>\n<p><span class=\"embed-youtube\" style=\"text-align:center; display: block;\"><iframe loading=\"lazy\" class=\"youtube-player\" width=\"1200\" height=\"675\" src=\"https:\/\/www.youtube.com\/embed\/WEeQYeWSFn4?version=3&#038;rel=1&#038;showsearch=0&#038;showinfo=1&#038;iv_load_policy=1&#038;fs=1&#038;hl=es-ES&#038;autohide=2&#038;wmode=transparent\" allowfullscreen=\"true\" style=\"border:0;\" sandbox=\"allow-scripts allow-same-origin allow-popups allow-presentation allow-popups-to-escape-sandbox\"><\/iframe><\/span><\/p>\n<p>Segunda Parte.<\/p>\n<p><span class=\"embed-youtube\" style=\"text-align:center; display: block;\"><iframe loading=\"lazy\" class=\"youtube-player\" width=\"1200\" height=\"675\" src=\"https:\/\/www.youtube.com\/embed\/4dOJ77N73s0?version=3&#038;rel=1&#038;showsearch=0&#038;showinfo=1&#038;iv_load_policy=1&#038;fs=1&#038;hl=es-ES&#038;autohide=2&#038;wmode=transparent\" allowfullscreen=\"true\" style=\"border:0;\" sandbox=\"allow-scripts allow-same-origin allow-popups allow-presentation allow-popups-to-escape-sandbox\"><\/iframe><\/span> <\/p>\n<p><em><a title=\"Kiki te Amo\" href=\"http:\/\/pepejaguar.blogspot.com\" target=\"_blank\"><strong>Kiki<\/strong><\/a>, te amo, ayer, hoy, ma\u00f1ana y siempre. Eres mi flor.<\/em><\/p>\n","protected":false},"excerpt":{"rendered":"<p>\u00abLas flores son bellas porque se deshojan y nunca mueren&#8230;\u00bb. Hoy es el d\u00eda del cari\u00f1o y para celebrarlo, que mejor que recordar este cl\u00e1sico de cl\u00e1sicos de la mejor serie animada de todos los tiempos. El cap\u00edtulo de amores rotos mas impactante de la historia, estoy seguro que a mas de alguno los har\u00e1 &#8230; <a title=\"D\u00eda del Cari\u00f1o\" class=\"read-more\" href=\"https:\/\/quechilero.com\/blog\/2007\/02\/14\/dia-del-carino\/\" aria-label=\"Leer m\u00e1s sobre D\u00eda del Cari\u00f1o\">Leer m\u00e1s<\/a><\/p>\n","protected":false},"author":1,"featured_media":0,"comment_status":"open","ping_status":"open","sticky":false,"template":"","format":"standard","meta":{"advanced_seo_description":"","jetpack_seo_html_title":"","jetpack_seo_noindex":false,"jetpack_seo_schema_type":"","episode_type":"","audio_file":"","podmotor_file_id":"","podmotor_episode_id":"","cover_image":"","cover_image_id":"","duration":"","filesize":"","filesize_raw":"","date_recorded":"","explicit":"","block":"","_jetpack_newsletter_access":"","_jetpack_dont_email_post_to_subs":false,"_jetpack_newsletter_tier_id":0,"_jetpack_memberships_contains_paywalled_content":false,"_jetpack_feature_clip_id":0,"_jetpack_memberships_contains_paid_content":false,"footnotes":"","jetpack_publicize_message":"","jetpack_publicize_feature_enabled":true,"jetpack_social_post_already_shared":false,"jetpack_social_options":{"image_generator_settings":{"template":"highway","default_image_id":0,"font":"","enabled":false},"version":2},"jetpack_post_was_ever_published":false},"categories":[2],"tags":[15,4,88,17,54,50,5,53],"series":[],"class_list":["post-396","post","type-post","status-publish","format-standard","hentry","category-limones","tag-amor","tag-blog","tag-flores","tag-historia","tag-kiki","tag-muerte","tag-tiempo","tag-youtube"],"episode_featured_image":false,"episode_player_image":"https:\/\/i0.wp.com\/quechilero.com\/blog\/imagenes\/podcast.png?fit=1831%2C1831&ssl=1","download_link":"","player_link":"","audio_player":false,"episode_data":{"playerMode":"dark","subscribeUrls":{"amazon":{"key":"amazon","url":"","label":"Amazon","class":"amazon","icon":"amazon.png"},"apple_podcasts":{"key":"apple_podcasts","url":"","label":"Apple Podcasts","class":"apple_podcasts","icon":"apple-podcasts.png"},"castbox":{"key":"castbox","url":"","label":"CastBox","class":"castbox","icon":"castbox.png"},"deezer":{"key":"deezer","url":"","label":"Deezer","class":"deezer","icon":"deezer.png"},"google_podcasts":{"key":"google_podcasts","url":"","label":"Google Podcasts","class":"google_podcasts","icon":"google-podcasts.png"},"listen_notes":{"key":"listen_notes","url":"","label":"Listen Notes","class":"listen_notes","icon":"listen-notes.png"},"pandora":{"key":"pandora","url":"","label":"Pandora","class":"pandora","icon":"pandora.png"},"podbean":{"key":"podbean","url":"","label":"Podbean","class":"podbean","icon":"podbean.png"},"podcast_republic":{"key":"podcast_republic","url":"","label":"Podcast Republic","class":"podcast_republic","icon":"podcast-republic.png"},"rss":{"key":"rss","url":"","label":"RSS","class":"rss","icon":"rss.png"},"spotify":{"key":"spotify","url":"","label":"Spotify","class":"spotify","icon":"spotify.png"},"stitcher":{"key":"stitcher","url":"","label":"Stitcher","class":"stitcher","icon":"stitcher.png"},"tunein":{"key":"tunein","url":"","label":"TuneIn","class":"tunein","icon":"tunein.png"},"youtube":{"key":"youtube","url":"","label":"YouTube","class":"youtube","icon":"youtube.png"},"iheartradio":{"key":"iheartradio","url":"","label":"iHeartRadio","class":"iheartradio","icon":"iheartradio.png"},"ivoox":{"key":"ivoox","url":"","label":"iVoox","class":"ivoox","icon":"ivoox.png"}},"rssFeedUrl":"https:\/\/quechilero.com\/blog\/feed\/podcast\/si-la-vida-nos-da-limones","embedCode":"<blockquote class=\"wp-embedded-content\" data-secret=\"4aLPLsPtxw\"><a href=\"https:\/\/quechilero.com\/blog\/2007\/02\/14\/dia-del-carino\/\">D\u00eda del Cari\u00f1o<\/a><\/blockquote><iframe sandbox=\"allow-scripts\" security=\"restricted\" src=\"https:\/\/quechilero.com\/blog\/2007\/02\/14\/dia-del-carino\/embed\/#?secret=4aLPLsPtxw\" width=\"500\" height=\"350\" title=\"\u00abD\u00eda del Cari\u00f1o\u00bb \u2014 Si la Vida nos da Limones...\" data-secret=\"4aLPLsPtxw\" frameborder=\"0\" marginwidth=\"0\" marginheight=\"0\" scrolling=\"no\" class=\"wp-embedded-content\"><\/iframe><script>\n\/*! This file is auto-generated *\/\n!function(d,l){\"use strict\";l.querySelector&&d.addEventListener&&\"undefined\"!=typeof URL&&(d.wp=d.wp||{},d.wp.receiveEmbedMessage||(d.wp.receiveEmbedMessage=function(e){var t=e.data;if((t||t.secret||t.message||t.value)&&!\/[^a-zA-Z0-9]\/.test(t.secret)){for(var s,r,n,a=l.querySelectorAll('iframe[data-secret=\"'+t.secret+'\"]'),o=l.querySelectorAll('blockquote[data-secret=\"'+t.secret+'\"]'),c=new RegExp(\"^https?:$\",\"i\"),i=0;i<o.length;i++)o[i].style.display=\"none\";for(i=0;i<a.length;i++)s=a[i],e.source===s.contentWindow&&(s.removeAttribute(\"style\"),\"height\"===t.message?(1e3<(r=parseInt(t.value,10))?r=1e3:~~r<200&&(r=200),s.height=r):\"link\"===t.message&&(r=new URL(s.getAttribute(\"src\")),n=new URL(t.value),c.test(n.protocol))&&n.host===r.host&&l.activeElement===s&&(d.top.location.href=t.value))}},d.addEventListener(\"message\",d.wp.receiveEmbedMessage,!1),l.addEventListener(\"DOMContentLoaded\",function(){for(var e,t,s=l.querySelectorAll(\"iframe.wp-embedded-content\"),r=0;r<s.length;r++)(t=(e=s[r]).getAttribute(\"data-secret\"))||(t=Math.random().toString(36).substring(2,12),e.src+=\"#?secret=\"+t,e.setAttribute(\"data-secret\",t)),e.contentWindow.postMessage({message:\"ready\",secret:t},\"*\")},!1)))}(window,document);\n\/\/# sourceURL=https:\/\/quechilero.com\/blog\/wp-includes\/js\/wp-embed.min.js\n<\/script>\n"},"jetpack_publicize_connections":[],"jetpack_shortlink":"https:\/\/wp.me\/pDKli-6o","jetpack_sharing_enabled":true,"jetpack-related-posts":[{"id":389,"url":"https:\/\/quechilero.com\/blog\/2006\/12\/31\/una-flor-entre-las-piedras\/","url_meta":{"origin":396,"position":0},"title":"Una flor entre las piedras","author":"Pepe Barrascout Ortiz","date":"31 diciembre 2006","format":false,"excerpt":"Era una vez una flor que naci\u00f3 en medio de piedras. Qui\u00e9n sabe como, consigui\u00f3 crecer y ser una se\u00f1al de vida en medio de tanta tristeza. Pas\u00f3 una joven y qued\u00f3 admirada con la flor. Luego pens\u00f3 en Dios. Cort\u00f3 la flor y la llev\u00f3 a la iglesia. Una\u2026","rel":"","context":"En \u00abLimones\u00bb","block_context":{"text":"Limones","link":"https:\/\/quechilero.com\/blog\/category\/limones\/"},"img":{"alt_text":"","src":"","width":0,"height":0},"classes":[]},{"id":4372,"url":"https:\/\/quechilero.com\/blog\/2010\/02\/14\/dia-del-carino-2\/","url_meta":{"origin":396,"position":1},"title":"D\u00eda del cari\u00f1o","author":"Pepe Barrascout Ortiz","date":"14 febrero 2010","format":false,"excerpt":"A veces el amor es ciego, a veces es incondicional, a veces nos hace hacer cosas que no imaginamos hacer y nos hace dejar de hacer cosas que no pens\u00e1bamos dejar de hacer. Por el amor somos capaces de todo y de nada. Lindo es tener a quien amar, como\u2026","rel":"","context":"En \u00abLimones\u00bb","block_context":{"text":"Limones","link":"https:\/\/quechilero.com\/blog\/category\/limones\/"},"img":{"alt_text":"","src":"https:\/\/i0.wp.com\/i392.photobucket.com\/albums\/pp7\/pepejaguar\/blog\/13005_full.jpg?resize=350%2C200","width":350,"height":200},"classes":[]},{"id":1057,"url":"https:\/\/quechilero.com\/blog\/2008\/09\/15\/la-nina-de-guatemala\/","url_meta":{"origin":396,"position":2},"title":"La Ni\u00f1a de Guatemala","author":"Pepe Barrascout Ortiz","date":"15 septiembre 2008","format":false,"excerpt":"Quiero, a la sombra de un ala, Contar este cuento en flor: La ni\u00f1a de Guatemala, La que se muri\u00f3 de amor. Eran de lirios los ramos, Y las orlas de reseda Y de jazm\u00edn: la enterramos En una caja de seda. ...Ella dio al desmemoriado Una almohadilla de olor:\u2026","rel":"","context":"En \u00abLimones\u00bb","block_context":{"text":"Limones","link":"https:\/\/quechilero.com\/blog\/category\/limones\/"},"img":{"alt_text":"","src":"","width":0,"height":0},"classes":[]},{"id":14544,"url":"https:\/\/quechilero.com\/blog\/2012\/10\/14\/dejando-el-mundo-mejor-de-como-lo-entontramos\/","url_meta":{"origin":396,"position":3},"title":"Dejando el mundo, mejor de como lo entontramos","author":"Pepe Barrascout Ortiz","date":"14 octubre 2012","format":false,"excerpt":"https:\/\/youtu.be\/8hnzprMnSyg Siempre hay motivos, para dejar este mundo, en mejores condiciones de como lo encontramos. \u00bfTu ya tienes tu motivo? Feliz Cumplea\u00f1os Kiki","rel":"","context":"En \u00abLimones\u00bb","block_context":{"text":"Limones","link":"https:\/\/quechilero.com\/blog\/category\/limones\/"},"img":{"alt_text":"","src":"https:\/\/i0.wp.com\/img.youtube.com\/vi\/8hnzprMnSyg\/0.jpg?resize=350%2C200","width":350,"height":200},"classes":[]},{"id":789,"url":"https:\/\/quechilero.com\/blog\/2007\/11\/29\/meu-coracao\/","url_meta":{"origin":396,"position":4},"title":"Meu cora\u00e7\u00e3o","author":"Pepe Barrascout Ortiz","date":"29 noviembre 2007","format":false,"excerpt":"Meu cora\u00e7\u00e3o era frio, meu pensamento vazio, minha vida amarga, meu sorriso sem gra\u00e7a e a tristeza me calava... Hoje, sinto seu calor, penso em voc\u00ea com amor, me imagino um beija-flor, vivendo do seu doce amor... Voc\u00ea \u00e9 como uma flor que meu sorriso alegrou... H\u00e1 todos vou declarar...\u2026","rel":"","context":"En \u00abLimones\u00bb","block_context":{"text":"Limones","link":"https:\/\/quechilero.com\/blog\/category\/limones\/"},"img":{"alt_text":"","src":"","width":0,"height":0},"classes":[]},{"id":791,"url":"https:\/\/quechilero.com\/blog\/2007\/12\/04\/descobrir-o-amor\/","url_meta":{"origin":396,"position":5},"title":"Descobrir o Amor","author":"Pepe Barrascout Ortiz","date":"4 diciembre 2007","format":false,"excerpt":"Se queres descobrir o amor em teu ser, primeiro observa o nascimento das flores sobre as pedras, o nascimento da borboleta em seu casulo t\u00e3o limitado... Observa o sol nascendo e iluminando o que h\u00e1 pouco era s\u00f3 escurid\u00e3o... Se queres conhecer o amor, observa o movimento gracioso dos ventos\u2026","rel":"","context":"En \u00abLimones\u00bb","block_context":{"text":"Limones","link":"https:\/\/quechilero.com\/blog\/category\/limones\/"},"img":{"alt_text":"","src":"","width":0,"height":0},"classes":[]}],"jetpack_featured_media_url":"","_links":{"self":[{"href":"https:\/\/quechilero.com\/blog\/wp-json\/wp\/v2\/posts\/396","targetHints":{"allow":["GET"]}}],"collection":[{"href":"https:\/\/quechilero.com\/blog\/wp-json\/wp\/v2\/posts"}],"about":[{"href":"https:\/\/quechilero.com\/blog\/wp-json\/wp\/v2\/types\/post"}],"author":[{"embeddable":true,"href":"https:\/\/quechilero.com\/blog\/wp-json\/wp\/v2\/users\/1"}],"replies":[{"embeddable":true,"href":"https:\/\/quechilero.com\/blog\/wp-json\/wp\/v2\/comments?post=396"}],"version-history":[{"count":0,"href":"https:\/\/quechilero.com\/blog\/wp-json\/wp\/v2\/posts\/396\/revisions"}],"wp:attachment":[{"href":"https:\/\/quechilero.com\/blog\/wp-json\/wp\/v2\/media?parent=396"}],"wp:term":[{"taxonomy":"category","embeddable":true,"href":"https:\/\/quechilero.com\/blog\/wp-json\/wp\/v2\/categories?post=396"},{"taxonomy":"post_tag","embeddable":true,"href":"https:\/\/quechilero.com\/blog\/wp-json\/wp\/v2\/tags?post=396"},{"taxonomy":"series","embeddable":true,"href":"https:\/\/quechilero.com\/blog\/wp-json\/wp\/v2\/series?post=396"}],"curies":[{"name":"wp","href":"https:\/\/api.w.org\/{rel}","templated":true}]}}