{"id":3937,"date":"2009-11-25T08:00:14","date_gmt":"2009-11-25T14:00:14","guid":{"rendered":"http:\/\/quechilero.com\/blog\/?p=3937"},"modified":"2009-11-25T08:00:14","modified_gmt":"2009-11-25T14:00:14","slug":"claro-de-luna","status":"publish","type":"post","link":"https:\/\/quechilero.com\/blog\/2009\/11\/25\/claro-de-luna\/","title":{"rendered":"Claro de Luna"},"content":{"rendered":"<p>Cuenta la historia que Beethoven, el famoso compositor alem\u00e1n, se encontraba  sumergido en una profunda depresi\u00f3n debido a la muerte de un pr\u00edncipe de  Alemania que era como un padre para \u00e9l, la cual vino a sumarse al hecho que d\u00eda  tras d\u00eda se estaba quedando sordo. Era tal la depresi\u00f3n que ten\u00eda, que hasta  contempl\u00f3 la opci\u00f3n de suicidarse.<\/p>\n<p>Un d\u00eda, hablando con una muchacha ciega que viv\u00eda en la misma pensi\u00f3n que \u00e9l,  ella le dijo: <em>\u00ab\u00bfPor qu\u00e9 te quejas porque no puedes o\u00edr, si tienes el privilegio  de poder mirar? T\u00fa te quejas por tu sordera y no sabes cu\u00e1nto dar\u00eda yo por poder  ver un claro de luna.\u00bb<\/em><\/p>\n<p>Estas palabras sacudieron al joven compositor y lo hicieron reflexionar de  una forma tan tremenda que compuso la Sonata Claro de Luna, queriendo con ello  mostrarle a la joven lo que era un claro de luna y que, aunque sus ojos no lo  podr\u00edan ver, sus o\u00eddos y su mente s\u00ed.<\/p>\n<p>Siempre hay un motivo para sonre\u00edrle a la vida, no importa por lo que estemos  pasando, en la vida siempre hay una salida a los problemas y, aunque a veces no  la podamos ver como aquella joven que estaba ciega, siempre va a existir alguien  que nos permitir\u00e1 encontrarla, as\u00ed tengamos que aprender a mirar de otra forma,  como en este caso la m\u00fasica.<\/p>\n","protected":false},"excerpt":{"rendered":"<p>Cuenta la historia que Beethoven, el famoso compositor alem\u00e1n, se encontraba sumergido en una profunda depresi\u00f3n debido a la muerte de un pr\u00edncipe de Alemania que era como un padre para \u00e9l, la cual vino a sumarse al hecho que d\u00eda tras d\u00eda se estaba quedando sordo. Era tal la depresi\u00f3n que ten\u00eda, que hasta &#8230; <a title=\"Claro de Luna\" class=\"read-more\" href=\"https:\/\/quechilero.com\/blog\/2009\/11\/25\/claro-de-luna\/\" aria-label=\"Leer m\u00e1s sobre Claro de Luna\">Leer m\u00e1s<\/a><\/p>\n","protected":false},"author":1,"featured_media":0,"comment_status":"open","ping_status":"open","sticky":false,"template":"","format":"standard","meta":{"advanced_seo_description":"","jetpack_seo_html_title":"","jetpack_seo_noindex":false,"jetpack_seo_schema_type":"","episode_type":"","audio_file":"","podmotor_file_id":"","podmotor_episode_id":"","cover_image":"","cover_image_id":"","duration":"","filesize":"","filesize_raw":"","date_recorded":"","explicit":"","block":"","_jetpack_newsletter_access":"","_jetpack_dont_email_post_to_subs":false,"_jetpack_newsletter_tier_id":0,"_jetpack_memberships_contains_paywalled_content":false,"_jetpack_feature_clip_id":0,"_jetpack_memberships_contains_paid_content":false,"footnotes":"","jetpack_publicize_message":"","jetpack_publicize_feature_enabled":true,"jetpack_social_post_already_shared":false,"jetpack_social_options":{"image_generator_settings":{"template":"highway","default_image_id":0,"font":"","enabled":false},"version":2},"jetpack_post_was_ever_published":false},"categories":[2],"tags":[29,85,17,50,42,21,24],"series":[],"class_list":["post-3937","post","type-post","status-publish","format-standard","hentry","category-limones","tag-aprender","tag-depresion","tag-historia","tag-muerte","tag-palabra","tag-problema","tag-vida"],"episode_featured_image":false,"episode_player_image":"https:\/\/i0.wp.com\/quechilero.com\/blog\/imagenes\/podcast.png?fit=1831%2C1831&ssl=1","download_link":"","player_link":"","audio_player":false,"episode_data":{"playerMode":"dark","subscribeUrls":{"amazon":{"key":"amazon","url":"","label":"Amazon","class":"amazon","icon":"amazon.png"},"apple_podcasts":{"key":"apple_podcasts","url":"","label":"Apple Podcasts","class":"apple_podcasts","icon":"apple-podcasts.png"},"castbox":{"key":"castbox","url":"","label":"CastBox","class":"castbox","icon":"castbox.png"},"deezer":{"key":"deezer","url":"","label":"Deezer","class":"deezer","icon":"deezer.png"},"google_podcasts":{"key":"google_podcasts","url":"","label":"Google Podcasts","class":"google_podcasts","icon":"google-podcasts.png"},"listen_notes":{"key":"listen_notes","url":"","label":"Listen Notes","class":"listen_notes","icon":"listen-notes.png"},"pandora":{"key":"pandora","url":"","label":"Pandora","class":"pandora","icon":"pandora.png"},"podbean":{"key":"podbean","url":"","label":"Podbean","class":"podbean","icon":"podbean.png"},"podcast_republic":{"key":"podcast_republic","url":"","label":"Podcast Republic","class":"podcast_republic","icon":"podcast-republic.png"},"rss":{"key":"rss","url":"","label":"RSS","class":"rss","icon":"rss.png"},"spotify":{"key":"spotify","url":"","label":"Spotify","class":"spotify","icon":"spotify.png"},"stitcher":{"key":"stitcher","url":"","label":"Stitcher","class":"stitcher","icon":"stitcher.png"},"tunein":{"key":"tunein","url":"","label":"TuneIn","class":"tunein","icon":"tunein.png"},"youtube":{"key":"youtube","url":"","label":"YouTube","class":"youtube","icon":"youtube.png"},"iheartradio":{"key":"iheartradio","url":"","label":"iHeartRadio","class":"iheartradio","icon":"iheartradio.png"},"ivoox":{"key":"ivoox","url":"","label":"iVoox","class":"ivoox","icon":"ivoox.png"}},"rssFeedUrl":"https:\/\/quechilero.com\/blog\/feed\/podcast\/si-la-vida-nos-da-limones","embedCode":"<blockquote class=\"wp-embedded-content\" data-secret=\"mT42TEXjou\"><a href=\"https:\/\/quechilero.com\/blog\/2009\/11\/25\/claro-de-luna\/\">Claro de Luna<\/a><\/blockquote><iframe sandbox=\"allow-scripts\" security=\"restricted\" src=\"https:\/\/quechilero.com\/blog\/2009\/11\/25\/claro-de-luna\/embed\/#?secret=mT42TEXjou\" width=\"500\" height=\"350\" title=\"\u00abClaro de Luna\u00bb \u2014 Si la Vida nos da Limones...\" data-secret=\"mT42TEXjou\" frameborder=\"0\" marginwidth=\"0\" marginheight=\"0\" scrolling=\"no\" class=\"wp-embedded-content\"><\/iframe><script>\n\/*! This file is auto-generated *\/\n!function(d,l){\"use strict\";l.querySelector&&d.addEventListener&&\"undefined\"!=typeof URL&&(d.wp=d.wp||{},d.wp.receiveEmbedMessage||(d.wp.receiveEmbedMessage=function(e){var t=e.data;if((t||t.secret||t.message||t.value)&&!\/[^a-zA-Z0-9]\/.test(t.secret)){for(var s,r,n,a=l.querySelectorAll('iframe[data-secret=\"'+t.secret+'\"]'),o=l.querySelectorAll('blockquote[data-secret=\"'+t.secret+'\"]'),c=new RegExp(\"^https?:$\",\"i\"),i=0;i<o.length;i++)o[i].style.display=\"none\";for(i=0;i<a.length;i++)s=a[i],e.source===s.contentWindow&&(s.removeAttribute(\"style\"),\"height\"===t.message?(1e3<(r=parseInt(t.value,10))?r=1e3:~~r<200&&(r=200),s.height=r):\"link\"===t.message&&(r=new URL(s.getAttribute(\"src\")),n=new URL(t.value),c.test(n.protocol))&&n.host===r.host&&l.activeElement===s&&(d.top.location.href=t.value))}},d.addEventListener(\"message\",d.wp.receiveEmbedMessage,!1),l.addEventListener(\"DOMContentLoaded\",function(){for(var e,t,s=l.querySelectorAll(\"iframe.wp-embedded-content\"),r=0;r<s.length;r++)(t=(e=s[r]).getAttribute(\"data-secret\"))||(t=Math.random().toString(36).substring(2,12),e.src+=\"#?secret=\"+t,e.setAttribute(\"data-secret\",t)),e.contentWindow.postMessage({message:\"ready\",secret:t},\"*\")},!1)))}(window,document);\n\/\/# sourceURL=https:\/\/quechilero.com\/blog\/wp-includes\/js\/wp-embed.min.js\n<\/script>\n"},"jetpack_publicize_connections":[],"jetpack_shortlink":"https:\/\/wp.me\/pDKli-11v","jetpack_sharing_enabled":true,"jetpack-related-posts":[{"id":2046,"url":"https:\/\/quechilero.com\/blog\/2009\/01\/30\/la-era-de-la-depresion\/","url_meta":{"origin":3937,"position":0},"title":"La era de la depresi\u00f3n","author":"Pepe Barrascout Ortiz","date":"30 enero 2009","format":false,"excerpt":"El doctor Luis Rojas Marcos, psiquiatra, quien fuera presidente del Sistema P\u00fablico de Salud de Nueva York, a la pregunta \"\u00bfPor qu\u00e9 se queja tanto la gente?\", responde: \"La queja es como una neurosis colectiva. El s\u00edntoma de tener pena de s\u00ed mismo tal vez habla de desmoralizaci\u00f3n. Es posible\u2026","rel":"","context":"En \u00abLimones\u00bb","block_context":{"text":"Limones","link":"https:\/\/quechilero.com\/blog\/category\/limones\/"},"img":{"alt_text":"","src":"","width":0,"height":0},"classes":[]},{"id":21492,"url":"https:\/\/quechilero.com\/blog\/2015\/08\/19\/quejas\/","url_meta":{"origin":3937,"position":1},"title":"Quejas","author":"Pepe Barrascout Ortiz","date":"19 agosto 2015","format":false,"excerpt":"Hay personas que pasan todo el tiempo quej\u00e1ndose de esta manera: El mundo hoy, va mal... El gobierno no satisface mis necesidades... La Iglesia no me da respuestas... Mis amigos se desaparecieron... La se\u00f1al de televisi\u00f3n no comenz\u00f3 a transmitir a tiempo... Mi equipo ha perdido y es posible que\u2026","rel":"","context":"En \u00abLimones\u00bb","block_context":{"text":"Limones","link":"https:\/\/quechilero.com\/blog\/category\/limones\/"},"img":{"alt_text":"","src":"","width":0,"height":0},"classes":[]},{"id":17743,"url":"https:\/\/quechilero.com\/blog\/2014\/02\/18\/a-quien-seguir\/","url_meta":{"origin":3937,"position":2},"title":"A qui\u00e9n seguir","author":"Pepe Barrascout Ortiz","date":"18 febrero 2014","format":false,"excerpt":"\"\u00bfConque Dios os ha dicho: No com\u00e1is de todo \u00e1rbol del huerto?\" (G\u00e9nesis 3:1) \u00a1No s\u00e9 qu\u00e9 hacer; simplemente, no lo s\u00e9! Con el rostro entre los brazos, sentada frente a m\u00ed, Claudia era el retrato de tantas personas, inmersas en un mundo de dudas: matrimonio en bancarrota, crisis en\u2026","rel":"","context":"En \u00abLimones\u00bb","block_context":{"text":"Limones","link":"https:\/\/quechilero.com\/blog\/category\/limones\/"},"img":{"alt_text":"","src":"","width":0,"height":0},"classes":[]},{"id":255,"url":"https:\/\/quechilero.com\/blog\/2006\/09\/29\/ex-novias-vengadoras\/","url_meta":{"origin":3937,"position":3},"title":"Ex novias vengadoras","author":"Pepe Barrascout Ortiz","date":"29 septiembre 2006","format":false,"excerpt":"Nuevamente en Italia, otro blog que caus\u00f3 conmoci\u00f3n en la sociedad y que a mi tambi\u00e9n me ha impresionado, porque al igual que la mujer que ofrece sexo a cambio de trabajo fijo, este otro blog evidencia la falta de valores morales que se est\u00e1 viviendo en nuestros d\u00edas. Ahora\u2026","rel":"","context":"En \u00abLimones\u00bb","block_context":{"text":"Limones","link":"https:\/\/quechilero.com\/blog\/category\/limones\/"},"img":{"alt_text":"","src":"","width":0,"height":0},"classes":[]},{"id":2615,"url":"https:\/\/quechilero.com\/blog\/2009\/04\/04\/fue-secuestrado\/","url_meta":{"origin":3937,"position":4},"title":"Fue secuestrado","author":"Pepe Barrascout Ortiz","date":"4 abril 2009","format":false,"excerpt":"El Dr. Tom Sutherland, fue nombrado como director en una universidad de Beirut, cuando en esta naci\u00f3n pasaba por momentos de gran violencia. \u00c9l, como era un hombre de paz, no quiso aceptar el guardaespaldas. En 1985 fue secuestrado por los chi\u00edtas; su cautiverio fue horrible y pas\u00f3 por una\u2026","rel":"","context":"En \u00abLimones\u00bb","block_context":{"text":"Limones","link":"https:\/\/quechilero.com\/blog\/category\/limones\/"},"img":{"alt_text":"","src":"","width":0,"height":0},"classes":[]},{"id":9546,"url":"https:\/\/quechilero.com\/blog\/2011\/06\/25\/dia-del-maestro\/","url_meta":{"origin":3937,"position":5},"title":"D\u00eda del Maestro","author":"Pepe Barrascout Ortiz","date":"25 junio 2011","format":false,"excerpt":"Como un homenaje a mis colegas maestros, comparto estos art\u00edculos, que a lo largo de cinco a\u00f1os, he publicado en Si la vida nos da limones..., pero solo a aquellos que con \u00e1nimo y energ\u00eda, vocaci\u00f3n y entrega, d\u00eda a d\u00eda, asisten puntuales a la cita que tienen con la\u2026","rel":"","context":"En \u00abLimones\u00bb","block_context":{"text":"Limones","link":"https:\/\/quechilero.com\/blog\/category\/limones\/"},"img":{"alt_text":"","src":"","width":0,"height":0},"classes":[]}],"jetpack_featured_media_url":"","_links":{"self":[{"href":"https:\/\/quechilero.com\/blog\/wp-json\/wp\/v2\/posts\/3937","targetHints":{"allow":["GET"]}}],"collection":[{"href":"https:\/\/quechilero.com\/blog\/wp-json\/wp\/v2\/posts"}],"about":[{"href":"https:\/\/quechilero.com\/blog\/wp-json\/wp\/v2\/types\/post"}],"author":[{"embeddable":true,"href":"https:\/\/quechilero.com\/blog\/wp-json\/wp\/v2\/users\/1"}],"replies":[{"embeddable":true,"href":"https:\/\/quechilero.com\/blog\/wp-json\/wp\/v2\/comments?post=3937"}],"version-history":[{"count":0,"href":"https:\/\/quechilero.com\/blog\/wp-json\/wp\/v2\/posts\/3937\/revisions"}],"wp:attachment":[{"href":"https:\/\/quechilero.com\/blog\/wp-json\/wp\/v2\/media?parent=3937"}],"wp:term":[{"taxonomy":"category","embeddable":true,"href":"https:\/\/quechilero.com\/blog\/wp-json\/wp\/v2\/categories?post=3937"},{"taxonomy":"post_tag","embeddable":true,"href":"https:\/\/quechilero.com\/blog\/wp-json\/wp\/v2\/tags?post=3937"},{"taxonomy":"series","embeddable":true,"href":"https:\/\/quechilero.com\/blog\/wp-json\/wp\/v2\/series?post=3937"}],"curies":[{"name":"wp","href":"https:\/\/api.w.org\/{rel}","templated":true}]}}