{"id":3898,"date":"2009-11-09T08:00:03","date_gmt":"2009-11-09T14:00:03","guid":{"rendered":"http:\/\/quechilero.com\/blog\/?p=3898"},"modified":"2009-11-09T08:00:03","modified_gmt":"2009-11-09T14:00:03","slug":"linus-torvalds-y-windows-7","status":"publish","type":"post","link":"https:\/\/quechilero.com\/blog\/2009\/11\/09\/linus-torvalds-y-windows-7\/","title":{"rendered":"Linus Torvalds y Windows 7"},"content":{"rendered":"<p>Una imagen poco com\u00fan, ver a <em>Linus Torvalds<\/em>, el iniciador de los sistemas operativos Linux, posando en el frente de un <em>stand<\/em>, que vende el reci\u00e9n lanzado <em>Windows 7<\/em>.<\/p>\n<p>Microsoft trat\u00f3 de torpedear el \u00e9xito del <em>Simposio de Linux de Jap\u00f3n<\/em> con el lanzamiento de su producto de <em>Windows 7<\/em> el mismo d\u00eda. Incluso hab\u00eda un stand de promoci\u00f3n de instalaci\u00f3n al enfrente del centro de conferencias. Durante un receso, pensaron en divertirse un poco a costa de <em>Microsoft<\/em> y llevaron a Linus Torvalds all\u00ed. Cuando llegaron all\u00ed, Torvalds fue <em>\u00abatra\u00eddo\u00bb<\/em> inmediatamente por <em>el producto<\/em>, como pueden ver en la imagen.<\/p>\n<p>Al menos eso es lo que el vendedor pudo haber pensado. Era obvio que no ten\u00eda idea de qui\u00e9n era quien estaba al frente del kiosko. Pero al final, <em>Linus Torvalds sorprendentemente<\/em> no compr\u00f3 <em>Windows 7<\/em>.<\/p>\n<p>\u00a1Hombre sabio!  \ud83d\ude09<\/p>\n<p><a href=\"http:\/\/s392.photobucket.com\/albums\/pp7\/pepejaguar\/blog\/?action=view&amp;current=dsc_1576.jpg\"><img data-recalc-dims=\"1\" decoding=\"async\" class=\"alignnone\" src=\"https:\/\/i0.wp.com\/i392.photobucket.com\/albums\/pp7\/pepejaguar\/blog\/dsc_1576.jpg?w=550\" alt=\"\"  \/><\/a><\/p>\n","protected":false},"excerpt":{"rendered":"<p>Una imagen poco com\u00fan, ver a Linus Torvalds, el iniciador de los sistemas operativos Linux, posando en el frente de un stand, que vende el reci\u00e9n lanzado Windows 7. Microsoft trat\u00f3 de torpedear el \u00e9xito del Simposio de Linux de Jap\u00f3n con el lanzamiento de su producto de Windows 7 el mismo d\u00eda. Incluso hab\u00eda &#8230; <a title=\"Linus Torvalds y Windows 7\" class=\"read-more\" href=\"https:\/\/quechilero.com\/blog\/2009\/11\/09\/linus-torvalds-y-windows-7\/\" aria-label=\"Leer m\u00e1s sobre Linus Torvalds y Windows 7\">Leer m\u00e1s<\/a><\/p>\n","protected":false},"author":1,"featured_media":0,"comment_status":"open","ping_status":"open","sticky":false,"template":"","format":"standard","meta":{"advanced_seo_description":"","jetpack_seo_html_title":"","jetpack_seo_noindex":false,"jetpack_seo_schema_type":"","episode_type":"","audio_file":"","podmotor_file_id":"","podmotor_episode_id":"","cover_image":"","cover_image_id":"","duration":"","filesize":"","filesize_raw":"","date_recorded":"","explicit":"","block":"","_jetpack_newsletter_access":"","_jetpack_dont_email_post_to_subs":false,"_jetpack_newsletter_tier_id":0,"_jetpack_memberships_contains_paywalled_content":false,"_jetpack_feature_clip_id":0,"_jetpack_memberships_contains_paid_content":false,"footnotes":"","jetpack_publicize_message":"","jetpack_publicize_feature_enabled":true,"jetpack_social_post_already_shared":false,"jetpack_social_options":{"image_generator_settings":{"template":"highway","default_image_id":0,"font":"","enabled":false},"version":2},"jetpack_post_was_ever_published":false},"categories":[2],"tags":[4,18,9,77,13],"series":[],"class_list":["post-3898","post","type-post","status-publish","format-standard","hentry","category-limones","tag-blog","tag-hombre","tag-idea","tag-linux","tag-windows"],"episode_featured_image":false,"episode_player_image":"https:\/\/i0.wp.com\/quechilero.com\/blog\/imagenes\/podcast.png?fit=1831%2C1831&ssl=1","download_link":"","player_link":"","audio_player":false,"episode_data":{"playerMode":"dark","subscribeUrls":{"amazon":{"key":"amazon","url":"","label":"Amazon","class":"amazon","icon":"amazon.png"},"apple_podcasts":{"key":"apple_podcasts","url":"","label":"Apple Podcasts","class":"apple_podcasts","icon":"apple-podcasts.png"},"castbox":{"key":"castbox","url":"","label":"CastBox","class":"castbox","icon":"castbox.png"},"deezer":{"key":"deezer","url":"","label":"Deezer","class":"deezer","icon":"deezer.png"},"google_podcasts":{"key":"google_podcasts","url":"","label":"Google Podcasts","class":"google_podcasts","icon":"google-podcasts.png"},"listen_notes":{"key":"listen_notes","url":"","label":"Listen Notes","class":"listen_notes","icon":"listen-notes.png"},"pandora":{"key":"pandora","url":"","label":"Pandora","class":"pandora","icon":"pandora.png"},"podbean":{"key":"podbean","url":"","label":"Podbean","class":"podbean","icon":"podbean.png"},"podcast_republic":{"key":"podcast_republic","url":"","label":"Podcast Republic","class":"podcast_republic","icon":"podcast-republic.png"},"rss":{"key":"rss","url":"","label":"RSS","class":"rss","icon":"rss.png"},"spotify":{"key":"spotify","url":"","label":"Spotify","class":"spotify","icon":"spotify.png"},"stitcher":{"key":"stitcher","url":"","label":"Stitcher","class":"stitcher","icon":"stitcher.png"},"tunein":{"key":"tunein","url":"","label":"TuneIn","class":"tunein","icon":"tunein.png"},"youtube":{"key":"youtube","url":"","label":"YouTube","class":"youtube","icon":"youtube.png"},"iheartradio":{"key":"iheartradio","url":"","label":"iHeartRadio","class":"iheartradio","icon":"iheartradio.png"},"ivoox":{"key":"ivoox","url":"","label":"iVoox","class":"ivoox","icon":"ivoox.png"}},"rssFeedUrl":"https:\/\/quechilero.com\/blog\/feed\/podcast\/si-la-vida-nos-da-limones","embedCode":"<blockquote class=\"wp-embedded-content\" data-secret=\"5Q0sVZAGfF\"><a href=\"https:\/\/quechilero.com\/blog\/2009\/11\/09\/linus-torvalds-y-windows-7\/\">Linus Torvalds y Windows 7<\/a><\/blockquote><iframe sandbox=\"allow-scripts\" security=\"restricted\" src=\"https:\/\/quechilero.com\/blog\/2009\/11\/09\/linus-torvalds-y-windows-7\/embed\/#?secret=5Q0sVZAGfF\" width=\"500\" height=\"350\" title=\"\u00abLinus Torvalds y Windows 7\u00bb \u2014 Si la Vida nos da Limones...\" data-secret=\"5Q0sVZAGfF\" frameborder=\"0\" marginwidth=\"0\" marginheight=\"0\" scrolling=\"no\" class=\"wp-embedded-content\"><\/iframe><script>\n\/*! This file is auto-generated *\/\n!function(d,l){\"use strict\";l.querySelector&&d.addEventListener&&\"undefined\"!=typeof URL&&(d.wp=d.wp||{},d.wp.receiveEmbedMessage||(d.wp.receiveEmbedMessage=function(e){var t=e.data;if((t||t.secret||t.message||t.value)&&!\/[^a-zA-Z0-9]\/.test(t.secret)){for(var s,r,n,a=l.querySelectorAll('iframe[data-secret=\"'+t.secret+'\"]'),o=l.querySelectorAll('blockquote[data-secret=\"'+t.secret+'\"]'),c=new RegExp(\"^https?:$\",\"i\"),i=0;i<o.length;i++)o[i].style.display=\"none\";for(i=0;i<a.length;i++)s=a[i],e.source===s.contentWindow&&(s.removeAttribute(\"style\"),\"height\"===t.message?(1e3<(r=parseInt(t.value,10))?r=1e3:~~r<200&&(r=200),s.height=r):\"link\"===t.message&&(r=new URL(s.getAttribute(\"src\")),n=new URL(t.value),c.test(n.protocol))&&n.host===r.host&&l.activeElement===s&&(d.top.location.href=t.value))}},d.addEventListener(\"message\",d.wp.receiveEmbedMessage,!1),l.addEventListener(\"DOMContentLoaded\",function(){for(var e,t,s=l.querySelectorAll(\"iframe.wp-embedded-content\"),r=0;r<s.length;r++)(t=(e=s[r]).getAttribute(\"data-secret\"))||(t=Math.random().toString(36).substring(2,12),e.src+=\"#?secret=\"+t,e.setAttribute(\"data-secret\",t)),e.contentWindow.postMessage({message:\"ready\",secret:t},\"*\")},!1)))}(window,document);\n\/\/# sourceURL=https:\/\/quechilero.com\/blog\/wp-includes\/js\/wp-embed.min.js\n<\/script>\n"},"jetpack_publicize_connections":[],"jetpack_shortlink":"https:\/\/wp.me\/pDKli-10S","jetpack_sharing_enabled":true,"jetpack-related-posts":[{"id":3934,"url":"https:\/\/quechilero.com\/blog\/2009\/11\/23\/el-sistema-operativo-mas-rapido\/","url_meta":{"origin":3898,"position":0},"title":"El sistema operativo mas r\u00e1pido","author":"Pepe Barrascout Ortiz","date":"23 noviembre 2009","format":false,"excerpt":"En su publicidad, Microsoft ha dicho que la \u00faltima versi\u00f3n de su sistema operativo, Windows 7, ser\u00eda mas r\u00e1pido, estable y f\u00e1cil de usar, que sus predecesores. Sin embargo, como siempre, no han cumplido con su palabra y siguen invadiendo la mente del consumidor, con propaganda falsa. Microsoft espera resultados\u2026","rel":"","context":"En \u00abLimones\u00bb","block_context":{"text":"Limones","link":"https:\/\/quechilero.com\/blog\/category\/limones\/"},"img":{"alt_text":"","src":"","width":0,"height":0},"classes":[]},{"id":184,"url":"https:\/\/quechilero.com\/blog\/2006\/08\/23\/pantallazo-azul\/","url_meta":{"origin":3898,"position":1},"title":"Pantallazo Azul","author":"Pepe Barrascout Ortiz","date":"23 agosto 2006","format":false,"excerpt":"Para evitar el pantallazo azul, es fundamental recitar el siguiente texto, de preferencia acostado boca abajo y en direcci\u00f3n a Silicon Valley, la mano derecha agarrando el mouse y con la izquierda tocando la tecla de windows en el teclado. Bill G. que estas en Microsoft. Masificado sea tu sistema\u2026","rel":"","context":"En \u00abLimones\u00bb","block_context":{"text":"Limones","link":"https:\/\/quechilero.com\/blog\/category\/limones\/"},"img":{"alt_text":"Error en Windows","src":"https:\/\/i0.wp.com\/static.flickr.com\/92\/219126903_0eefad4d2e.jpg?resize=350%2C200","width":350,"height":200},"classes":[]},{"id":199,"url":"https:\/\/quechilero.com\/blog\/2006\/08\/27\/bart-windows\/","url_meta":{"origin":3898,"position":2},"title":"Bart Windows","author":"Pepe Barrascout Ortiz","date":"27 agosto 2006","format":false,"excerpt":"Un fondo de pantalla para los que no pueden olvidar Win XP y que trabajan en Linux. Bart Windows. Click en la imagen para agrandar.","rel":"","context":"En \u00abLimones\u00bb","block_context":{"text":"Limones","link":"https:\/\/quechilero.com\/blog\/category\/limones\/"},"img":{"alt_text":"","src":"","width":0,"height":0},"classes":[]},{"id":323,"url":"https:\/\/quechilero.com\/blog\/2006\/10\/27\/microfox-2007\/","url_meta":{"origin":3898,"position":3},"title":"MicroFox 2007","author":"Pepe Barrascout Ortiz","date":"27 octubre 2006","format":false,"excerpt":"Parece que los se\u00f1ores de IE7, decidieron que ya era hora de hacer las cosas bien y decidieron sacar su propia versi\u00f3n de FireFox, ahora que est\u00e1 tan de moda. La han llamado MicroFox o FireSoft como m\u00e1s les guste. Seg\u00fan su propia p\u00e1gina http:\/\/www.msfirefox.com\/, estos son los requisitos que\u2026","rel":"","context":"En \u00abLimones\u00bb","block_context":{"text":"Limones","link":"https:\/\/quechilero.com\/blog\/category\/limones\/"},"img":{"alt_text":"MicroFox","src":"https:\/\/i0.wp.com\/static.flickr.com\/80\/280139736_22a642b1cf_o.jpg?resize=350%2C200","width":350,"height":200},"classes":[]},{"id":1036,"url":"https:\/\/quechilero.com\/blog\/2008\/08\/01\/linux-windows-diferencias\/","url_meta":{"origin":3898,"position":4},"title":"Linux &#8211; Windows, diferencias","author":"Pepe Barrascout Ortiz","date":"1 agosto 2008","format":false,"excerpt":"Entre Linux y Windows hay muchas diferencias, pero entre todas resalta una que es b\u00e1sica y fundamental y que da pie a todo lo dem\u00e1s. Windows Mobile: No prestar (ceder) o hacer copias ilegales de este software. Ubuntu Linux: Legalmente libre para copiar, modificar y redistribuir. Visto aqui.","rel":"","context":"En \u00abLimones\u00bb","block_context":{"text":"Limones","link":"https:\/\/quechilero.com\/blog\/category\/limones\/"},"img":{"alt_text":"","src":"","width":0,"height":0},"classes":[]},{"id":471,"url":"https:\/\/quechilero.com\/blog\/2007\/02\/25\/aventrua-linux-dia-1\/","url_meta":{"origin":3898,"position":5},"title":"Aventrua Linux. D\u00eda 1","author":"Pepe Barrascout Ortiz","date":"25 febrero 2007","format":false,"excerpt":"Desde hace alg\u00fan tiempo, me empec\u00e9 a interesar mas por usar GNU\/Linux a pesar de no saber absolutamente nada de nada, es m\u00e1s ahora a casi un a\u00f1o en que realmente me puse a buscar informaci\u00f3n, no considero saber a\u00fan nada. A finales de agosto de 2006 leyendo uno de\u2026","rel":"","context":"En \u00abLimones\u00bb","block_context":{"text":"Limones","link":"https:\/\/quechilero.com\/blog\/category\/limones\/"},"img":{"alt_text":"","src":"","width":0,"height":0},"classes":[]}],"jetpack_featured_media_url":"","_links":{"self":[{"href":"https:\/\/quechilero.com\/blog\/wp-json\/wp\/v2\/posts\/3898","targetHints":{"allow":["GET"]}}],"collection":[{"href":"https:\/\/quechilero.com\/blog\/wp-json\/wp\/v2\/posts"}],"about":[{"href":"https:\/\/quechilero.com\/blog\/wp-json\/wp\/v2\/types\/post"}],"author":[{"embeddable":true,"href":"https:\/\/quechilero.com\/blog\/wp-json\/wp\/v2\/users\/1"}],"replies":[{"embeddable":true,"href":"https:\/\/quechilero.com\/blog\/wp-json\/wp\/v2\/comments?post=3898"}],"version-history":[{"count":0,"href":"https:\/\/quechilero.com\/blog\/wp-json\/wp\/v2\/posts\/3898\/revisions"}],"wp:attachment":[{"href":"https:\/\/quechilero.com\/blog\/wp-json\/wp\/v2\/media?parent=3898"}],"wp:term":[{"taxonomy":"category","embeddable":true,"href":"https:\/\/quechilero.com\/blog\/wp-json\/wp\/v2\/categories?post=3898"},{"taxonomy":"post_tag","embeddable":true,"href":"https:\/\/quechilero.com\/blog\/wp-json\/wp\/v2\/tags?post=3898"},{"taxonomy":"series","embeddable":true,"href":"https:\/\/quechilero.com\/blog\/wp-json\/wp\/v2\/series?post=3898"}],"curies":[{"name":"wp","href":"https:\/\/api.w.org\/{rel}","templated":true}]}}