{"id":3890,"date":"2009-10-27T23:00:55","date_gmt":"2009-10-28T05:00:55","guid":{"rendered":"http:\/\/quechilero.com\/blog\/?p=3890"},"modified":"2009-10-27T23:00:55","modified_gmt":"2009-10-28T05:00:55","slug":"balon-intragastrico","status":"publish","type":"post","link":"https:\/\/quechilero.com\/blog\/2009\/10\/27\/balon-intragastrico\/","title":{"rendered":"Bal\u00f3n Intrag\u00e1strico"},"content":{"rendered":"<p><strong>\u00bfQu\u00e9 es?<\/strong><\/p>\n<p>El <a title=\"Bal\u00f3n Intrag\u00e1strico\" href=\"http:\/\/www.obesitymedicalcenter.com\/tratamiento-balon-intragastrico.html\" target=\"_blank\">Bal\u00f3n<\/a> Intrag\u00e1strico (BIG) es un tratamiento contra la obesidad, sin cirug\u00eda. Est\u00e1 indicado para personas con obesidad leve o moderada que por s\u00ed solas no consiguen perder peso. Tambi\u00e9n est\u00e1 indicado para personas con obesidad severa, por un lado, como paso previo a una cirug\u00eda de obesidad ( para evitar los riesgos quir\u00fargicos asociados a un exceso de masa adiposa ) y por otro, para aquellas personas en las que por sus condiciones particulares est\u00e1 contraindicada cualquier cirug\u00eda.<\/p>\n<p><strong>\u00bfEn qu\u00e9 consiste?<\/strong><\/p>\n<p>Se trata de un globo expandible de silicona que se introduce vac\u00edo por la boca por v\u00eda endosc\u00f3pica y se aloja en el est\u00f3mago. Una vez colocado se rellena con una soluci\u00f3n salina est\u00e9ril, de entre 400 y 700 cc, que depender\u00e1 del sobrepeso y la talla del paciente. El objetivo es crear una sensaci\u00f3n de saciedad continua, ya que el Bal\u00f3n Intrag\u00e1strico ocupa una gran parte del est\u00f3mago. Este tratamiento se realiza con sedaci\u00f3n y para el mismo hay que realizar unas pruebas preoperatorias sencillas. Es un procedimiento r\u00e1pido para el que no se requiere hospitalizaci\u00f3n. Su duraci\u00f3n es de 20-30 minutos.<\/p>\n<p><!--more--><\/p>\n<p>Va acompa\u00f1ado de una dieta hipocal\u00f3rica personalizada realizada por un endocrino, muy llevadera, por la sensaci\u00f3n de saciedad que provoca el <a title=\"Bal\u00f3n Intrag\u00e1strico\" href=\"http:\/\/www.obesitymedicalcenter.com\/tratamiento-balon-intragastrico.html\" target=\"_blank\">Bal\u00f3n Intrag\u00e1strico<\/a>. Adem\u00e1s de ayudar a la p\u00e9rdida de peso, la dieta ense\u00f1a a adquirir buenos h\u00e1bitos alimentarios que se mantendr\u00e1n una vez acabado el tratamiento.<\/p>\n<p>El <a title=\"Bal\u00f3n Intrag\u00e1strico\" href=\"http:\/\/www.obesitymedicalcenter.com\/tratamiento-balon-intragastrico.html\" target=\"_blank\">Bal\u00f3n Intrag\u00e1strico<\/a> puede permanecer en el est\u00f3mago un m\u00e1ximo de 6 meses, aunque tambi\u00e9n se puede retirar antes, si se han perdido los kilos deseados. Se retira tambi\u00e9n por endoscopia, una vez extra\u00eddo el l\u00edquido est\u00e9ril. Asimismo, si el m\u00e9dico lo indica, es posible colocar un segundo BIG para continuar la p\u00e9rdida de kilos con la dieta.<\/p>\n<p>Todo el tratamiento se realiza bajo un estricto control m\u00e9dico, con apoyo psicol\u00f3gico continuado. Incluso, retirado el BIG, los m\u00e9dicos de Obesity Medical Center realizan un seguimiento exhaustivo para evitar que el peso perdido vuelva a recuperarse.<\/p>\n<p><strong>Resultados<\/strong><\/p>\n<p>Se pueden llegar a perder hasta 30 kilos en 6 meses.<\/p>\n<p>Una vez retirado el Bal\u00f3n Intrag\u00e1strico se puede seguir perdiendo peso ya que el cuerpo se ha acostumbrado a una alimentaci\u00f3n saludable y en las cantidades convenientes.<\/p>\n<p>En Obesity Medical Center estaremos a tu lado en cada momento para asesorarte y darte siempre los mejores consejos.<\/p>\n<p><strong>Posibles efectos secundarios<\/strong><\/p>\n<p>Durante los tres primeros d\u00edas tras su colocaci\u00f3n, puede provocar v\u00f3mitos y n\u00e1useas. Nuestros especialistas te dar\u00e1s las pautas a seguir para evitar cualquier molestia y poder llevar una vida absolutamente normal mientras vas perdiendo el exceso de peso.<\/p>\n<p><img loading=\"lazy\" decoding=\"async\" class=\"alignnone\" src=\"http:\/\/tinyurl.com\/yghsb3o\" alt=\"\" width=\"130\" height=\"16\" \/><\/p>\n","protected":false},"excerpt":{"rendered":"<p>\u00bfQu\u00e9 es? El Bal\u00f3n Intrag\u00e1strico (BIG) es un tratamiento contra la obesidad, sin cirug\u00eda. Est\u00e1 indicado para personas con obesidad leve o moderada que por s\u00ed solas no consiguen perder peso. Tambi\u00e9n est\u00e1 indicado para personas con obesidad severa, por un lado, como paso previo a una cirug\u00eda de obesidad ( para evitar los riesgos &#8230; <a title=\"Bal\u00f3n Intrag\u00e1strico\" class=\"read-more\" href=\"https:\/\/quechilero.com\/blog\/2009\/10\/27\/balon-intragastrico\/\" aria-label=\"Leer m\u00e1s sobre Bal\u00f3n Intrag\u00e1strico\">Leer m\u00e1s<\/a><\/p>\n","protected":false},"author":1,"featured_media":0,"comment_status":"open","ping_status":"open","sticky":false,"template":"","format":"standard","meta":{"advanced_seo_description":"","jetpack_seo_html_title":"","jetpack_seo_noindex":false,"jetpack_seo_schema_type":"","episode_type":"","audio_file":"","podmotor_file_id":"","podmotor_episode_id":"","cover_image":"","cover_image_id":"","duration":"","filesize":"","filesize_raw":"","date_recorded":"","explicit":"","block":"","_jetpack_newsletter_access":"","_jetpack_dont_email_post_to_subs":false,"_jetpack_newsletter_tier_id":0,"_jetpack_memberships_contains_paywalled_content":false,"_jetpack_feature_clip_id":0,"_jetpack_memberships_contains_paid_content":false,"footnotes":"","jetpack_publicize_message":"","jetpack_publicize_feature_enabled":true,"jetpack_social_post_already_shared":false,"jetpack_social_options":{"image_generator_settings":{"template":"highway","default_image_id":0,"font":"","enabled":false},"version":2},"jetpack_post_was_ever_published":false},"categories":[2],"tags":[44,37,32,3,34,24],"series":[],"class_list":["post-3890","post","type-post","status-publish","format-standard","hentry","category-limones","tag-apoyo","tag-ayuda","tag-especial","tag-resultados","tag-solucion","tag-vida"],"episode_featured_image":false,"episode_player_image":"https:\/\/i0.wp.com\/quechilero.com\/blog\/imagenes\/podcast.png?fit=1831%2C1831&ssl=1","download_link":"","player_link":"","audio_player":false,"episode_data":{"playerMode":"dark","subscribeUrls":{"amazon":{"key":"amazon","url":"","label":"Amazon","class":"amazon","icon":"amazon.png"},"apple_podcasts":{"key":"apple_podcasts","url":"","label":"Apple Podcasts","class":"apple_podcasts","icon":"apple-podcasts.png"},"castbox":{"key":"castbox","url":"","label":"CastBox","class":"castbox","icon":"castbox.png"},"deezer":{"key":"deezer","url":"","label":"Deezer","class":"deezer","icon":"deezer.png"},"google_podcasts":{"key":"google_podcasts","url":"","label":"Google Podcasts","class":"google_podcasts","icon":"google-podcasts.png"},"listen_notes":{"key":"listen_notes","url":"","label":"Listen Notes","class":"listen_notes","icon":"listen-notes.png"},"pandora":{"key":"pandora","url":"","label":"Pandora","class":"pandora","icon":"pandora.png"},"podbean":{"key":"podbean","url":"","label":"Podbean","class":"podbean","icon":"podbean.png"},"podcast_republic":{"key":"podcast_republic","url":"","label":"Podcast Republic","class":"podcast_republic","icon":"podcast-republic.png"},"rss":{"key":"rss","url":"","label":"RSS","class":"rss","icon":"rss.png"},"spotify":{"key":"spotify","url":"","label":"Spotify","class":"spotify","icon":"spotify.png"},"stitcher":{"key":"stitcher","url":"","label":"Stitcher","class":"stitcher","icon":"stitcher.png"},"tunein":{"key":"tunein","url":"","label":"TuneIn","class":"tunein","icon":"tunein.png"},"youtube":{"key":"youtube","url":"","label":"YouTube","class":"youtube","icon":"youtube.png"},"iheartradio":{"key":"iheartradio","url":"","label":"iHeartRadio","class":"iheartradio","icon":"iheartradio.png"},"ivoox":{"key":"ivoox","url":"","label":"iVoox","class":"ivoox","icon":"ivoox.png"}},"rssFeedUrl":"https:\/\/quechilero.com\/blog\/feed\/podcast\/si-la-vida-nos-da-limones","embedCode":"<blockquote class=\"wp-embedded-content\" data-secret=\"oJIrDgMhMq\"><a href=\"https:\/\/quechilero.com\/blog\/2009\/10\/27\/balon-intragastrico\/\">Bal\u00f3n Intrag\u00e1strico<\/a><\/blockquote><iframe sandbox=\"allow-scripts\" security=\"restricted\" src=\"https:\/\/quechilero.com\/blog\/2009\/10\/27\/balon-intragastrico\/embed\/#?secret=oJIrDgMhMq\" width=\"500\" height=\"350\" title=\"\u00abBal\u00f3n Intrag\u00e1strico\u00bb \u2014 Si la Vida nos da Limones...\" data-secret=\"oJIrDgMhMq\" frameborder=\"0\" marginwidth=\"0\" marginheight=\"0\" scrolling=\"no\" class=\"wp-embedded-content\"><\/iframe><script>\n\/*! This file is auto-generated *\/\n!function(d,l){\"use strict\";l.querySelector&&d.addEventListener&&\"undefined\"!=typeof URL&&(d.wp=d.wp||{},d.wp.receiveEmbedMessage||(d.wp.receiveEmbedMessage=function(e){var t=e.data;if((t||t.secret||t.message||t.value)&&!\/[^a-zA-Z0-9]\/.test(t.secret)){for(var s,r,n,a=l.querySelectorAll('iframe[data-secret=\"'+t.secret+'\"]'),o=l.querySelectorAll('blockquote[data-secret=\"'+t.secret+'\"]'),c=new RegExp(\"^https?:$\",\"i\"),i=0;i<o.length;i++)o[i].style.display=\"none\";for(i=0;i<a.length;i++)s=a[i],e.source===s.contentWindow&&(s.removeAttribute(\"style\"),\"height\"===t.message?(1e3<(r=parseInt(t.value,10))?r=1e3:~~r<200&&(r=200),s.height=r):\"link\"===t.message&&(r=new URL(s.getAttribute(\"src\")),n=new URL(t.value),c.test(n.protocol))&&n.host===r.host&&l.activeElement===s&&(d.top.location.href=t.value))}},d.addEventListener(\"message\",d.wp.receiveEmbedMessage,!1),l.addEventListener(\"DOMContentLoaded\",function(){for(var e,t,s=l.querySelectorAll(\"iframe.wp-embedded-content\"),r=0;r<s.length;r++)(t=(e=s[r]).getAttribute(\"data-secret\"))||(t=Math.random().toString(36).substring(2,12),e.src+=\"#?secret=\"+t,e.setAttribute(\"data-secret\",t)),e.contentWindow.postMessage({message:\"ready\",secret:t},\"*\")},!1)))}(window,document);\n\/\/# sourceURL=https:\/\/quechilero.com\/blog\/wp-includes\/js\/wp-embed.min.js\n<\/script>\n"},"jetpack_publicize_connections":[],"jetpack_shortlink":"https:\/\/wp.me\/pDKli-10K","jetpack_sharing_enabled":true,"jetpack-related-posts":[{"id":19556,"url":"https:\/\/quechilero.com\/blog\/2014\/10\/23\/la-tentacion\/","url_meta":{"origin":3890,"position":0},"title":"La tentaci\u00f3n","author":"Pepe Barrascout Ortiz","date":"23 octubre 2014","format":false,"excerpt":"Un hombre con problemas de obesidad hab\u00eda decidido dejar de comer, sobre todo, aquello que le hac\u00eda mal y nutr\u00eda su obesidad. Un d\u00eda, al pasear por cierta avenida en la cual se hallaba una tienda de pasteles y bocadillos dijo: \"No pasar\u00e9 cerca de esa tienda\" y... despu\u00e9s de\u2026","rel":"","context":"En \u00abLimones\u00bb","block_context":{"text":"Limones","link":"https:\/\/quechilero.com\/blog\/category\/limones\/"},"img":{"alt_text":"","src":"","width":0,"height":0},"classes":[]},{"id":17393,"url":"https:\/\/quechilero.com\/blog\/2014\/01\/17\/limonada-301\/","url_meta":{"origin":3890,"position":1},"title":"Limonada # 301","author":"Pepe Barrascout Ortiz","date":"17 enero 2014","format":false,"excerpt":"La muerte por hambre ocurr\u00eda a cien metros de la muerte por obesidad. Del libro \"La secta de Paragon Walk\" Anne Perry","rel":"","context":"En \u00abLimonadas\u00bb","block_context":{"text":"Limonadas","link":"https:\/\/quechilero.com\/blog\/category\/limonadas\/"},"img":{"alt_text":"Libros","src":"https:\/\/i0.wp.com\/i392.photobucket.com\/albums\/pp7\/pepejaguar\/blog\/216091344_c2ca864164_m.jpg?resize=350%2C200","width":350,"height":200},"classes":[]},{"id":6544,"url":"https:\/\/quechilero.com\/blog\/2010\/12\/23\/estampas-navidenas-chicas-bailarinas\/","url_meta":{"origin":3890,"position":2},"title":"Estampas Navide\u00f1as: Chicas bailarinas","author":"Pepe Barrascout Ortiz","date":"23 diciembre 2010","format":false,"excerpt":"Para nosotros, los Santas son obesos y representan las temperaturas bajo cero.\u00a0En Orlando, Florida por otra parte, en las noches c\u00e1lidas de diciembre, se puede ver este grupo de Chicas Bailarinas, alegrando las noches previas a la\u00a0Navidad. Imagen: \u00a9 Till Bartels","rel":"","context":"En \u00abLimones por mano\u00bb","block_context":{"text":"Limones por mano","link":"https:\/\/quechilero.com\/blog\/category\/limones-por-mano\/"},"img":{"alt_text":"","src":"","width":0,"height":0},"classes":[]},{"id":17901,"url":"https:\/\/quechilero.com\/blog\/2014\/06\/17\/el-autodesprecio-destructivo\/","url_meta":{"origin":3890,"position":3},"title":"El autodesprecio destructivo","author":"Pepe Barrascout Ortiz","date":"17 junio 2014","format":false,"excerpt":"https:\/\/youtu.be\/UcvgoZM9PoQ Desde aparentes \u201cbromas\u201d hasta llegar al extremo del autodesprecio destructivo, cada vez mas se habla de la gordura sin pensarlo dos veces, formando parte de la conversaci\u00f3n ordinaria. Hablar de grasa o sobrepeso, en muchas ocasiones es una barrera para controlar nuestro propio peso y cuando el 93% de\u2026","rel":"","context":"En \u00abVideoBlog\u00bb","block_context":{"text":"VideoBlog","link":"https:\/\/quechilero.com\/blog\/category\/videoblog\/"},"img":{"alt_text":"","src":"https:\/\/i0.wp.com\/img.youtube.com\/vi\/UcvgoZM9PoQ\/0.jpg?resize=350%2C200","width":350,"height":200},"classes":[]},{"id":458,"url":"https:\/\/quechilero.com\/blog\/2007\/02\/20\/ejercicios-aerobicos\/","url_meta":{"origin":3890,"position":4},"title":"Ejercicios Aer\u00f3bicos","author":"Pepe Barrascout Ortiz","date":"20 febrero 2007","format":false,"excerpt":"Cuando se habla de ejercicios aer\u00f3bicos surgen muchos interrogantes. \u00bfTodos se benefician con su pr\u00e1ctica? \u00bfPara qu\u00e9 sirven? \u00bfCu\u00e1l es el tiempo de duraci\u00f3n del ejercicio? \u00bfInfluye la intensidad?. \u00a0 \u00bfQui\u00e9nes deben hacer aer\u00f3bicos? Las personas que est\u00e1n en un peso estable, cercano al ideal seg\u00fan las tablas que los\u2026","rel":"","context":"En \u00abLimones\u00bb","block_context":{"text":"Limones","link":"https:\/\/quechilero.com\/blog\/category\/limones\/"},"img":{"alt_text":"","src":"","width":0,"height":0},"classes":[]},{"id":31658,"url":"https:\/\/quechilero.com\/blog\/2023\/06\/21\/la-tentacion-de-la-comida\/","url_meta":{"origin":3890,"position":5},"title":"La tentaci\u00f3n de la comida","author":"Pepe Barrascout Ortiz","date":"21 junio 2023","format":false,"excerpt":"Tan corto el amor y tan largo el olvido dir\u00eda el poeta y claro que esto tambi\u00e9n se aplica en el gimnasio. No hay nada m\u00e1s r\u00e1pido y f\u00e1cil de hacer, que caer en la tentaci\u00f3n de volver a comer de forma desordenada y poco saludable, digo\u00a0volver a comer, porque\u2026","rel":"","context":"En \u00abDaily Gym\u00bb","block_context":{"text":"Daily Gym","link":"https:\/\/quechilero.com\/blog\/category\/podcast\/daily-gym\/"},"img":{"alt_text":"Daily Gym Podcast","src":"https:\/\/i0.wp.com\/quechilero.com\/blog\/imagenes\/DailyGym.jpg?fit=1200%2C675&ssl=1&resize=350%2C200","width":350,"height":200,"srcset":"https:\/\/i0.wp.com\/quechilero.com\/blog\/imagenes\/DailyGym.jpg?fit=1200%2C675&ssl=1&resize=350%2C200 1x, https:\/\/i0.wp.com\/quechilero.com\/blog\/imagenes\/DailyGym.jpg?fit=1200%2C675&ssl=1&resize=525%2C300 1.5x, https:\/\/i0.wp.com\/quechilero.com\/blog\/imagenes\/DailyGym.jpg?fit=1200%2C675&ssl=1&resize=700%2C400 2x, https:\/\/i0.wp.com\/quechilero.com\/blog\/imagenes\/DailyGym.jpg?fit=1200%2C675&ssl=1&resize=1050%2C600 3x"},"classes":[]}],"jetpack_featured_media_url":"","_links":{"self":[{"href":"https:\/\/quechilero.com\/blog\/wp-json\/wp\/v2\/posts\/3890","targetHints":{"allow":["GET"]}}],"collection":[{"href":"https:\/\/quechilero.com\/blog\/wp-json\/wp\/v2\/posts"}],"about":[{"href":"https:\/\/quechilero.com\/blog\/wp-json\/wp\/v2\/types\/post"}],"author":[{"embeddable":true,"href":"https:\/\/quechilero.com\/blog\/wp-json\/wp\/v2\/users\/1"}],"replies":[{"embeddable":true,"href":"https:\/\/quechilero.com\/blog\/wp-json\/wp\/v2\/comments?post=3890"}],"version-history":[{"count":0,"href":"https:\/\/quechilero.com\/blog\/wp-json\/wp\/v2\/posts\/3890\/revisions"}],"wp:attachment":[{"href":"https:\/\/quechilero.com\/blog\/wp-json\/wp\/v2\/media?parent=3890"}],"wp:term":[{"taxonomy":"category","embeddable":true,"href":"https:\/\/quechilero.com\/blog\/wp-json\/wp\/v2\/categories?post=3890"},{"taxonomy":"post_tag","embeddable":true,"href":"https:\/\/quechilero.com\/blog\/wp-json\/wp\/v2\/tags?post=3890"},{"taxonomy":"series","embeddable":true,"href":"https:\/\/quechilero.com\/blog\/wp-json\/wp\/v2\/series?post=3890"}],"curies":[{"name":"wp","href":"https:\/\/api.w.org\/{rel}","templated":true}]}}