{"id":389,"date":"2006-12-31T20:55:40","date_gmt":"2007-01-01T02:55:40","guid":{"rendered":"http:\/\/quechilero.com\/blog\/2006\/12\/31\/una-flor-entre-las-piedras\/"},"modified":"2013-06-14T19:50:33","modified_gmt":"2013-06-15T01:50:33","slug":"una-flor-entre-las-piedras","status":"publish","type":"post","link":"https:\/\/quechilero.com\/blog\/2006\/12\/31\/una-flor-entre-las-piedras\/","title":{"rendered":"Una flor entre las piedras"},"content":{"rendered":"<p>Era una vez una flor que naci\u00f3 en medio de piedras. Qui\u00e9n sabe como,  consigui\u00f3 crecer y ser una se\u00f1al de vida en medio de tanta tristeza.<\/p>\n<p>Pas\u00f3 una joven y qued\u00f3 admirada con la flor. Luego pens\u00f3 en Dios. Cort\u00f3 la  flor y la llev\u00f3 a la iglesia. Una semana m\u00e1s tarde la flor hab\u00eda muerto.<\/p>\n<p>Pas\u00f3 un hombre, vio la flor, pens\u00f3 en Dios, agradeci\u00f3 y la dej\u00f3 all\u00ed; no  quiso cortarla para no matarla. Mas, d\u00edas despu\u00e9s, vino una tempestad y la flor  muri\u00f3.<\/p>\n<p>Pas\u00f3 una ni\u00f1a y vio que aquella flor era parecida a ella: bonita, pero sola.  Decidi\u00f3 volver todos los d\u00edas. Un d\u00eda la reg\u00f3, otro d\u00eda le trajo tierra, otro  d\u00eda la pod\u00f3, despu\u00e9s le hizo un cantero, le coloc\u00f3 abono&#8230; Un mes despu\u00e9s,  donde hab\u00eda piedras y una flor, hab\u00eda un jard\u00edn<\/p>\n<p>\u00a1As\u00ed se cultiva una amistad!<\/p>\n<p>Y como no siempre la distancia nos permite cultivar las amistades como nos  gustar\u00eda&#8230; espero que este mensaje pueda ser un poquito de abono, para que  nuestra amistad nunca muera por falta de cultivo&#8230;<\/p>\n<p>Gracias por existir en el jard\u00edn de mi vida.<\/p>\n<p>&#8212;&#8212;&#8212;&#8212;&#8212;&#8212;&#8212;&#8212;<br \/>\n<em>Dedicado a ti <a target=\"_blank\" title=\"Kiki\" href=\"http:\/\/pepejaguar.blogspot.com\">Kiki<\/a>, te amo, a punto de terminar el 2006 quiero que sepas que has sido, eres y seguir\u00e1s siendo el amor de mi vida.<\/em><\/p>\n","protected":false},"excerpt":{"rendered":"<p>Era una vez una flor que naci\u00f3 en medio de piedras. Qui\u00e9n sabe como, consigui\u00f3 crecer y ser una se\u00f1al de vida en medio de tanta tristeza. Pas\u00f3 una joven y qued\u00f3 admirada con la flor. Luego pens\u00f3 en Dios. Cort\u00f3 la flor y la llev\u00f3 a la iglesia. Una semana m\u00e1s tarde la flor &#8230; <a title=\"Una flor entre las piedras\" class=\"read-more\" href=\"https:\/\/quechilero.com\/blog\/2006\/12\/31\/una-flor-entre-las-piedras\/\" aria-label=\"Leer m\u00e1s sobre Una flor entre las piedras\">Leer m\u00e1s<\/a><\/p>\n","protected":false},"author":1,"featured_media":0,"comment_status":"open","ping_status":"open","sticky":false,"template":"","format":"standard","meta":{"advanced_seo_description":"","jetpack_seo_html_title":"","jetpack_seo_noindex":false,"jetpack_seo_schema_type":"","episode_type":"","audio_file":"","podmotor_file_id":"","podmotor_episode_id":"","cover_image":"","cover_image_id":"","duration":"","filesize":"","filesize_raw":"","date_recorded":"","explicit":"","block":"","_jetpack_newsletter_access":"","_jetpack_dont_email_post_to_subs":false,"_jetpack_newsletter_tier_id":0,"_jetpack_memberships_contains_paywalled_content":false,"_jetpack_feature_clip_id":0,"_jetpack_memberships_contains_paid_content":false,"footnotes":"","jetpack_publicize_message":"","jetpack_publicize_feature_enabled":true,"jetpack_social_post_already_shared":false,"jetpack_social_options":{"image_generator_settings":{"template":"highway","default_image_id":0,"font":"","enabled":false},"version":2},"jetpack_post_was_ever_published":false},"categories":[2],"tags":[84,15,4,67,51,18,54,24],"series":[],"class_list":["post-389","post","type-post","status-publish","format-standard","hentry","category-limones","tag-amistad","tag-amor","tag-blog","tag-crecer","tag-dios","tag-hombre","tag-kiki","tag-vida"],"episode_featured_image":false,"episode_player_image":"https:\/\/i0.wp.com\/quechilero.com\/blog\/imagenes\/podcast.png?fit=1831%2C1831&ssl=1","download_link":"","player_link":"","audio_player":false,"episode_data":{"playerMode":"dark","subscribeUrls":{"amazon":{"key":"amazon","url":"","label":"Amazon","class":"amazon","icon":"amazon.png"},"apple_podcasts":{"key":"apple_podcasts","url":"","label":"Apple Podcasts","class":"apple_podcasts","icon":"apple-podcasts.png"},"castbox":{"key":"castbox","url":"","label":"CastBox","class":"castbox","icon":"castbox.png"},"deezer":{"key":"deezer","url":"","label":"Deezer","class":"deezer","icon":"deezer.png"},"google_podcasts":{"key":"google_podcasts","url":"","label":"Google Podcasts","class":"google_podcasts","icon":"google-podcasts.png"},"listen_notes":{"key":"listen_notes","url":"","label":"Listen Notes","class":"listen_notes","icon":"listen-notes.png"},"pandora":{"key":"pandora","url":"","label":"Pandora","class":"pandora","icon":"pandora.png"},"podbean":{"key":"podbean","url":"","label":"Podbean","class":"podbean","icon":"podbean.png"},"podcast_republic":{"key":"podcast_republic","url":"","label":"Podcast Republic","class":"podcast_republic","icon":"podcast-republic.png"},"rss":{"key":"rss","url":"","label":"RSS","class":"rss","icon":"rss.png"},"spotify":{"key":"spotify","url":"","label":"Spotify","class":"spotify","icon":"spotify.png"},"stitcher":{"key":"stitcher","url":"","label":"Stitcher","class":"stitcher","icon":"stitcher.png"},"tunein":{"key":"tunein","url":"","label":"TuneIn","class":"tunein","icon":"tunein.png"},"youtube":{"key":"youtube","url":"","label":"YouTube","class":"youtube","icon":"youtube.png"},"iheartradio":{"key":"iheartradio","url":"","label":"iHeartRadio","class":"iheartradio","icon":"iheartradio.png"},"ivoox":{"key":"ivoox","url":"","label":"iVoox","class":"ivoox","icon":"ivoox.png"}},"rssFeedUrl":"https:\/\/quechilero.com\/blog\/feed\/podcast\/si-la-vida-nos-da-limones","embedCode":"<blockquote class=\"wp-embedded-content\" data-secret=\"iTpUbLcSxJ\"><a href=\"https:\/\/quechilero.com\/blog\/2006\/12\/31\/una-flor-entre-las-piedras\/\">Una flor entre las piedras<\/a><\/blockquote><iframe sandbox=\"allow-scripts\" security=\"restricted\" src=\"https:\/\/quechilero.com\/blog\/2006\/12\/31\/una-flor-entre-las-piedras\/embed\/#?secret=iTpUbLcSxJ\" width=\"500\" height=\"350\" title=\"\u00abUna flor entre las piedras\u00bb \u2014 Si la Vida nos da Limones...\" data-secret=\"iTpUbLcSxJ\" frameborder=\"0\" marginwidth=\"0\" marginheight=\"0\" scrolling=\"no\" class=\"wp-embedded-content\"><\/iframe><script>\n\/*! This file is auto-generated *\/\n!function(d,l){\"use strict\";l.querySelector&&d.addEventListener&&\"undefined\"!=typeof URL&&(d.wp=d.wp||{},d.wp.receiveEmbedMessage||(d.wp.receiveEmbedMessage=function(e){var t=e.data;if((t||t.secret||t.message||t.value)&&!\/[^a-zA-Z0-9]\/.test(t.secret)){for(var s,r,n,a=l.querySelectorAll('iframe[data-secret=\"'+t.secret+'\"]'),o=l.querySelectorAll('blockquote[data-secret=\"'+t.secret+'\"]'),c=new RegExp(\"^https?:$\",\"i\"),i=0;i<o.length;i++)o[i].style.display=\"none\";for(i=0;i<a.length;i++)s=a[i],e.source===s.contentWindow&&(s.removeAttribute(\"style\"),\"height\"===t.message?(1e3<(r=parseInt(t.value,10))?r=1e3:~~r<200&&(r=200),s.height=r):\"link\"===t.message&&(r=new URL(s.getAttribute(\"src\")),n=new URL(t.value),c.test(n.protocol))&&n.host===r.host&&l.activeElement===s&&(d.top.location.href=t.value))}},d.addEventListener(\"message\",d.wp.receiveEmbedMessage,!1),l.addEventListener(\"DOMContentLoaded\",function(){for(var e,t,s=l.querySelectorAll(\"iframe.wp-embedded-content\"),r=0;r<s.length;r++)(t=(e=s[r]).getAttribute(\"data-secret\"))||(t=Math.random().toString(36).substring(2,12),e.src+=\"#?secret=\"+t,e.setAttribute(\"data-secret\",t)),e.contentWindow.postMessage({message:\"ready\",secret:t},\"*\")},!1)))}(window,document);\n\/\/# sourceURL=https:\/\/quechilero.com\/blog\/wp-includes\/js\/wp-embed.min.js\n<\/script>\n"},"jetpack_publicize_connections":[],"jetpack_shortlink":"https:\/\/wp.me\/pDKli-6h","jetpack_sharing_enabled":true,"jetpack-related-posts":[{"id":286,"url":"https:\/\/quechilero.com\/blog\/2006\/10\/24\/las-flores-han-brotado\/","url_meta":{"origin":389,"position":0},"title":"Las Flores han brotado","author":"Pepe Barrascout Ortiz","date":"24 octubre 2006","format":false,"excerpt":"Un hombre trabajaba en una f\u00e1brica distante cincuenta minutos en \u00f3mnibus de su casa. En la siguiente parada entraba una se\u00f1ora anciana que siempre se sentaba junto a la ventana. Ella abr\u00eda la bolsa, sacaba un paquetito y se pasaba todo el viaje arrojando alguna cosa para afuera. La escena\u2026","rel":"","context":"En \u00abLimones\u00bb","block_context":{"text":"Limones","link":"https:\/\/quechilero.com\/blog\/category\/limones\/"},"img":{"alt_text":"","src":"","width":0,"height":0},"classes":[]},{"id":15298,"url":"https:\/\/quechilero.com\/blog\/2012\/12\/02\/la-vasija-agrietada\/","url_meta":{"origin":389,"position":1},"title":"La Vasija Agrietada","author":"Pepe Barrascout Ortiz","date":"2 diciembre 2012","format":false,"excerpt":"Un cargador de agua ten\u00eda dos grandes vasijas que colgaban a los extremos de un palo que \u00e9l llevaba encima de los hombros. Una de las vasijas ten\u00eda una grieta, mientras que la otra era perfecta y entregaba el agua completa al final del largo camino a pie desde el\u2026","rel":"","context":"En \u00abLimones\u00bb","block_context":{"text":"Limones","link":"https:\/\/quechilero.com\/blog\/category\/limones\/"},"img":{"alt_text":"","src":"","width":0,"height":0},"classes":[]},{"id":14524,"url":"https:\/\/quechilero.com\/blog\/2012\/09\/17\/el-sembrador-de-bellotas\/","url_meta":{"origin":389,"position":2},"title":"El sembrador de bellotas","author":"Pepe Barrascout Ortiz","date":"17 septiembre 2012","format":false,"excerpt":"En 1930 un joven viajero exploraba los Alpes Franceses. Lleg\u00f3 a una vasta extensi\u00f3n de tierra est\u00e9ril. Estaba desolada. Era amenazante. Era horrible. Era el tipo de lugar del que uno sale huyendo de prisa. Entonces, de repente, el joven viajero se detuvo sobre sus talones. En medio de este\u2026","rel":"","context":"En \u00abLimones\u00bb","block_context":{"text":"Limones","link":"https:\/\/quechilero.com\/blog\/category\/limones\/"},"img":{"alt_text":"","src":"","width":0,"height":0},"classes":[]},{"id":3546,"url":"https:\/\/quechilero.com\/blog\/2009\/08\/10\/agosto-2\/","url_meta":{"origin":389,"position":3},"title":"Agosto","author":"Pepe Barrascout Ortiz","date":"10 agosto 2009","format":false,"excerpt":"Para el d\u00eda de hoy, hab\u00eda pensado en publicar algo profundo, trascendente e interesante, sin embargo, no veo la importancia del d\u00eda, pens\u00e9 en hacer una efem\u00e9ride de los \u00faltimos treinta y tantos a\u00f1os de la historia del pa\u00eds, pero no contaba que la Biblioteca y la Hemeroteca, no abren\u2026","rel":"","context":"En \u00abLimones\u00bb","block_context":{"text":"Limones","link":"https:\/\/quechilero.com\/blog\/category\/limones\/"},"img":{"alt_text":"","src":"https:\/\/i0.wp.com\/i392.photobucket.com\/albums\/pp7\/pepejaguar\/blog\/N06009.jpg?resize=350%2C200","width":350,"height":200},"classes":[]},{"id":20055,"url":"https:\/\/quechilero.com\/blog\/2015\/04\/18\/la-rueda-incompleta\/","url_meta":{"origin":389,"position":4},"title":"La rueda incompleta","author":"Pepe Barrascout Ortiz","date":"18 abril 2015","format":false,"excerpt":"Narra la historia de una rueda a la que le faltaba un pedazo, pues hab\u00edan cortado de ella un trozo triangular. La rueda quer\u00eda estar completa, sin que le faltara nada, as\u00ed que se fue a buscar la pieza que hab\u00eda perdido. Pero como estaba incompleta y s\u00f3lo pod\u00eda rodar\u2026","rel":"","context":"En \u00abLimones\u00bb","block_context":{"text":"Limones","link":"https:\/\/quechilero.com\/blog\/category\/limones\/"},"img":{"alt_text":"","src":"","width":0,"height":0},"classes":[]},{"id":581,"url":"https:\/\/quechilero.com\/blog\/2007\/06\/17\/sea-usted-perfecto\/","url_meta":{"origin":389,"position":5},"title":"Sea usted perfecto","author":"Pepe Barrascout Ortiz","date":"17 junio 2007","format":false,"excerpt":"La peque\u00f1a Lalita, de seis a\u00f1os de edad, fue a comprar un libro de ejercicios. La vendedora le mostr\u00f3 uno ligeramente manchado. - No, por favor quiero uno mejor. - \u00bfQu\u00e9 quieres decir con uno mejor? - M\u00e1s perfecto -contest\u00f3. Todos los hombres deben aspirar y luchar por ser perfectos.\u2026","rel":"","context":"En \u00abLimones\u00bb","block_context":{"text":"Limones","link":"https:\/\/quechilero.com\/blog\/category\/limones\/"},"img":{"alt_text":"","src":"","width":0,"height":0},"classes":[]}],"jetpack_featured_media_url":"","_links":{"self":[{"href":"https:\/\/quechilero.com\/blog\/wp-json\/wp\/v2\/posts\/389","targetHints":{"allow":["GET"]}}],"collection":[{"href":"https:\/\/quechilero.com\/blog\/wp-json\/wp\/v2\/posts"}],"about":[{"href":"https:\/\/quechilero.com\/blog\/wp-json\/wp\/v2\/types\/post"}],"author":[{"embeddable":true,"href":"https:\/\/quechilero.com\/blog\/wp-json\/wp\/v2\/users\/1"}],"replies":[{"embeddable":true,"href":"https:\/\/quechilero.com\/blog\/wp-json\/wp\/v2\/comments?post=389"}],"version-history":[{"count":0,"href":"https:\/\/quechilero.com\/blog\/wp-json\/wp\/v2\/posts\/389\/revisions"}],"wp:attachment":[{"href":"https:\/\/quechilero.com\/blog\/wp-json\/wp\/v2\/media?parent=389"}],"wp:term":[{"taxonomy":"category","embeddable":true,"href":"https:\/\/quechilero.com\/blog\/wp-json\/wp\/v2\/categories?post=389"},{"taxonomy":"post_tag","embeddable":true,"href":"https:\/\/quechilero.com\/blog\/wp-json\/wp\/v2\/tags?post=389"},{"taxonomy":"series","embeddable":true,"href":"https:\/\/quechilero.com\/blog\/wp-json\/wp\/v2\/series?post=389"}],"curies":[{"name":"wp","href":"https:\/\/api.w.org\/{rel}","templated":true}]}}