{"id":384,"date":"2006-12-26T22:31:37","date_gmt":"2006-12-27T04:31:37","guid":{"rendered":"http:\/\/quechilero.com\/blog\/2006\/12\/26\/el-nudo\/"},"modified":"2006-12-26T22:31:37","modified_gmt":"2006-12-27T04:31:37","slug":"el-nudo","status":"publish","type":"post","link":"https:\/\/quechilero.com\/blog\/2006\/12\/26\/el-nudo\/","title":{"rendered":"El nudo"},"content":{"rendered":"<p>En una junta de padres de familia de cierta escuela, la directora resaltaba  el apoyo que los padres deben darle a los hijos. Tambi\u00e9n ped\u00eda que se hicieran  presentes el m\u00e1ximo de tiempo posible. Ella entend\u00eda que, aunque la mayor\u00eda de  los padres y madres de aquella comunidad fueran trabajadores, deber\u00edan encontrar  un poco de tiempo para dedicar y entender a los ni\u00f1os. Sin embargo, la directora  se sorprendi\u00f3 cuando uno de los padres se levant\u00f3 y explic\u00f3, en forma humilde,  que \u00e9l no ten\u00eda tiempo de hablar con su hijo durante la semana.<\/p>\n<p>Cuando sal\u00eda para trabajar era muy temprano y su hijo todav\u00eda estaba  durmiendo. Cuando regresaba del trabajo era muy tarde y el ni\u00f1o ya no estaba  despierto. Explic\u00f3, adem\u00e1s, que ten\u00eda que trabajar de esa forma para proveer el  sustento de la familia. Dijo tambi\u00e9n que el no tener tiempo para su hijo lo  angustiaba mucho e intentaba redimirse yendo a besarlo todas las noches cuando  llegaba a su casa y, para que su hijo supiera de su presencia, \u00e9l hac\u00eda un nudo  en la punta de la sabana que lo cubr\u00eda. Eso suced\u00eda religiosamente todas las  noches cuando iba a besarlo. Cuando el hijo despertaba y ve\u00eda el nudo, sab\u00eda, a  trav\u00e9s de \u00e9l, que su pap\u00e1 hab\u00eda estado all\u00ed y lo hab\u00eda besado. El nudo era el  medio de comunicaci\u00f3n entre ellos.<\/p>\n<p>La directora se emocion\u00f3 con aquella singular historia y se sorprendi\u00f3 a\u00fan  m\u00e1s cuando constat\u00f3 que el hijo de ese padre era uno de los mejores alumnos de  la escuela.<\/p>\n<p>El hecho nos hace reflexionar sobre las muchas formas en que las personas  pueden hacerse presentes y comunicarse entre s\u00ed. Aquel padre encontr\u00f3 su forma,  que era simple pero eficiente. Y lo m\u00e1s importante es que su hijo percib\u00eda, a  trav\u00e9s del nudo afectivo, lo que su pap\u00e1 le estaba diciendo. Algunas veces nos  preocupamos tanto con la forma de decir las cosas que nos olvidamos de lo  principal, que es la comunicaci\u00f3n a trav\u00e9s del sentimiento. Simples detalles  como un beso y un nudo en la punta de una s\u00e1bana, significaban, para aquel hijo,  much\u00edsimo m\u00e1s que regalos o disculpas vac\u00edas.<\/p>\n<p>Es v\u00e1lido que nos preocupemos por las personas, pero es m\u00e1s importante que  ellas lo sepan, que puedan sentirlo. Para que exista la comunicaci\u00f3n es  necesario que las personas \u00abescuchen\u00bb el lenguaje de nuestro coraz\u00f3n, pues, en  materia de afecto, los sentimientos siempre hablan m\u00e1s alto que las palabras. Es  por ese motivo que un beso, revestido del m\u00e1s puro afecto, cura el dolor de  cabeza, el rasp\u00f3n en la rodilla, el miedo a la oscuridad. Las personas tal vez  no entiendan el significado de muchas palabras, pero saben registrar un gesto de  amor. Aunque ese gesto sea solamente un nudo. Un nudo lleno de afecto y  cari\u00f1o.<\/p>\n","protected":false},"excerpt":{"rendered":"<p>En una junta de padres de familia de cierta escuela, la directora resaltaba el apoyo que los padres deben darle a los hijos. Tambi\u00e9n ped\u00eda que se hicieran presentes el m\u00e1ximo de tiempo posible. Ella entend\u00eda que, aunque la mayor\u00eda de los padres y madres de aquella comunidad fueran trabajadores, deber\u00edan encontrar un poco de &#8230; <a title=\"El nudo\" class=\"read-more\" href=\"https:\/\/quechilero.com\/blog\/2006\/12\/26\/el-nudo\/\" aria-label=\"Leer m\u00e1s sobre El nudo\">Leer m\u00e1s<\/a><\/p>\n","protected":false},"author":1,"featured_media":0,"comment_status":"open","ping_status":"open","sticky":false,"template":"","format":"standard","meta":{"advanced_seo_description":"","jetpack_seo_html_title":"","jetpack_seo_noindex":false,"jetpack_seo_schema_type":"","episode_type":"","audio_file":"","podmotor_file_id":"","podmotor_episode_id":"","cover_image":"","cover_image_id":"","duration":"","filesize":"","filesize_raw":"","date_recorded":"","explicit":"","block":"","_jetpack_newsletter_access":"","_jetpack_dont_email_post_to_subs":false,"_jetpack_newsletter_tier_id":0,"_jetpack_memberships_contains_paywalled_content":false,"_jetpack_feature_clip_id":0,"_jetpack_memberships_contains_paid_content":false,"footnotes":"","jetpack_publicize_message":"","jetpack_publicize_feature_enabled":true,"jetpack_social_post_already_shared":false,"jetpack_social_options":{"image_generator_settings":{"template":"highway","default_image_id":0,"font":"","enabled":false},"version":2},"jetpack_post_was_ever_published":false},"categories":[2],"tags":[15,44,12,17,39,42,82,5,36,24],"series":[],"class_list":["post-384","post","type-post","status-publish","format-standard","hentry","category-limones","tag-amor","tag-apoyo","tag-cosas","tag-historia","tag-madre","tag-palabra","tag-sentimiento","tag-tiempo","tag-trabajo","tag-vida"],"episode_featured_image":false,"episode_player_image":"https:\/\/i0.wp.com\/quechilero.com\/blog\/imagenes\/podcast.png?fit=1831%2C1831&ssl=1","download_link":"","player_link":"","audio_player":false,"episode_data":{"playerMode":"dark","subscribeUrls":{"amazon":{"key":"amazon","url":"","label":"Amazon","class":"amazon","icon":"amazon.png"},"apple_podcasts":{"key":"apple_podcasts","url":"","label":"Apple Podcasts","class":"apple_podcasts","icon":"apple-podcasts.png"},"castbox":{"key":"castbox","url":"","label":"CastBox","class":"castbox","icon":"castbox.png"},"deezer":{"key":"deezer","url":"","label":"Deezer","class":"deezer","icon":"deezer.png"},"google_podcasts":{"key":"google_podcasts","url":"","label":"Google Podcasts","class":"google_podcasts","icon":"google-podcasts.png"},"listen_notes":{"key":"listen_notes","url":"","label":"Listen Notes","class":"listen_notes","icon":"listen-notes.png"},"pandora":{"key":"pandora","url":"","label":"Pandora","class":"pandora","icon":"pandora.png"},"podbean":{"key":"podbean","url":"","label":"Podbean","class":"podbean","icon":"podbean.png"},"podcast_republic":{"key":"podcast_republic","url":"","label":"Podcast Republic","class":"podcast_republic","icon":"podcast-republic.png"},"rss":{"key":"rss","url":"","label":"RSS","class":"rss","icon":"rss.png"},"spotify":{"key":"spotify","url":"","label":"Spotify","class":"spotify","icon":"spotify.png"},"stitcher":{"key":"stitcher","url":"","label":"Stitcher","class":"stitcher","icon":"stitcher.png"},"tunein":{"key":"tunein","url":"","label":"TuneIn","class":"tunein","icon":"tunein.png"},"youtube":{"key":"youtube","url":"","label":"YouTube","class":"youtube","icon":"youtube.png"},"iheartradio":{"key":"iheartradio","url":"","label":"iHeartRadio","class":"iheartradio","icon":"iheartradio.png"},"ivoox":{"key":"ivoox","url":"","label":"iVoox","class":"ivoox","icon":"ivoox.png"}},"rssFeedUrl":"https:\/\/quechilero.com\/blog\/feed\/podcast\/si-la-vida-nos-da-limones","embedCode":"<blockquote class=\"wp-embedded-content\" data-secret=\"qRUR0lTY5R\"><a href=\"https:\/\/quechilero.com\/blog\/2006\/12\/26\/el-nudo\/\">El nudo<\/a><\/blockquote><iframe sandbox=\"allow-scripts\" security=\"restricted\" src=\"https:\/\/quechilero.com\/blog\/2006\/12\/26\/el-nudo\/embed\/#?secret=qRUR0lTY5R\" width=\"500\" height=\"350\" title=\"\u00abEl nudo\u00bb \u2014 Si la Vida nos da Limones...\" data-secret=\"qRUR0lTY5R\" frameborder=\"0\" marginwidth=\"0\" marginheight=\"0\" scrolling=\"no\" class=\"wp-embedded-content\"><\/iframe><script>\n\/*! This file is auto-generated *\/\n!function(d,l){\"use strict\";l.querySelector&&d.addEventListener&&\"undefined\"!=typeof URL&&(d.wp=d.wp||{},d.wp.receiveEmbedMessage||(d.wp.receiveEmbedMessage=function(e){var t=e.data;if((t||t.secret||t.message||t.value)&&!\/[^a-zA-Z0-9]\/.test(t.secret)){for(var s,r,n,a=l.querySelectorAll('iframe[data-secret=\"'+t.secret+'\"]'),o=l.querySelectorAll('blockquote[data-secret=\"'+t.secret+'\"]'),c=new RegExp(\"^https?:$\",\"i\"),i=0;i<o.length;i++)o[i].style.display=\"none\";for(i=0;i<a.length;i++)s=a[i],e.source===s.contentWindow&&(s.removeAttribute(\"style\"),\"height\"===t.message?(1e3<(r=parseInt(t.value,10))?r=1e3:~~r<200&&(r=200),s.height=r):\"link\"===t.message&&(r=new URL(s.getAttribute(\"src\")),n=new URL(t.value),c.test(n.protocol))&&n.host===r.host&&l.activeElement===s&&(d.top.location.href=t.value))}},d.addEventListener(\"message\",d.wp.receiveEmbedMessage,!1),l.addEventListener(\"DOMContentLoaded\",function(){for(var e,t,s=l.querySelectorAll(\"iframe.wp-embedded-content\"),r=0;r<s.length;r++)(t=(e=s[r]).getAttribute(\"data-secret\"))||(t=Math.random().toString(36).substring(2,12),e.src+=\"#?secret=\"+t,e.setAttribute(\"data-secret\",t)),e.contentWindow.postMessage({message:\"ready\",secret:t},\"*\")},!1)))}(window,document);\n\/\/# sourceURL=https:\/\/quechilero.com\/blog\/wp-includes\/js\/wp-embed.min.js\n<\/script>\n"},"jetpack_publicize_connections":[],"jetpack_shortlink":"https:\/\/wp.me\/pDKli-6c","jetpack_sharing_enabled":true,"jetpack-related-posts":[{"id":17741,"url":"https:\/\/quechilero.com\/blog\/2014\/02\/16\/momentos-felices\/","url_meta":{"origin":384,"position":0},"title":"Momentos Felices","author":"Pepe Barrascout Ortiz","date":"16 febrero 2014","format":false,"excerpt":"Una vez una familia plane\u00f3 unas vacaciones a la costa oeste durante meses. A \u00faltimo momento, el padre no pudo ir por responsabilidades de trabajo. La madre insisti\u00f3 en que ella era capaz de manejar, as\u00ed que ella y los ni\u00f1os avanzaron con el viaje. El padre ayud\u00f3 a planear\u2026","rel":"","context":"En \u00abLimones\u00bb","block_context":{"text":"Limones","link":"https:\/\/quechilero.com\/blog\/category\/limones\/"},"img":{"alt_text":"","src":"","width":0,"height":0},"classes":[]},{"id":6239,"url":"https:\/\/quechilero.com\/blog\/2011\/01\/10\/escuchando-con-el-corazon\/","url_meta":{"origin":384,"position":1},"title":"Escuchando con el coraz\u00f3n","author":"Pepe Barrascout Ortiz","date":"10 enero 2011","format":false,"excerpt":"\"He desperdiciado todo mi s\u00e1bado\", se lament\u00f3 John, mientras su padre le despertaba con delicadeza. El tono de su voz, lastimero y angustiado, provoc\u00f3 una reacci\u00f3n instant\u00e1nea en su padre y un destello de ira emergi\u00f3 de \u00e9l. Hab\u00eda sido un largo d\u00eda de pintar y colocar papel de pared\u2026","rel":"","context":"En \u00abLimones\u00bb","block_context":{"text":"Limones","link":"https:\/\/quechilero.com\/blog\/category\/limones\/"},"img":{"alt_text":"","src":"","width":0,"height":0},"classes":[]},{"id":515,"url":"https:\/\/quechilero.com\/blog\/2007\/04\/09\/cuida-a-tu-pareja\/","url_meta":{"origin":384,"position":2},"title":"Cuida a tu pareja","author":"Pepe Barrascout Ortiz","date":"9 abril 2007","format":false,"excerpt":"Voy a decir algo que con seguridad va a molestar a muchos, pero que cuando se los explique les va a molestar m\u00e1s, y es que a veces cuidamos m\u00e1s lo seguro que tenemos, que lo inseguro. Me explico: yo siempre digo, no cuides tanto a tu familia, cuida a\u2026","rel":"","context":"En \u00abLimones\u00bb","block_context":{"text":"Limones","link":"https:\/\/quechilero.com\/blog\/category\/limones\/"},"img":{"alt_text":"","src":"","width":0,"height":0},"classes":[]},{"id":16733,"url":"https:\/\/quechilero.com\/blog\/2013\/05\/30\/quiero-ser-como-%ef%bb%bftu\/","url_meta":{"origin":384,"position":3},"title":"Quiero ser como \ufefft\u00fa","author":"Pepe Barrascout Ortiz","date":"30 mayo 2013","format":false,"excerpt":"Mi hijo naci\u00f3 hace pocos d\u00edas, lleg\u00f3 a este mundo de una manera normal... Pero yo ten\u00eda que viajar, \u00a1ten\u00eda tantos compromisos! Mi hijo aprendi\u00f3 a comer cuando menos lo esperaba, comenz\u00f3 a hablar cuando yo no estaba... \u00a1C\u00f3mo crece mi hijo de r\u00e1pido! \u00a1C\u00f3mo pasa el tiempo! Mi hijo,\u2026","rel":"","context":"En \u00abLimones\u00bb","block_context":{"text":"Limones","link":"https:\/\/quechilero.com\/blog\/category\/limones\/"},"img":{"alt_text":"","src":"","width":0,"height":0},"classes":[]},{"id":19974,"url":"https:\/\/quechilero.com\/blog\/2015\/03\/26\/no-estamos-lejos-de-aprender\/","url_meta":{"origin":384,"position":4},"title":"No estamos lejos de aprender","author":"Pepe Barrascout Ortiz","date":"26 marzo 2015","format":false,"excerpt":"Un ni\u00f1o parcialmente sordo volvi\u00f3 a su casa despu\u00e9s de la escuela. En sus manos tra\u00eda una nota. Era una nota de las autoridades de la escuela, sugiri\u00e9ndoles a sus padres que lo sacaran de la misma. De acuerdo con estas sabias autoridades, este ni\u00f1o era \"demasiado est\u00e9ril e improductivo\u2026","rel":"","context":"En \u00abLimones\u00bb","block_context":{"text":"Limones","link":"https:\/\/quechilero.com\/blog\/category\/limones\/"},"img":{"alt_text":"","src":"","width":0,"height":0},"classes":[]},{"id":21245,"url":"https:\/\/quechilero.com\/blog\/2015\/07\/01\/una-sola-casa\/","url_meta":{"origin":384,"position":5},"title":"Una sola casa","author":"Pepe Barrascout Ortiz","date":"1 julio 2015","format":false,"excerpt":"El padre les pidi\u00f3 a sus hijos que le ayudaran a construir su casa. A la mitad de la obra uno le dijo: - Padre: tus otros hijos se han apartado de tu voluntad; te han desobedecido, y no son ya dignos de ti. Le pregunt\u00f3 el padre: - \u00bfHan\u2026","rel":"","context":"En \u00abLimones\u00bb","block_context":{"text":"Limones","link":"https:\/\/quechilero.com\/blog\/category\/limones\/"},"img":{"alt_text":"","src":"","width":0,"height":0},"classes":[]}],"jetpack_featured_media_url":"","_links":{"self":[{"href":"https:\/\/quechilero.com\/blog\/wp-json\/wp\/v2\/posts\/384","targetHints":{"allow":["GET"]}}],"collection":[{"href":"https:\/\/quechilero.com\/blog\/wp-json\/wp\/v2\/posts"}],"about":[{"href":"https:\/\/quechilero.com\/blog\/wp-json\/wp\/v2\/types\/post"}],"author":[{"embeddable":true,"href":"https:\/\/quechilero.com\/blog\/wp-json\/wp\/v2\/users\/1"}],"replies":[{"embeddable":true,"href":"https:\/\/quechilero.com\/blog\/wp-json\/wp\/v2\/comments?post=384"}],"version-history":[{"count":0,"href":"https:\/\/quechilero.com\/blog\/wp-json\/wp\/v2\/posts\/384\/revisions"}],"wp:attachment":[{"href":"https:\/\/quechilero.com\/blog\/wp-json\/wp\/v2\/media?parent=384"}],"wp:term":[{"taxonomy":"category","embeddable":true,"href":"https:\/\/quechilero.com\/blog\/wp-json\/wp\/v2\/categories?post=384"},{"taxonomy":"post_tag","embeddable":true,"href":"https:\/\/quechilero.com\/blog\/wp-json\/wp\/v2\/tags?post=384"},{"taxonomy":"series","embeddable":true,"href":"https:\/\/quechilero.com\/blog\/wp-json\/wp\/v2\/series?post=384"}],"curies":[{"name":"wp","href":"https:\/\/api.w.org\/{rel}","templated":true}]}}