{"id":382,"date":"2006-12-25T12:00:47","date_gmt":"2006-12-25T18:00:47","guid":{"rendered":"http:\/\/quechilero.com\/blog\/2006\/12\/25\/%c2%bfporque-te-quejas\/"},"modified":"2006-12-25T12:00:47","modified_gmt":"2006-12-25T18:00:47","slug":"porque-te-quejas","status":"publish","type":"post","link":"https:\/\/quechilero.com\/blog\/2006\/12\/25\/porque-te-quejas\/","title":{"rendered":"\u00bfPorqu\u00e9 te quejas?"},"content":{"rendered":"<p>Si llevas las velas recogidas, \u00bfpor qu\u00e9 te quejas de no tener un buen viento  que te impulse?<\/p>\n<p>Si llevas enrollada tu bandera, \u00bfpor qu\u00e9 te quejas de que los dem\u00e1s no se  contagien con tu verdad?<\/p>\n<p>Si te sientas en la primera piedra, \u00bfpor qu\u00e9 te quejas de quedar siempre a  medio camino?<\/p>\n<p>Si a la hora de la tempestad desistes de llevar el tim\u00f3n, \u00bfpor qu\u00e9 te quejas  de tantos tumbos y de tanto andar a la deriva?<\/p>\n<p>Si a la hora del dolor emponzo\u00f1as y ahondas la herida, \u00bfpor qu\u00e9 te quejas de  no poder cicatrizarla?<\/p>\n<p>Si lo que trasmites es inquietud y desaz\u00f3n, \u00bfpor qu\u00e9 te quejas de quedarte  cada d\u00eda m\u00e1s solo?<\/p>\n<p>Si a la hora de cooperar te encierras en tu concha, \u00bfpor qu\u00e9 te quejas de que  el oleaje te pase por alto y barra contigo?<\/p>\n<p>Si a la hora de conocer y servir a Dios te apartas de \u00c9l, \u00bfpor qu\u00e9 te quejas  cuando te suelta la mano?<\/p>\n<p>Si a la hora de hacer un recuento est\u00e1s inconforme, \u00bfpor qu\u00e9 te quejas si no  has sabido vivir?<\/p>\n<p>No abres surcos, y anhelas siembra.<br \/>\nNo nutres ra\u00edces, y deseas  tronco.<br \/>\nNo pasas savia, y ans\u00edas frutos.<br \/>\nNo te haces maduro, jugoso y  sazonado, y sue\u00f1as con que todo te florezca.<br \/>\nNo andan tus pies, y quieres  huellas.<br \/>\nNo trabajan tus manos, y quieres obras.<br \/>\nNo abres los ojos a la  vida, y quieres luz.<\/p>\n<p>\u00bfPor qu\u00e9 pides, si no sabes dar?<\/p>\n<p>\u00bfPor qu\u00e9 reclamas, si nada te sirve?<\/p>\n<p>\u00bfPor qu\u00e9, si cierras los ojos ante el dolor que pasa a tu lado y cierras la  voluntad ante los compromisos de tu tiempo, le tienes tanto miedo a tu propio  vac\u00edo?<\/p>\n<p>\u00bfPor qu\u00e9, si obras con ego\u00edsmo, vives con aturdimiento y rezas con  indiferencia, le tienes tanto miedo a tu propio abismo?<\/p>\n<p>\u00bfPor qu\u00e9, si rechazas la luz de Dios y vives apagando las estrellas, le  tienes tanto miedo a tu propia oscuridad?<\/p>\n<p>\u00bfPor qu\u00e9 te quejas? \u00bfPor qu\u00e9?<\/p>\n","protected":false},"excerpt":{"rendered":"<p>Si llevas las velas recogidas, \u00bfpor qu\u00e9 te quejas de no tener un buen viento que te impulse? Si llevas enrollada tu bandera, \u00bfpor qu\u00e9 te quejas de que los dem\u00e1s no se contagien con tu verdad? Si te sientas en la primera piedra, \u00bfpor qu\u00e9 te quejas de quedar siempre a medio camino? Si &#8230; <a title=\"\u00bfPorqu\u00e9 te quejas?\" class=\"read-more\" href=\"https:\/\/quechilero.com\/blog\/2006\/12\/25\/porque-te-quejas\/\" aria-label=\"Leer m\u00e1s sobre \u00bfPorqu\u00e9 te quejas?\">Leer m\u00e1s<\/a><\/p>\n","protected":false},"author":1,"featured_media":0,"comment_status":"open","ping_status":"open","sticky":false,"template":"","format":"standard","meta":{"advanced_seo_description":"","jetpack_seo_html_title":"","jetpack_seo_noindex":false,"jetpack_seo_schema_type":"","episode_type":"","audio_file":"","podmotor_file_id":"","podmotor_episode_id":"","cover_image":"","cover_image_id":"","duration":"","filesize":"","filesize_raw":"","date_recorded":"","explicit":"","block":"","_jetpack_newsletter_access":"","_jetpack_dont_email_post_to_subs":false,"_jetpack_newsletter_tier_id":0,"_jetpack_memberships_contains_paywalled_content":false,"_jetpack_feature_clip_id":0,"_jetpack_memberships_contains_paid_content":false,"footnotes":"","jetpack_publicize_message":"","jetpack_publicize_feature_enabled":true,"jetpack_social_post_already_shared":false,"jetpack_social_options":{"image_generator_settings":{"template":"highway","default_image_id":0,"font":"","enabled":false},"version":2},"jetpack_post_was_ever_published":false},"categories":[2],"tags":[51,5,41,24],"series":[],"class_list":["post-382","post","type-post","status-publish","format-standard","hentry","category-limones","tag-dios","tag-tiempo","tag-verdad","tag-vida"],"episode_featured_image":false,"episode_player_image":"https:\/\/i0.wp.com\/quechilero.com\/blog\/imagenes\/podcast.png?fit=1831%2C1831&ssl=1","download_link":"","player_link":"","audio_player":false,"episode_data":{"playerMode":"dark","subscribeUrls":{"amazon":{"key":"amazon","url":"","label":"Amazon","class":"amazon","icon":"amazon.png"},"apple_podcasts":{"key":"apple_podcasts","url":"","label":"Apple Podcasts","class":"apple_podcasts","icon":"apple-podcasts.png"},"castbox":{"key":"castbox","url":"","label":"CastBox","class":"castbox","icon":"castbox.png"},"deezer":{"key":"deezer","url":"","label":"Deezer","class":"deezer","icon":"deezer.png"},"google_podcasts":{"key":"google_podcasts","url":"","label":"Google Podcasts","class":"google_podcasts","icon":"google-podcasts.png"},"listen_notes":{"key":"listen_notes","url":"","label":"Listen Notes","class":"listen_notes","icon":"listen-notes.png"},"pandora":{"key":"pandora","url":"","label":"Pandora","class":"pandora","icon":"pandora.png"},"podbean":{"key":"podbean","url":"","label":"Podbean","class":"podbean","icon":"podbean.png"},"podcast_republic":{"key":"podcast_republic","url":"","label":"Podcast Republic","class":"podcast_republic","icon":"podcast-republic.png"},"rss":{"key":"rss","url":"","label":"RSS","class":"rss","icon":"rss.png"},"spotify":{"key":"spotify","url":"","label":"Spotify","class":"spotify","icon":"spotify.png"},"stitcher":{"key":"stitcher","url":"","label":"Stitcher","class":"stitcher","icon":"stitcher.png"},"tunein":{"key":"tunein","url":"","label":"TuneIn","class":"tunein","icon":"tunein.png"},"youtube":{"key":"youtube","url":"","label":"YouTube","class":"youtube","icon":"youtube.png"},"iheartradio":{"key":"iheartradio","url":"","label":"iHeartRadio","class":"iheartradio","icon":"iheartradio.png"},"ivoox":{"key":"ivoox","url":"","label":"iVoox","class":"ivoox","icon":"ivoox.png"}},"rssFeedUrl":"https:\/\/quechilero.com\/blog\/feed\/podcast\/si-la-vida-nos-da-limones","embedCode":"<blockquote class=\"wp-embedded-content\" data-secret=\"41yuLkIPoS\"><a href=\"https:\/\/quechilero.com\/blog\/2006\/12\/25\/porque-te-quejas\/\">\u00bfPorqu\u00e9 te quejas?<\/a><\/blockquote><iframe sandbox=\"allow-scripts\" security=\"restricted\" src=\"https:\/\/quechilero.com\/blog\/2006\/12\/25\/porque-te-quejas\/embed\/#?secret=41yuLkIPoS\" width=\"500\" height=\"350\" title=\"\u00ab\u00bfPorqu\u00e9 te quejas?\u00bb \u2014 Si la Vida nos da Limones...\" data-secret=\"41yuLkIPoS\" frameborder=\"0\" marginwidth=\"0\" marginheight=\"0\" scrolling=\"no\" class=\"wp-embedded-content\"><\/iframe><script>\n\/*! This file is auto-generated *\/\n!function(d,l){\"use strict\";l.querySelector&&d.addEventListener&&\"undefined\"!=typeof URL&&(d.wp=d.wp||{},d.wp.receiveEmbedMessage||(d.wp.receiveEmbedMessage=function(e){var t=e.data;if((t||t.secret||t.message||t.value)&&!\/[^a-zA-Z0-9]\/.test(t.secret)){for(var s,r,n,a=l.querySelectorAll('iframe[data-secret=\"'+t.secret+'\"]'),o=l.querySelectorAll('blockquote[data-secret=\"'+t.secret+'\"]'),c=new RegExp(\"^https?:$\",\"i\"),i=0;i<o.length;i++)o[i].style.display=\"none\";for(i=0;i<a.length;i++)s=a[i],e.source===s.contentWindow&&(s.removeAttribute(\"style\"),\"height\"===t.message?(1e3<(r=parseInt(t.value,10))?r=1e3:~~r<200&&(r=200),s.height=r):\"link\"===t.message&&(r=new URL(s.getAttribute(\"src\")),n=new URL(t.value),c.test(n.protocol))&&n.host===r.host&&l.activeElement===s&&(d.top.location.href=t.value))}},d.addEventListener(\"message\",d.wp.receiveEmbedMessage,!1),l.addEventListener(\"DOMContentLoaded\",function(){for(var e,t,s=l.querySelectorAll(\"iframe.wp-embedded-content\"),r=0;r<s.length;r++)(t=(e=s[r]).getAttribute(\"data-secret\"))||(t=Math.random().toString(36).substring(2,12),e.src+=\"#?secret=\"+t,e.setAttribute(\"data-secret\",t)),e.contentWindow.postMessage({message:\"ready\",secret:t},\"*\")},!1)))}(window,document);\n\/\/# sourceURL=https:\/\/quechilero.com\/blog\/wp-includes\/js\/wp-embed.min.js\n<\/script>\n"},"jetpack_publicize_connections":[],"jetpack_shortlink":"https:\/\/wp.me\/pDKli-6a","jetpack_sharing_enabled":true,"jetpack-related-posts":[{"id":12783,"url":"https:\/\/quechilero.com\/blog\/2012\/03\/06\/gracias-por-no-quejarte\/","url_meta":{"origin":382,"position":0},"title":"Gracias por no quejarte","author":"Pepe Barrascout Ortiz","date":"6 marzo 2012","format":false,"excerpt":"En un viaje que hice recientemente estaba sentado detr\u00e1s de dos ni\u00f1os peque\u00f1os que no estaban nada contentos de estar en aquel avi\u00f3n. Sus llantos de queja llenaban la cabina. Justo antes de despegar, una azafata se detuvo junto a ellos y les dijo con una gran sonrisa: \"\u00bfDe qu\u00e9\u2026","rel":"","context":"En \u00abLimones\u00bb","block_context":{"text":"Limones","link":"https:\/\/quechilero.com\/blog\/category\/limones\/"},"img":{"alt_text":"","src":"","width":0,"height":0},"classes":[]},{"id":21492,"url":"https:\/\/quechilero.com\/blog\/2015\/08\/19\/quejas\/","url_meta":{"origin":382,"position":1},"title":"Quejas","author":"Pepe Barrascout Ortiz","date":"19 agosto 2015","format":false,"excerpt":"Hay personas que pasan todo el tiempo quej\u00e1ndose de esta manera: El mundo hoy, va mal... El gobierno no satisface mis necesidades... La Iglesia no me da respuestas... Mis amigos se desaparecieron... La se\u00f1al de televisi\u00f3n no comenz\u00f3 a transmitir a tiempo... Mi equipo ha perdido y es posible que\u2026","rel":"","context":"En \u00abLimones\u00bb","block_context":{"text":"Limones","link":"https:\/\/quechilero.com\/blog\/category\/limones\/"},"img":{"alt_text":"","src":"","width":0,"height":0},"classes":[]},{"id":19531,"url":"https:\/\/quechilero.com\/blog\/2014\/10\/17\/la-cultura-de-la-queja\/","url_meta":{"origin":382,"position":2},"title":"La cultura de la queja","author":"Pepe Barrascout Ortiz","date":"17 octubre 2014","format":false,"excerpt":"\u00bfTe has dado cuenta que es bien f\u00e1cil quejarse? De hecho, quejarse es casi como un deporte. Nos quejamos de los pol\u00edticos, del gobierno, del alto costo de la luz y de por qu\u00e9 no nos alcanza lo que ganamos. Lamentablemente, esta mentalidad la estamos transmitiendo a nuestros hijos y\u2026","rel":"","context":"En \u00abLimones\u00bb","block_context":{"text":"Limones","link":"https:\/\/quechilero.com\/blog\/category\/limones\/"},"img":{"alt_text":"","src":"","width":0,"height":0},"classes":[]},{"id":423,"url":"https:\/\/quechilero.com\/blog\/2007\/01\/26\/vivira-eternamente-con-sus-hijos\/","url_meta":{"origin":382,"position":3},"title":"Vivir\u00e1 Eternamente con Sus Hijos","author":"Pepe Barrascout Ortiz","date":"26 enero 2007","format":false,"excerpt":"El mayor gozo que puede tener un creyente en este mundo es el de disfrutar de unos momentos de comuni\u00f3n ininterrumpida con el Padre Celestial. Pero en el cielo tendremos comuni\u00f3n perfecta con \u00c9l, donde las congregaciones no se dispersar\u00e1n ni finalizar\u00e1n los s\u00e1bados. As\u00ed siempre estaremos con el Se\u00f1or.\u2026","rel":"","context":"En \u00abLimones\u00bb","block_context":{"text":"Limones","link":"https:\/\/quechilero.com\/blog\/category\/limones\/"},"img":{"alt_text":"","src":"","width":0,"height":0},"classes":[]},{"id":2046,"url":"https:\/\/quechilero.com\/blog\/2009\/01\/30\/la-era-de-la-depresion\/","url_meta":{"origin":382,"position":4},"title":"La era de la depresi\u00f3n","author":"Pepe Barrascout Ortiz","date":"30 enero 2009","format":false,"excerpt":"El doctor Luis Rojas Marcos, psiquiatra, quien fuera presidente del Sistema P\u00fablico de Salud de Nueva York, a la pregunta \"\u00bfPor qu\u00e9 se queja tanto la gente?\", responde: \"La queja es como una neurosis colectiva. El s\u00edntoma de tener pena de s\u00ed mismo tal vez habla de desmoralizaci\u00f3n. Es posible\u2026","rel":"","context":"En \u00abLimones\u00bb","block_context":{"text":"Limones","link":"https:\/\/quechilero.com\/blog\/category\/limones\/"},"img":{"alt_text":"","src":"","width":0,"height":0},"classes":[]},{"id":31439,"url":"https:\/\/quechilero.com\/blog\/2023\/05\/26\/a-punto-de-escribir-una-queja\/","url_meta":{"origin":382,"position":5},"title":"A punto de escribir una queja","author":"Pepe Barrascout Ortiz","date":"26 mayo 2023","format":false,"excerpt":"Hola hola amigos, hoy es s\u00e1bado y ya todos sabemos lo que pienso de los s\u00e1bados. Justamente el s\u00e1bado pasado, estuve a punto de escribir una queja en el libro que est\u00e1 habilitado para tal efecto. Sin embargo, despu\u00e9s de meditar y pensar detenidamente, llegu\u00e9 a la conclusi\u00f3n de no\u2026","rel":"","context":"En \u00abDaily Gym\u00bb","block_context":{"text":"Daily Gym","link":"https:\/\/quechilero.com\/blog\/category\/podcast\/daily-gym\/"},"img":{"alt_text":"Daily Gym Podcast","src":"https:\/\/i0.wp.com\/quechilero.com\/blog\/imagenes\/DailyGym.jpg?fit=1200%2C675&ssl=1&resize=350%2C200","width":350,"height":200,"srcset":"https:\/\/i0.wp.com\/quechilero.com\/blog\/imagenes\/DailyGym.jpg?fit=1200%2C675&ssl=1&resize=350%2C200 1x, https:\/\/i0.wp.com\/quechilero.com\/blog\/imagenes\/DailyGym.jpg?fit=1200%2C675&ssl=1&resize=525%2C300 1.5x, https:\/\/i0.wp.com\/quechilero.com\/blog\/imagenes\/DailyGym.jpg?fit=1200%2C675&ssl=1&resize=700%2C400 2x, https:\/\/i0.wp.com\/quechilero.com\/blog\/imagenes\/DailyGym.jpg?fit=1200%2C675&ssl=1&resize=1050%2C600 3x"},"classes":[]}],"jetpack_featured_media_url":"","_links":{"self":[{"href":"https:\/\/quechilero.com\/blog\/wp-json\/wp\/v2\/posts\/382","targetHints":{"allow":["GET"]}}],"collection":[{"href":"https:\/\/quechilero.com\/blog\/wp-json\/wp\/v2\/posts"}],"about":[{"href":"https:\/\/quechilero.com\/blog\/wp-json\/wp\/v2\/types\/post"}],"author":[{"embeddable":true,"href":"https:\/\/quechilero.com\/blog\/wp-json\/wp\/v2\/users\/1"}],"replies":[{"embeddable":true,"href":"https:\/\/quechilero.com\/blog\/wp-json\/wp\/v2\/comments?post=382"}],"version-history":[{"count":0,"href":"https:\/\/quechilero.com\/blog\/wp-json\/wp\/v2\/posts\/382\/revisions"}],"wp:attachment":[{"href":"https:\/\/quechilero.com\/blog\/wp-json\/wp\/v2\/media?parent=382"}],"wp:term":[{"taxonomy":"category","embeddable":true,"href":"https:\/\/quechilero.com\/blog\/wp-json\/wp\/v2\/categories?post=382"},{"taxonomy":"post_tag","embeddable":true,"href":"https:\/\/quechilero.com\/blog\/wp-json\/wp\/v2\/tags?post=382"},{"taxonomy":"series","embeddable":true,"href":"https:\/\/quechilero.com\/blog\/wp-json\/wp\/v2\/series?post=382"}],"curies":[{"name":"wp","href":"https:\/\/api.w.org\/{rel}","templated":true}]}}