{"id":3756,"date":"2009-09-15T15:00:31","date_gmt":"2009-09-15T21:00:31","guid":{"rendered":"http:\/\/quechilero.com\/blog\/?p=3756"},"modified":"2009-09-15T15:00:31","modified_gmt":"2009-09-15T21:00:31","slug":"no-profane-jamas-el-verdugo","status":"publish","type":"post","link":"https:\/\/quechilero.com\/blog\/2009\/09\/15\/no-profane-jamas-el-verdugo\/","title":{"rendered":"No profane jam\u00e1s el verdugo&#8230;"},"content":{"rendered":"<p><a href=\"http:\/\/s392.photobucket.com\/albums\/pp7\/pepejaguar\/blog\/?action=view&amp;current=lazo_luto_pegatina.jpg\"><img data-recalc-dims=\"1\" decoding=\"async\" class=\"alignleft\" style=\"margin-right: 8px;\" src=\"https:\/\/i0.wp.com\/i392.photobucket.com\/albums\/pp7\/pepejaguar\/blog\/lazo_luto_pegatina.jpg?w=300\" alt=\"\"  \/><\/a><em>No profane jam\u00e1s el verdugo, ni haya esclavos que laman el yugo&#8230;<\/em><\/p>\n<p>Hoy no me siento con ganas de celebrar la <em>independencia<\/em>, quiz\u00e1 cuando ya no existan muertes extrajudiciales en el pa\u00eds, quiz\u00e1 cuando las oportunidades sean iguales para todos, quiz\u00e1 cuando la desigualdad no sea producto de la opresi\u00f3n, quiz\u00e1 cuando los pobres existan solo porque <em>ellos<\/em> no quieren trabajar y no porque <em>aunque quieren<\/em>, no hay donde trabajar.<\/p>\n<p>Y despu\u00e9s de una larga lista de <em>quiz\u00e1s<\/em>, entonces sea el primero en salir a las calles con <em>bombos y platillos<\/em> a celebrar la vida, la paz y la prosperidad.<\/p>\n<p>A pesar de haber estudiado en un colegio <em>eminentemente marchista<\/em>, donde los <em>ensayos de las bandas<\/em>, porque hab\u00edan varias bandas, se iniciaban a la par del ciclo escolar y en muchas ocasiones terminaba despu\u00e9s del mismo. A pesar de que <em>el colegio<\/em>, tiene una <em>muuuuy larga tradici\u00f3n<\/em> de premios y premios de primeros lugares en cientos de concursos, desde los ya lejanos <em>Concursos de \u00d3rden Cerrado<\/em>, donde se desfilaba <em>con fusiles<\/em>, bajo el inexorable ojo vigilante de los <em>Comandantes y Generales<\/em> que <em>calificaban<\/em> a los alumnos y donde era todo un <em>honor y motivo de orgullo<\/em> el que un colegio civil, le ganara a las academias militares.<\/p>\n<p>Muchas historias y leyendas escuch\u00e9 a lo largo de mi <em>vida estudiantil<\/em>, donde desde primero primaria se empezaba a ser adoctrinado para pensar en el <em>15<\/em>, como era llamado al <em>magno desfile<\/em>, donde por las calles del centro hist\u00f3rico, se <em>marchaba<\/em> a ritmo militar, junto a un centenar de colegios, escuelas e institutos que hac\u00edan lo propio, donde los miles de estudiantes ah\u00ed concentrados, <em>daban sus mejores galas<\/em> por demostrar que eran los mejores, donde al final del <em>desfile, concurso, certamen, <\/em>una vez mas <em>el colegio<\/em> era el <em>ganador<\/em>, donde alumnos y ex alumnos se agolpaban en la puerta, para obtener el mejor lugar, al cantar a todo pulm\u00f3n <em>el himno al colegio<\/em>.<\/p>\n<p>Nunca en los doce a\u00f1os que estudi\u00e9 ah\u00ed, comprend\u00ed cual era la <em>gana<\/em> o la verdadera <em>intenci\u00f3n<\/em> de la <em>\u00absomatadera de botes\u00bb<\/em>, como siempre he llamado a esta pr\u00e1ctica <em>\u00abc\u00edvico &#8211; militar\u00bb<\/em>, que de todas las cosas <em>sin sentido<\/em> que se hacen en Guatemala, esta es para mi, una de las peores.<\/p>\n<p>En fin, claro que estudiar en este tipo de colegios y ser <em>el que piensa diferente<\/em>, es algo que no siempre es muy bien visto <em>por el sistema<\/em>, ser el que cuestiona <em>la tradici\u00f3n ancestral<\/em>, como era llamada esta actividad, ten\u00eda su precio, o ser el que adem\u00e1s de no compartir <em>esa l\u00ednea de pensamiento<\/em>, era de los que expresaba la propia, pues no es exactamente motivo de popularidad.<\/p>\n<p>Lo que al final cuenta es que sigo sin entender el motivo del <em>desfile del 15<\/em>, sigo sin entender la gran p\u00e9rdida de tiempo en el sector educativo del pa\u00eds, como si la calidad educativa fuera tan buena, que nos podemos dar el lujo de perder algo tan valioso e irrecuperable como lo es el tiempo.<\/p>\n<p>Todo mundo se queja de los <em>subdesarrollados y tercermundistas que somos<\/em>, pero mientras Jap\u00f3n est\u00e1 probando y haciendo experimentos para montar una <a title=\"Planta de Energ\u00eda Solar v\u00eda Sat\u00e9lite\" href=\"http:\/\/www.google.com\/search?ie=UTF-8&amp;oe=UTF-8&amp;sourceid=navclient&amp;gfns=1&amp;q=energ%C3%ADa+solar+jap%C3%B3n+sat%C3%A9lite\" target=\"_blank\">planta de energ\u00eda solar v\u00eda sat\u00e9lite<\/a>, es decir, quieren capturar la energ\u00eda en el espacio exterior por medio de sat\u00e9lites y luego mandarla a la tierra, a Jap\u00f3n claro, pues mientras los Nipones est\u00e1n haciendo eso, ac\u00e1 en Guatemala le damos premios a los que mas fuerte somatan los tambores, que los pap\u00e1s se han endeudado mas para poder comprar.<\/p>\n<p>As\u00ed que el consejo es: ahorren todo lo que puedan, porque pronto estaremos comprando electricidad que los japoneses nos estar\u00e1n mandando desde el espacio, pero eso si, al ritmo de la <em>somatadera de botes.<\/em><\/p>\n","protected":false},"excerpt":{"rendered":"<p>No profane jam\u00e1s el verdugo, ni haya esclavos que laman el yugo&#8230; Hoy no me siento con ganas de celebrar la independencia, quiz\u00e1 cuando ya no existan muertes extrajudiciales en el pa\u00eds, quiz\u00e1 cuando las oportunidades sean iguales para todos, quiz\u00e1 cuando la desigualdad no sea producto de la opresi\u00f3n, quiz\u00e1 cuando los pobres existan &#8230; <a title=\"No profane jam\u00e1s el verdugo&#8230;\" class=\"read-more\" href=\"https:\/\/quechilero.com\/blog\/2009\/09\/15\/no-profane-jamas-el-verdugo\/\" aria-label=\"Leer m\u00e1s sobre No profane jam\u00e1s el verdugo&#8230;\">Leer m\u00e1s<\/a><\/p>\n","protected":false},"author":1,"featured_media":0,"comment_status":"open","ping_status":"open","sticky":false,"template":"","format":"standard","meta":{"advanced_seo_description":"","jetpack_seo_html_title":"","jetpack_seo_noindex":false,"jetpack_seo_schema_type":"","episode_type":"","audio_file":"","podmotor_file_id":"","podmotor_episode_id":"","cover_image":"","cover_image_id":"","duration":"","filesize":"","filesize_raw":"","date_recorded":"","explicit":"","block":"","_jetpack_newsletter_access":"","_jetpack_dont_email_post_to_subs":false,"_jetpack_newsletter_tier_id":0,"_jetpack_memberships_contains_paywalled_content":false,"_jetpack_feature_clip_id":0,"_jetpack_memberships_contains_paid_content":false,"footnotes":"","jetpack_publicize_message":"","jetpack_publicize_feature_enabled":true,"jetpack_social_post_already_shared":false,"jetpack_social_options":{"image_generator_settings":{"template":"highway","default_image_id":0,"font":"","enabled":false},"version":2},"jetpack_post_was_ever_published":false},"categories":[2],"tags":[4,12,71,10,17,50,40,5,41,24],"series":[],"class_list":["post-3756","post","type-post","status-publish","format-standard","hentry","category-limones","tag-blog","tag-cosas","tag-energia","tag-guatemala","tag-historia","tag-muerte","tag-paz","tag-tiempo","tag-verdad","tag-vida"],"episode_featured_image":false,"episode_player_image":"https:\/\/i0.wp.com\/quechilero.com\/blog\/imagenes\/podcast.png?fit=1831%2C1831&ssl=1","download_link":"","player_link":"","audio_player":false,"episode_data":{"playerMode":"dark","subscribeUrls":{"amazon":{"key":"amazon","url":"","label":"Amazon","class":"amazon","icon":"amazon.png"},"apple_podcasts":{"key":"apple_podcasts","url":"","label":"Apple Podcasts","class":"apple_podcasts","icon":"apple-podcasts.png"},"castbox":{"key":"castbox","url":"","label":"CastBox","class":"castbox","icon":"castbox.png"},"deezer":{"key":"deezer","url":"","label":"Deezer","class":"deezer","icon":"deezer.png"},"google_podcasts":{"key":"google_podcasts","url":"","label":"Google Podcasts","class":"google_podcasts","icon":"google-podcasts.png"},"listen_notes":{"key":"listen_notes","url":"","label":"Listen Notes","class":"listen_notes","icon":"listen-notes.png"},"pandora":{"key":"pandora","url":"","label":"Pandora","class":"pandora","icon":"pandora.png"},"podbean":{"key":"podbean","url":"","label":"Podbean","class":"podbean","icon":"podbean.png"},"podcast_republic":{"key":"podcast_republic","url":"","label":"Podcast Republic","class":"podcast_republic","icon":"podcast-republic.png"},"rss":{"key":"rss","url":"","label":"RSS","class":"rss","icon":"rss.png"},"spotify":{"key":"spotify","url":"","label":"Spotify","class":"spotify","icon":"spotify.png"},"stitcher":{"key":"stitcher","url":"","label":"Stitcher","class":"stitcher","icon":"stitcher.png"},"tunein":{"key":"tunein","url":"","label":"TuneIn","class":"tunein","icon":"tunein.png"},"youtube":{"key":"youtube","url":"","label":"YouTube","class":"youtube","icon":"youtube.png"},"iheartradio":{"key":"iheartradio","url":"","label":"iHeartRadio","class":"iheartradio","icon":"iheartradio.png"},"ivoox":{"key":"ivoox","url":"","label":"iVoox","class":"ivoox","icon":"ivoox.png"}},"rssFeedUrl":"https:\/\/quechilero.com\/blog\/feed\/podcast\/si-la-vida-nos-da-limones","embedCode":"<blockquote class=\"wp-embedded-content\" data-secret=\"MoluyF8K3j\"><a href=\"https:\/\/quechilero.com\/blog\/2009\/09\/15\/no-profane-jamas-el-verdugo\/\">No profane jam\u00e1s el verdugo&#8230;<\/a><\/blockquote><iframe sandbox=\"allow-scripts\" security=\"restricted\" src=\"https:\/\/quechilero.com\/blog\/2009\/09\/15\/no-profane-jamas-el-verdugo\/embed\/#?secret=MoluyF8K3j\" width=\"500\" height=\"350\" title=\"\u00abNo profane jam\u00e1s el verdugo&#8230;\u00bb \u2014 Si la Vida nos da Limones...\" data-secret=\"MoluyF8K3j\" frameborder=\"0\" marginwidth=\"0\" marginheight=\"0\" scrolling=\"no\" class=\"wp-embedded-content\"><\/iframe><script>\n\/*! This file is auto-generated *\/\n!function(d,l){\"use strict\";l.querySelector&&d.addEventListener&&\"undefined\"!=typeof URL&&(d.wp=d.wp||{},d.wp.receiveEmbedMessage||(d.wp.receiveEmbedMessage=function(e){var t=e.data;if((t||t.secret||t.message||t.value)&&!\/[^a-zA-Z0-9]\/.test(t.secret)){for(var s,r,n,a=l.querySelectorAll('iframe[data-secret=\"'+t.secret+'\"]'),o=l.querySelectorAll('blockquote[data-secret=\"'+t.secret+'\"]'),c=new RegExp(\"^https?:$\",\"i\"),i=0;i<o.length;i++)o[i].style.display=\"none\";for(i=0;i<a.length;i++)s=a[i],e.source===s.contentWindow&&(s.removeAttribute(\"style\"),\"height\"===t.message?(1e3<(r=parseInt(t.value,10))?r=1e3:~~r<200&&(r=200),s.height=r):\"link\"===t.message&&(r=new URL(s.getAttribute(\"src\")),n=new URL(t.value),c.test(n.protocol))&&n.host===r.host&&l.activeElement===s&&(d.top.location.href=t.value))}},d.addEventListener(\"message\",d.wp.receiveEmbedMessage,!1),l.addEventListener(\"DOMContentLoaded\",function(){for(var e,t,s=l.querySelectorAll(\"iframe.wp-embedded-content\"),r=0;r<s.length;r++)(t=(e=s[r]).getAttribute(\"data-secret\"))||(t=Math.random().toString(36).substring(2,12),e.src+=\"#?secret=\"+t,e.setAttribute(\"data-secret\",t)),e.contentWindow.postMessage({message:\"ready\",secret:t},\"*\")},!1)))}(window,document);\n\/\/# sourceURL=https:\/\/quechilero.com\/blog\/wp-includes\/js\/wp-embed.min.js\n<\/script>\n"},"jetpack_publicize_connections":[],"jetpack_shortlink":"https:\/\/wp.me\/pDKli-YA","jetpack_sharing_enabled":true,"jetpack-related-posts":[{"id":671,"url":"https:\/\/quechilero.com\/blog\/2007\/09\/15\/feliz-cumpleanos-guatemala\/","url_meta":{"origin":3756,"position":0},"title":"Feliz Cumplea\u00f1os Guatemala","author":"Pepe Barrascout Ortiz","date":"15 septiembre 2007","format":false,"excerpt":"Feliz Cumplea\u00f1os Guatemala, \"...que tus haras no profane jam\u00e1s el verdugo...\"","rel":"","context":"En \u00abLimones\u00bb","block_context":{"text":"Limones","link":"https:\/\/quechilero.com\/blog\/category\/limones\/"},"img":{"alt_text":"","src":"","width":0,"height":0},"classes":[]},{"id":19346,"url":"https:\/\/quechilero.com\/blog\/2014\/09\/15\/mi-bella-guatemala\/","url_meta":{"origin":3756,"position":1},"title":"Mi bella Guatemala","author":"Pepe Barrascout Ortiz","date":"15 septiembre 2014","format":false,"excerpt":"https:\/\/youtu.be\/DIxL6KX-I1s Es mi bella Guatemala un gran pa\u00eds, que en la Am\u00e9rica del Centro puso Dios... hoy celebramos un aniversario mas de la\u00a0independencia de centroamericana de Espa\u00f1a, all\u00e1 por el a\u00f1o de 1821. En Guatemala particularmente se celebra de una forma muy colorida y con un gran sincretismo de tradiciones,\u2026","rel":"","context":"En \u00abVideoBlog\u00bb","block_context":{"text":"VideoBlog","link":"https:\/\/quechilero.com\/blog\/category\/videoblog\/"},"img":{"alt_text":"","src":"https:\/\/i0.wp.com\/img.youtube.com\/vi\/DIxL6KX-I1s\/0.jpg?resize=350%2C200","width":350,"height":200},"classes":[]},{"id":4175,"url":"https:\/\/quechilero.com\/blog\/2010\/01\/01\/el-ano-nuevo\/","url_meta":{"origin":3756,"position":2},"title":"El A\u00f1o Nuevo","author":"Pepe Barrascout Ortiz","date":"1 enero 2010","format":false,"excerpt":"Soy el A\u00f1o Nuevo. Vengo a ti puro e inmaculado; acabo de salir de las manos de Dios. Cada d\u00eda es una perla de gran precio que te es concedida para que la ensartes en el hilo de plata de la vida. Una vez ensartada, ya no puede desenhebrarse jam\u00e1s;\u2026","rel":"","context":"En \u00abLimones\u00bb","block_context":{"text":"Limones","link":"https:\/\/quechilero.com\/blog\/category\/limones\/"},"img":{"alt_text":"","src":"","width":0,"height":0},"classes":[]},{"id":17678,"url":"https:\/\/quechilero.com\/blog\/2014\/01\/24\/no-hay-respuestas\/","url_meta":{"origin":3756,"position":3},"title":"No hay respuestas","author":"Pepe Barrascout Ortiz","date":"24 enero 2014","format":false,"excerpt":"Hay momentos en la vida que no tienen respuesta ni explicaci\u00f3n; sucesos, acontecimientos, experiencias vividas, tantas cosas que no sabemos por qu\u00e9 suceden o por qu\u00e9 las debemos vivir. Muchas veces nos quedamos estancados buscando las respuestas y no avanzamos, porque nos da miedo continuar en medio de la incertidumbre\u2026","rel":"","context":"En \u00abLimones\u00bb","block_context":{"text":"Limones","link":"https:\/\/quechilero.com\/blog\/category\/limones\/"},"img":{"alt_text":"","src":"","width":0,"height":0},"classes":[]},{"id":6637,"url":"https:\/\/quechilero.com\/blog\/2011\/02\/10\/trabaja-y-persevera\/","url_meta":{"origin":3756,"position":4},"title":"Trabaja y Persevera","author":"Pepe Barrascout Ortiz","date":"10 febrero 2011","format":false,"excerpt":"Lo que no logres hoy, quiz\u00e1 ma\u00f1ana lo lograr\u00e1s, no es tiempo todav\u00eda, nunca en el breve termino de un d\u00eda maduran los frutos y la espiga grana. No son jam\u00e1s en la labor humana, vano el af\u00e1n, ni in\u00fatil la porf\u00eda, el que con fe y valor lucha y\u2026","rel":"","context":"En \u00abLimones\u00bb","block_context":{"text":"Limones","link":"https:\/\/quechilero.com\/blog\/category\/limones\/"},"img":{"alt_text":"","src":"","width":0,"height":0},"classes":[]},{"id":6708,"url":"https:\/\/quechilero.com\/blog\/2011\/01\/19\/adelanto-del-cielo\/","url_meta":{"origin":3756,"position":5},"title":"Adelanto del Cielo","author":"Pepe Barrascout Ortiz","date":"19 enero 2011","format":false,"excerpt":"Ocurri\u00f3 durante un mes de voluntariado en las vacaciones de verano. Cuando llegamos a Nairobi (Kenya) nos pregunt\u00e1bamos c\u00f3mo nosotros, inexpertos universitarios, podr\u00edamos ayudar en aquella \u00c1frica sucia, polvorienta y calurosa. Quiz\u00e1 arreglando tejados... pero no ten\u00edamos experiencia en construcci\u00f3n. Quiz\u00e1 pintando un colegio... pero no sab\u00edamos de pintura. Lo\u2026","rel":"","context":"En \u00abLimones\u00bb","block_context":{"text":"Limones","link":"https:\/\/quechilero.com\/blog\/category\/limones\/"},"img":{"alt_text":"","src":"","width":0,"height":0},"classes":[]}],"jetpack_featured_media_url":"","_links":{"self":[{"href":"https:\/\/quechilero.com\/blog\/wp-json\/wp\/v2\/posts\/3756","targetHints":{"allow":["GET"]}}],"collection":[{"href":"https:\/\/quechilero.com\/blog\/wp-json\/wp\/v2\/posts"}],"about":[{"href":"https:\/\/quechilero.com\/blog\/wp-json\/wp\/v2\/types\/post"}],"author":[{"embeddable":true,"href":"https:\/\/quechilero.com\/blog\/wp-json\/wp\/v2\/users\/1"}],"replies":[{"embeddable":true,"href":"https:\/\/quechilero.com\/blog\/wp-json\/wp\/v2\/comments?post=3756"}],"version-history":[{"count":0,"href":"https:\/\/quechilero.com\/blog\/wp-json\/wp\/v2\/posts\/3756\/revisions"}],"wp:attachment":[{"href":"https:\/\/quechilero.com\/blog\/wp-json\/wp\/v2\/media?parent=3756"}],"wp:term":[{"taxonomy":"category","embeddable":true,"href":"https:\/\/quechilero.com\/blog\/wp-json\/wp\/v2\/categories?post=3756"},{"taxonomy":"post_tag","embeddable":true,"href":"https:\/\/quechilero.com\/blog\/wp-json\/wp\/v2\/tags?post=3756"},{"taxonomy":"series","embeddable":true,"href":"https:\/\/quechilero.com\/blog\/wp-json\/wp\/v2\/series?post=3756"}],"curies":[{"name":"wp","href":"https:\/\/api.w.org\/{rel}","templated":true}]}}