{"id":3747,"date":"2009-10-23T08:00:42","date_gmt":"2009-10-23T14:00:42","guid":{"rendered":"http:\/\/quechilero.com\/blog\/?p=3747"},"modified":"2009-10-23T08:00:42","modified_gmt":"2009-10-23T14:00:42","slug":"musica-natural","status":"publish","type":"post","link":"https:\/\/quechilero.com\/blog\/2009\/10\/23\/musica-natural\/","title":{"rendered":"M\u00fasica Natural"},"content":{"rendered":"<p><em>Jarbas Agnelli,<\/em> un ciudadano Brasile\u00f1o, se encontraba leyendo el peri\u00f3dico <a title=\"M\u00fasica Natural\" href=\"http:\/\/www.estadao.com.br\/home\/\" target=\"_blank\"><em>\u00abO Estado\u00bb<\/em> <\/a>y le llam\u00f3 mucho la atenci\u00f3n, una fotograf\u00eda publicada, que trataba de unos <em>p\u00e1jaros<\/em> posados sobre unos cables de tendido el\u00e9ctrico. Nada fuera de lo com\u00fan.<\/p>\n<p>Sin embargo, la fotograf\u00eda en si, era bastante curiosa pero <em>Jarbas Agnelli<\/em>, se sorprendi\u00f3 cuando descubri\u00f3 algo a lo que na daba cr\u00e9dito, se dio cuenta que las aves posadas sobre los cables, formaban una armon\u00eda como si de notas musicales se tratara, sobre una gran partitura, entonces fue cuando decidi\u00f3 <em>interpretar esta m\u00fasica natural<\/em>, el resultado, el siguiente video.<\/p>\n<p><object classid=\"clsid:d27cdb6e-ae6d-11cf-96b8-444553540000\" width=\"550\" height=\"325\" codebase=\"http:\/\/download.macromedia.com\/pub\/shockwave\/cabs\/flash\/swflash.cab#version=6,0,40,0\"><param name=\"allowfullscreen\" value=\"true\" \/><param name=\"allowscriptaccess\" value=\"always\" \/><param name=\"src\" value=\"http:\/\/vimeo.com\/moogaloop.swf?clip_id=6428069&amp;server=vimeo.com&amp;show_title=1&amp;show_byline=1&amp;show_portrait=0&amp;color=ffffff&amp;fullscreen=1\" \/><\/object><\/p>\n<p><em>Visto en <a title=\"M\u00fasica Natural\" href=\"http:\/\/www.pixelydixel.com\/\" target=\"_blank\">Pixel y Dixel<\/a><\/em><\/p>\n","protected":false},"excerpt":{"rendered":"<p>Jarbas Agnelli, un ciudadano Brasile\u00f1o, se encontraba leyendo el peri\u00f3dico \u00abO Estado\u00bb y le llam\u00f3 mucho la atenci\u00f3n, una fotograf\u00eda publicada, que trataba de unos p\u00e1jaros posados sobre unos cables de tendido el\u00e9ctrico. Nada fuera de lo com\u00fan. Sin embargo, la fotograf\u00eda en si, era bastante curiosa pero Jarbas Agnelli, se sorprendi\u00f3 cuando descubri\u00f3 algo &#8230; <a title=\"M\u00fasica Natural\" class=\"read-more\" href=\"https:\/\/quechilero.com\/blog\/2009\/10\/23\/musica-natural\/\" aria-label=\"Leer m\u00e1s sobre M\u00fasica Natural\">Leer m\u00e1s<\/a><\/p>\n","protected":false},"author":1,"featured_media":0,"comment_status":"open","ping_status":"open","sticky":false,"template":"","format":"standard","meta":{"advanced_seo_description":"","jetpack_seo_html_title":"","jetpack_seo_noindex":false,"jetpack_seo_schema_type":"","episode_type":"","audio_file":"","podmotor_file_id":"","podmotor_episode_id":"","cover_image":"","cover_image_id":"","duration":"","filesize":"","filesize_raw":"","date_recorded":"","explicit":"","block":"","_jetpack_newsletter_access":"","_jetpack_dont_email_post_to_subs":false,"_jetpack_newsletter_tier_id":0,"_jetpack_memberships_contains_paywalled_content":false,"_jetpack_feature_clip_id":0,"_jetpack_memberships_contains_paid_content":false,"footnotes":"","jetpack_publicize_message":"","jetpack_publicize_feature_enabled":true,"jetpack_social_post_already_shared":false,"jetpack_social_options":{"image_generator_settings":{"template":"highway","default_image_id":0,"font":"","enabled":false},"version":2},"jetpack_post_was_ever_published":false},"categories":[2],"tags":[8,25],"series":[],"class_list":["post-3747","post","type-post","status-publish","format-standard","hentry","category-limones","tag-fotografia","tag-video"],"episode_featured_image":false,"episode_player_image":"https:\/\/i0.wp.com\/quechilero.com\/blog\/imagenes\/podcast.png?fit=1831%2C1831&ssl=1","download_link":"","player_link":"","audio_player":false,"episode_data":{"playerMode":"dark","subscribeUrls":{"amazon":{"key":"amazon","url":"","label":"Amazon","class":"amazon","icon":"amazon.png"},"apple_podcasts":{"key":"apple_podcasts","url":"","label":"Apple Podcasts","class":"apple_podcasts","icon":"apple-podcasts.png"},"castbox":{"key":"castbox","url":"","label":"CastBox","class":"castbox","icon":"castbox.png"},"deezer":{"key":"deezer","url":"","label":"Deezer","class":"deezer","icon":"deezer.png"},"google_podcasts":{"key":"google_podcasts","url":"","label":"Google Podcasts","class":"google_podcasts","icon":"google-podcasts.png"},"listen_notes":{"key":"listen_notes","url":"","label":"Listen Notes","class":"listen_notes","icon":"listen-notes.png"},"pandora":{"key":"pandora","url":"","label":"Pandora","class":"pandora","icon":"pandora.png"},"podbean":{"key":"podbean","url":"","label":"Podbean","class":"podbean","icon":"podbean.png"},"podcast_republic":{"key":"podcast_republic","url":"","label":"Podcast Republic","class":"podcast_republic","icon":"podcast-republic.png"},"rss":{"key":"rss","url":"","label":"RSS","class":"rss","icon":"rss.png"},"spotify":{"key":"spotify","url":"","label":"Spotify","class":"spotify","icon":"spotify.png"},"stitcher":{"key":"stitcher","url":"","label":"Stitcher","class":"stitcher","icon":"stitcher.png"},"tunein":{"key":"tunein","url":"","label":"TuneIn","class":"tunein","icon":"tunein.png"},"youtube":{"key":"youtube","url":"","label":"YouTube","class":"youtube","icon":"youtube.png"},"iheartradio":{"key":"iheartradio","url":"","label":"iHeartRadio","class":"iheartradio","icon":"iheartradio.png"},"ivoox":{"key":"ivoox","url":"","label":"iVoox","class":"ivoox","icon":"ivoox.png"}},"rssFeedUrl":"https:\/\/quechilero.com\/blog\/feed\/podcast\/si-la-vida-nos-da-limones","embedCode":"<blockquote class=\"wp-embedded-content\" data-secret=\"4GLH2TSkwS\"><a href=\"https:\/\/quechilero.com\/blog\/2009\/10\/23\/musica-natural\/\">M\u00fasica Natural<\/a><\/blockquote><iframe sandbox=\"allow-scripts\" security=\"restricted\" src=\"https:\/\/quechilero.com\/blog\/2009\/10\/23\/musica-natural\/embed\/#?secret=4GLH2TSkwS\" width=\"500\" height=\"350\" title=\"\u00abM\u00fasica Natural\u00bb \u2014 Si la Vida nos da Limones...\" data-secret=\"4GLH2TSkwS\" frameborder=\"0\" marginwidth=\"0\" marginheight=\"0\" scrolling=\"no\" class=\"wp-embedded-content\"><\/iframe><script>\n\/*! This file is auto-generated *\/\n!function(d,l){\"use strict\";l.querySelector&&d.addEventListener&&\"undefined\"!=typeof URL&&(d.wp=d.wp||{},d.wp.receiveEmbedMessage||(d.wp.receiveEmbedMessage=function(e){var t=e.data;if((t||t.secret||t.message||t.value)&&!\/[^a-zA-Z0-9]\/.test(t.secret)){for(var s,r,n,a=l.querySelectorAll('iframe[data-secret=\"'+t.secret+'\"]'),o=l.querySelectorAll('blockquote[data-secret=\"'+t.secret+'\"]'),c=new RegExp(\"^https?:$\",\"i\"),i=0;i<o.length;i++)o[i].style.display=\"none\";for(i=0;i<a.length;i++)s=a[i],e.source===s.contentWindow&&(s.removeAttribute(\"style\"),\"height\"===t.message?(1e3<(r=parseInt(t.value,10))?r=1e3:~~r<200&&(r=200),s.height=r):\"link\"===t.message&&(r=new URL(s.getAttribute(\"src\")),n=new URL(t.value),c.test(n.protocol))&&n.host===r.host&&l.activeElement===s&&(d.top.location.href=t.value))}},d.addEventListener(\"message\",d.wp.receiveEmbedMessage,!1),l.addEventListener(\"DOMContentLoaded\",function(){for(var e,t,s=l.querySelectorAll(\"iframe.wp-embedded-content\"),r=0;r<s.length;r++)(t=(e=s[r]).getAttribute(\"data-secret\"))||(t=Math.random().toString(36).substring(2,12),e.src+=\"#?secret=\"+t,e.setAttribute(\"data-secret\",t)),e.contentWindow.postMessage({message:\"ready\",secret:t},\"*\")},!1)))}(window,document);\n\/\/# sourceURL=https:\/\/quechilero.com\/blog\/wp-includes\/js\/wp-embed.min.js\n<\/script>\n"},"jetpack_publicize_connections":[],"jetpack_shortlink":"https:\/\/wp.me\/pDKli-Yr","jetpack_sharing_enabled":true,"jetpack-related-posts":[{"id":4568,"url":"https:\/\/quechilero.com\/blog\/2010\/04\/21\/guatemala-2\/","url_meta":{"origin":3747,"position":0},"title":"Guatemala","author":"Pepe Barrascout Ortiz","date":"21 abril 2010","format":false,"excerpt":"Iv\u00e1n Castro, es un reconocido fot\u00f3grafo contempor\u00e1neo y que en los \u00faltimos a\u00f1os ha destacado grandemente, adem\u00e1s, es el creador del grupo Flickr Guatemala, donde comparte muchas de sus maravillosas fotograf\u00edas. Dentro de sus \u00faltimos trabajos, se encuentra la producci\u00f3n de un material en fotograf\u00eda y video, para uno de\u2026","rel":"","context":"En \u00abLimones\u00bb","block_context":{"text":"Limones","link":"https:\/\/quechilero.com\/blog\/category\/limones\/"},"img":{"alt_text":"","src":"","width":0,"height":0},"classes":[]},{"id":142,"url":"https:\/\/quechilero.com\/blog\/2006\/08\/15\/la-feria-de-jocotenango\/","url_meta":{"origin":3747,"position":1},"title":"La Feria de Jocotenango","author":"Pepe Barrascout Ortiz","date":"15 agosto 2006","format":false,"excerpt":"Esta actividad es celebrada todos los a\u00f1os en las inmediaciones del Hip\u00f3dromo del Norte, durante el mes de agosto. Sin embargo, primero se ubic\u00f3 en el \u00e1rea del Cerrito del Carmen. La festividad, que conmemora a la Virgen de la Asunci\u00f3n, se lleva a cabo en todas las comunidades en\u2026","rel":"","context":"En \u00abLimones\u00bb","block_context":{"text":"Limones","link":"https:\/\/quechilero.com\/blog\/category\/limones\/"},"img":{"alt_text":"Feria de Jocotenango","src":"https:\/\/i0.wp.com\/static.flickr.com\/86\/216296044_700b3b4c75_o.jpg?resize=350%2C200","width":350,"height":200},"classes":[]},{"id":7126,"url":"https:\/\/quechilero.com\/blog\/2011\/03\/06\/hablando-de-fe\/","url_meta":{"origin":3747,"position":2},"title":"Hablando de Fe","author":"Pepe Barrascout Ortiz","date":"6 marzo 2011","format":false,"excerpt":"Se dice que el equilibrista m\u00e1s grande de todos los tiempos estaba haciendo preparativos para fijar un cable a trav\u00e9s de las cataratas del Ni\u00e1gara y cruzarlas haciendo equilibrio. Y al fin lleg\u00f3 el d\u00eda en el que todo estaba preparado, se hab\u00eda convocado a una muchedumbre, tanto periodistas como\u2026","rel":"","context":"En \u00abLimones\u00bb","block_context":{"text":"Limones","link":"https:\/\/quechilero.com\/blog\/category\/limones\/"},"img":{"alt_text":"","src":"","width":0,"height":0},"classes":[]},{"id":31346,"url":"https:\/\/quechilero.com\/blog\/2023\/05\/22\/sin-cables-de-corriente\/","url_meta":{"origin":3747,"position":3},"title":"Sin cables de corriente","author":"Pepe Barrascout Ortiz","date":"22 mayo 2023","format":false,"excerpt":"Hola hola amigos, un d\u00eda m\u00e1s de aventuras en\u00a0Daily Gym, donde puede y pasa de todo. Hoy les voy a contar algo que sucedi\u00f3 no exactamente dentro del gimnasio, sino que a la salida, en el parqueo del centro comercial. Sirvi\u00f3 bastante para reflexionar y comprobar si estoy bien preparado\u2026","rel":"","context":"En \u00abDaily Gym\u00bb","block_context":{"text":"Daily Gym","link":"https:\/\/quechilero.com\/blog\/category\/podcast\/daily-gym\/"},"img":{"alt_text":"Daily Gym Podcast","src":"https:\/\/i0.wp.com\/quechilero.com\/blog\/imagenes\/DailyGym.jpg?fit=1200%2C675&ssl=1&resize=350%2C200","width":350,"height":200,"srcset":"https:\/\/i0.wp.com\/quechilero.com\/blog\/imagenes\/DailyGym.jpg?fit=1200%2C675&ssl=1&resize=350%2C200 1x, https:\/\/i0.wp.com\/quechilero.com\/blog\/imagenes\/DailyGym.jpg?fit=1200%2C675&ssl=1&resize=525%2C300 1.5x, https:\/\/i0.wp.com\/quechilero.com\/blog\/imagenes\/DailyGym.jpg?fit=1200%2C675&ssl=1&resize=700%2C400 2x, https:\/\/i0.wp.com\/quechilero.com\/blog\/imagenes\/DailyGym.jpg?fit=1200%2C675&ssl=1&resize=1050%2C600 3x"},"classes":[]},{"id":17318,"url":"https:\/\/quechilero.com\/blog\/2013\/10\/16\/de-la-%ef%bb%bfdesfiguracion\/","url_meta":{"origin":3747,"position":4},"title":"De la \ufeffdesfiguraci\u00f3n","author":"Pepe Barrascout Ortiz","date":"16 octubre 2013","format":false,"excerpt":"Cuidado, porque los s\u00edmbolos se pueden transformar en trampas. En el libro \"C\u00e1ntico para Leibowitz\" todo pasa en un futuro distante, mil a\u00f1os despu\u00e9s de que la actual civilizaci\u00f3n ha sido destruida. Sus habitantes usan antiguos cables de computadora enrollados en el cuello, porque, dice la tradici\u00f3n, esos cables conten\u00edan\u2026","rel":"","context":"En \u00abLimones\u00bb","block_context":{"text":"Limones","link":"https:\/\/quechilero.com\/blog\/category\/limones\/"},"img":{"alt_text":"","src":"","width":0,"height":0},"classes":[]},{"id":4766,"url":"https:\/\/quechilero.com\/blog\/2010\/05\/17\/podcasting\/","url_meta":{"origin":3747,"position":5},"title":"Podcasting","author":"Pepe Barrascout Ortiz","date":"17 mayo 2010","format":false,"excerpt":"Si los videos en Youtube o en otro sitio para compartir, han estado tirando por el suelo la televisi\u00f3n tradicional, en la que uno ya no est\u00e1 supeditado a horarios de programaci\u00f3n, en donde uno puede ver lo que se quiere, en el momento en que se desea. Pues lo\u2026","rel":"","context":"En \u00abLimones\u00bb","block_context":{"text":"Limones","link":"https:\/\/quechilero.com\/blog\/category\/limones\/"},"img":{"alt_text":"","src":"","width":0,"height":0},"classes":[]}],"jetpack_featured_media_url":"","_links":{"self":[{"href":"https:\/\/quechilero.com\/blog\/wp-json\/wp\/v2\/posts\/3747","targetHints":{"allow":["GET"]}}],"collection":[{"href":"https:\/\/quechilero.com\/blog\/wp-json\/wp\/v2\/posts"}],"about":[{"href":"https:\/\/quechilero.com\/blog\/wp-json\/wp\/v2\/types\/post"}],"author":[{"embeddable":true,"href":"https:\/\/quechilero.com\/blog\/wp-json\/wp\/v2\/users\/1"}],"replies":[{"embeddable":true,"href":"https:\/\/quechilero.com\/blog\/wp-json\/wp\/v2\/comments?post=3747"}],"version-history":[{"count":0,"href":"https:\/\/quechilero.com\/blog\/wp-json\/wp\/v2\/posts\/3747\/revisions"}],"wp:attachment":[{"href":"https:\/\/quechilero.com\/blog\/wp-json\/wp\/v2\/media?parent=3747"}],"wp:term":[{"taxonomy":"category","embeddable":true,"href":"https:\/\/quechilero.com\/blog\/wp-json\/wp\/v2\/categories?post=3747"},{"taxonomy":"post_tag","embeddable":true,"href":"https:\/\/quechilero.com\/blog\/wp-json\/wp\/v2\/tags?post=3747"},{"taxonomy":"series","embeddable":true,"href":"https:\/\/quechilero.com\/blog\/wp-json\/wp\/v2\/series?post=3747"}],"curies":[{"name":"wp","href":"https:\/\/api.w.org\/{rel}","templated":true}]}}