{"id":3739,"date":"2009-09-14T18:14:44","date_gmt":"2009-09-15T00:14:44","guid":{"rendered":"http:\/\/quechilero.com\/blog\/?p=3739"},"modified":"2009-09-14T18:14:44","modified_gmt":"2009-09-15T00:14:44","slug":"actual-en-nuestros-dias-la-chalana","status":"publish","type":"post","link":"https:\/\/quechilero.com\/blog\/2009\/09\/14\/actual-en-nuestros-dias-la-chalana\/","title":{"rendered":"Actual en nuestros d\u00edas: La Chalana"},"content":{"rendered":"<p>Con letra de la inspiraci\u00f3n de Miguel Angel Asturias, Alfredo Valle Calvo, David Vela, Jos\u00e9 Luis Barc\u00e1rcel y m\u00fasica de el Maestro Jos\u00e9 Casta\u00f1eda, este <em>canto de guerra<\/em> no deja de tener validez, ahora que estamos en la v\u00edspera de la <em>\u00abcelebraci\u00f3n de un aniversario mas de la independencia\u00bb<\/em>, repasando la letra, me doy cuenta que <em>La Chalana<\/em> sigue siendo actual.<\/p>\n<p>Por cierto, para quien no lo sabe, <em>la chalana<\/em> es una <em>embarcaci\u00f3n a remo de dimensiones reducidas, con forma casi cuadrada y fondo plano<\/em> similar a las t\u00edpicas que vemos en Atitl\u00e1n.<\/p>\n<p><object classid=\"clsid:d27cdb6e-ae6d-11cf-96b8-444553540000\" width=\"200\" height=\"20\" codebase=\"http:\/\/download.macromedia.com\/pub\/shockwave\/cabs\/flash\/swflash.cab#version=6,0,40,0\"><param name=\"src\" value=\"http:\/\/quechilero.com\/blog\/wp-content\/player.swf?mp3=http:\/\/blip.tv\/file\/get\/Pepejaguar-LaChalana943.mp3&amp;showtime=1\" \/><\/object><\/p>\n<p><em>\u00a1Aqu\u00ed est\u00e1 tu son Chabela!<\/em><\/p>\n<p>Matasanos practicantes,<br \/>\ndel emplasto fabricantes,<br \/>\ng\u00fcisachines del lugar,<br \/>\nestudiantes:<br \/>\nen sonora carcajada<br \/>\nporrumpid. Ja. Ja.<\/p>\n<p>Sobre los hediondos males,<br \/>\nde la patria arrojad flores,<br \/>\nya que no sois liberales<br \/>\nni menos conservadores:<br \/>\nmalos bichos sin conciencia,<br \/>\nque la apresan en sus dientes,<br \/>\ny la chupan inclementes,<br \/>\nla fuerza de su existencia.<\/p>\n<p><!--more--><\/p>\n<p>Coro<\/p>\n<p>Matasanos practicantes,<br \/>\ndel emplasto fabricantes,<br \/>\ng\u00fcisachines del lugar,<br \/>\nchoteadores:<br \/>\nen sonara carcajada<br \/>\nporrumpid. Ja. Ja.<br \/>\nReid de los liberales<br \/>\ny de los conservadores.<\/p>\n<p>Nuestro quetzal espantado,<br \/>\npor un ideal que no existe,<br \/>\nse puso las de hule al prado,<br \/>\nm\u00e1s mudo, pelado y triste;<br \/>\ny en su lugar erigieron,<br \/>\ncinco extinguidos volcanes,<br \/>\nque un cinco tambi\u00e9n se hundieron,<br \/>\nbajo rudos ya taganes.<\/p>\n<p>Coro<\/p>\n<p>Matasanos practicantes,<br \/>\ndel emplasto fabricantes,<br \/>\ng\u00fcisachines del lugar,<br \/>\nhermanitos:<br \/>\nen sonora carcajada<br \/>\nporrumpid. Ja. Ja.<br \/>\nReid de los volcancitos<br \/>\ny del choteado quetzal.<\/p>\n<p>Contemplad los militares,<br \/>\nque en la paz carrera hicieron;<br \/>\nvuestros jueces a millares,<br \/>\nque la justicia vendieron;<br \/>\nvuestros curas monigotes,<br \/>\nque comercian con el credo,<br \/>\ny patrioteros con brotes,<br \/>\nde farsa, inter\u00e9s y miedo.<\/p>\n<p>Coro<\/p>\n<p>Matasanos practicantes,<br \/>\ndel emplasto fabricantes,<br \/>\ng\u00fcisachines del lugar,<br \/>\nmalcriadotes:<br \/>\nen sonora carcajada<br \/>\nporrumpid. Ja. Ja.<br \/>\nReid de la clerigalla,<br \/>\nreid de los chafarotes.<\/p>\n<p>Patria, palabrota a\u00f1eja,<br \/>\npor los largos explotada;<br \/>\nhoy la patria es una vieja,<br \/>\nque est\u00e1 desacreditada.<br \/>\nNo vale ni cuatro reales,<br \/>\nen este pa\u00eds de traidores;<br \/>\nla venden los liberales,<br \/>\ncomo los conservadores.<\/p>\n<p>Coro<\/p>\n<p>Matasanos practicantes,<br \/>\ndel emplasto fabricantes,<br \/>\ng\u00fcisachines del lugar,<br \/>\nmuchachada:<br \/>\nde la patria derrengada<br \/>\nriamos ya. Ja. Ja.<\/p>\n","protected":false},"excerpt":{"rendered":"<p>Con letra de la inspiraci\u00f3n de Miguel Angel Asturias, Alfredo Valle Calvo, David Vela, Jos\u00e9 Luis Barc\u00e1rcel y m\u00fasica de el Maestro Jos\u00e9 Casta\u00f1eda, este canto de guerra no deja de tener validez, ahora que estamos en la v\u00edspera de la \u00abcelebraci\u00f3n de un aniversario mas de la independencia\u00bb, repasando la letra, me doy cuenta &#8230; <a title=\"Actual en nuestros d\u00edas: La Chalana\" class=\"read-more\" href=\"https:\/\/quechilero.com\/blog\/2009\/09\/14\/actual-en-nuestros-dias-la-chalana\/\" aria-label=\"Leer m\u00e1s sobre Actual en nuestros d\u00edas: La Chalana\">Leer m\u00e1s<\/a><\/p>\n","protected":false},"author":1,"featured_media":0,"comment_status":"open","ping_status":"open","sticky":false,"template":"","format":"standard","meta":{"advanced_seo_description":"","jetpack_seo_html_title":"","jetpack_seo_noindex":false,"jetpack_seo_schema_type":"","episode_type":"","audio_file":"","podmotor_file_id":"","podmotor_episode_id":"","cover_image":"","cover_image_id":"","duration":"","filesize":"","filesize_raw":"","date_recorded":"","explicit":"","block":"","_jetpack_newsletter_access":"","_jetpack_dont_email_post_to_subs":false,"_jetpack_newsletter_tier_id":0,"_jetpack_memberships_contains_paywalled_content":false,"_jetpack_feature_clip_id":0,"_jetpack_memberships_contains_paid_content":false,"footnotes":"","jetpack_publicize_message":"","jetpack_publicize_feature_enabled":true,"jetpack_social_post_already_shared":false,"jetpack_social_options":{"image_generator_settings":{"template":"highway","default_image_id":0,"font":"","enabled":false},"version":2},"jetpack_post_was_ever_published":false},"categories":[2],"tags":[4,88,9,68,40],"series":[],"class_list":["post-3739","post","type-post","status-publish","format-standard","hentry","category-limones","tag-blog","tag-flores","tag-idea","tag-mp3","tag-paz"],"episode_featured_image":false,"episode_player_image":"https:\/\/i0.wp.com\/quechilero.com\/blog\/imagenes\/podcast.png?fit=1831%2C1831&ssl=1","download_link":"","player_link":"","audio_player":false,"episode_data":{"playerMode":"dark","subscribeUrls":{"amazon":{"key":"amazon","url":"","label":"Amazon","class":"amazon","icon":"amazon.png"},"apple_podcasts":{"key":"apple_podcasts","url":"","label":"Apple Podcasts","class":"apple_podcasts","icon":"apple-podcasts.png"},"castbox":{"key":"castbox","url":"","label":"CastBox","class":"castbox","icon":"castbox.png"},"deezer":{"key":"deezer","url":"","label":"Deezer","class":"deezer","icon":"deezer.png"},"google_podcasts":{"key":"google_podcasts","url":"","label":"Google Podcasts","class":"google_podcasts","icon":"google-podcasts.png"},"listen_notes":{"key":"listen_notes","url":"","label":"Listen Notes","class":"listen_notes","icon":"listen-notes.png"},"pandora":{"key":"pandora","url":"","label":"Pandora","class":"pandora","icon":"pandora.png"},"podbean":{"key":"podbean","url":"","label":"Podbean","class":"podbean","icon":"podbean.png"},"podcast_republic":{"key":"podcast_republic","url":"","label":"Podcast Republic","class":"podcast_republic","icon":"podcast-republic.png"},"rss":{"key":"rss","url":"","label":"RSS","class":"rss","icon":"rss.png"},"spotify":{"key":"spotify","url":"","label":"Spotify","class":"spotify","icon":"spotify.png"},"stitcher":{"key":"stitcher","url":"","label":"Stitcher","class":"stitcher","icon":"stitcher.png"},"tunein":{"key":"tunein","url":"","label":"TuneIn","class":"tunein","icon":"tunein.png"},"youtube":{"key":"youtube","url":"","label":"YouTube","class":"youtube","icon":"youtube.png"},"iheartradio":{"key":"iheartradio","url":"","label":"iHeartRadio","class":"iheartradio","icon":"iheartradio.png"},"ivoox":{"key":"ivoox","url":"","label":"iVoox","class":"ivoox","icon":"ivoox.png"}},"rssFeedUrl":"https:\/\/quechilero.com\/blog\/feed\/podcast\/si-la-vida-nos-da-limones","embedCode":"<blockquote class=\"wp-embedded-content\" data-secret=\"aeuFLyDmmF\"><a href=\"https:\/\/quechilero.com\/blog\/2009\/09\/14\/actual-en-nuestros-dias-la-chalana\/\">Actual en nuestros d\u00edas: La Chalana<\/a><\/blockquote><iframe sandbox=\"allow-scripts\" security=\"restricted\" src=\"https:\/\/quechilero.com\/blog\/2009\/09\/14\/actual-en-nuestros-dias-la-chalana\/embed\/#?secret=aeuFLyDmmF\" width=\"500\" height=\"350\" title=\"\u00abActual en nuestros d\u00edas: La Chalana\u00bb \u2014 Si la Vida nos da Limones...\" data-secret=\"aeuFLyDmmF\" frameborder=\"0\" marginwidth=\"0\" marginheight=\"0\" scrolling=\"no\" class=\"wp-embedded-content\"><\/iframe><script>\n\/*! This file is auto-generated *\/\n!function(d,l){\"use strict\";l.querySelector&&d.addEventListener&&\"undefined\"!=typeof URL&&(d.wp=d.wp||{},d.wp.receiveEmbedMessage||(d.wp.receiveEmbedMessage=function(e){var t=e.data;if((t||t.secret||t.message||t.value)&&!\/[^a-zA-Z0-9]\/.test(t.secret)){for(var s,r,n,a=l.querySelectorAll('iframe[data-secret=\"'+t.secret+'\"]'),o=l.querySelectorAll('blockquote[data-secret=\"'+t.secret+'\"]'),c=new RegExp(\"^https?:$\",\"i\"),i=0;i<o.length;i++)o[i].style.display=\"none\";for(i=0;i<a.length;i++)s=a[i],e.source===s.contentWindow&&(s.removeAttribute(\"style\"),\"height\"===t.message?(1e3<(r=parseInt(t.value,10))?r=1e3:~~r<200&&(r=200),s.height=r):\"link\"===t.message&&(r=new URL(s.getAttribute(\"src\")),n=new URL(t.value),c.test(n.protocol))&&n.host===r.host&&l.activeElement===s&&(d.top.location.href=t.value))}},d.addEventListener(\"message\",d.wp.receiveEmbedMessage,!1),l.addEventListener(\"DOMContentLoaded\",function(){for(var e,t,s=l.querySelectorAll(\"iframe.wp-embedded-content\"),r=0;r<s.length;r++)(t=(e=s[r]).getAttribute(\"data-secret\"))||(t=Math.random().toString(36).substring(2,12),e.src+=\"#?secret=\"+t,e.setAttribute(\"data-secret\",t)),e.contentWindow.postMessage({message:\"ready\",secret:t},\"*\")},!1)))}(window,document);\n\/\/# sourceURL=https:\/\/quechilero.com\/blog\/wp-includes\/js\/wp-embed.min.js\n<\/script>\n"},"jetpack_publicize_connections":[],"jetpack_shortlink":"https:\/\/wp.me\/pDKli-Yj","jetpack_sharing_enabled":true,"jetpack-related-posts":[{"id":9546,"url":"https:\/\/quechilero.com\/blog\/2011\/06\/25\/dia-del-maestro\/","url_meta":{"origin":3739,"position":0},"title":"D\u00eda del Maestro","author":"Pepe Barrascout Ortiz","date":"25 junio 2011","format":false,"excerpt":"Como un homenaje a mis colegas maestros, comparto estos art\u00edculos, que a lo largo de cinco a\u00f1os, he publicado en Si la vida nos da limones..., pero solo a aquellos que con \u00e1nimo y energ\u00eda, vocaci\u00f3n y entrega, d\u00eda a d\u00eda, asisten puntuales a la cita que tienen con la\u2026","rel":"","context":"En \u00abLimones\u00bb","block_context":{"text":"Limones","link":"https:\/\/quechilero.com\/blog\/category\/limones\/"},"img":{"alt_text":"","src":"","width":0,"height":0},"classes":[]},{"id":24358,"url":"https:\/\/quechilero.com\/blog\/2011\/09\/15\/podcast-las-6-de-la-manana-episodio-337-especial-del-mes-patrio\/","url_meta":{"origin":3739,"position":1},"title":"Podcast: Las 6 de la ma\u00f1ana, episodio 337 &#8211; Especial del mes patrio","author":"Pepe Barrascout Ortiz","date":"15 septiembre 2011","format":false,"excerpt":"Bienvenidos al tricent\u00e9simo trig\u00e9simo s\u00e9ptimo episodio de\u00a0\u201cLas \u00a06 de la ma\u00f1ana\u201d, un podcast que trae 6 canciones, para que iniciemos el d\u00eda, de forma positiva y con \u00e1nimo. El listado para hoy es: Artista \/ Tema 01 - Himno Nacional de Guatemala - Versi\u00f3n original de 1,897 02 - Himno\u2026","rel":"","context":"En \u00abLas 6 de la ma\u00f1ana\u00bb","block_context":{"text":"Las 6 de la ma\u00f1ana","link":"https:\/\/quechilero.com\/blog\/category\/podcast\/las-6-de-la-manana\/"},"img":{"alt_text":"","src":"https:\/\/i0.wp.com\/quechilero.com\/blog\/imagenes\/las6am.jpg?fit=620%2C350&ssl=1&resize=350%2C200","width":350,"height":200,"srcset":"https:\/\/i0.wp.com\/quechilero.com\/blog\/imagenes\/las6am.jpg?fit=620%2C350&ssl=1&resize=350%2C200 1x, https:\/\/i0.wp.com\/quechilero.com\/blog\/imagenes\/las6am.jpg?fit=620%2C350&ssl=1&resize=525%2C300 1.5x"},"classes":[]},{"id":970,"url":"https:\/\/quechilero.com\/blog\/2008\/06\/28\/letras-20\/","url_meta":{"origin":3739,"position":2},"title":"Letras 2.0","author":"Pepe Barrascout Ortiz","date":"28 junio 2008","format":false,"excerpt":"De moda los estilos de la web 2.0, este tutorial muestra como trabajar con tipograf\u00edas y darles el efecto conocido como glossy, muy popular en estos dise\u00f1os 2.0","rel":"","context":"En \u00abLimones\u00bb","block_context":{"text":"Limones","link":"https:\/\/quechilero.com\/blog\/category\/limones\/"},"img":{"alt_text":"","src":"","width":0,"height":0},"classes":[]},{"id":65,"url":"https:\/\/quechilero.com\/blog\/2006\/08\/03\/impresora-acuatica\/","url_meta":{"origin":3739,"position":3},"title":"Impresora Acu\u00e1tica","author":"Pepe Barrascout Ortiz","date":"3 agosto 2006","format":false,"excerpt":"Si deseas imprimir en el agua, si en el agua, ahora lo puedes hacer con este dispositivo que permite realizar esa funci\u00f3n, a ver cuando se imprime el primer e-mail ah\u00ed. Los investigadores en los laboratorios de Akishima (Mitsui Zosen), trabajando conjuntamente con profesor Shigeru Naito de la universidad de\u2026","rel":"","context":"En \u00abLimones\u00bb","block_context":{"text":"Limones","link":"https:\/\/quechilero.com\/blog\/category\/limones\/"},"img":{"alt_text":"Impresora Acu\u00e1tica","src":"https:\/\/i0.wp.com\/static.flickr.com\/68\/198830808_bd07df15fa_o.jpg?resize=350%2C200","width":350,"height":200},"classes":[]},{"id":27547,"url":"https:\/\/quechilero.com\/blog\/2014\/06\/06\/el-decimo-sentido-podcast-episodio-002\/","url_meta":{"origin":3739,"position":4},"title":"El D\u00e9cimo Sentido &#8211; Podcast &#8211; Episodio 002","author":"Pepe Barrascout Ortiz","date":"6 junio 2014","format":false,"excerpt":"Inicia este\u00a0podcast\u00a0con un concepto ecl\u00e9ctico de m\u00fasica. Es un listado de diez canciones, siguiendo un tema diferente para cada episodio. Estamos en invierno y este episodio trata de \"canciones para no dedicar\",\u00a0hemos reunido una lista con nuestras canciones favoritas, que no debi\u00e9ramos dedicar ac\u00e1 te explicamos por qu\u00e9 y\u00a0aunque todas\u2026","rel":"","context":"En \u00abPodcast\u00bb","block_context":{"text":"Podcast","link":"https:\/\/quechilero.com\/blog\/category\/podcast\/"},"img":{"alt_text":"","src":"","width":0,"height":0},"classes":[]},{"id":370,"url":"https:\/\/quechilero.com\/blog\/2006\/11\/15\/que-chilero\/","url_meta":{"origin":3739,"position":5},"title":"Que Chilero","author":"Pepe Barrascout Ortiz","date":"15 noviembre 2006","format":false,"excerpt":"Geo Greeting es un interesante generador de im\u00e1genes de palabras. Lo que lo hace especial es que las letras son formadas por edificios (en vista a\u00e9rea) y que son geo-localizados por medio del servicio de mapas de Google. Click en la imagen para ampliar. Adem\u00e1s genera una animaci\u00f3n, que no\u2026","rel":"","context":"En \u00abLimones\u00bb","block_context":{"text":"Limones","link":"https:\/\/quechilero.com\/blog\/category\/limones\/"},"img":{"alt_text":"Que Chilero","src":"https:\/\/i0.wp.com\/static.flickr.com\/107\/297436771_a8b6749db1.jpg?resize=350%2C200","width":350,"height":200},"classes":[]}],"jetpack_featured_media_url":"","_links":{"self":[{"href":"https:\/\/quechilero.com\/blog\/wp-json\/wp\/v2\/posts\/3739","targetHints":{"allow":["GET"]}}],"collection":[{"href":"https:\/\/quechilero.com\/blog\/wp-json\/wp\/v2\/posts"}],"about":[{"href":"https:\/\/quechilero.com\/blog\/wp-json\/wp\/v2\/types\/post"}],"author":[{"embeddable":true,"href":"https:\/\/quechilero.com\/blog\/wp-json\/wp\/v2\/users\/1"}],"replies":[{"embeddable":true,"href":"https:\/\/quechilero.com\/blog\/wp-json\/wp\/v2\/comments?post=3739"}],"version-history":[{"count":0,"href":"https:\/\/quechilero.com\/blog\/wp-json\/wp\/v2\/posts\/3739\/revisions"}],"wp:attachment":[{"href":"https:\/\/quechilero.com\/blog\/wp-json\/wp\/v2\/media?parent=3739"}],"wp:term":[{"taxonomy":"category","embeddable":true,"href":"https:\/\/quechilero.com\/blog\/wp-json\/wp\/v2\/categories?post=3739"},{"taxonomy":"post_tag","embeddable":true,"href":"https:\/\/quechilero.com\/blog\/wp-json\/wp\/v2\/tags?post=3739"},{"taxonomy":"series","embeddable":true,"href":"https:\/\/quechilero.com\/blog\/wp-json\/wp\/v2\/series?post=3739"}],"curies":[{"name":"wp","href":"https:\/\/api.w.org\/{rel}","templated":true}]}}