{"id":3725,"date":"2009-10-19T08:00:57","date_gmt":"2009-10-19T14:00:57","guid":{"rendered":"http:\/\/quechilero.com\/blog\/?p=3725"},"modified":"2009-10-19T08:00:57","modified_gmt":"2009-10-19T14:00:57","slug":"hay-quien-nace-con-fe","status":"publish","type":"post","link":"https:\/\/quechilero.com\/blog\/2009\/10\/19\/hay-quien-nace-con-fe\/","title":{"rendered":"Hay quien nace con Fe"},"content":{"rendered":"<p>Vivir con la seguridad de la Fe y la fuerza de la Esperanza no es motivo de  orgullo, pero s\u00ed de gran satisfacci\u00f3n. Por eso no extra\u00f1a que el c\u00e9lebre  Fernando de los R\u00edos dijera una vez a Manuel de Falla:<\/p>\n<p><em>&#8211; Qu\u00e9 feliz es usted por creer.<\/em><\/p>\n<p>Y Falla le contest\u00f3:<\/p>\n<p><em>&#8211; Don Fernando, empiece usted por practicar; hay quien nace con Fe y otros  tenemos que luchar por mantenerla.<\/em><\/p>\n","protected":false},"excerpt":{"rendered":"<p>Vivir con la seguridad de la Fe y la fuerza de la Esperanza no es motivo de orgullo, pero s\u00ed de gran satisfacci\u00f3n. Por eso no extra\u00f1a que el c\u00e9lebre Fernando de los R\u00edos dijera una vez a Manuel de Falla: &#8211; Qu\u00e9 feliz es usted por creer. Y Falla le contest\u00f3: &#8211; Don Fernando, &#8230; <a title=\"Hay quien nace con Fe\" class=\"read-more\" href=\"https:\/\/quechilero.com\/blog\/2009\/10\/19\/hay-quien-nace-con-fe\/\" aria-label=\"Leer m\u00e1s sobre Hay quien nace con Fe\">Leer m\u00e1s<\/a><\/p>\n","protected":false},"author":1,"featured_media":0,"comment_status":"open","ping_status":"open","sticky":false,"template":"","format":"standard","meta":{"advanced_seo_description":"","jetpack_seo_html_title":"","jetpack_seo_noindex":false,"jetpack_seo_schema_type":"","episode_type":"","audio_file":"","podmotor_file_id":"","podmotor_episode_id":"","cover_image":"","cover_image_id":"","duration":"","filesize":"","filesize_raw":"","date_recorded":"","explicit":"","block":"","_jetpack_newsletter_access":"","_jetpack_dont_email_post_to_subs":false,"_jetpack_newsletter_tier_id":0,"_jetpack_memberships_contains_paywalled_content":false,"_jetpack_feature_clip_id":0,"_jetpack_memberships_contains_paid_content":false,"footnotes":"","jetpack_publicize_message":"","jetpack_publicize_feature_enabled":true,"jetpack_social_post_already_shared":false,"jetpack_social_options":{"image_generator_settings":{"template":"highway","default_image_id":0,"font":"","enabled":false},"version":2},"jetpack_post_was_ever_published":false},"categories":[2],"tags":[14,46,23],"series":[],"class_list":["post-3725","post","type-post","status-publish","format-standard","hentry","category-limones","tag-accion","tag-feliz","tag-satisfaccion"],"episode_featured_image":false,"episode_player_image":"https:\/\/i0.wp.com\/quechilero.com\/blog\/imagenes\/podcast.png?fit=1831%2C1831&ssl=1","download_link":"","player_link":"","audio_player":false,"episode_data":{"playerMode":"dark","subscribeUrls":{"amazon":{"key":"amazon","url":"","label":"Amazon","class":"amazon","icon":"amazon.png"},"apple_podcasts":{"key":"apple_podcasts","url":"","label":"Apple Podcasts","class":"apple_podcasts","icon":"apple-podcasts.png"},"castbox":{"key":"castbox","url":"","label":"CastBox","class":"castbox","icon":"castbox.png"},"deezer":{"key":"deezer","url":"","label":"Deezer","class":"deezer","icon":"deezer.png"},"google_podcasts":{"key":"google_podcasts","url":"","label":"Google Podcasts","class":"google_podcasts","icon":"google-podcasts.png"},"listen_notes":{"key":"listen_notes","url":"","label":"Listen Notes","class":"listen_notes","icon":"listen-notes.png"},"pandora":{"key":"pandora","url":"","label":"Pandora","class":"pandora","icon":"pandora.png"},"podbean":{"key":"podbean","url":"","label":"Podbean","class":"podbean","icon":"podbean.png"},"podcast_republic":{"key":"podcast_republic","url":"","label":"Podcast Republic","class":"podcast_republic","icon":"podcast-republic.png"},"rss":{"key":"rss","url":"","label":"RSS","class":"rss","icon":"rss.png"},"spotify":{"key":"spotify","url":"","label":"Spotify","class":"spotify","icon":"spotify.png"},"stitcher":{"key":"stitcher","url":"","label":"Stitcher","class":"stitcher","icon":"stitcher.png"},"tunein":{"key":"tunein","url":"","label":"TuneIn","class":"tunein","icon":"tunein.png"},"youtube":{"key":"youtube","url":"","label":"YouTube","class":"youtube","icon":"youtube.png"},"iheartradio":{"key":"iheartradio","url":"","label":"iHeartRadio","class":"iheartradio","icon":"iheartradio.png"},"ivoox":{"key":"ivoox","url":"","label":"iVoox","class":"ivoox","icon":"ivoox.png"}},"rssFeedUrl":"https:\/\/quechilero.com\/blog\/feed\/podcast\/si-la-vida-nos-da-limones","embedCode":"<blockquote class=\"wp-embedded-content\" data-secret=\"vi0EXLJvEY\"><a href=\"https:\/\/quechilero.com\/blog\/2009\/10\/19\/hay-quien-nace-con-fe\/\">Hay quien nace con Fe<\/a><\/blockquote><iframe sandbox=\"allow-scripts\" security=\"restricted\" src=\"https:\/\/quechilero.com\/blog\/2009\/10\/19\/hay-quien-nace-con-fe\/embed\/#?secret=vi0EXLJvEY\" width=\"500\" height=\"350\" title=\"\u00abHay quien nace con Fe\u00bb \u2014 Si la Vida nos da Limones...\" data-secret=\"vi0EXLJvEY\" frameborder=\"0\" marginwidth=\"0\" marginheight=\"0\" scrolling=\"no\" class=\"wp-embedded-content\"><\/iframe><script>\n\/*! This file is auto-generated *\/\n!function(d,l){\"use strict\";l.querySelector&&d.addEventListener&&\"undefined\"!=typeof URL&&(d.wp=d.wp||{},d.wp.receiveEmbedMessage||(d.wp.receiveEmbedMessage=function(e){var t=e.data;if((t||t.secret||t.message||t.value)&&!\/[^a-zA-Z0-9]\/.test(t.secret)){for(var s,r,n,a=l.querySelectorAll('iframe[data-secret=\"'+t.secret+'\"]'),o=l.querySelectorAll('blockquote[data-secret=\"'+t.secret+'\"]'),c=new RegExp(\"^https?:$\",\"i\"),i=0;i<o.length;i++)o[i].style.display=\"none\";for(i=0;i<a.length;i++)s=a[i],e.source===s.contentWindow&&(s.removeAttribute(\"style\"),\"height\"===t.message?(1e3<(r=parseInt(t.value,10))?r=1e3:~~r<200&&(r=200),s.height=r):\"link\"===t.message&&(r=new URL(s.getAttribute(\"src\")),n=new URL(t.value),c.test(n.protocol))&&n.host===r.host&&l.activeElement===s&&(d.top.location.href=t.value))}},d.addEventListener(\"message\",d.wp.receiveEmbedMessage,!1),l.addEventListener(\"DOMContentLoaded\",function(){for(var e,t,s=l.querySelectorAll(\"iframe.wp-embedded-content\"),r=0;r<s.length;r++)(t=(e=s[r]).getAttribute(\"data-secret\"))||(t=Math.random().toString(36).substring(2,12),e.src+=\"#?secret=\"+t,e.setAttribute(\"data-secret\",t)),e.contentWindow.postMessage({message:\"ready\",secret:t},\"*\")},!1)))}(window,document);\n\/\/# sourceURL=https:\/\/quechilero.com\/blog\/wp-includes\/js\/wp-embed.min.js\n<\/script>\n"},"jetpack_publicize_connections":[],"jetpack_shortlink":"https:\/\/wp.me\/pDKli-Y5","jetpack_sharing_enabled":true,"jetpack-related-posts":[{"id":5761,"url":"https:\/\/quechilero.com\/blog\/2010\/10\/17\/hay-quienes-nacen-con-fe\/","url_meta":{"origin":3725,"position":0},"title":"Hay quienes nacen con fe","author":"Pepe Barrascout Ortiz","date":"17 octubre 2010","format":false,"excerpt":"Vivir con la seguridad de la fe y la fuerza de la esperanza no es motivo de orgullo, pero s\u00ed de gran satisfacci\u00f3n. Por eso no extra\u00f1a que el c\u00e9lebre Fernando de los R\u00edos dijera una vez a Manuel de Falla: \u2013 Qu\u00e9 feliz es usted por creer. Y Falla\u2026","rel":"","context":"En \u00abLimones\u00bb","block_context":{"text":"Limones","link":"https:\/\/quechilero.com\/blog\/category\/limones\/"},"img":{"alt_text":"","src":"","width":0,"height":0},"classes":[]},{"id":20114,"url":"https:\/\/quechilero.com\/blog\/2015\/05\/18\/forjar-tu-ser-con-felicidad\/","url_meta":{"origin":3725,"position":1},"title":"Forjar tu ser con felicidad","author":"Pepe Barrascout Ortiz","date":"18 mayo 2015","format":false,"excerpt":"Eres feliz cuando descubres el encanto de las cosas peque\u00f1as. En ellas luce la verdadera grandeza. Eres feliz cuando disfrutas el ahora intensamente, no te ofuscas por el pasado ni te angustias por el porvenir. Eres dichoso cuando eres misericordioso, pac\u00edfico, limpio de coraz\u00f3n, cuando tienes hambre y sed de\u2026","rel":"","context":"En \u00abLimones\u00bb","block_context":{"text":"Limones","link":"https:\/\/quechilero.com\/blog\/category\/limones\/"},"img":{"alt_text":"","src":"","width":0,"height":0},"classes":[]},{"id":16922,"url":"https:\/\/quechilero.com\/blog\/2013\/08\/30\/sin-alternativas-no-con-fe\/","url_meta":{"origin":3725,"position":2},"title":"\u00bfSin alternativas? No, con fe","author":"Pepe Barrascout Ortiz","date":"30 agosto 2013","format":false,"excerpt":"Hay momentos en que no sabemos por d\u00f3nde ir. Los problemas avanzan y crecen con el pasar del tiempo. La mente analiza posibles soluciones y en cada una de ella encuentra dificultades m\u00e1s o menos serias. Surge entonces en el alma un extra\u00f1o deseo de rendirse. Sin alternativas viables, la\u2026","rel":"","context":"En \u00abLimones\u00bb","block_context":{"text":"Limones","link":"https:\/\/quechilero.com\/blog\/category\/limones\/"},"img":{"alt_text":"","src":"","width":0,"height":0},"classes":[]},{"id":20118,"url":"https:\/\/quechilero.com\/blog\/2015\/05\/22\/llena-tu-copa\/","url_meta":{"origin":3725,"position":3},"title":"Llena tu copa","author":"Pepe Barrascout Ortiz","date":"22 mayo 2015","format":false,"excerpt":"La vida es una copa plena de felicidad, pero nunca se te da llena. Te dan un sorbito de vez en cuando... un sorbito que tienes que ir llenando gota a gota todos los d\u00edas, para sobrevivir. No te la pases agitando tus desgracias, pronosticando tragedias imaginarias, asustado por posibles\u2026","rel":"","context":"En \u00abLimones\u00bb","block_context":{"text":"Limones","link":"https:\/\/quechilero.com\/blog\/category\/limones\/"},"img":{"alt_text":"","src":"","width":0,"height":0},"classes":[]},{"id":7126,"url":"https:\/\/quechilero.com\/blog\/2011\/03\/06\/hablando-de-fe\/","url_meta":{"origin":3725,"position":4},"title":"Hablando de Fe","author":"Pepe Barrascout Ortiz","date":"6 marzo 2011","format":false,"excerpt":"Se dice que el equilibrista m\u00e1s grande de todos los tiempos estaba haciendo preparativos para fijar un cable a trav\u00e9s de las cataratas del Ni\u00e1gara y cruzarlas haciendo equilibrio. Y al fin lleg\u00f3 el d\u00eda en el que todo estaba preparado, se hab\u00eda convocado a una muchedumbre, tanto periodistas como\u2026","rel":"","context":"En \u00abLimones\u00bb","block_context":{"text":"Limones","link":"https:\/\/quechilero.com\/blog\/category\/limones\/"},"img":{"alt_text":"","src":"","width":0,"height":0},"classes":[]},{"id":19550,"url":"https:\/\/quechilero.com\/blog\/2014\/10\/30\/es-mejor-mas-arriba\/","url_meta":{"origin":3725,"position":5},"title":"Es mejor m\u00e1s arriba","author":"Pepe Barrascout Ortiz","date":"30 octubre 2014","format":false,"excerpt":"Hab\u00eda una cristiana que siempre estaba alegre y optimista a pesar de estar confinada en su habitaci\u00f3n a causa de una enfermedad en un \u00e1tico de la quinta planta de un edificio antiguo y ruinoso. Una amiga decidi\u00f3 visitarla una vez en compa\u00f1\u00eda de una se\u00f1ora de buena posici\u00f3n. Al\u2026","rel":"","context":"En \u00abLimones\u00bb","block_context":{"text":"Limones","link":"https:\/\/quechilero.com\/blog\/category\/limones\/"},"img":{"alt_text":"","src":"","width":0,"height":0},"classes":[]}],"jetpack_featured_media_url":"","_links":{"self":[{"href":"https:\/\/quechilero.com\/blog\/wp-json\/wp\/v2\/posts\/3725","targetHints":{"allow":["GET"]}}],"collection":[{"href":"https:\/\/quechilero.com\/blog\/wp-json\/wp\/v2\/posts"}],"about":[{"href":"https:\/\/quechilero.com\/blog\/wp-json\/wp\/v2\/types\/post"}],"author":[{"embeddable":true,"href":"https:\/\/quechilero.com\/blog\/wp-json\/wp\/v2\/users\/1"}],"replies":[{"embeddable":true,"href":"https:\/\/quechilero.com\/blog\/wp-json\/wp\/v2\/comments?post=3725"}],"version-history":[{"count":0,"href":"https:\/\/quechilero.com\/blog\/wp-json\/wp\/v2\/posts\/3725\/revisions"}],"wp:attachment":[{"href":"https:\/\/quechilero.com\/blog\/wp-json\/wp\/v2\/media?parent=3725"}],"wp:term":[{"taxonomy":"category","embeddable":true,"href":"https:\/\/quechilero.com\/blog\/wp-json\/wp\/v2\/categories?post=3725"},{"taxonomy":"post_tag","embeddable":true,"href":"https:\/\/quechilero.com\/blog\/wp-json\/wp\/v2\/tags?post=3725"},{"taxonomy":"series","embeddable":true,"href":"https:\/\/quechilero.com\/blog\/wp-json\/wp\/v2\/series?post=3725"}],"curies":[{"name":"wp","href":"https:\/\/api.w.org\/{rel}","templated":true}]}}