{"id":3723,"date":"2009-10-17T08:00:48","date_gmt":"2009-10-17T14:00:48","guid":{"rendered":"http:\/\/quechilero.com\/blog\/?p=3723"},"modified":"2009-10-17T08:00:48","modified_gmt":"2009-10-17T14:00:48","slug":"el-tabernaculo","status":"publish","type":"post","link":"https:\/\/quechilero.com\/blog\/2009\/10\/17\/el-tabernaculo\/","title":{"rendered":"El tabern\u00e1culo"},"content":{"rendered":"<p>La vida del creyente tiene una semejanza con el antiguo tabern\u00e1culo de Dios.  En \u00e9l, el atrio es un lugar de intensa actividad, mientras que el interior del  santuario es un lugar de quietud. Para preparar los muchos sacrificios era  necesaria la actividad de un gran n\u00famero de levitas que llenaban el atrio de la  ma\u00f1ana al atardecer.<\/p>\n<p>En el Lugar Sant\u00edsimo no hab\u00eda un solo hombre. Las cortinas  de acceso al atrio constantemente se abr\u00edan para permitir la entrada o salida de  las personas. El velo del Lugar Sant\u00edsimo pend\u00eda quieto, intacto, pues nadie  pod\u00eda entrar all\u00ed. Afuera los movimientos y los ruidos evidenciaban el intenso  servicio ritual. En el interior todo era quietud.<\/p>\n<p>As\u00ed es la vida cristiana. Exteriormente podemos estar en contacto constante  con las personas y, sin embargo, en nuestro interior permanecer imperturbables.<\/p>\n<p>La actividad exterior no tiene por qu\u00e9 provocar inquietud interior. Al vivir  delante de Dios en constante comuni\u00f3n espiritual tendremos todo lo que es  necesario para hacer frente a la ocupaci\u00f3n exterior de servir a los hombres que  le buscan y necesitan.<\/p>\n<p><strong><em>Watchman Nee<\/em><\/strong><\/p>\n","protected":false},"excerpt":{"rendered":"<p>La vida del creyente tiene una semejanza con el antiguo tabern\u00e1culo de Dios. En \u00e9l, el atrio es un lugar de intensa actividad, mientras que el interior del santuario es un lugar de quietud. Para preparar los muchos sacrificios era necesaria la actividad de un gran n\u00famero de levitas que llenaban el atrio de la &#8230; <a title=\"El tabern\u00e1culo\" class=\"read-more\" href=\"https:\/\/quechilero.com\/blog\/2009\/10\/17\/el-tabernaculo\/\" aria-label=\"Leer m\u00e1s sobre El tabern\u00e1culo\">Leer m\u00e1s<\/a><\/p>\n","protected":false},"author":1,"featured_media":0,"comment_status":"open","ping_status":"open","sticky":false,"template":"","format":"standard","meta":{"advanced_seo_description":"","jetpack_seo_html_title":"","jetpack_seo_noindex":false,"jetpack_seo_schema_type":"","episode_type":"","audio_file":"","podmotor_file_id":"","podmotor_episode_id":"","cover_image":"","cover_image_id":"","duration":"","filesize":"","filesize_raw":"","date_recorded":"","explicit":"","block":"","_jetpack_newsletter_access":"","_jetpack_dont_email_post_to_subs":false,"_jetpack_newsletter_tier_id":0,"_jetpack_memberships_contains_paywalled_content":false,"_jetpack_feature_clip_id":0,"_jetpack_memberships_contains_paid_content":false,"footnotes":"","jetpack_publicize_message":"","jetpack_publicize_feature_enabled":true,"jetpack_social_post_already_shared":false,"jetpack_social_options":{"image_generator_settings":{"template":"highway","default_image_id":0,"font":"","enabled":false},"version":2},"jetpack_post_was_ever_published":false},"categories":[2],"tags":[94,51,18,24],"series":[],"class_list":["post-3723","post","type-post","status-publish","format-standard","hentry","category-limones","tag-comunion","tag-dios","tag-hombre","tag-vida"],"episode_featured_image":false,"episode_player_image":"https:\/\/i0.wp.com\/quechilero.com\/blog\/imagenes\/podcast.png?fit=1831%2C1831&ssl=1","download_link":"","player_link":"","audio_player":false,"episode_data":{"playerMode":"dark","subscribeUrls":{"amazon":{"key":"amazon","url":"","label":"Amazon","class":"amazon","icon":"amazon.png"},"apple_podcasts":{"key":"apple_podcasts","url":"","label":"Apple Podcasts","class":"apple_podcasts","icon":"apple-podcasts.png"},"castbox":{"key":"castbox","url":"","label":"CastBox","class":"castbox","icon":"castbox.png"},"deezer":{"key":"deezer","url":"","label":"Deezer","class":"deezer","icon":"deezer.png"},"google_podcasts":{"key":"google_podcasts","url":"","label":"Google Podcasts","class":"google_podcasts","icon":"google-podcasts.png"},"listen_notes":{"key":"listen_notes","url":"","label":"Listen Notes","class":"listen_notes","icon":"listen-notes.png"},"pandora":{"key":"pandora","url":"","label":"Pandora","class":"pandora","icon":"pandora.png"},"podbean":{"key":"podbean","url":"","label":"Podbean","class":"podbean","icon":"podbean.png"},"podcast_republic":{"key":"podcast_republic","url":"","label":"Podcast Republic","class":"podcast_republic","icon":"podcast-republic.png"},"rss":{"key":"rss","url":"","label":"RSS","class":"rss","icon":"rss.png"},"spotify":{"key":"spotify","url":"","label":"Spotify","class":"spotify","icon":"spotify.png"},"stitcher":{"key":"stitcher","url":"","label":"Stitcher","class":"stitcher","icon":"stitcher.png"},"tunein":{"key":"tunein","url":"","label":"TuneIn","class":"tunein","icon":"tunein.png"},"youtube":{"key":"youtube","url":"","label":"YouTube","class":"youtube","icon":"youtube.png"},"iheartradio":{"key":"iheartradio","url":"","label":"iHeartRadio","class":"iheartradio","icon":"iheartradio.png"},"ivoox":{"key":"ivoox","url":"","label":"iVoox","class":"ivoox","icon":"ivoox.png"}},"rssFeedUrl":"https:\/\/quechilero.com\/blog\/feed\/podcast\/si-la-vida-nos-da-limones","embedCode":"<blockquote class=\"wp-embedded-content\" data-secret=\"0wjIqGbmXU\"><a href=\"https:\/\/quechilero.com\/blog\/2009\/10\/17\/el-tabernaculo\/\">El tabern\u00e1culo<\/a><\/blockquote><iframe sandbox=\"allow-scripts\" security=\"restricted\" src=\"https:\/\/quechilero.com\/blog\/2009\/10\/17\/el-tabernaculo\/embed\/#?secret=0wjIqGbmXU\" width=\"500\" height=\"350\" title=\"\u00abEl tabern\u00e1culo\u00bb \u2014 Si la Vida nos da Limones...\" data-secret=\"0wjIqGbmXU\" frameborder=\"0\" marginwidth=\"0\" marginheight=\"0\" scrolling=\"no\" class=\"wp-embedded-content\"><\/iframe><script>\n\/*! This file is auto-generated *\/\n!function(d,l){\"use strict\";l.querySelector&&d.addEventListener&&\"undefined\"!=typeof URL&&(d.wp=d.wp||{},d.wp.receiveEmbedMessage||(d.wp.receiveEmbedMessage=function(e){var t=e.data;if((t||t.secret||t.message||t.value)&&!\/[^a-zA-Z0-9]\/.test(t.secret)){for(var s,r,n,a=l.querySelectorAll('iframe[data-secret=\"'+t.secret+'\"]'),o=l.querySelectorAll('blockquote[data-secret=\"'+t.secret+'\"]'),c=new RegExp(\"^https?:$\",\"i\"),i=0;i<o.length;i++)o[i].style.display=\"none\";for(i=0;i<a.length;i++)s=a[i],e.source===s.contentWindow&&(s.removeAttribute(\"style\"),\"height\"===t.message?(1e3<(r=parseInt(t.value,10))?r=1e3:~~r<200&&(r=200),s.height=r):\"link\"===t.message&&(r=new URL(s.getAttribute(\"src\")),n=new URL(t.value),c.test(n.protocol))&&n.host===r.host&&l.activeElement===s&&(d.top.location.href=t.value))}},d.addEventListener(\"message\",d.wp.receiveEmbedMessage,!1),l.addEventListener(\"DOMContentLoaded\",function(){for(var e,t,s=l.querySelectorAll(\"iframe.wp-embedded-content\"),r=0;r<s.length;r++)(t=(e=s[r]).getAttribute(\"data-secret\"))||(t=Math.random().toString(36).substring(2,12),e.src+=\"#?secret=\"+t,e.setAttribute(\"data-secret\",t)),e.contentWindow.postMessage({message:\"ready\",secret:t},\"*\")},!1)))}(window,document);\n\/\/# sourceURL=https:\/\/quechilero.com\/blog\/wp-includes\/js\/wp-embed.min.js\n<\/script>\n"},"jetpack_publicize_connections":[],"jetpack_shortlink":"https:\/\/wp.me\/pDKli-Y3","jetpack_sharing_enabled":true,"jetpack-related-posts":[{"id":1502,"url":"https:\/\/quechilero.com\/blog\/2008\/08\/15\/la-asuncion-de-la-virgen-santisima\/","url_meta":{"origin":3723,"position":0},"title":"La Asunci\u00f3n de la Virgen Sant\u00edsima","author":"Pepe Barrascout Ortiz","date":"15 agosto 2008","format":false,"excerpt":"El Papa P\u00edo XII bajo la inspiraci\u00f3n del Esp\u00edritu Santo, y despu\u00e9s de consultar con todos los obispos de la Iglesia Cat\u00f3lica, y de escuchar el sentir de los fieles, el primero de Nov. de 1950, defini\u00f3 solemnemente con su suprema autoridad apost\u00f3lica, el dogma de la Asunci\u00f3n de Mar\u00eda.\u2026","rel":"","context":"En \u00abLimones\u00bb","block_context":{"text":"Limones","link":"https:\/\/quechilero.com\/blog\/category\/limones\/"},"img":{"alt_text":"Asunci\u00f3n de la Virgen, Tiziano, Santa Maria gloriosa dei Frari ","src":"https:\/\/i0.wp.com\/img175.imageshack.us\/img175\/1396\/302pxtizian041eg6.jpg?resize=350%2C200","width":350,"height":200},"classes":[]},{"id":16840,"url":"https:\/\/quechilero.com\/blog\/2013\/09\/07\/fiesta-de-la-natividad-de-la-%ef%bb%bfsantisima-virgen\/","url_meta":{"origin":3723,"position":1},"title":"Fiesta de la Natividad de la \ufeffSant\u00edsima Virgen","author":"Pepe Barrascout Ortiz","date":"7 septiembre 2013","format":false,"excerpt":"Un anticipo y anuncio inmediato de la redenci\u00f3n obrada por Jesucristo es el nacimiento de su Madre la Virgen Mar\u00eda, concebida sin mancha de pecado, llena de gracia y bendita entre todas las mujeres. Seg\u00fan la tradici\u00f3n, la Virgen Madre de Dios naci\u00f3 en Jerusal\u00e9n, junto a la piscina de\u2026","rel":"","context":"En \u00abLimones\u00bb","block_context":{"text":"Limones","link":"https:\/\/quechilero.com\/blog\/category\/limones\/"},"img":{"alt_text":"","src":"","width":0,"height":0},"classes":[]},{"id":6790,"url":"https:\/\/quechilero.com\/blog\/2011\/01\/15\/senor-de-esquipulas-4\/","url_meta":{"origin":3723,"position":2},"title":"Se\u00f1or de Esquipulas","author":"Pepe Barrascout Ortiz","date":"15 enero 2011","format":false,"excerpt":"Novena al Se\u00f1or de Esquipulas Acto de\u00a0Contrici\u00f3n Jes\u00fas crucificado: postrado a tus pies el m\u00e1s ingrato pecador, te pide perd\u00f3n y misericordia de haberte ofendido con tantas culpas; me pesa, mi Jes\u00fas, haber ofendido a tan soberana Majestad, propongo la enmienda de mi vida; te doy la palabra de confesar\u2026","rel":"","context":"En \u00abLimones\u00bb","block_context":{"text":"Limones","link":"https:\/\/quechilero.com\/blog\/category\/limones\/"},"img":{"alt_text":"","src":"","width":0,"height":0},"classes":[]},{"id":17351,"url":"https:\/\/quechilero.com\/blog\/2013\/10\/21\/el-alpinista-2\/","url_meta":{"origin":3723,"position":3},"title":"El alpinista","author":"Pepe Barrascout Ortiz","date":"21 octubre 2013","format":false,"excerpt":"Cuentan que un alpinista, desesperado por conquistar el Aconcagua, inici\u00f3 su traves\u00eda despu\u00e9s de a\u00f1os de preparaci\u00f3n, pero quer\u00eda la gloria para \u00e9l solo; por lo tanto, subi\u00f3 sin compa\u00f1eros. Empez\u00f3 a subir y se le fue haciendo tarde, y m\u00e1s tarde, y no se prepar\u00f3 para acampar, sino que\u2026","rel":"","context":"En \u00abLimones\u00bb","block_context":{"text":"Limones","link":"https:\/\/quechilero.com\/blog\/category\/limones\/"},"img":{"alt_text":"","src":"","width":0,"height":0},"classes":[]},{"id":13020,"url":"https:\/\/quechilero.com\/blog\/2012\/04\/14\/el-alpinista\/","url_meta":{"origin":3723,"position":4},"title":"El Alpinista","author":"Pepe Barrascout Ortiz","date":"14 abril 2012","format":false,"excerpt":"Cuentan que un alpinista, desesperado por conquistar el Aconcagua. Inici\u00f3 su traves\u00eda, despu\u00e9s de a\u00f1os de preparaci\u00f3n, pero quer\u00eda la gloria para \u00e9l s\u00f3lo, por lo tanto subi\u00f3 sin sus compa\u00f1eros. Empez\u00f3 a subir y se le fue haciendo tarde, y m\u00e1s tarde, y no se prepar\u00f3 para acampar, sino\u2026","rel":"","context":"En \u00abLimones\u00bb","block_context":{"text":"Limones","link":"https:\/\/quechilero.com\/blog\/category\/limones\/"},"img":{"alt_text":"","src":"","width":0,"height":0},"classes":[]},{"id":4777,"url":"https:\/\/quechilero.com\/blog\/2010\/05\/10\/acto-de-consagracion-a-maria-santisima\/","url_meta":{"origin":3723,"position":5},"title":"Acto de Consagraci\u00f3n a Mar\u00eda Sant\u00edsima","author":"Pepe Barrascout Ortiz","date":"10 mayo 2010","format":false,"excerpt":"Virgen Santa, la m\u00e1s pura de todas las v\u00edrgenes, y la Madre de mi Dios, Mar\u00eda Sant\u00edsima: Yo, aunque indigno de comparecer ante vuestra presencia soberana, confiando, sin embargo, en vuestra bondad, vengo a arrojarme a vuestros pies, Oh refugio de los pecadores, vengo a ofreceros este coraz\u00f3n m\u00edo como\u2026","rel":"","context":"En \u00abLimones\u00bb","block_context":{"text":"Limones","link":"https:\/\/quechilero.com\/blog\/category\/limones\/"},"img":{"alt_text":"","src":"","width":0,"height":0},"classes":[]}],"jetpack_featured_media_url":"","_links":{"self":[{"href":"https:\/\/quechilero.com\/blog\/wp-json\/wp\/v2\/posts\/3723","targetHints":{"allow":["GET"]}}],"collection":[{"href":"https:\/\/quechilero.com\/blog\/wp-json\/wp\/v2\/posts"}],"about":[{"href":"https:\/\/quechilero.com\/blog\/wp-json\/wp\/v2\/types\/post"}],"author":[{"embeddable":true,"href":"https:\/\/quechilero.com\/blog\/wp-json\/wp\/v2\/users\/1"}],"replies":[{"embeddable":true,"href":"https:\/\/quechilero.com\/blog\/wp-json\/wp\/v2\/comments?post=3723"}],"version-history":[{"count":0,"href":"https:\/\/quechilero.com\/blog\/wp-json\/wp\/v2\/posts\/3723\/revisions"}],"wp:attachment":[{"href":"https:\/\/quechilero.com\/blog\/wp-json\/wp\/v2\/media?parent=3723"}],"wp:term":[{"taxonomy":"category","embeddable":true,"href":"https:\/\/quechilero.com\/blog\/wp-json\/wp\/v2\/categories?post=3723"},{"taxonomy":"post_tag","embeddable":true,"href":"https:\/\/quechilero.com\/blog\/wp-json\/wp\/v2\/tags?post=3723"},{"taxonomy":"series","embeddable":true,"href":"https:\/\/quechilero.com\/blog\/wp-json\/wp\/v2\/series?post=3723"}],"curies":[{"name":"wp","href":"https:\/\/api.w.org\/{rel}","templated":true}]}}