{"id":372,"date":"2006-11-19T19:19:42","date_gmt":"2006-11-20T01:19:42","guid":{"rendered":"http:\/\/quechilero.com\/blog\/2006\/11\/19\/baile-de-la-conquista\/"},"modified":"2006-11-19T19:19:42","modified_gmt":"2006-11-20T01:19:42","slug":"baile-de-la-conquista","status":"publish","type":"post","link":"https:\/\/quechilero.com\/blog\/2006\/11\/19\/baile-de-la-conquista\/","title":{"rendered":"Baile de la Conquista"},"content":{"rendered":"<p>Guatemala es un pa\u00eds de tradiciones, algunas muy arraigadas y que se practican desde hace muchos a\u00f1os. En Rabinal, Baja Verapaz se realiza desde hace medio siglo, la representaci\u00f3n del Baile de la Conquista de Guatemala, con el cual se celebra la fiesta de la Virgen del Patrocinio.<\/p>\n<p>Del 25 al 27 de noviembre, Rabinal se viste de gala, para presenciar el trabajo arduo de un grupo de pobladores, que desde meses antes, se han preparado para esta actividad.<\/p>\n<p>Quiero aprovechar este espacio para invitar a todos a participar activamente de nuestras tradiciones y a apoyar al pueblo de Rabinal y a los organizadores de esta actividad, asistiendo en estas fechas y presenciar esta maravillosa representaci\u00f3n de nuestras tradiciones y folklore. Rabinal est\u00e1 de fiesta y nos espera con los brazos abiertos.<\/p>\n<p>A continuaci\u00f3n un reportaje especial con datos sobresalientes de esta actividad.<\/p>\n<p><strong>Impresionantes presentaciones del baile de La Conquista de Guatemala<\/strong><\/p>\n<p>El municipio de Rabinal, Baja Verapaz, se destaca el \u00faltimo fin de semana de noviembre, por la impresionante presentaci\u00f3n de la danza de enmascarados <strong>?La Conquista de Guatemala? <\/strong>. Esta representaci\u00f3n folcl\u00f3rica se efect\u00faa en la fiesta de la Virgen del Patrocinio.<\/p>\n<p>Desde hace m\u00e1s de 50 a\u00f1os ha salido de forma ininterrumpida, gracias al entusiasmo del se\u00f1or Mario Abigail Valdiz\u00f3n Ayala.<\/p>\n<p><a title=\"Mario Abigail Valdiz\u00f3n Ayala\" target=\"_new\" href=\"http:\/\/www.flickr.com\/photos\/pepejaguar\/299786342\/\"><img data-recalc-dims=\"1\" loading=\"lazy\" decoding=\"async\" width=\"144\" height=\"197\" border=\"0\" alt=\"Mario Abigail Valdiz\u00f3n Ayala\" src=\"https:\/\/i0.wp.com\/static.flickr.com\/109\/299786342_c3ed42e689_o.gif?resize=144%2C197\" \/><\/a><\/p>\n<p>Para el a\u00f1o 2006 usted puede visitar este hermoso municipio (174 Km. de la Ciudad Capital) del 25 al 27 de noviembre, donde se presentar\u00e1 nuevamente este tradicional baile que engalana las fiestas marianas del lugar.<\/p>\n<p>Se caracteriza este baile a otros de nuestro pa\u00eds, por la forma original que se presenta, ejemplo de ello es la vestimenta de los ?indios?, van ataviados con capas a la usanza de la \u00e9poca; plumas, penachos, arcos y flechas. Por su parte los ?espa\u00f1oles? entran montados a caballo con espadas y lanzas. El atuendo es con telas preciosas y lujos de la Corona espa\u00f1ola. D\u00e1ndole a esta presentaci\u00f3n un toque \u00fanico en toda Guatemala.<\/p>\n<p><a title=\"Rabinal\" target=\"_new\" href=\"http:\/\/www.flickr.com\/photos\/pepejaguar\/299786345\/\"><img data-recalc-dims=\"1\" loading=\"lazy\" decoding=\"async\" width=\"400\" height=\"300\" border=\"0\" alt=\"Rabinal\" src=\"https:\/\/i0.wp.com\/static.flickr.com\/107\/299786345_b3dbde20c5_o.jpg?resize=400%2C300\" \/><\/a><\/p>\n<p><strong>Fiesta de la Virgen del Patrocinio <\/strong><\/p>\n<p>La Virgen del Patrocinio es la patrona de Rabinal y desde tiempos inmemoriales es la protectora de esta Ciudad. Se sabe que la Virgen Mar\u00eda ampara la fe de los habitantes, propicia las necesidades b\u00e1sicas y espirituales, rog\u00e1ndole a su Hijo para que interceda por sus pobladores, por ello se le llama <strong>Virgen del Patrocinio. <\/strong><\/p>\n<p>El P. Oscar V\u00e1squez, Vicario de la parroquia San Pablo en Rabinal manifiesta el amor mariano de la poblaci\u00f3n, <em>?La fiesta del Patrocinio convoca a todo el pueblo a celebrar y recordar el misterio de Mar\u00eda en el mundo, en la vida cat\u00f3lica, en la vida cristiana y sobre todo en nuestro pueblo?. <\/em><\/p>\n<p>La solemne velaci\u00f3n de la imagen de la Virgen del Patrocinio se realizar\u00e1 este a\u00f1o el viernes 24 de noviembre en horas de la noche, rodeado de oraci\u00f3n, cohetes y m\u00fasica aut\u00f3ctona del lugar.<\/p>\n<p><a title=\"Rabinal\" target=\"_new\" href=\"http:\/\/www.flickr.com\/photos\/pepejaguar\/299786343\/\"><img data-recalc-dims=\"1\" loading=\"lazy\" decoding=\"async\" width=\"400\" height=\"300\" border=\"0\" alt=\"Rabinal\" src=\"https:\/\/i0.wp.com\/static.flickr.com\/120\/299786343_0d12e6045c_o.jpg?resize=400%2C300\" \/><\/a><\/p>\n<p>Por las noches (25 y 26) ser\u00e1n levantadas las andas que portar\u00e1n la imagen de la patrona del municipio. A su entrada se quemaran toritos, bombas y castillos.<\/p>\n<p>La misa solemne en honor a la Sant\u00edsima Virgen del Patrocinio ser\u00e1 el domingo 26 a las 11 Hrs., oficiada por el padre Crist\u00f3bal M\u00e9ndez, p\u00e1rroco de la iglesia San Pablo.<\/p>\n<p>Por aparte los mayordomos de la Virgen del Patrocinio, agradecen a todo el pueblo por su valiosa colaboraci\u00f3n y oraciones para que la festividad se desarrolle con todo \u00e9xito.<\/p>\n<p><a title=\"Rabinal\" target=\"_new\" href=\"http:\/\/www.flickr.com\/photos\/pepejaguar\/299786340\/\"><img data-recalc-dims=\"1\" loading=\"lazy\" decoding=\"async\" width=\"240\" height=\"180\" border=\"0\" alt=\"Rabinal\" src=\"https:\/\/i0.wp.com\/static.flickr.com\/120\/299786340_b946dede26_m.jpg?resize=240%2C180\" \/><\/a><\/p>\n<p>Este art\u00edculo es publicado en apoyo a mi amigo Williams Valdiz\u00f3n.<br \/>\nPueden consultar <a title=\"Rabinal\" target=\"_blank\" href=\"http:\/\/www.compgua.com\/rabinal\/\">tambi\u00e9n aqu\u00ed<\/a>.<\/p>\n","protected":false},"excerpt":{"rendered":"<p>Guatemala es un pa\u00eds de tradiciones, algunas muy arraigadas y que se practican desde hace muchos a\u00f1os. En Rabinal, Baja Verapaz se realiza desde hace medio siglo, la representaci\u00f3n del Baile de la Conquista de Guatemala, con el cual se celebra la fiesta de la Virgen del Patrocinio. Del 25 al 27 de noviembre, Rabinal &#8230; <a title=\"Baile de la Conquista\" class=\"read-more\" href=\"https:\/\/quechilero.com\/blog\/2006\/11\/19\/baile-de-la-conquista\/\" aria-label=\"Leer m\u00e1s sobre Baile de la Conquista\">Leer m\u00e1s<\/a><\/p>\n","protected":false},"author":1,"featured_media":0,"comment_status":"open","ping_status":"open","sticky":false,"template":"","format":"standard","meta":{"advanced_seo_description":"","jetpack_seo_html_title":"","jetpack_seo_noindex":false,"episode_type":"","audio_file":"","cover_image":"","cover_image_id":"","duration":"","filesize":"","date_recorded":"","explicit":"","block":"","filesize_raw":"","jetpack_post_was_ever_published":false,"_jetpack_newsletter_access":"","_jetpack_dont_email_post_to_subs":false,"_jetpack_newsletter_tier_id":0,"_jetpack_memberships_contains_paywalled_content":false,"_jetpack_memberships_contains_paid_content":false,"footnotes":"","jetpack_publicize_message":"","jetpack_publicize_feature_enabled":true,"jetpack_social_post_already_shared":false,"jetpack_social_options":{"image_generator_settings":{"template":"highway","enabled":false},"version":2}},"categories":[2],"tags":[11,15,44,51,32,10,86,40,5,36,24,80],"series":[],"class_list":["post-372","post","type-post","status-publish","format-standard","hentry","category-limones","tag-amigo","tag-amor","tag-apoyo","tag-dios","tag-especial","tag-guatemala","tag-oracion","tag-paz","tag-tiempo","tag-trabajo","tag-vida","tag-virgen-maria"],"episode_featured_image":false,"episode_player_image":"https:\/\/i0.wp.com\/quechilero.com\/blog\/imagenes\/podcast.png?fit=1831%2C1831&ssl=1","download_link":"","player_link":"","audio_player":false,"episode_data":{"playerMode":"dark","subscribeUrls":{"amazon":{"key":"amazon","url":"","label":"Amazon","class":"amazon","icon":"amazon.png"},"apple_podcasts":{"key":"apple_podcasts","url":"","label":"Apple Podcasts","class":"apple_podcasts","icon":"apple-podcasts.png"},"castbox":{"key":"castbox","url":"","label":"CastBox","class":"castbox","icon":"castbox.png"},"deezer":{"key":"deezer","url":"","label":"Deezer","class":"deezer","icon":"deezer.png"},"google_podcasts":{"key":"google_podcasts","url":"","label":"Google Podcasts","class":"google_podcasts","icon":"google-podcasts.png"},"listen_notes":{"key":"listen_notes","url":"","label":"Listen Notes","class":"listen_notes","icon":"listen-notes.png"},"pandora":{"key":"pandora","url":"","label":"Pandora","class":"pandora","icon":"pandora.png"},"podbean":{"key":"podbean","url":"","label":"Podbean","class":"podbean","icon":"podbean.png"},"podcast_republic":{"key":"podcast_republic","url":"","label":"Podcast Republic","class":"podcast_republic","icon":"podcast-republic.png"},"rss":{"key":"rss","url":"","label":"RSS","class":"rss","icon":"rss.png"},"spotify":{"key":"spotify","url":"","label":"Spotify","class":"spotify","icon":"spotify.png"},"stitcher":{"key":"stitcher","url":"","label":"Stitcher","class":"stitcher","icon":"stitcher.png"},"tunein":{"key":"tunein","url":"","label":"TuneIn","class":"tunein","icon":"tunein.png"},"youtube":{"key":"youtube","url":"","label":"YouTube","class":"youtube","icon":"youtube.png"},"iheartradio":{"key":"iheartradio","url":"","label":"iHeartRadio","class":"iheartradio","icon":"iheartradio.png"},"ivoox":{"key":"ivoox","url":"","label":"iVoox","class":"ivoox","icon":"ivoox.png"}},"rssFeedUrl":"https:\/\/quechilero.com\/blog\/feed\/podcast\/si-la-vida-nos-da-limones","embedCode":"<blockquote class=\"wp-embedded-content\" data-secret=\"x8IRjApXgI\"><a href=\"https:\/\/quechilero.com\/blog\/2006\/11\/19\/baile-de-la-conquista\/\">Baile de la Conquista<\/a><\/blockquote><iframe sandbox=\"allow-scripts\" security=\"restricted\" src=\"https:\/\/quechilero.com\/blog\/2006\/11\/19\/baile-de-la-conquista\/embed\/#?secret=x8IRjApXgI\" width=\"500\" height=\"350\" title=\"\u00abBaile de la Conquista\u00bb \u2014 Si la Vida nos da Limones...\" data-secret=\"x8IRjApXgI\" frameborder=\"0\" marginwidth=\"0\" marginheight=\"0\" scrolling=\"no\" class=\"wp-embedded-content\"><\/iframe><script>\n\/*! This file is auto-generated *\/\n!function(d,l){\"use strict\";l.querySelector&&d.addEventListener&&\"undefined\"!=typeof URL&&(d.wp=d.wp||{},d.wp.receiveEmbedMessage||(d.wp.receiveEmbedMessage=function(e){var t=e.data;if((t||t.secret||t.message||t.value)&&!\/[^a-zA-Z0-9]\/.test(t.secret)){for(var s,r,n,a=l.querySelectorAll('iframe[data-secret=\"'+t.secret+'\"]'),o=l.querySelectorAll('blockquote[data-secret=\"'+t.secret+'\"]'),c=new RegExp(\"^https?:$\",\"i\"),i=0;i<o.length;i++)o[i].style.display=\"none\";for(i=0;i<a.length;i++)s=a[i],e.source===s.contentWindow&&(s.removeAttribute(\"style\"),\"height\"===t.message?(1e3<(r=parseInt(t.value,10))?r=1e3:~~r<200&&(r=200),s.height=r):\"link\"===t.message&&(r=new URL(s.getAttribute(\"src\")),n=new URL(t.value),c.test(n.protocol))&&n.host===r.host&&l.activeElement===s&&(d.top.location.href=t.value))}},d.addEventListener(\"message\",d.wp.receiveEmbedMessage,!1),l.addEventListener(\"DOMContentLoaded\",function(){for(var e,t,s=l.querySelectorAll(\"iframe.wp-embedded-content\"),r=0;r<s.length;r++)(t=(e=s[r]).getAttribute(\"data-secret\"))||(t=Math.random().toString(36).substring(2,12),e.src+=\"#?secret=\"+t,e.setAttribute(\"data-secret\",t)),e.contentWindow.postMessage({message:\"ready\",secret:t},\"*\")},!1)))}(window,document);\n\/\/# sourceURL=https:\/\/quechilero.com\/blog\/wp-includes\/js\/wp-embed.min.js\n<\/script>\n"},"jetpack_publicize_connections":[],"jetpack_featured_media_url":"","jetpack_shortlink":"https:\/\/wp.me\/pDKli-60","jetpack_sharing_enabled":true,"jetpack-related-posts":[],"_links":{"self":[{"href":"https:\/\/quechilero.com\/blog\/wp-json\/wp\/v2\/posts\/372","targetHints":{"allow":["GET"]}}],"collection":[{"href":"https:\/\/quechilero.com\/blog\/wp-json\/wp\/v2\/posts"}],"about":[{"href":"https:\/\/quechilero.com\/blog\/wp-json\/wp\/v2\/types\/post"}],"author":[{"embeddable":true,"href":"https:\/\/quechilero.com\/blog\/wp-json\/wp\/v2\/users\/1"}],"replies":[{"embeddable":true,"href":"https:\/\/quechilero.com\/blog\/wp-json\/wp\/v2\/comments?post=372"}],"version-history":[{"count":0,"href":"https:\/\/quechilero.com\/blog\/wp-json\/wp\/v2\/posts\/372\/revisions"}],"wp:attachment":[{"href":"https:\/\/quechilero.com\/blog\/wp-json\/wp\/v2\/media?parent=372"}],"wp:term":[{"taxonomy":"category","embeddable":true,"href":"https:\/\/quechilero.com\/blog\/wp-json\/wp\/v2\/categories?post=372"},{"taxonomy":"post_tag","embeddable":true,"href":"https:\/\/quechilero.com\/blog\/wp-json\/wp\/v2\/tags?post=372"},{"taxonomy":"series","embeddable":true,"href":"https:\/\/quechilero.com\/blog\/wp-json\/wp\/v2\/series?post=372"}],"curies":[{"name":"wp","href":"https:\/\/api.w.org\/{rel}","templated":true}]}}