{"id":3709,"date":"2009-10-08T08:00:18","date_gmt":"2009-10-08T14:00:18","guid":{"rendered":"http:\/\/quechilero.com\/blog\/?p=3709"},"modified":"2009-10-08T08:00:18","modified_gmt":"2009-10-08T14:00:18","slug":"dios-se-alegra","status":"publish","type":"post","link":"https:\/\/quechilero.com\/blog\/2009\/10\/08\/dios-se-alegra\/","title":{"rendered":"Dios se alegra"},"content":{"rendered":"<p>Dostoievsky, en una de sus novelas, describe una escena que tiene todos los  visos de haber sido observada en la realidad.<\/p>\n<p>Una mujer de pueblo tiene en brazos a su hijo de pocas semanas que le sonr\u00ede  por primera vez. Profundamente conmovida, hace la se\u00f1al de la cruz.<\/p>\n<p>Y a quien le  pregunta por qu\u00e9 hace eso, le contesta: <em>\u00abPorque lo mismo que una madre se siente  feliz cuando ve la primera sonrisa de su hijo, as\u00ed se alegra Dios cada vez que  un pecador cae de rodillas y ora desde el coraz\u00f3n.\u00bb<\/em><\/p>\n","protected":false},"excerpt":{"rendered":"<p>Dostoievsky, en una de sus novelas, describe una escena que tiene todos los visos de haber sido observada en la realidad. Una mujer de pueblo tiene en brazos a su hijo de pocas semanas que le sonr\u00ede por primera vez. Profundamente conmovida, hace la se\u00f1al de la cruz. Y a quien le pregunta por qu\u00e9 &#8230; <a title=\"Dios se alegra\" class=\"read-more\" href=\"https:\/\/quechilero.com\/blog\/2009\/10\/08\/dios-se-alegra\/\" aria-label=\"Leer m\u00e1s sobre Dios se alegra\">Leer m\u00e1s<\/a><\/p>\n","protected":false},"author":1,"featured_media":0,"comment_status":"open","ping_status":"open","sticky":false,"template":"","format":"standard","meta":{"advanced_seo_description":"","jetpack_seo_html_title":"","jetpack_seo_noindex":false,"jetpack_seo_schema_type":"","episode_type":"","audio_file":"","podmotor_file_id":"","podmotor_episode_id":"","cover_image":"","cover_image_id":"","duration":"","filesize":"","filesize_raw":"","date_recorded":"","explicit":"","block":"","_jetpack_newsletter_access":"","_jetpack_dont_email_post_to_subs":false,"_jetpack_newsletter_tier_id":0,"_jetpack_memberships_contains_paywalled_content":false,"_jetpack_feature_clip_id":0,"_jetpack_memberships_contains_paid_content":false,"footnotes":"","jetpack_publicize_message":"","jetpack_publicize_feature_enabled":true,"jetpack_social_post_already_shared":false,"jetpack_social_options":{"image_generator_settings":{"template":"highway","default_image_id":0,"font":"","enabled":false},"version":2},"jetpack_post_was_ever_published":false},"categories":[2],"tags":[51,46,39,20,24],"series":[],"class_list":["post-3709","post","type-post","status-publish","format-standard","hentry","category-limones","tag-dios","tag-feliz","tag-madre","tag-mujer","tag-vida"],"episode_featured_image":false,"episode_player_image":"https:\/\/i0.wp.com\/quechilero.com\/blog\/imagenes\/podcast.png?fit=1831%2C1831&ssl=1","download_link":"","player_link":"","audio_player":false,"episode_data":{"playerMode":"dark","subscribeUrls":{"amazon":{"key":"amazon","url":"","label":"Amazon","class":"amazon","icon":"amazon.png"},"apple_podcasts":{"key":"apple_podcasts","url":"","label":"Apple Podcasts","class":"apple_podcasts","icon":"apple-podcasts.png"},"castbox":{"key":"castbox","url":"","label":"CastBox","class":"castbox","icon":"castbox.png"},"deezer":{"key":"deezer","url":"","label":"Deezer","class":"deezer","icon":"deezer.png"},"google_podcasts":{"key":"google_podcasts","url":"","label":"Google Podcasts","class":"google_podcasts","icon":"google-podcasts.png"},"listen_notes":{"key":"listen_notes","url":"","label":"Listen Notes","class":"listen_notes","icon":"listen-notes.png"},"pandora":{"key":"pandora","url":"","label":"Pandora","class":"pandora","icon":"pandora.png"},"podbean":{"key":"podbean","url":"","label":"Podbean","class":"podbean","icon":"podbean.png"},"podcast_republic":{"key":"podcast_republic","url":"","label":"Podcast Republic","class":"podcast_republic","icon":"podcast-republic.png"},"rss":{"key":"rss","url":"","label":"RSS","class":"rss","icon":"rss.png"},"spotify":{"key":"spotify","url":"","label":"Spotify","class":"spotify","icon":"spotify.png"},"stitcher":{"key":"stitcher","url":"","label":"Stitcher","class":"stitcher","icon":"stitcher.png"},"tunein":{"key":"tunein","url":"","label":"TuneIn","class":"tunein","icon":"tunein.png"},"youtube":{"key":"youtube","url":"","label":"YouTube","class":"youtube","icon":"youtube.png"},"iheartradio":{"key":"iheartradio","url":"","label":"iHeartRadio","class":"iheartradio","icon":"iheartradio.png"},"ivoox":{"key":"ivoox","url":"","label":"iVoox","class":"ivoox","icon":"ivoox.png"}},"rssFeedUrl":"https:\/\/quechilero.com\/blog\/feed\/podcast\/si-la-vida-nos-da-limones","embedCode":"<blockquote class=\"wp-embedded-content\" data-secret=\"RRMKDdsV87\"><a href=\"https:\/\/quechilero.com\/blog\/2009\/10\/08\/dios-se-alegra\/\">Dios se alegra<\/a><\/blockquote><iframe sandbox=\"allow-scripts\" security=\"restricted\" src=\"https:\/\/quechilero.com\/blog\/2009\/10\/08\/dios-se-alegra\/embed\/#?secret=RRMKDdsV87\" width=\"500\" height=\"350\" title=\"\u00abDios se alegra\u00bb \u2014 Si la Vida nos da Limones...\" data-secret=\"RRMKDdsV87\" frameborder=\"0\" marginwidth=\"0\" marginheight=\"0\" scrolling=\"no\" class=\"wp-embedded-content\"><\/iframe><script>\n\/*! This file is auto-generated *\/\n!function(d,l){\"use strict\";l.querySelector&&d.addEventListener&&\"undefined\"!=typeof URL&&(d.wp=d.wp||{},d.wp.receiveEmbedMessage||(d.wp.receiveEmbedMessage=function(e){var t=e.data;if((t||t.secret||t.message||t.value)&&!\/[^a-zA-Z0-9]\/.test(t.secret)){for(var s,r,n,a=l.querySelectorAll('iframe[data-secret=\"'+t.secret+'\"]'),o=l.querySelectorAll('blockquote[data-secret=\"'+t.secret+'\"]'),c=new RegExp(\"^https?:$\",\"i\"),i=0;i<o.length;i++)o[i].style.display=\"none\";for(i=0;i<a.length;i++)s=a[i],e.source===s.contentWindow&&(s.removeAttribute(\"style\"),\"height\"===t.message?(1e3<(r=parseInt(t.value,10))?r=1e3:~~r<200&&(r=200),s.height=r):\"link\"===t.message&&(r=new URL(s.getAttribute(\"src\")),n=new URL(t.value),c.test(n.protocol))&&n.host===r.host&&l.activeElement===s&&(d.top.location.href=t.value))}},d.addEventListener(\"message\",d.wp.receiveEmbedMessage,!1),l.addEventListener(\"DOMContentLoaded\",function(){for(var e,t,s=l.querySelectorAll(\"iframe.wp-embedded-content\"),r=0;r<s.length;r++)(t=(e=s[r]).getAttribute(\"data-secret\"))||(t=Math.random().toString(36).substring(2,12),e.src+=\"#?secret=\"+t,e.setAttribute(\"data-secret\",t)),e.contentWindow.postMessage({message:\"ready\",secret:t},\"*\")},!1)))}(window,document);\n\/\/# sourceURL=https:\/\/quechilero.com\/blog\/wp-includes\/js\/wp-embed.min.js\n<\/script>\n"},"jetpack_publicize_connections":[],"jetpack_shortlink":"https:\/\/wp.me\/pDKli-XP","jetpack_sharing_enabled":true,"jetpack-related-posts":[{"id":16679,"url":"https:\/\/quechilero.com\/blog\/2013\/04\/30\/mes-de-%ef%bb%bfmaria-madre-de-dios-y-madre-nuestra\/","url_meta":{"origin":3709,"position":0},"title":"Mes de \ufeffMar\u00eda, madre de Dios y madre nuestra","author":"Pepe Barrascout Ortiz","date":"30 abril 2013","format":false,"excerpt":"Mar\u00eda fue sin duda, una mujer llena de profunda alegr\u00eda, una alegr\u00eda interior, que le brotaba por su gran fe, su incondicionalidad a los designios de Dios y por supuesto, a su maternidad. La alegr\u00eda de Mar\u00eda la lleva incluso con las cruces de su vida, ya que sabe que\u2026","rel":"","context":"En \u00abLimones\u00bb","block_context":{"text":"Limones","link":"https:\/\/quechilero.com\/blog\/category\/limones\/"},"img":{"alt_text":"","src":"","width":0,"height":0},"classes":[]},{"id":212,"url":"https:\/\/quechilero.com\/blog\/2006\/09\/08\/feliz-cumpleanos-virgen-maria\/","url_meta":{"origin":3709,"position":1},"title":"Feliz Cumplea\u00f1os Virgen Mar\u00eda","author":"Pepe Barrascout Ortiz","date":"8 septiembre 2006","format":false,"excerpt":"La Virgen Mar\u00eda fue la Madre de Jes\u00fas y, con este hecho, se cumplieron las Escrituras y todo lo dicho por los profetas. Dios escogi\u00f3 a esta mujer para ser la Madre de su Hijo. Con ella se aproxim\u00f3 la hora de la salvaci\u00f3n. Por esta raz\u00f3n la Iglesia celebra\u2026","rel":"","context":"En \u00abLimones\u00bb","block_context":{"text":"Limones","link":"https:\/\/quechilero.com\/blog\/category\/limones\/"},"img":{"alt_text":"Virgen Mar\u00eda y Jes\u00fas","src":"https:\/\/i0.wp.com\/static.flickr.com\/80\/237816042_af63aaefeb.jpg?resize=350%2C200","width":350,"height":200},"classes":[]},{"id":924,"url":"https:\/\/quechilero.com\/blog\/2008\/05\/08\/miedo-a-la-maternidad\/","url_meta":{"origin":3709,"position":2},"title":"\u00bfMiedo a la Maternidad?","author":"Pepe Barrascout Ortiz","date":"8 mayo 2008","format":false,"excerpt":"Estoy convencido de que el don m\u00e1s grande que ha recibido la mujer es el de la maternidad. Sin embargo, se encuentra uno hoy muchas mujeres que ven este don bajo el prisma del miedo. Miedo a tener un hijo: el primero, porque es el primero. Miedo a tener muchos,\u2026","rel":"","context":"En \u00abLimones\u00bb","block_context":{"text":"Limones","link":"https:\/\/quechilero.com\/blog\/category\/limones\/"},"img":{"alt_text":"","src":"","width":0,"height":0},"classes":[]},{"id":17405,"url":"https:\/\/quechilero.com\/blog\/2013\/11\/17\/ropas-solo-ropas\/","url_meta":{"origin":3709,"position":3},"title":"Ropas, s\u00f3lo ropas","author":"Pepe Barrascout Ortiz","date":"17 noviembre 2013","format":false,"excerpt":"El era un joven ejemplar. Todav\u00eda recuerdo los comentarios que hac\u00edan respecto de \u00e9l: excelente hijo, excelente amigo, buen estudiante, cristiano, consagrado. \u00bfQu\u00e9 madre no se alegrar\u00eda de tenerlo como yerno? \u00bfQu\u00e9 pastor no se sentir\u00eda contento de tenerlo como l\u00edder de su iglesia? \u00bfQui\u00e9n no gustar\u00eda de llamarlo su\u2026","rel":"","context":"En \u00abLimones\u00bb","block_context":{"text":"Limones","link":"https:\/\/quechilero.com\/blog\/category\/limones\/"},"img":{"alt_text":"","src":"","width":0,"height":0},"classes":[]},{"id":2119,"url":"https:\/\/quechilero.com\/blog\/2008\/12\/24\/feliz-navidad\/","url_meta":{"origin":3709,"position":4},"title":"Feliz Navidad","author":"Pepe Barrascout Ortiz","date":"24 diciembre 2008","format":false,"excerpt":"En estas fechas tan especiales para nosotros, en que celebramos la fiesta del Nacimiento del Hijo de Dios, quiero desear a todos los que leen los textos que publico en Si la vida nos da limones..., mucha paz, dicha, felicidad y bendiciones de Nuestro Se\u00f1or, que nuestras familias sean alcanzadas\u2026","rel":"","context":"En \u00abLimones\u00bb","block_context":{"text":"Limones","link":"https:\/\/quechilero.com\/blog\/category\/limones\/"},"img":{"alt_text":"","src":"https:\/\/i0.wp.com\/img186.imageshack.us\/img186\/4236\/navidadhc6.jpg?resize=350%2C200","width":350,"height":200,"srcset":"https:\/\/i0.wp.com\/img186.imageshack.us\/img186\/4236\/navidadhc6.jpg?resize=350%2C200 1x, https:\/\/i0.wp.com\/img186.imageshack.us\/img186\/4236\/navidadhc6.jpg?resize=525%2C300 1.5x"},"classes":[]},{"id":3671,"url":"https:\/\/quechilero.com\/blog\/2009\/09\/20\/al-gusto-de-dios\/","url_meta":{"origin":3709,"position":5},"title":"Al gusto de Dios","author":"Pepe Barrascout Ortiz","date":"20 septiembre 2009","format":false,"excerpt":"Una mujer, a la que los m\u00e9dicos dieron un par de meses de vida cuando era joven, ahora acaba de cumplir los cuarenta de estancia ininterrumpida en la cama. Vive en una casita humilde, peque\u00f1a, pero limpia y acogedora. Tiene delante de la cama un altarcito donde de vez en\u2026","rel":"","context":"En \u00abLimones\u00bb","block_context":{"text":"Limones","link":"https:\/\/quechilero.com\/blog\/category\/limones\/"},"img":{"alt_text":"","src":"","width":0,"height":0},"classes":[]}],"jetpack_featured_media_url":"","_links":{"self":[{"href":"https:\/\/quechilero.com\/blog\/wp-json\/wp\/v2\/posts\/3709","targetHints":{"allow":["GET"]}}],"collection":[{"href":"https:\/\/quechilero.com\/blog\/wp-json\/wp\/v2\/posts"}],"about":[{"href":"https:\/\/quechilero.com\/blog\/wp-json\/wp\/v2\/types\/post"}],"author":[{"embeddable":true,"href":"https:\/\/quechilero.com\/blog\/wp-json\/wp\/v2\/users\/1"}],"replies":[{"embeddable":true,"href":"https:\/\/quechilero.com\/blog\/wp-json\/wp\/v2\/comments?post=3709"}],"version-history":[{"count":0,"href":"https:\/\/quechilero.com\/blog\/wp-json\/wp\/v2\/posts\/3709\/revisions"}],"wp:attachment":[{"href":"https:\/\/quechilero.com\/blog\/wp-json\/wp\/v2\/media?parent=3709"}],"wp:term":[{"taxonomy":"category","embeddable":true,"href":"https:\/\/quechilero.com\/blog\/wp-json\/wp\/v2\/categories?post=3709"},{"taxonomy":"post_tag","embeddable":true,"href":"https:\/\/quechilero.com\/blog\/wp-json\/wp\/v2\/tags?post=3709"},{"taxonomy":"series","embeddable":true,"href":"https:\/\/quechilero.com\/blog\/wp-json\/wp\/v2\/series?post=3709"}],"curies":[{"name":"wp","href":"https:\/\/api.w.org\/{rel}","templated":true}]}}