{"id":3706,"date":"2009-10-07T08:00:45","date_gmt":"2009-10-07T14:00:45","guid":{"rendered":"http:\/\/quechilero.com\/blog\/?p=3706"},"modified":"2009-10-07T08:00:45","modified_gmt":"2009-10-07T14:00:45","slug":"mis-dias-y-mis-noches","status":"publish","type":"post","link":"https:\/\/quechilero.com\/blog\/2009\/10\/07\/mis-dias-y-mis-noches\/","title":{"rendered":"Mis d\u00edas y mis noches"},"content":{"rendered":"<p>Dicen que vivir\u00e9 ochenta a\u00f1os; la mitad ser\u00e1n d\u00edas y la otra mitad  noches.<\/p>\n<p>Durante cuarenta a\u00f1os soy el \u00e1ngel del d\u00eda que acude con sus virtudes a sanar  las tribulaciones, dolores e injusticias de los hombres.<\/p>\n<p>Pero, durante otros cuarenta a\u00f1os, me convierto en el demonio de la noche,  tentando a las virtudes que sembr\u00e9 durante el d\u00eda en aquellos mismos  corazones.<\/p>\n<p>Cuando muera, <em>\u00bfqui\u00e9n ser\u00e9? \u00bfel \u00e1ngel del d\u00eda o el demonio de la noche?<\/em><\/p>\n<p><strong><em>Jos\u00e9 Alc\u00e1zar Godoy<\/em><\/strong><\/p>\n","protected":false},"excerpt":{"rendered":"<p>Dicen que vivir\u00e9 ochenta a\u00f1os; la mitad ser\u00e1n d\u00edas y la otra mitad noches. Durante cuarenta a\u00f1os soy el \u00e1ngel del d\u00eda que acude con sus virtudes a sanar las tribulaciones, dolores e injusticias de los hombres. Pero, durante otros cuarenta a\u00f1os, me convierto en el demonio de la noche, tentando a las virtudes que &#8230; <a title=\"Mis d\u00edas y mis noches\" class=\"read-more\" href=\"https:\/\/quechilero.com\/blog\/2009\/10\/07\/mis-dias-y-mis-noches\/\" aria-label=\"Leer m\u00e1s sobre Mis d\u00edas y mis noches\">Leer m\u00e1s<\/a><\/p>\n","protected":false},"author":1,"featured_media":0,"comment_status":"open","ping_status":"open","sticky":false,"template":"","format":"standard","meta":{"advanced_seo_description":"","jetpack_seo_html_title":"","jetpack_seo_noindex":false,"jetpack_seo_schema_type":"","episode_type":"","audio_file":"","podmotor_file_id":"","podmotor_episode_id":"","cover_image":"","cover_image_id":"","duration":"","filesize":"","filesize_raw":"","date_recorded":"","explicit":"","block":"","_jetpack_newsletter_access":"","_jetpack_dont_email_post_to_subs":false,"_jetpack_newsletter_tier_id":0,"_jetpack_memberships_contains_paywalled_content":false,"_jetpack_feature_clip_id":0,"_jetpack_memberships_contains_paid_content":false,"footnotes":"","jetpack_publicize_message":"","jetpack_publicize_feature_enabled":true,"jetpack_social_post_already_shared":false,"jetpack_social_options":{"image_generator_settings":{"template":"highway","default_image_id":0,"font":"","enabled":false},"version":2},"jetpack_post_was_ever_published":false},"categories":[2],"tags":[18],"series":[],"class_list":["post-3706","post","type-post","status-publish","format-standard","hentry","category-limones","tag-hombre"],"episode_featured_image":false,"episode_player_image":"https:\/\/i0.wp.com\/quechilero.com\/blog\/imagenes\/podcast.png?fit=1831%2C1831&ssl=1","download_link":"","player_link":"","audio_player":false,"episode_data":{"playerMode":"dark","subscribeUrls":{"amazon":{"key":"amazon","url":"","label":"Amazon","class":"amazon","icon":"amazon.png"},"apple_podcasts":{"key":"apple_podcasts","url":"","label":"Apple Podcasts","class":"apple_podcasts","icon":"apple-podcasts.png"},"castbox":{"key":"castbox","url":"","label":"CastBox","class":"castbox","icon":"castbox.png"},"deezer":{"key":"deezer","url":"","label":"Deezer","class":"deezer","icon":"deezer.png"},"google_podcasts":{"key":"google_podcasts","url":"","label":"Google Podcasts","class":"google_podcasts","icon":"google-podcasts.png"},"listen_notes":{"key":"listen_notes","url":"","label":"Listen Notes","class":"listen_notes","icon":"listen-notes.png"},"pandora":{"key":"pandora","url":"","label":"Pandora","class":"pandora","icon":"pandora.png"},"podbean":{"key":"podbean","url":"","label":"Podbean","class":"podbean","icon":"podbean.png"},"podcast_republic":{"key":"podcast_republic","url":"","label":"Podcast Republic","class":"podcast_republic","icon":"podcast-republic.png"},"rss":{"key":"rss","url":"","label":"RSS","class":"rss","icon":"rss.png"},"spotify":{"key":"spotify","url":"","label":"Spotify","class":"spotify","icon":"spotify.png"},"stitcher":{"key":"stitcher","url":"","label":"Stitcher","class":"stitcher","icon":"stitcher.png"},"tunein":{"key":"tunein","url":"","label":"TuneIn","class":"tunein","icon":"tunein.png"},"youtube":{"key":"youtube","url":"","label":"YouTube","class":"youtube","icon":"youtube.png"},"iheartradio":{"key":"iheartradio","url":"","label":"iHeartRadio","class":"iheartradio","icon":"iheartradio.png"},"ivoox":{"key":"ivoox","url":"","label":"iVoox","class":"ivoox","icon":"ivoox.png"}},"rssFeedUrl":"https:\/\/quechilero.com\/blog\/feed\/podcast\/si-la-vida-nos-da-limones","embedCode":"<blockquote class=\"wp-embedded-content\" data-secret=\"VsMRHzfttX\"><a href=\"https:\/\/quechilero.com\/blog\/2009\/10\/07\/mis-dias-y-mis-noches\/\">Mis d\u00edas y mis noches<\/a><\/blockquote><iframe sandbox=\"allow-scripts\" security=\"restricted\" src=\"https:\/\/quechilero.com\/blog\/2009\/10\/07\/mis-dias-y-mis-noches\/embed\/#?secret=VsMRHzfttX\" width=\"500\" height=\"350\" title=\"\u00abMis d\u00edas y mis noches\u00bb \u2014 Si la Vida nos da Limones...\" data-secret=\"VsMRHzfttX\" frameborder=\"0\" marginwidth=\"0\" marginheight=\"0\" scrolling=\"no\" class=\"wp-embedded-content\"><\/iframe><script>\n\/*! This file is auto-generated *\/\n!function(d,l){\"use strict\";l.querySelector&&d.addEventListener&&\"undefined\"!=typeof URL&&(d.wp=d.wp||{},d.wp.receiveEmbedMessage||(d.wp.receiveEmbedMessage=function(e){var t=e.data;if((t||t.secret||t.message||t.value)&&!\/[^a-zA-Z0-9]\/.test(t.secret)){for(var s,r,n,a=l.querySelectorAll('iframe[data-secret=\"'+t.secret+'\"]'),o=l.querySelectorAll('blockquote[data-secret=\"'+t.secret+'\"]'),c=new RegExp(\"^https?:$\",\"i\"),i=0;i<o.length;i++)o[i].style.display=\"none\";for(i=0;i<a.length;i++)s=a[i],e.source===s.contentWindow&&(s.removeAttribute(\"style\"),\"height\"===t.message?(1e3<(r=parseInt(t.value,10))?r=1e3:~~r<200&&(r=200),s.height=r):\"link\"===t.message&&(r=new URL(s.getAttribute(\"src\")),n=new URL(t.value),c.test(n.protocol))&&n.host===r.host&&l.activeElement===s&&(d.top.location.href=t.value))}},d.addEventListener(\"message\",d.wp.receiveEmbedMessage,!1),l.addEventListener(\"DOMContentLoaded\",function(){for(var e,t,s=l.querySelectorAll(\"iframe.wp-embedded-content\"),r=0;r<s.length;r++)(t=(e=s[r]).getAttribute(\"data-secret\"))||(t=Math.random().toString(36).substring(2,12),e.src+=\"#?secret=\"+t,e.setAttribute(\"data-secret\",t)),e.contentWindow.postMessage({message:\"ready\",secret:t},\"*\")},!1)))}(window,document);\n\/\/# sourceURL=https:\/\/quechilero.com\/blog\/wp-includes\/js\/wp-embed.min.js\n<\/script>\n"},"jetpack_publicize_connections":[],"jetpack_shortlink":"https:\/\/wp.me\/pDKli-XM","jetpack_sharing_enabled":true,"jetpack-related-posts":[{"id":863,"url":"https:\/\/quechilero.com\/blog\/2008\/02\/10\/cuaresma-evangelio-del-dia-10-feb-08\/","url_meta":{"origin":3706,"position":0},"title":"Cuaresma &#8211; Evangelio 10 feb 08","author":"Pepe Barrascout Ortiz","date":"10 febrero 2008","format":false,"excerpt":"Evangelio seg\u00fan San Mateo 4,1-11. Entonces Jes\u00fas fue llevado por el Esp\u00edritu al desierto, para ser tentado por el demonio. Despu\u00e9s de ayunar cuarenta d\u00edas con sus cuarenta noches, sinti\u00f3 hambre. Y el tentador, acerc\u00e1ndose, le dijo: \"Si t\u00fa eres Hijo de Dios, manda que estas piedras se conviertan en\u2026","rel":"","context":"En \u00abLimones\u00bb","block_context":{"text":"Limones","link":"https:\/\/quechilero.com\/blog\/category\/limones\/"},"img":{"alt_text":"","src":"","width":0,"height":0},"classes":[]},{"id":20061,"url":"https:\/\/quechilero.com\/blog\/2015\/04\/21\/manos-atadas\/","url_meta":{"origin":3706,"position":1},"title":"Manos atadas","author":"Pepe Barrascout Ortiz","date":"21 abril 2015","format":false,"excerpt":"Cuenta la historia, que hab\u00eda una vez un hombre normal, un hombre como cualquiera de nosotros. Un hombre con cualidades, virtudes y defectos. Un hombre como t\u00fa y como yo. Una noche, repentinamente llamaron a su puerta y cuando abri\u00f3, se encontr\u00f3 con un grupo de personas que hab\u00edan venido\u2026","rel":"","context":"En \u00abLimones\u00bb","block_context":{"text":"Limones","link":"https:\/\/quechilero.com\/blog\/category\/limones\/"},"img":{"alt_text":"","src":"","width":0,"height":0},"classes":[]},{"id":986,"url":"https:\/\/quechilero.com\/blog\/2008\/06\/15\/el-valor-de-un-te-quiero\/","url_meta":{"origin":3706,"position":2},"title":"El valor de un \u00abTe quiero\u00bb","author":"Pepe Barrascout Ortiz","date":"15 junio 2008","format":false,"excerpt":"Tengo muchos recuerdos de mi padre y de c\u00f3mo crec\u00ed a su lado en nuestro departamento junto a las v\u00edas del tren elevado. Durante veinte a\u00f1os o\u00edmos el rugido del convoy cuando pasaba por la ventana de su dormitorio. De noche, tarde, pap\u00e1 esperaba solo en las v\u00edas el tren\u2026","rel":"","context":"En \u00abLimones\u00bb","block_context":{"text":"Limones","link":"https:\/\/quechilero.com\/blog\/category\/limones\/"},"img":{"alt_text":"","src":"","width":0,"height":0},"classes":[]},{"id":16304,"url":"https:\/\/quechilero.com\/blog\/2013\/03\/03\/duracion-de-la-cuaresma\/","url_meta":{"origin":3706,"position":3},"title":"Duraci\u00f3n de la Cuaresma","author":"Pepe Barrascout Ortiz","date":"3 marzo 2013","format":false,"excerpt":"La Cuaresma dura cuarenta d\u00edas. Comienza el mi\u00e9rcoles de ceniza y termina el Jueves Santo por la tarde-noche, antes de la Misa \"en la Cena del Se\u00f1or\". Tambi\u00e9n cabe decir que la liturgia considera el jueves a la noche, con el Viernes Santo, S\u00e1bado Santo y Domingo de Resurrecci\u00f3n, como\u2026","rel":"","context":"En \u00abLimones\u00bb","block_context":{"text":"Limones","link":"https:\/\/quechilero.com\/blog\/category\/limones\/"},"img":{"alt_text":"","src":"","width":0,"height":0},"classes":[]},{"id":4405,"url":"https:\/\/quechilero.com\/blog\/2010\/03\/17\/del-perderse\/","url_meta":{"origin":3706,"position":4},"title":"Del perderse","author":"Pepe Barrascout Ortiz","date":"17 marzo 2010","format":false,"excerpt":"Marcelo, marido de una productora de televisi\u00f3n, estaba perdido en Los \u00c1ngeles, California. Durante horas vag\u00f3 sin rumbo, y, ya tarde en la noche, termin\u00f3 entrando en un \u00e1rea peligrosa. Percibiendo el ambiente a su alrededor, se puso nervioso y resolvi\u00f3 tocar el timbre de una casa con luz encendida.\u2026","rel":"","context":"En \u00abLimones\u00bb","block_context":{"text":"Limones","link":"https:\/\/quechilero.com\/blog\/category\/limones\/"},"img":{"alt_text":"","src":"","width":0,"height":0},"classes":[]},{"id":16313,"url":"https:\/\/quechilero.com\/blog\/2013\/03\/12\/el-numero-cuarenta-en-la-biblia\/","url_meta":{"origin":3706,"position":5},"title":"El n\u00famero cuarenta en la Biblia","author":"Pepe Barrascout Ortiz","date":"12 marzo 2013","format":false,"excerpt":"La duraci\u00f3n de la Cuaresma est\u00e1 basada en el s\u00edmbolo del n\u00famero cuarenta en la Biblia. En \u00e9sta, se habla de los cuarenta d\u00edas del diluvio (G\u00e9nesis 8, 6), de los 400 a\u00f1os que dur\u00f3 la estancia de los jud\u00edos en Egipto (\u00c9xodo 12, 40-41), de los cuarenta a\u00f1os de\u2026","rel":"","context":"En \u00abLimones\u00bb","block_context":{"text":"Limones","link":"https:\/\/quechilero.com\/blog\/category\/limones\/"},"img":{"alt_text":"","src":"","width":0,"height":0},"classes":[]}],"jetpack_featured_media_url":"","_links":{"self":[{"href":"https:\/\/quechilero.com\/blog\/wp-json\/wp\/v2\/posts\/3706","targetHints":{"allow":["GET"]}}],"collection":[{"href":"https:\/\/quechilero.com\/blog\/wp-json\/wp\/v2\/posts"}],"about":[{"href":"https:\/\/quechilero.com\/blog\/wp-json\/wp\/v2\/types\/post"}],"author":[{"embeddable":true,"href":"https:\/\/quechilero.com\/blog\/wp-json\/wp\/v2\/users\/1"}],"replies":[{"embeddable":true,"href":"https:\/\/quechilero.com\/blog\/wp-json\/wp\/v2\/comments?post=3706"}],"version-history":[{"count":0,"href":"https:\/\/quechilero.com\/blog\/wp-json\/wp\/v2\/posts\/3706\/revisions"}],"wp:attachment":[{"href":"https:\/\/quechilero.com\/blog\/wp-json\/wp\/v2\/media?parent=3706"}],"wp:term":[{"taxonomy":"category","embeddable":true,"href":"https:\/\/quechilero.com\/blog\/wp-json\/wp\/v2\/categories?post=3706"},{"taxonomy":"post_tag","embeddable":true,"href":"https:\/\/quechilero.com\/blog\/wp-json\/wp\/v2\/tags?post=3706"},{"taxonomy":"series","embeddable":true,"href":"https:\/\/quechilero.com\/blog\/wp-json\/wp\/v2\/series?post=3706"}],"curies":[{"name":"wp","href":"https:\/\/api.w.org\/{rel}","templated":true}]}}