{"id":3686,"date":"2009-09-28T08:00:20","date_gmt":"2009-09-28T14:00:20","guid":{"rendered":"http:\/\/quechilero.com\/blog\/?p=3686"},"modified":"2009-09-28T08:00:20","modified_gmt":"2009-09-28T14:00:20","slug":"brotara-la-esperanza","status":"publish","type":"post","link":"https:\/\/quechilero.com\/blog\/2009\/09\/28\/brotara-la-esperanza\/","title":{"rendered":"Brotar\u00e1 la esperanza"},"content":{"rendered":"<p>Durante la Segunda Guerra Mundial, Victor Frankl lleg\u00f3 al campo de  concentraci\u00f3n. La secreta raz\u00f3n por la que \u00e9l no quer\u00eda suicidarse era que ten\u00eda  dos metas espec\u00edficas: encontrarse con su familia y escribir un libro.<\/p>\n<p><em>\u00abEl error de la gente -dice Frankl- es preguntarse: \u00bfQu\u00e9 puedo esperar de la  vida? Cuando el acierto est\u00e1 en preguntarse: \u00bfQu\u00e9 est\u00e1 esperando la vida de  m\u00ed?\u00bb.<\/em><\/p>\n","protected":false},"excerpt":{"rendered":"<p>Durante la Segunda Guerra Mundial, Victor Frankl lleg\u00f3 al campo de concentraci\u00f3n. La secreta raz\u00f3n por la que \u00e9l no quer\u00eda suicidarse era que ten\u00eda dos metas espec\u00edficas: encontrarse con su familia y escribir un libro. \u00abEl error de la gente -dice Frankl- es preguntarse: \u00bfQu\u00e9 puedo esperar de la vida? Cuando el acierto est\u00e1 &#8230; <a title=\"Brotar\u00e1 la esperanza\" class=\"read-more\" href=\"https:\/\/quechilero.com\/blog\/2009\/09\/28\/brotara-la-esperanza\/\" aria-label=\"Leer m\u00e1s sobre Brotar\u00e1 la esperanza\">Leer m\u00e1s<\/a><\/p>\n","protected":false},"author":1,"featured_media":0,"comment_status":"open","ping_status":"open","sticky":false,"template":"","format":"standard","meta":{"advanced_seo_description":"","jetpack_seo_html_title":"","jetpack_seo_noindex":false,"jetpack_seo_schema_type":"","episode_type":"","audio_file":"","podmotor_file_id":"","podmotor_episode_id":"","cover_image":"","cover_image_id":"","duration":"","filesize":"","filesize_raw":"","date_recorded":"","explicit":"","block":"","_jetpack_newsletter_access":"","_jetpack_dont_email_post_to_subs":false,"_jetpack_newsletter_tier_id":0,"_jetpack_memberships_contains_paywalled_content":false,"_jetpack_feature_clip_id":0,"_jetpack_memberships_contains_paid_content":false,"footnotes":"","jetpack_publicize_message":"","jetpack_publicize_feature_enabled":true,"jetpack_social_post_already_shared":false,"jetpack_social_options":{"image_generator_settings":{"template":"highway","default_image_id":0,"font":"","enabled":false},"version":2},"jetpack_post_was_ever_published":false},"categories":[2],"tags":[30,72,24],"series":[],"class_list":["post-3686","post","type-post","status-publish","format-standard","hentry","category-limones","tag-error","tag-libro","tag-vida"],"episode_featured_image":false,"episode_player_image":"https:\/\/i0.wp.com\/quechilero.com\/blog\/imagenes\/podcast.png?fit=1831%2C1831&ssl=1","download_link":"","player_link":"","audio_player":false,"episode_data":{"playerMode":"dark","subscribeUrls":{"amazon":{"key":"amazon","url":"","label":"Amazon","class":"amazon","icon":"amazon.png"},"apple_podcasts":{"key":"apple_podcasts","url":"","label":"Apple Podcasts","class":"apple_podcasts","icon":"apple-podcasts.png"},"castbox":{"key":"castbox","url":"","label":"CastBox","class":"castbox","icon":"castbox.png"},"deezer":{"key":"deezer","url":"","label":"Deezer","class":"deezer","icon":"deezer.png"},"google_podcasts":{"key":"google_podcasts","url":"","label":"Google Podcasts","class":"google_podcasts","icon":"google-podcasts.png"},"listen_notes":{"key":"listen_notes","url":"","label":"Listen Notes","class":"listen_notes","icon":"listen-notes.png"},"pandora":{"key":"pandora","url":"","label":"Pandora","class":"pandora","icon":"pandora.png"},"podbean":{"key":"podbean","url":"","label":"Podbean","class":"podbean","icon":"podbean.png"},"podcast_republic":{"key":"podcast_republic","url":"","label":"Podcast Republic","class":"podcast_republic","icon":"podcast-republic.png"},"rss":{"key":"rss","url":"","label":"RSS","class":"rss","icon":"rss.png"},"spotify":{"key":"spotify","url":"","label":"Spotify","class":"spotify","icon":"spotify.png"},"stitcher":{"key":"stitcher","url":"","label":"Stitcher","class":"stitcher","icon":"stitcher.png"},"tunein":{"key":"tunein","url":"","label":"TuneIn","class":"tunein","icon":"tunein.png"},"youtube":{"key":"youtube","url":"","label":"YouTube","class":"youtube","icon":"youtube.png"},"iheartradio":{"key":"iheartradio","url":"","label":"iHeartRadio","class":"iheartradio","icon":"iheartradio.png"},"ivoox":{"key":"ivoox","url":"","label":"iVoox","class":"ivoox","icon":"ivoox.png"}},"rssFeedUrl":"https:\/\/quechilero.com\/blog\/feed\/podcast\/si-la-vida-nos-da-limones","embedCode":"<blockquote class=\"wp-embedded-content\" data-secret=\"yTf6Z4O6KY\"><a href=\"https:\/\/quechilero.com\/blog\/2009\/09\/28\/brotara-la-esperanza\/\">Brotar\u00e1 la esperanza<\/a><\/blockquote><iframe sandbox=\"allow-scripts\" security=\"restricted\" src=\"https:\/\/quechilero.com\/blog\/2009\/09\/28\/brotara-la-esperanza\/embed\/#?secret=yTf6Z4O6KY\" width=\"500\" height=\"350\" title=\"\u00abBrotar\u00e1 la esperanza\u00bb \u2014 Si la Vida nos da Limones...\" data-secret=\"yTf6Z4O6KY\" frameborder=\"0\" marginwidth=\"0\" marginheight=\"0\" scrolling=\"no\" class=\"wp-embedded-content\"><\/iframe><script>\n\/*! This file is auto-generated *\/\n!function(d,l){\"use strict\";l.querySelector&&d.addEventListener&&\"undefined\"!=typeof URL&&(d.wp=d.wp||{},d.wp.receiveEmbedMessage||(d.wp.receiveEmbedMessage=function(e){var t=e.data;if((t||t.secret||t.message||t.value)&&!\/[^a-zA-Z0-9]\/.test(t.secret)){for(var s,r,n,a=l.querySelectorAll('iframe[data-secret=\"'+t.secret+'\"]'),o=l.querySelectorAll('blockquote[data-secret=\"'+t.secret+'\"]'),c=new RegExp(\"^https?:$\",\"i\"),i=0;i<o.length;i++)o[i].style.display=\"none\";for(i=0;i<a.length;i++)s=a[i],e.source===s.contentWindow&&(s.removeAttribute(\"style\"),\"height\"===t.message?(1e3<(r=parseInt(t.value,10))?r=1e3:~~r<200&&(r=200),s.height=r):\"link\"===t.message&&(r=new URL(s.getAttribute(\"src\")),n=new URL(t.value),c.test(n.protocol))&&n.host===r.host&&l.activeElement===s&&(d.top.location.href=t.value))}},d.addEventListener(\"message\",d.wp.receiveEmbedMessage,!1),l.addEventListener(\"DOMContentLoaded\",function(){for(var e,t,s=l.querySelectorAll(\"iframe.wp-embedded-content\"),r=0;r<s.length;r++)(t=(e=s[r]).getAttribute(\"data-secret\"))||(t=Math.random().toString(36).substring(2,12),e.src+=\"#?secret=\"+t,e.setAttribute(\"data-secret\",t)),e.contentWindow.postMessage({message:\"ready\",secret:t},\"*\")},!1)))}(window,document);\n\/\/# sourceURL=https:\/\/quechilero.com\/blog\/wp-includes\/js\/wp-embed.min.js\n<\/script>\n"},"jetpack_publicize_connections":[],"jetpack_shortlink":"https:\/\/wp.me\/pDKli-Xs","jetpack_sharing_enabled":true,"jetpack-related-posts":[{"id":21248,"url":"https:\/\/quechilero.com\/blog\/2015\/07\/04\/tu-en-potencia\/","url_meta":{"origin":3686,"position":0},"title":"T\u00fa en potencia","author":"Pepe Barrascout Ortiz","date":"4 julio 2015","format":false,"excerpt":"Luego de que Miguel \u00c1ngel esculpiese una hermosa figura, se le pregunt\u00f3 c\u00f3mo hab\u00eda podido hacerlo. El maestro, respondi\u00f3 diciendo que la escultura ya estaba en el bloque de m\u00e1rmol desde un principio. \u00c9l simplemente hab\u00eda quitado todo lo dem\u00e1s. Del mismo modo V\u00edctor Frankl, un famoso psiquiatra austriaco que\u2026","rel":"","context":"En \u00abLimones\u00bb","block_context":{"text":"Limones","link":"https:\/\/quechilero.com\/blog\/category\/limones\/"},"img":{"alt_text":"","src":"","width":0,"height":0},"classes":[]},{"id":3177,"url":"https:\/\/quechilero.com\/blog\/2009\/08\/07\/de-la-accion\/","url_meta":{"origin":3686,"position":1},"title":"De la Acci\u00f3n","author":"Pepe Barrascout Ortiz","date":"7 agosto 2009","format":false,"excerpt":"Mahatma Gandhi luch\u00f3 su vida entera, mas consigui\u00f3 liberar a la India del dominio Ingl\u00e9s. Cuando le dijeran que era uno de los mayores nombres surgidos en la Historia Universal, respondi\u00f3: \"Nada tengo de nuevo para ense\u00f1ar al mundo. La verdad de la No Violencia es tan antigua como las\u2026","rel":"","context":"En \u00abLimones\u00bb","block_context":{"text":"Limones","link":"https:\/\/quechilero.com\/blog\/category\/limones\/"},"img":{"alt_text":"","src":"","width":0,"height":0},"classes":[]},{"id":14521,"url":"https:\/\/quechilero.com\/blog\/2012\/09\/14\/libre\/","url_meta":{"origin":3686,"position":2},"title":"Libre","author":"Pepe Barrascout Ortiz","date":"14 septiembre 2012","format":false,"excerpt":"Hubo un tiempo en mi vida en que si me preguntabas: \"\u00bfQu\u00e9 fue lo \u00faltimo que hiciste mal?\", pod\u00eda haberte detallado el preciso instante en que lo hab\u00eda hecho y cu\u00e1nto tiempo estuve pagando por ello. Me apenaba por cada m\u00ednimo error que comet\u00eda y con gran desesperaci\u00f3n intentaba no\u2026","rel":"","context":"En \u00abLimones\u00bb","block_context":{"text":"Limones","link":"https:\/\/quechilero.com\/blog\/category\/limones\/"},"img":{"alt_text":"","src":"","width":0,"height":0},"classes":[]},{"id":211,"url":"https:\/\/quechilero.com\/blog\/2006\/09\/10\/tecnicas-para-resolver-problemas\/","url_meta":{"origin":3686,"position":3},"title":"T\u00e9cnicas para Resolver Problemas","author":"Pepe Barrascout Ortiz","date":"10 septiembre 2006","format":false,"excerpt":"1.- Mant\u00e9nte fresco cuando otros est\u00e1n furiosos, y pierdan la cabeza. T\u00fa tienes el absoluto control sobre tus emociones, no lo pierdas. No se trata de no demostrar t\u00fa molestia, sino de hacerlo mesuradamente, sin despu\u00e9s arrepentirte de una acci\u00f3n cometida en un momento de descontrol. 2.- Recuerda, que cada\u2026","rel":"","context":"En \u00abLimones\u00bb","block_context":{"text":"Limones","link":"https:\/\/quechilero.com\/blog\/category\/limones\/"},"img":{"alt_text":"","src":"","width":0,"height":0},"classes":[]},{"id":17740,"url":"https:\/\/quechilero.com\/blog\/2014\/02\/15\/cada-dia\/","url_meta":{"origin":3686,"position":4},"title":"Cada d\u00eda","author":"Pepe Barrascout Ortiz","date":"15 febrero 2014","format":false,"excerpt":"Hay m\u00e1s felicidad en dar que en recibir, y esto es absolutamente cierto. La felicidad no est\u00e1 como un ente fuera de nosotros y se hace patente, sensible, cuando damos, cuando compartimos, cuando amamos. Por eso, si quieres ser feliz, aprende primero a dar y a amar y aprende de\u2026","rel":"","context":"En \u00abLimones\u00bb","block_context":{"text":"Limones","link":"https:\/\/quechilero.com\/blog\/category\/limones\/"},"img":{"alt_text":"","src":"","width":0,"height":0},"classes":[]},{"id":21490,"url":"https:\/\/quechilero.com\/blog\/2015\/08\/09\/como-el-lapiz\/","url_meta":{"origin":3686,"position":5},"title":"Como el l\u00e1piz","author":"Pepe Barrascout Ortiz","date":"9 agosto 2015","format":false,"excerpt":"Todos conocemos los l\u00e1pices, son largos y con un peque\u00f1o borrador... pues todos nos equivocamos; sin embargo, el borrador es mucho menor que el l\u00e1piz, indicando que a pesar de que nos equivocamos es m\u00e1s lo que escribimos correctamente que los errores que cometemos. Esto nos lleva a entender que\u2026","rel":"","context":"En \u00abLimones\u00bb","block_context":{"text":"Limones","link":"https:\/\/quechilero.com\/blog\/category\/limones\/"},"img":{"alt_text":"","src":"","width":0,"height":0},"classes":[]}],"jetpack_featured_media_url":"","_links":{"self":[{"href":"https:\/\/quechilero.com\/blog\/wp-json\/wp\/v2\/posts\/3686","targetHints":{"allow":["GET"]}}],"collection":[{"href":"https:\/\/quechilero.com\/blog\/wp-json\/wp\/v2\/posts"}],"about":[{"href":"https:\/\/quechilero.com\/blog\/wp-json\/wp\/v2\/types\/post"}],"author":[{"embeddable":true,"href":"https:\/\/quechilero.com\/blog\/wp-json\/wp\/v2\/users\/1"}],"replies":[{"embeddable":true,"href":"https:\/\/quechilero.com\/blog\/wp-json\/wp\/v2\/comments?post=3686"}],"version-history":[{"count":0,"href":"https:\/\/quechilero.com\/blog\/wp-json\/wp\/v2\/posts\/3686\/revisions"}],"wp:attachment":[{"href":"https:\/\/quechilero.com\/blog\/wp-json\/wp\/v2\/media?parent=3686"}],"wp:term":[{"taxonomy":"category","embeddable":true,"href":"https:\/\/quechilero.com\/blog\/wp-json\/wp\/v2\/categories?post=3686"},{"taxonomy":"post_tag","embeddable":true,"href":"https:\/\/quechilero.com\/blog\/wp-json\/wp\/v2\/tags?post=3686"},{"taxonomy":"series","embeddable":true,"href":"https:\/\/quechilero.com\/blog\/wp-json\/wp\/v2\/series?post=3686"}],"curies":[{"name":"wp","href":"https:\/\/api.w.org\/{rel}","templated":true}]}}