{"id":3671,"date":"2009-09-20T08:00:54","date_gmt":"2009-09-20T14:00:54","guid":{"rendered":"http:\/\/quechilero.com\/blog\/?p=3671"},"modified":"2009-09-20T08:00:54","modified_gmt":"2009-09-20T14:00:54","slug":"al-gusto-de-dios","status":"publish","type":"post","link":"https:\/\/quechilero.com\/blog\/2009\/09\/20\/al-gusto-de-dios\/","title":{"rendered":"Al gusto de Dios"},"content":{"rendered":"<p>Una mujer, a la que los m\u00e9dicos dieron un par de meses de vida cuando era  joven, ahora acaba de cumplir los cuarenta de estancia ininterrumpida en la  cama.<\/p>\n<p>Vive en una casita humilde, peque\u00f1a, pero limpia y acogedora. Tiene delante  de la cama un altarcito donde de vez en cuando alg\u00fan buen sacerdote le celebra  la Santa Misa; incluso los primeros viernes de mes le exponen el Sant\u00edsimo  durante ocho horas. Ama la Eucarist\u00eda. Sufre, duerme poco, casi no puede cambiar  de postura, pero siempre est\u00e1 alegre.<\/p>\n<p>Ella llama a la enfermedad <em>\u00abdon de Dios\u00bb<\/em>, <em>\u00abdelicia\u00bb<\/em> y <em>\u00abtesoro\u00bb<\/em>. Cuando el  sacerdote visitante le dice que debe ser duro ejercitarse tanto en la paciencia,  responde: \u00abEs dulce, es suave, lo da el Amado.\u00bb<\/p>\n<p>No le pide nunca a Dios que le quite los dolores. Su norma es <em>\u00abal gusto de  Dios, no al propio\u00bb<\/em>.<\/p>\n<p>Se siente misionera desde su cama. Le preguntan si se le ocurre alg\u00fan s\u00edmil  para expresar lo que quiere ser su vida, y contesta, aunque le cuesta un poco  hablar de s\u00ed misma, po\u00e9ticamente:<\/p>\n<p><em>&#8211; Soy un riachuelo oculto por el matorral, que puede fecundar la tierra.<\/em><\/p>\n<p><strong><em>Del libro \u00abEl enfermo, peregrino de la esperanza\u00bb, de Braulio  Novella<\/em><\/strong><\/p>\n","protected":false},"excerpt":{"rendered":"<p>Una mujer, a la que los m\u00e9dicos dieron un par de meses de vida cuando era joven, ahora acaba de cumplir los cuarenta de estancia ininterrumpida en la cama. Vive en una casita humilde, peque\u00f1a, pero limpia y acogedora. Tiene delante de la cama un altarcito donde de vez en cuando alg\u00fan buen sacerdote le &#8230; <a title=\"Al gusto de Dios\" class=\"read-more\" href=\"https:\/\/quechilero.com\/blog\/2009\/09\/20\/al-gusto-de-dios\/\" aria-label=\"Leer m\u00e1s sobre Al gusto de Dios\">Leer m\u00e1s<\/a><\/p>\n","protected":false},"author":1,"featured_media":0,"comment_status":"open","ping_status":"open","sticky":false,"template":"","format":"standard","meta":{"advanced_seo_description":"","jetpack_seo_html_title":"","jetpack_seo_noindex":false,"jetpack_seo_schema_type":"","episode_type":"","audio_file":"","podmotor_file_id":"","podmotor_episode_id":"","cover_image":"","cover_image_id":"","duration":"","filesize":"","filesize_raw":"","date_recorded":"","explicit":"","block":"","_jetpack_newsletter_access":"","_jetpack_dont_email_post_to_subs":false,"_jetpack_newsletter_tier_id":0,"_jetpack_memberships_contains_paywalled_content":false,"_jetpack_feature_clip_id":0,"_jetpack_memberships_contains_paid_content":false,"footnotes":"","jetpack_publicize_message":"","jetpack_publicize_feature_enabled":true,"jetpack_social_post_already_shared":false,"jetpack_social_options":{"image_generator_settings":{"template":"highway","default_image_id":0,"font":"","enabled":false},"version":2},"jetpack_post_was_ever_published":false},"categories":[2],"tags":[51,72,20,60,24],"series":[],"class_list":["post-3671","post","type-post","status-publish","format-standard","hentry","category-limones","tag-dios","tag-libro","tag-mujer","tag-paciencia","tag-vida"],"episode_featured_image":false,"episode_player_image":"https:\/\/i0.wp.com\/quechilero.com\/blog\/imagenes\/podcast.png?fit=1831%2C1831&ssl=1","download_link":"","player_link":"","audio_player":false,"episode_data":{"playerMode":"dark","subscribeUrls":{"amazon":{"key":"amazon","url":"","label":"Amazon","class":"amazon","icon":"amazon.png"},"apple_podcasts":{"key":"apple_podcasts","url":"","label":"Apple Podcasts","class":"apple_podcasts","icon":"apple-podcasts.png"},"castbox":{"key":"castbox","url":"","label":"CastBox","class":"castbox","icon":"castbox.png"},"deezer":{"key":"deezer","url":"","label":"Deezer","class":"deezer","icon":"deezer.png"},"google_podcasts":{"key":"google_podcasts","url":"","label":"Google Podcasts","class":"google_podcasts","icon":"google-podcasts.png"},"listen_notes":{"key":"listen_notes","url":"","label":"Listen Notes","class":"listen_notes","icon":"listen-notes.png"},"pandora":{"key":"pandora","url":"","label":"Pandora","class":"pandora","icon":"pandora.png"},"podbean":{"key":"podbean","url":"","label":"Podbean","class":"podbean","icon":"podbean.png"},"podcast_republic":{"key":"podcast_republic","url":"","label":"Podcast Republic","class":"podcast_republic","icon":"podcast-republic.png"},"rss":{"key":"rss","url":"","label":"RSS","class":"rss","icon":"rss.png"},"spotify":{"key":"spotify","url":"","label":"Spotify","class":"spotify","icon":"spotify.png"},"stitcher":{"key":"stitcher","url":"","label":"Stitcher","class":"stitcher","icon":"stitcher.png"},"tunein":{"key":"tunein","url":"","label":"TuneIn","class":"tunein","icon":"tunein.png"},"youtube":{"key":"youtube","url":"","label":"YouTube","class":"youtube","icon":"youtube.png"},"iheartradio":{"key":"iheartradio","url":"","label":"iHeartRadio","class":"iheartradio","icon":"iheartradio.png"},"ivoox":{"key":"ivoox","url":"","label":"iVoox","class":"ivoox","icon":"ivoox.png"}},"rssFeedUrl":"https:\/\/quechilero.com\/blog\/feed\/podcast\/si-la-vida-nos-da-limones","embedCode":"<blockquote class=\"wp-embedded-content\" data-secret=\"lYE5v8tvv7\"><a href=\"https:\/\/quechilero.com\/blog\/2009\/09\/20\/al-gusto-de-dios\/\">Al gusto de Dios<\/a><\/blockquote><iframe sandbox=\"allow-scripts\" security=\"restricted\" src=\"https:\/\/quechilero.com\/blog\/2009\/09\/20\/al-gusto-de-dios\/embed\/#?secret=lYE5v8tvv7\" width=\"500\" height=\"350\" title=\"\u00abAl gusto de Dios\u00bb \u2014 Si la Vida nos da Limones...\" data-secret=\"lYE5v8tvv7\" frameborder=\"0\" marginwidth=\"0\" marginheight=\"0\" scrolling=\"no\" class=\"wp-embedded-content\"><\/iframe><script>\n\/*! This file is auto-generated *\/\n!function(d,l){\"use strict\";l.querySelector&&d.addEventListener&&\"undefined\"!=typeof URL&&(d.wp=d.wp||{},d.wp.receiveEmbedMessage||(d.wp.receiveEmbedMessage=function(e){var t=e.data;if((t||t.secret||t.message||t.value)&&!\/[^a-zA-Z0-9]\/.test(t.secret)){for(var s,r,n,a=l.querySelectorAll('iframe[data-secret=\"'+t.secret+'\"]'),o=l.querySelectorAll('blockquote[data-secret=\"'+t.secret+'\"]'),c=new RegExp(\"^https?:$\",\"i\"),i=0;i<o.length;i++)o[i].style.display=\"none\";for(i=0;i<a.length;i++)s=a[i],e.source===s.contentWindow&&(s.removeAttribute(\"style\"),\"height\"===t.message?(1e3<(r=parseInt(t.value,10))?r=1e3:~~r<200&&(r=200),s.height=r):\"link\"===t.message&&(r=new URL(s.getAttribute(\"src\")),n=new URL(t.value),c.test(n.protocol))&&n.host===r.host&&l.activeElement===s&&(d.top.location.href=t.value))}},d.addEventListener(\"message\",d.wp.receiveEmbedMessage,!1),l.addEventListener(\"DOMContentLoaded\",function(){for(var e,t,s=l.querySelectorAll(\"iframe.wp-embedded-content\"),r=0;r<s.length;r++)(t=(e=s[r]).getAttribute(\"data-secret\"))||(t=Math.random().toString(36).substring(2,12),e.src+=\"#?secret=\"+t,e.setAttribute(\"data-secret\",t)),e.contentWindow.postMessage({message:\"ready\",secret:t},\"*\")},!1)))}(window,document);\n\/\/# sourceURL=https:\/\/quechilero.com\/blog\/wp-includes\/js\/wp-embed.min.js\n<\/script>\n"},"jetpack_publicize_connections":[],"jetpack_shortlink":"https:\/\/wp.me\/pDKli-Xd","jetpack_sharing_enabled":true,"jetpack-related-posts":[{"id":28,"url":"https:\/\/quechilero.com\/blog\/2006\/07\/16\/el-hombre-que-queria-ser-mujer\/","url_meta":{"origin":3671,"position":0},"title":"El Hombre que quer\u00eda ser Mujer","author":"Pepe Barrascout Ortiz","date":"16 julio 2006","format":false,"excerpt":"\u00a1Mucho cuidado con lo que deseas!, podr\u00eda hacerse realidad. Un hombre se quejaba as\u00ed: - \"Dios m\u00edo, ten compasi\u00f3n de mi, mira como trabajo tanto, en cambio mi mujer tan tranquila en la casa. Yo dar\u00eda cualquier cosa para que hicieras un milagro y convirtieras a mi mujer en m\u00ed,\u2026","rel":"","context":"En \u00abLimones\u00bb","block_context":{"text":"Limones","link":"https:\/\/quechilero.com\/blog\/category\/limones\/"},"img":{"alt_text":"","src":"","width":0,"height":0},"classes":[]},{"id":21492,"url":"https:\/\/quechilero.com\/blog\/2015\/08\/19\/quejas\/","url_meta":{"origin":3671,"position":1},"title":"Quejas","author":"Pepe Barrascout Ortiz","date":"19 agosto 2015","format":false,"excerpt":"Hay personas que pasan todo el tiempo quej\u00e1ndose de esta manera: El mundo hoy, va mal... El gobierno no satisface mis necesidades... La Iglesia no me da respuestas... Mis amigos se desaparecieron... La se\u00f1al de televisi\u00f3n no comenz\u00f3 a transmitir a tiempo... Mi equipo ha perdido y es posible que\u2026","rel":"","context":"En \u00abLimones\u00bb","block_context":{"text":"Limones","link":"https:\/\/quechilero.com\/blog\/category\/limones\/"},"img":{"alt_text":"","src":"","width":0,"height":0},"classes":[]},{"id":27315,"url":"https:\/\/quechilero.com\/blog\/2013\/10\/03\/podcast-en-la-vida-de-san-agustin-episodio-10\/","url_meta":{"origin":3671,"position":2},"title":"Podcast: En la Vida de San Agust\u00edn, episodio 10","author":"Pepe Barrascout Ortiz","date":"3 octubre 2013","format":false,"excerpt":"De las inquietudes juveniles y su formaci\u00f3n El cap\u00edtulo comienza con la predicaci\u00f3n de Agust\u00edn sobre la oraci\u00f3n de Jes\u00fas a Dios Padre (Juan 17). Despu\u00e9s tendr\u00e1 una conversaci\u00f3n con Heraclio, el formador, y lo anima a tener paciencia a los formandos. Juanico entrar\u00e1 por primera vez a la habitaci\u00f3n,\u2026","rel":"","context":"En \u00abPodcast\u00bb","block_context":{"text":"Podcast","link":"https:\/\/quechilero.com\/blog\/category\/podcast\/"},"img":{"alt_text":"Las 6 de la ma\u00f1ana. Podcast","src":"https:\/\/i0.wp.com\/lh3.googleusercontent.com\/-MuDpgG_t8tg\/Uics8DjfI0I\/AAAAAAAACFg\/DQ_9XUG-gUE\/s800\/san-agustin.png?resize=350%2C200&ssl=1","width":350,"height":200,"srcset":"https:\/\/i0.wp.com\/lh3.googleusercontent.com\/-MuDpgG_t8tg\/Uics8DjfI0I\/AAAAAAAACFg\/DQ_9XUG-gUE\/s800\/san-agustin.png?resize=350%2C200&ssl=1 1x, https:\/\/i0.wp.com\/lh3.googleusercontent.com\/-MuDpgG_t8tg\/Uics8DjfI0I\/AAAAAAAACFg\/DQ_9XUG-gUE\/s800\/san-agustin.png?resize=525%2C300&ssl=1 1.5x"},"classes":[]},{"id":3204,"url":"https:\/\/quechilero.com\/blog\/2009\/08\/30\/de-quien-depende\/","url_meta":{"origin":3671,"position":3},"title":"\u00bfDe quien depende?","author":"Pepe Barrascout Ortiz","date":"30 agosto 2009","format":false,"excerpt":"Un hombre fue a confesarse con un sacerdote y le pidi\u00f3 que intercediera a Dios por \u00e9l, para ver si as\u00ed dejaba sus pecados y su mala vida. El sacerdote as\u00ed se lo prometi\u00f3 y as\u00ed lo hizo; mas como al cabo de alg\u00fan tiempo no paraba de quejarse de\u2026","rel":"","context":"En \u00abLimones\u00bb","block_context":{"text":"Limones","link":"https:\/\/quechilero.com\/blog\/category\/limones\/"},"img":{"alt_text":"","src":"","width":0,"height":0},"classes":[]},{"id":17897,"url":"https:\/\/quechilero.com\/blog\/2014\/06\/14\/violencia-domestica-que-haces-tu\/","url_meta":{"origin":3671,"position":4},"title":"Violencia dom\u00e9stica \u00bfque haces tu?","author":"Pepe Barrascout Ortiz","date":"14 junio 2014","format":false,"excerpt":"https:\/\/youtu.be\/VU5LAslbcts Esta historia es una dramatizaci\u00f3n de una acci\u00f3n que es mas com\u00fan de lo que parece, lamentablemente. La veo y no deja de incomodar pero a la vez agradecer que realmente no sucedi\u00f3 as\u00ed. Sin embargo, es m\u00e1s real de lo que crees, \u2013 una mujer es golpeada por\u2026","rel":"","context":"En \u00abVideoBlog\u00bb","block_context":{"text":"VideoBlog","link":"https:\/\/quechilero.com\/blog\/category\/videoblog\/"},"img":{"alt_text":"","src":"https:\/\/i0.wp.com\/img.youtube.com\/vi\/VU5LAslbcts\/0.jpg?resize=350%2C200","width":350,"height":200},"classes":[]},{"id":21388,"url":"https:\/\/quechilero.com\/blog\/2015\/07\/22\/espera-no-tan-rapido\/","url_meta":{"origin":3671,"position":5},"title":"Espera, no tan r\u00e1pido&#8230;","author":"Pepe Barrascout Ortiz","date":"22 julio 2015","format":false,"excerpt":"Cuentan que una vez un cient\u00edfico soberbio fue con Dios y le dijo: - Se\u00f1or, convocamos a una junta cient\u00edfica mundial y hemos decidido que ya no te necesitamos. El Se\u00f1or con su infinita paciencia oy\u00f3 al hombre y le pregunt\u00f3: - \u00bfAh s\u00ed? \u00bfY c\u00f3mo llegaron a esa decisi\u00f3n?\u2026","rel":"","context":"En \u00abLimones\u00bb","block_context":{"text":"Limones","link":"https:\/\/quechilero.com\/blog\/category\/limones\/"},"img":{"alt_text":"","src":"","width":0,"height":0},"classes":[]}],"jetpack_featured_media_url":"","_links":{"self":[{"href":"https:\/\/quechilero.com\/blog\/wp-json\/wp\/v2\/posts\/3671","targetHints":{"allow":["GET"]}}],"collection":[{"href":"https:\/\/quechilero.com\/blog\/wp-json\/wp\/v2\/posts"}],"about":[{"href":"https:\/\/quechilero.com\/blog\/wp-json\/wp\/v2\/types\/post"}],"author":[{"embeddable":true,"href":"https:\/\/quechilero.com\/blog\/wp-json\/wp\/v2\/users\/1"}],"replies":[{"embeddable":true,"href":"https:\/\/quechilero.com\/blog\/wp-json\/wp\/v2\/comments?post=3671"}],"version-history":[{"count":0,"href":"https:\/\/quechilero.com\/blog\/wp-json\/wp\/v2\/posts\/3671\/revisions"}],"wp:attachment":[{"href":"https:\/\/quechilero.com\/blog\/wp-json\/wp\/v2\/media?parent=3671"}],"wp:term":[{"taxonomy":"category","embeddable":true,"href":"https:\/\/quechilero.com\/blog\/wp-json\/wp\/v2\/categories?post=3671"},{"taxonomy":"post_tag","embeddable":true,"href":"https:\/\/quechilero.com\/blog\/wp-json\/wp\/v2\/tags?post=3671"},{"taxonomy":"series","embeddable":true,"href":"https:\/\/quechilero.com\/blog\/wp-json\/wp\/v2\/series?post=3671"}],"curies":[{"name":"wp","href":"https:\/\/api.w.org\/{rel}","templated":true}]}}