{"id":3667,"date":"2009-09-16T08:00:01","date_gmt":"2009-09-16T14:00:01","guid":{"rendered":"http:\/\/quechilero.com\/blog\/?p=3667"},"modified":"2009-09-16T08:00:01","modified_gmt":"2009-09-16T14:00:01","slug":"tirar-de-los-brotes","status":"publish","type":"post","link":"https:\/\/quechilero.com\/blog\/2009\/09\/16\/tirar-de-los-brotes\/","title":{"rendered":"Tirar de los brotes"},"content":{"rendered":"<p>A un hombre del Reino de Song le pareci\u00f3 que los v\u00e1stagos en sus campos no  crec\u00edan bastante aprisa. En vista de ello, dio a todos y a cada uno, un estir\u00f3n;  y se fue a casa casi exhausto.<\/p>\n<p>&#8211; <em>Hoy estoy muy cansado<\/em> -dijo a su familia. <em>He estado ayudando a los brotes a  crecer.<\/em><\/p>\n<p>Su hijo sali\u00f3 corriendo al campo y encontr\u00f3 todas sus plantas muertas.<\/p>\n<p>Casi todos querr\u00edan ayudar a los v\u00e1stagos en su crecimiento; pero algunos  consideran todo esfuerzo in\u00fatil y no lo intentan, ni siquiera desbrozando el  campo; otros tratan de ayudarles d\u00e1ndoles un estir\u00f3n. Esto \u00faltimo, por supuesto,  es peor que in\u00fatil.<\/p>\n<p><strong><em>Mencio<\/em><\/strong><\/p>\n","protected":false},"excerpt":{"rendered":"<p>A un hombre del Reino de Song le pareci\u00f3 que los v\u00e1stagos en sus campos no crec\u00edan bastante aprisa. En vista de ello, dio a todos y a cada uno, un estir\u00f3n; y se fue a casa casi exhausto. &#8211; Hoy estoy muy cansado -dijo a su familia. He estado ayudando a los brotes a &#8230; <a title=\"Tirar de los brotes\" class=\"read-more\" href=\"https:\/\/quechilero.com\/blog\/2009\/09\/16\/tirar-de-los-brotes\/\" aria-label=\"Leer m\u00e1s sobre Tirar de los brotes\">Leer m\u00e1s<\/a><\/p>\n","protected":false},"author":1,"featured_media":0,"comment_status":"open","ping_status":"open","sticky":false,"template":"","format":"standard","meta":{"advanced_seo_description":"","jetpack_seo_html_title":"","jetpack_seo_noindex":false,"jetpack_seo_schema_type":"","episode_type":"","audio_file":"","podmotor_file_id":"","podmotor_episode_id":"","cover_image":"","cover_image_id":"","duration":"","filesize":"","filesize_raw":"","date_recorded":"","explicit":"","block":"","_jetpack_newsletter_access":"","_jetpack_dont_email_post_to_subs":false,"_jetpack_newsletter_tier_id":0,"_jetpack_memberships_contains_paywalled_content":false,"_jetpack_feature_clip_id":0,"_jetpack_memberships_contains_paid_content":false,"footnotes":"","jetpack_publicize_message":"","jetpack_publicize_feature_enabled":true,"jetpack_social_post_already_shared":false,"jetpack_social_options":{"image_generator_settings":{"template":"highway","default_image_id":0,"font":"","enabled":false},"version":2},"jetpack_post_was_ever_published":false},"categories":[2],"tags":[37,67,49,18],"series":[],"class_list":["post-3667","post","type-post","status-publish","format-standard","hentry","category-limones","tag-ayuda","tag-crecer","tag-esfuerzo","tag-hombre"],"episode_featured_image":false,"episode_player_image":"https:\/\/i0.wp.com\/quechilero.com\/blog\/imagenes\/podcast.png?fit=1831%2C1831&ssl=1","download_link":"","player_link":"","audio_player":false,"episode_data":{"playerMode":"dark","subscribeUrls":{"amazon":{"key":"amazon","url":"","label":"Amazon","class":"amazon","icon":"amazon.png"},"apple_podcasts":{"key":"apple_podcasts","url":"","label":"Apple Podcasts","class":"apple_podcasts","icon":"apple-podcasts.png"},"castbox":{"key":"castbox","url":"","label":"CastBox","class":"castbox","icon":"castbox.png"},"deezer":{"key":"deezer","url":"","label":"Deezer","class":"deezer","icon":"deezer.png"},"google_podcasts":{"key":"google_podcasts","url":"","label":"Google Podcasts","class":"google_podcasts","icon":"google-podcasts.png"},"listen_notes":{"key":"listen_notes","url":"","label":"Listen Notes","class":"listen_notes","icon":"listen-notes.png"},"pandora":{"key":"pandora","url":"","label":"Pandora","class":"pandora","icon":"pandora.png"},"podbean":{"key":"podbean","url":"","label":"Podbean","class":"podbean","icon":"podbean.png"},"podcast_republic":{"key":"podcast_republic","url":"","label":"Podcast Republic","class":"podcast_republic","icon":"podcast-republic.png"},"rss":{"key":"rss","url":"","label":"RSS","class":"rss","icon":"rss.png"},"spotify":{"key":"spotify","url":"","label":"Spotify","class":"spotify","icon":"spotify.png"},"stitcher":{"key":"stitcher","url":"","label":"Stitcher","class":"stitcher","icon":"stitcher.png"},"tunein":{"key":"tunein","url":"","label":"TuneIn","class":"tunein","icon":"tunein.png"},"youtube":{"key":"youtube","url":"","label":"YouTube","class":"youtube","icon":"youtube.png"},"iheartradio":{"key":"iheartradio","url":"","label":"iHeartRadio","class":"iheartradio","icon":"iheartradio.png"},"ivoox":{"key":"ivoox","url":"","label":"iVoox","class":"ivoox","icon":"ivoox.png"}},"rssFeedUrl":"https:\/\/quechilero.com\/blog\/feed\/podcast\/si-la-vida-nos-da-limones","embedCode":"<blockquote class=\"wp-embedded-content\" data-secret=\"y1gEezyC8g\"><a href=\"https:\/\/quechilero.com\/blog\/2009\/09\/16\/tirar-de-los-brotes\/\">Tirar de los brotes<\/a><\/blockquote><iframe sandbox=\"allow-scripts\" security=\"restricted\" src=\"https:\/\/quechilero.com\/blog\/2009\/09\/16\/tirar-de-los-brotes\/embed\/#?secret=y1gEezyC8g\" width=\"500\" height=\"350\" title=\"\u00abTirar de los brotes\u00bb \u2014 Si la Vida nos da Limones...\" data-secret=\"y1gEezyC8g\" frameborder=\"0\" marginwidth=\"0\" marginheight=\"0\" scrolling=\"no\" class=\"wp-embedded-content\"><\/iframe><script>\n\/*! This file is auto-generated *\/\n!function(d,l){\"use strict\";l.querySelector&&d.addEventListener&&\"undefined\"!=typeof URL&&(d.wp=d.wp||{},d.wp.receiveEmbedMessage||(d.wp.receiveEmbedMessage=function(e){var t=e.data;if((t||t.secret||t.message||t.value)&&!\/[^a-zA-Z0-9]\/.test(t.secret)){for(var s,r,n,a=l.querySelectorAll('iframe[data-secret=\"'+t.secret+'\"]'),o=l.querySelectorAll('blockquote[data-secret=\"'+t.secret+'\"]'),c=new RegExp(\"^https?:$\",\"i\"),i=0;i<o.length;i++)o[i].style.display=\"none\";for(i=0;i<a.length;i++)s=a[i],e.source===s.contentWindow&&(s.removeAttribute(\"style\"),\"height\"===t.message?(1e3<(r=parseInt(t.value,10))?r=1e3:~~r<200&&(r=200),s.height=r):\"link\"===t.message&&(r=new URL(s.getAttribute(\"src\")),n=new URL(t.value),c.test(n.protocol))&&n.host===r.host&&l.activeElement===s&&(d.top.location.href=t.value))}},d.addEventListener(\"message\",d.wp.receiveEmbedMessage,!1),l.addEventListener(\"DOMContentLoaded\",function(){for(var e,t,s=l.querySelectorAll(\"iframe.wp-embedded-content\"),r=0;r<s.length;r++)(t=(e=s[r]).getAttribute(\"data-secret\"))||(t=Math.random().toString(36).substring(2,12),e.src+=\"#?secret=\"+t,e.setAttribute(\"data-secret\",t)),e.contentWindow.postMessage({message:\"ready\",secret:t},\"*\")},!1)))}(window,document);\n\/\/# sourceURL=https:\/\/quechilero.com\/blog\/wp-includes\/js\/wp-embed.min.js\n<\/script>\n"},"jetpack_publicize_connections":[],"jetpack_shortlink":"https:\/\/wp.me\/pDKli-X9","jetpack_sharing_enabled":true,"jetpack-related-posts":[{"id":17372,"url":"https:\/\/quechilero.com\/blog\/2013\/11\/03\/empuja\/","url_meta":{"origin":3667,"position":0},"title":"Empuja","author":"Pepe Barrascout Ortiz","date":"3 noviembre 2013","format":false,"excerpt":"Cuentan que un muy buen hombre viv\u00eda en el campo pero ten\u00eda problemas f\u00edsicos, cuando un d\u00eda se le apareci\u00f3 Jes\u00fas y le dijo: \"Necesito que vayas hacia aquella gran roca de la monta\u00f1a, y te pido que la empujes d\u00eda y noche durante un a\u00f1o\". El hombre qued\u00f3 perplejo\u2026","rel":"","context":"En \u00abLimones\u00bb","block_context":{"text":"Limones","link":"https:\/\/quechilero.com\/blog\/category\/limones\/"},"img":{"alt_text":"","src":"","width":0,"height":0},"classes":[]},{"id":286,"url":"https:\/\/quechilero.com\/blog\/2006\/10\/24\/las-flores-han-brotado\/","url_meta":{"origin":3667,"position":1},"title":"Las Flores han brotado","author":"Pepe Barrascout Ortiz","date":"24 octubre 2006","format":false,"excerpt":"Un hombre trabajaba en una f\u00e1brica distante cincuenta minutos en \u00f3mnibus de su casa. En la siguiente parada entraba una se\u00f1ora anciana que siempre se sentaba junto a la ventana. Ella abr\u00eda la bolsa, sacaba un paquetito y se pasaba todo el viaje arrojando alguna cosa para afuera. La escena\u2026","rel":"","context":"En \u00abLimones\u00bb","block_context":{"text":"Limones","link":"https:\/\/quechilero.com\/blog\/category\/limones\/"},"img":{"alt_text":"","src":"","width":0,"height":0},"classes":[]},{"id":6183,"url":"https:\/\/quechilero.com\/blog\/2010\/12\/03\/el-puente-de-la-hormiga\/","url_meta":{"origin":3667,"position":2},"title":"El puente de la hormiga","author":"Pepe Barrascout Ortiz","date":"3 diciembre 2010","format":false,"excerpt":"Las hormigas forman parte de nuestro mundo, y cierto d\u00eda me puse a observar la vida de las hormigas; sus movimientos, sus senderos, sus hormigueros. Qued\u00e9 asombrado al verlas trabajar con tanto empe\u00f1o y diligencia. Pero una hormiga en particular atrajo mi atenci\u00f3n, Negra y de tama\u00f1o mediano, esta hormiga\u2026","rel":"","context":"En \u00abLimones\u00bb","block_context":{"text":"Limones","link":"https:\/\/quechilero.com\/blog\/category\/limones\/"},"img":{"alt_text":"","src":"","width":0,"height":0},"classes":[]},{"id":3686,"url":"https:\/\/quechilero.com\/blog\/2009\/09\/28\/brotara-la-esperanza\/","url_meta":{"origin":3667,"position":3},"title":"Brotar\u00e1 la esperanza","author":"Pepe Barrascout Ortiz","date":"28 septiembre 2009","format":false,"excerpt":"Durante la Segunda Guerra Mundial, Victor Frankl lleg\u00f3 al campo de concentraci\u00f3n. La secreta raz\u00f3n por la que \u00e9l no quer\u00eda suicidarse era que ten\u00eda dos metas espec\u00edficas: encontrarse con su familia y escribir un libro. \"El error de la gente -dice Frankl- es preguntarse: \u00bfQu\u00e9 puedo esperar de la\u2026","rel":"","context":"En \u00abLimones\u00bb","block_context":{"text":"Limones","link":"https:\/\/quechilero.com\/blog\/category\/limones\/"},"img":{"alt_text":"","src":"","width":0,"height":0},"classes":[]},{"id":580,"url":"https:\/\/quechilero.com\/blog\/2007\/06\/16\/una-carta-para-ti\/","url_meta":{"origin":3667,"position":4},"title":"Una carta para ti","author":"Pepe Barrascout Ortiz","date":"16 junio 2007","format":false,"excerpt":"Querido Hijo: Recuerdo muy bien el d\u00eda que te marchaste de mi lado, atravesando el velo para aventurarte a cumplir tu misi\u00f3n terrenal. Las l\u00e1grimas brotaron de mis ojos cuando vest\u00ed tu esp\u00edritu con una capa de Amor y te envi\u00e9 a la escuela. Seguro es, hijo m\u00edo que mis\u2026","rel":"","context":"En \u00abLimones\u00bb","block_context":{"text":"Limones","link":"https:\/\/quechilero.com\/blog\/category\/limones\/"},"img":{"alt_text":"","src":"","width":0,"height":0},"classes":[]},{"id":16049,"url":"https:\/\/quechilero.com\/blog\/2013\/02\/26\/las-dos-semillas\/","url_meta":{"origin":3667,"position":5},"title":"Las dos semillas","author":"Pepe Barrascout Ortiz","date":"26 febrero 2013","format":false,"excerpt":"Dos semillas estaban juntas, lado a lado, en la f\u00e9rtil tierra de la primavera. La primera semilla dijo: \"\u00a1Yo quiero crecer! Quiero hundir mis ra\u00edces en la profundidad del suelo que me sostiene y hacer que mis brotes empujen y rompan la capa de tierra que me cubre... Quiero desplegar\u2026","rel":"","context":"En \u00abLimones\u00bb","block_context":{"text":"Limones","link":"https:\/\/quechilero.com\/blog\/category\/limones\/"},"img":{"alt_text":"","src":"","width":0,"height":0},"classes":[]}],"jetpack_featured_media_url":"","_links":{"self":[{"href":"https:\/\/quechilero.com\/blog\/wp-json\/wp\/v2\/posts\/3667","targetHints":{"allow":["GET"]}}],"collection":[{"href":"https:\/\/quechilero.com\/blog\/wp-json\/wp\/v2\/posts"}],"about":[{"href":"https:\/\/quechilero.com\/blog\/wp-json\/wp\/v2\/types\/post"}],"author":[{"embeddable":true,"href":"https:\/\/quechilero.com\/blog\/wp-json\/wp\/v2\/users\/1"}],"replies":[{"embeddable":true,"href":"https:\/\/quechilero.com\/blog\/wp-json\/wp\/v2\/comments?post=3667"}],"version-history":[{"count":0,"href":"https:\/\/quechilero.com\/blog\/wp-json\/wp\/v2\/posts\/3667\/revisions"}],"wp:attachment":[{"href":"https:\/\/quechilero.com\/blog\/wp-json\/wp\/v2\/media?parent=3667"}],"wp:term":[{"taxonomy":"category","embeddable":true,"href":"https:\/\/quechilero.com\/blog\/wp-json\/wp\/v2\/categories?post=3667"},{"taxonomy":"post_tag","embeddable":true,"href":"https:\/\/quechilero.com\/blog\/wp-json\/wp\/v2\/tags?post=3667"},{"taxonomy":"series","embeddable":true,"href":"https:\/\/quechilero.com\/blog\/wp-json\/wp\/v2\/series?post=3667"}],"curies":[{"name":"wp","href":"https:\/\/api.w.org\/{rel}","templated":true}]}}