{"id":3651,"date":"2009-09-10T08:00:39","date_gmt":"2009-09-10T14:00:39","guid":{"rendered":"http:\/\/quechilero.com\/blog\/?p=3651"},"modified":"2009-09-10T08:00:39","modified_gmt":"2009-09-10T14:00:39","slug":"premios-de-la-maraton-de-blogs-2009","status":"publish","type":"post","link":"https:\/\/quechilero.com\/blog\/2009\/09\/10\/premios-de-la-maraton-de-blogs-2009\/","title":{"rendered":"Premios de la Marat\u00f3n de Blogs 2009"},"content":{"rendered":"<p><a href=\"http:\/\/quechilero.com\/blog\/2009\/07\/31\/maraton-de-blogs-2009\/\"><img data-recalc-dims=\"1\" loading=\"lazy\" decoding=\"async\" class=\"alignnone\" style=\"border: 0pt none;\" src=\"https:\/\/i0.wp.com\/i392.photobucket.com\/albums\/pp7\/pepejaguar\/maraton2009\/maraton2009.jpg?resize=550%2C95\" alt=\"Marat\u00f3n de Blogs 2009\" width=\"550\" height=\"95\" \/><\/a><\/p>\n<p>Como parte de las actividades que se realizaron en la <a title=\"Marat\u00f3n de Blogs 2009\" href=\"http:\/\/quechilero.com\/blog\/2009\/07\/31\/maraton-de-blogs-2009\/\">Marat\u00f3n de Blogs 2009<\/a>, en esta ocasi\u00f3n ofrec\u00ed <strong>dos nombres de dominio<\/strong> para los blogs que mas <em>votos<\/em> alcanzara, a trav\u00e9s de los <em>comentarios<\/em> que se publicaron junto al <em>listado de participantes para el 2009<\/em>. El otro dominio es para el blog que <em>enviara mas visitantes desde su blog<\/em> seg\u00fan los datos proporcionados por el sistema de estad\u00edsticas <em>Google Analytics<\/em>.<\/p>\n<p>Los datos fueron contabilizados, desde la convocatoria oficial, el 1 de agosto 2009, hasta el 6 de septiembre 2009<\/p>\n<p>En ambos casos el dominio es donado por el per\u00edodo de un a\u00f1o y la renovaci\u00f3n correr\u00e1 a cargo del ganador. El objetivo principal de esta parte de la <a title=\"Marat\u00f3n de Blogs 2009\" href=\"http:\/\/quechilero.com\/blog\/2009\/07\/31\/maraton-de-blogs-2009\/\">Marat\u00f3n de Blogs 2009<\/a>, es la de motivar a los <em>bloggers<\/em> actuales, a continuar publicando sus ideas, pensamientos y hacer valer su derecho a la <em>libertad de expresi\u00f3n<\/em>.<\/p>\n<p>Espero que para el pr\u00f3ximo a\u00f1o, pueda incrementar la cantidad y calidad de los premios, a fin de que sean premiados, la mayor cantidad de blogs posibles.<\/p>\n<p>Los blogs ganadores de los dos nombres de dominio, de la <a title=\"Marat\u00f3n de Blogs 2009\" href=\"http:\/\/quechilero.com\/blog\/2009\/07\/31\/maraton-de-blogs-2009\/\">Marat\u00f3n de Blogs 2009<\/a> son:<\/p>\n<p><!--more--><\/p>\n<p><strong>Por n\u00famero de votos:<\/strong><\/p>\n<p>Te Prometo Anarqu\u00eda<br \/>\n<a title=\"Marat\u00f3n de Blogs 2009\" href=\"http:\/\/teprometoanarquia.com\/\" target=\"_blank\">http:\/\/www.teprometoanarquia.com\/<\/a><\/p>\n<p><strong>Por n\u00famero de visitantes enviados:<\/strong><\/p>\n<p>Fe de Rata<br \/>\n<a title=\"Marat\u00f3n de Blogs 2009\" href=\"http:\/\/jpdardon.com\/\" target=\"_blank\">http:\/\/jpdardon.com\/<\/a><\/p>\n<p><em>Los resultados quedaron de la siguiente manera:<\/em><\/p>\n<p><strong>Votos recibidos:<\/strong><\/p>\n<ol>\n<li><strong>Te Prometo Anarqu\u00eda<\/strong> <em>(46 votos)<\/em><\/li>\n<li>S\u00faa Agap\u00e9 (20 votos)<\/li>\n<li>Fe de Rata (19 votos)<\/li>\n<li>El Chiltepe (4 votos)<\/li>\n<li>Una hoja de papel (3 votos)<\/li>\n<li>Mir\u00e1 Pu\u00e9 (2 votos)<\/li>\n<li>Espacio PQ (1 voto)<\/li>\n<\/ol>\n<p><strong>Visitantes enviados:<\/strong><\/p>\n<ol>\n<li><strong>Fe de Rata<\/strong> <em>(139 visitas)<\/em><\/li>\n<li>Te Prometo Anarqu\u00eda (120 visitas)<\/li>\n<li>S\u00faa Agap\u00e9 (78 visitas)<\/li>\n<li>Una Hoja de Papel (51 visitas)<\/li>\n<li>Espacio PQ (43 visitas)<\/li>\n<li>El Verde (34 visitas)<\/li>\n<li>Rock Chap\u00edn (32 visitas)<\/li>\n<li>Voces Equilibradas (32 visitas)<\/li>\n<li>El Chiltepe (31 visitas)<\/li>\n<li>Mir\u00e1 Pu\u00e9 (28 visitas)<\/li>\n<\/ol>\n<p><a href=\"http:\/\/s392.photobucket.com\/albums\/pp7\/pepejaguar\/blog\/?action=view&amp;current=maratn_de_blogs_2009.png\"><img data-recalc-dims=\"1\" decoding=\"async\" class=\"alignnone\" src=\"https:\/\/i0.wp.com\/i392.photobucket.com\/albums\/pp7\/pepejaguar\/blog\/maratn_de_blogs_2009.png?w=493\" alt=\"\"  \/><\/a><\/p>\n<p><a href=\"http:\/\/s392.photobucket.com\/albums\/pp7\/pepejaguar\/blog\/?action=view&amp;current=maratn_de_blogs_2009-2.png\"><img data-recalc-dims=\"1\" loading=\"lazy\" decoding=\"async\" class=\"alignnone\" src=\"https:\/\/i0.wp.com\/i392.photobucket.com\/albums\/pp7\/pepejaguar\/blog\/maratn_de_blogs_2009-2.png?resize=493%2C668\" alt=\"\" width=\"493\" height=\"668\" \/><\/a><\/p>\n<p>Felicitaciones a todos los participantes y gracias a todos por la participaci\u00f3n con sus votos, comentarios y muestras de apoyo a la actividad.<\/p>\n<p>El objetivo principal de la <a title=\"Marat\u00f3n de Blogs 2009\" href=\"http:\/\/quechilero.com\/blog\/2009\/07\/31\/maraton-de-blogs-2009\/\">Marat\u00f3n de Blogs 2009<\/a> se cumpli\u00f3, el cual es, dar a conocer a nuevos y mas blogs a muchos que de otra forma, quiz\u00e1 no los hubieran conocido. Estoy seguro que mas de un blog, de los listados, ahora forma parte de los favoritos a seguir.<\/p>\n<p>Felicito a los autores de tan buenos blogs, que d\u00eda con d\u00eda, mantienen en constante entusiasmo, las publicaciones en sus blogs y proyectos en internet. Felicitaciones a <strong>Rafael Romero<\/strong> <em>(Te Prometo Anarqu\u00eda)<\/em> y a <strong>Juan Pablo Dard\u00f3n<\/strong> <em>(Fe de Rata)<\/em> por el gran entusiasmo y apoyo que le han dado a la actividad.<\/p>\n<p>Nos vemos, primero Dios, en la <a title=\"Marat\u00f3n de Blogs 2010\" href=\"http:\/\/quechilero.com\/blog\/2010\/07\/31\/maraton-de-blogs-2010-listado\/\" target=\"_blank\">Marat\u00f3n de Blogs 2010<\/a>.<\/p>\n","protected":false},"excerpt":{"rendered":"<p>Como parte de las actividades que se realizaron en la Marat\u00f3n de Blogs 2009, en esta ocasi\u00f3n ofrec\u00ed dos nombres de dominio para los blogs que mas votos alcanzara, a trav\u00e9s de los comentarios que se publicaron junto al listado de participantes para el 2009. El otro dominio es para el blog que enviara mas &#8230; <a title=\"Premios de la Marat\u00f3n de Blogs 2009\" class=\"read-more\" href=\"https:\/\/quechilero.com\/blog\/2009\/09\/10\/premios-de-la-maraton-de-blogs-2009\/\" aria-label=\"Leer m\u00e1s sobre Premios de la Marat\u00f3n de Blogs 2009\">Leer m\u00e1s<\/a><\/p>\n","protected":false},"author":1,"featured_media":0,"comment_status":"open","ping_status":"open","sticky":false,"template":"","format":"standard","meta":{"advanced_seo_description":"","jetpack_seo_html_title":"","jetpack_seo_noindex":false,"jetpack_seo_schema_type":"","episode_type":"","audio_file":"","podmotor_file_id":"","podmotor_episode_id":"","cover_image":"","cover_image_id":"","duration":"","filesize":"","filesize_raw":"","date_recorded":"","explicit":"","block":"","_jetpack_newsletter_access":"","_jetpack_dont_email_post_to_subs":false,"_jetpack_newsletter_tier_id":0,"_jetpack_memberships_contains_paywalled_content":false,"_jetpack_feature_clip_id":0,"_jetpack_memberships_contains_paid_content":false,"footnotes":"","jetpack_publicize_message":"","jetpack_publicize_feature_enabled":true,"jetpack_social_post_already_shared":false,"jetpack_social_options":{"image_generator_settings":{"template":"highway","default_image_id":0,"font":"","enabled":false},"version":2},"jetpack_post_was_ever_published":false},"categories":[61],"tags":[44,4,51,9,27,62,43,3,24],"series":[],"class_list":["post-3651","post","type-post","status-publish","format-standard","hentry","category-blogs-de-guatemala","tag-apoyo","tag-blog","tag-dios","tag-idea","tag-internet","tag-maraton","tag-proyecto","tag-resultados","tag-vida"],"episode_featured_image":false,"episode_player_image":"https:\/\/i0.wp.com\/quechilero.com\/blog\/imagenes\/podcast.png?fit=1831%2C1831&ssl=1","download_link":"","player_link":"","audio_player":false,"episode_data":{"playerMode":"dark","subscribeUrls":{"amazon":{"key":"amazon","url":"","label":"Amazon","class":"amazon","icon":"amazon.png"},"apple_podcasts":{"key":"apple_podcasts","url":"","label":"Apple Podcasts","class":"apple_podcasts","icon":"apple-podcasts.png"},"castbox":{"key":"castbox","url":"","label":"CastBox","class":"castbox","icon":"castbox.png"},"deezer":{"key":"deezer","url":"","label":"Deezer","class":"deezer","icon":"deezer.png"},"google_podcasts":{"key":"google_podcasts","url":"","label":"Google Podcasts","class":"google_podcasts","icon":"google-podcasts.png"},"listen_notes":{"key":"listen_notes","url":"","label":"Listen Notes","class":"listen_notes","icon":"listen-notes.png"},"pandora":{"key":"pandora","url":"","label":"Pandora","class":"pandora","icon":"pandora.png"},"podbean":{"key":"podbean","url":"","label":"Podbean","class":"podbean","icon":"podbean.png"},"podcast_republic":{"key":"podcast_republic","url":"","label":"Podcast Republic","class":"podcast_republic","icon":"podcast-republic.png"},"rss":{"key":"rss","url":"","label":"RSS","class":"rss","icon":"rss.png"},"spotify":{"key":"spotify","url":"","label":"Spotify","class":"spotify","icon":"spotify.png"},"stitcher":{"key":"stitcher","url":"","label":"Stitcher","class":"stitcher","icon":"stitcher.png"},"tunein":{"key":"tunein","url":"","label":"TuneIn","class":"tunein","icon":"tunein.png"},"youtube":{"key":"youtube","url":"","label":"YouTube","class":"youtube","icon":"youtube.png"},"iheartradio":{"key":"iheartradio","url":"","label":"iHeartRadio","class":"iheartradio","icon":"iheartradio.png"},"ivoox":{"key":"ivoox","url":"","label":"iVoox","class":"ivoox","icon":"ivoox.png"}},"rssFeedUrl":"https:\/\/quechilero.com\/blog\/feed\/podcast\/si-la-vida-nos-da-limones","embedCode":"<blockquote class=\"wp-embedded-content\" data-secret=\"OyxbraYakR\"><a href=\"https:\/\/quechilero.com\/blog\/2009\/09\/10\/premios-de-la-maraton-de-blogs-2009\/\">Premios de la Marat\u00f3n de Blogs 2009<\/a><\/blockquote><iframe sandbox=\"allow-scripts\" security=\"restricted\" src=\"https:\/\/quechilero.com\/blog\/2009\/09\/10\/premios-de-la-maraton-de-blogs-2009\/embed\/#?secret=OyxbraYakR\" width=\"500\" height=\"350\" title=\"\u00abPremios de la Marat\u00f3n de Blogs 2009\u00bb \u2014 Si la Vida nos da Limones...\" data-secret=\"OyxbraYakR\" frameborder=\"0\" marginwidth=\"0\" marginheight=\"0\" scrolling=\"no\" class=\"wp-embedded-content\"><\/iframe><script>\n\/*! This file is auto-generated *\/\n!function(d,l){\"use strict\";l.querySelector&&d.addEventListener&&\"undefined\"!=typeof URL&&(d.wp=d.wp||{},d.wp.receiveEmbedMessage||(d.wp.receiveEmbedMessage=function(e){var t=e.data;if((t||t.secret||t.message||t.value)&&!\/[^a-zA-Z0-9]\/.test(t.secret)){for(var s,r,n,a=l.querySelectorAll('iframe[data-secret=\"'+t.secret+'\"]'),o=l.querySelectorAll('blockquote[data-secret=\"'+t.secret+'\"]'),c=new RegExp(\"^https?:$\",\"i\"),i=0;i<o.length;i++)o[i].style.display=\"none\";for(i=0;i<a.length;i++)s=a[i],e.source===s.contentWindow&&(s.removeAttribute(\"style\"),\"height\"===t.message?(1e3<(r=parseInt(t.value,10))?r=1e3:~~r<200&&(r=200),s.height=r):\"link\"===t.message&&(r=new URL(s.getAttribute(\"src\")),n=new URL(t.value),c.test(n.protocol))&&n.host===r.host&&l.activeElement===s&&(d.top.location.href=t.value))}},d.addEventListener(\"message\",d.wp.receiveEmbedMessage,!1),l.addEventListener(\"DOMContentLoaded\",function(){for(var e,t,s=l.querySelectorAll(\"iframe.wp-embedded-content\"),r=0;r<s.length;r++)(t=(e=s[r]).getAttribute(\"data-secret\"))||(t=Math.random().toString(36).substring(2,12),e.src+=\"#?secret=\"+t,e.setAttribute(\"data-secret\",t)),e.contentWindow.postMessage({message:\"ready\",secret:t},\"*\")},!1)))}(window,document);\n\/\/# sourceURL=https:\/\/quechilero.com\/blog\/wp-includes\/js\/wp-embed.min.js\n<\/script>\n"},"jetpack_publicize_connections":[],"jetpack_shortlink":"https:\/\/wp.me\/pDKli-WT","jetpack_sharing_enabled":true,"jetpack-related-posts":[{"id":3163,"url":"https:\/\/quechilero.com\/blog\/2009\/07\/31\/maraton-de-blogs-2009\/","url_meta":{"origin":3651,"position":0},"title":"Marat\u00f3n de Blogs 2009","author":"Pepe Barrascout Ortiz","date":"31 julio 2009","format":false,"excerpt":"En el a\u00f1o 2006, inici\u00f3 la Marat\u00f3n de Blogs, este a\u00f1o en su cuarta edici\u00f3n sigue evolucionando la tradici\u00f3n. El objetivo principal es la difusi\u00f3n de los blogs, aunado a las actividades promovidas por el \u201cBlog Day\". Haciendo una peque\u00f1a recopilaci\u00f3n y remembranza de los tres a\u00f1os anteriores: 2006, iniciamos\u2026","rel":"","context":"En \u00abBlogs de Guatemala\u00bb","block_context":{"text":"Blogs de Guatemala","link":"https:\/\/quechilero.com\/blog\/category\/blogs-de-guatemala\/"},"img":{"alt_text":"Marat\u00f3n de Blogs 2009","src":"https:\/\/i0.wp.com\/i392.photobucket.com\/albums\/pp7\/pepejaguar\/maraton2009\/maraton2009.jpg?resize=350%2C200","width":350,"height":200,"srcset":"https:\/\/i0.wp.com\/i392.photobucket.com\/albums\/pp7\/pepejaguar\/maraton2009\/maraton2009.jpg?resize=350%2C200 1x, https:\/\/i0.wp.com\/i392.photobucket.com\/albums\/pp7\/pepejaguar\/maraton2009\/maraton2009.jpg?resize=525%2C300 1.5x"},"classes":[]},{"id":9790,"url":"https:\/\/quechilero.com\/blog\/2011\/07\/24\/inicia-el-maraton-de-blogs-2011\/","url_meta":{"origin":3651,"position":1},"title":"Inicia el Marat\u00f3n de Blogs 2011","author":"Pepe Barrascout Ortiz","date":"24 julio 2011","format":false,"excerpt":"En el a\u00f1o 2006, cuando se lanz\u00f3 el Primer Marat\u00f3n de Blogs, no ten\u00eda idea que seis a\u00f1os despu\u00e9s, tendr\u00eda el gusto de seguir con esta tradicional actividad, que tiene como objetivo principal, dar a conocer los blogs que son producidos por guatemaltecos. Y es que tenemos tantas cosas que\u2026","rel":"","context":"En \u00abBlogs de Guatemala\u00bb","block_context":{"text":"Blogs de Guatemala","link":"https:\/\/quechilero.com\/blog\/category\/blogs-de-guatemala\/"},"img":{"alt_text":"","src":"https:\/\/i0.wp.com\/i392.photobucket.com\/albums\/pp7\/pepejaguar\/maraton\/maraton2011.png?resize=350%2C200","width":350,"height":200},"classes":[]},{"id":5635,"url":"https:\/\/quechilero.com\/blog\/2010\/09\/10\/premios-del-maraton-de-blogs-2010\/","url_meta":{"origin":3651,"position":2},"title":"Premios del Marat\u00f3n de Blogs 2010","author":"Pepe Barrascout Ortiz","date":"10 septiembre 2010","format":false,"excerpt":"Una parte complementaria del Marat\u00f3n de Blogs 2010, es la premiaci\u00f3n que se realiza a los blogs, que durante el per\u00edodo que dura el Marat\u00f3n, se muestran mas activos y\u00a0participativos. Es una forma de reconocer y motivar el trabajo de sus autores, para que con nuevo \u00e1nimo, sigan publicando tan\u2026","rel":"","context":"En \u00abBlogs de Guatemala\u00bb","block_context":{"text":"Blogs de Guatemala","link":"https:\/\/quechilero.com\/blog\/category\/blogs-de-guatemala\/"},"img":{"alt_text":"","src":"https:\/\/i0.wp.com\/i392.photobucket.com\/albums\/pp7\/pepejaguar\/maraton\/maraton468x602010.jpg?resize=350%2C200","width":350,"height":200},"classes":[]},{"id":3231,"url":"https:\/\/quechilero.com\/blog\/2009\/08\/03\/maraton-de-blogs-commotio-cordis\/","url_meta":{"origin":3651,"position":3},"title":"Marat\u00f3n de Blogs: Commotio Cordis","author":"Pepe Barrascout Ortiz","date":"3 agosto 2009","format":false,"excerpt":"Hace poco tiempo relativamente, Edgar Hern\u00e1ndez Paz, decidi\u00f3 unir el bistur\u00ed con la computadora, dando como resultado GaryMd, su blog personal, definitivamente nada com\u00fan dentro de los Blogs de Guatemala. Es muy dif\u00edcil encontrar que un profesional, que no tiene nada que ver con tecnolog\u00eda, escriba y publique un blog\u2026","rel":"","context":"En \u00abBlogs de Guatemala\u00bb","block_context":{"text":"Blogs de Guatemala","link":"https:\/\/quechilero.com\/blog\/category\/blogs-de-guatemala\/"},"img":{"alt_text":"","src":"https:\/\/i0.wp.com\/i392.photobucket.com\/albums\/pp7\/pepejaguar\/maraton2009\/comotiocordis.jpg?resize=350%2C200","width":350,"height":200,"srcset":"https:\/\/i0.wp.com\/i392.photobucket.com\/albums\/pp7\/pepejaguar\/maraton2009\/comotiocordis.jpg?resize=350%2C200 1x, https:\/\/i0.wp.com\/i392.photobucket.com\/albums\/pp7\/pepejaguar\/maraton2009\/comotiocordis.jpg?resize=525%2C300 1.5x"},"classes":[]},{"id":5394,"url":"https:\/\/quechilero.com\/blog\/2010\/08\/30\/maraton-de-blogs-fe-de-rata-2\/","url_meta":{"origin":3651,"position":4},"title":"Marat\u00f3n de Blogs: Fe de Rata","author":"Pepe Barrascout Ortiz","date":"30 agosto 2010","format":false,"excerpt":"Fe de Rata, es el blog escrito por Juan Pablo Dard\u00f3n, fue uno de los blogs mas apoyados durante el\u00a0Marat\u00f3n de Blogs 2009, en esa oportunidad el reconocimiento\u00a0consisti\u00f3 en el nombre de dominio\u00a0www.jpdardon.com que actualmente utiliza. A un a\u00f1o, Fe de Rata, no ha deca\u00eddo, por el contrar\u00edo, sigue publicando\u2026","rel":"","context":"En \u00abBlogs de Guatemala\u00bb","block_context":{"text":"Blogs de Guatemala","link":"https:\/\/quechilero.com\/blog\/category\/blogs-de-guatemala\/"},"img":{"alt_text":"","src":"https:\/\/i0.wp.com\/i392.photobucket.com\/albums\/pp7\/pepejaguar\/maraton\/federata.png?resize=350%2C200","width":350,"height":200,"srcset":"https:\/\/i0.wp.com\/i392.photobucket.com\/albums\/pp7\/pepejaguar\/maraton\/federata.png?resize=350%2C200 1x, https:\/\/i0.wp.com\/i392.photobucket.com\/albums\/pp7\/pepejaguar\/maraton\/federata.png?resize=525%2C300 1.5x"},"classes":[]},{"id":3261,"url":"https:\/\/quechilero.com\/blog\/2009\/08\/20\/maraton-de-blogs-magacin\/","url_meta":{"origin":3651,"position":5},"title":"Marat\u00f3n de Blogs: Magac\u00edn","author":"Pepe Barrascout Ortiz","date":"20 agosto 2009","format":false,"excerpt":"Es muy dificil encontrar, dentro del medio period\u00edstico escrito guatemalteco, un uso moderno de las tecnolog\u00edas basadas en internet, pero afortunadamente, este no es el caso de Magac\u00edn, la revista dominical de uno de los peri\u00f3dicos que se publican en Guatemala. Dentro de los responsables de la edici\u00f3n de Magac\u00edn,\u2026","rel":"","context":"En \u00abBlogs de Guatemala\u00bb","block_context":{"text":"Blogs de Guatemala","link":"https:\/\/quechilero.com\/blog\/category\/blogs-de-guatemala\/"},"img":{"alt_text":"Marat\u00f3n de Blogs 2009","src":"https:\/\/i0.wp.com\/i392.photobucket.com\/albums\/pp7\/pepejaguar\/maraton2009\/maraton2009.jpg?resize=350%2C200","width":350,"height":200,"srcset":"https:\/\/i0.wp.com\/i392.photobucket.com\/albums\/pp7\/pepejaguar\/maraton2009\/maraton2009.jpg?resize=350%2C200 1x, https:\/\/i0.wp.com\/i392.photobucket.com\/albums\/pp7\/pepejaguar\/maraton2009\/maraton2009.jpg?resize=525%2C300 1.5x"},"classes":[]}],"jetpack_featured_media_url":"","_links":{"self":[{"href":"https:\/\/quechilero.com\/blog\/wp-json\/wp\/v2\/posts\/3651","targetHints":{"allow":["GET"]}}],"collection":[{"href":"https:\/\/quechilero.com\/blog\/wp-json\/wp\/v2\/posts"}],"about":[{"href":"https:\/\/quechilero.com\/blog\/wp-json\/wp\/v2\/types\/post"}],"author":[{"embeddable":true,"href":"https:\/\/quechilero.com\/blog\/wp-json\/wp\/v2\/users\/1"}],"replies":[{"embeddable":true,"href":"https:\/\/quechilero.com\/blog\/wp-json\/wp\/v2\/comments?post=3651"}],"version-history":[{"count":0,"href":"https:\/\/quechilero.com\/blog\/wp-json\/wp\/v2\/posts\/3651\/revisions"}],"wp:attachment":[{"href":"https:\/\/quechilero.com\/blog\/wp-json\/wp\/v2\/media?parent=3651"}],"wp:term":[{"taxonomy":"category","embeddable":true,"href":"https:\/\/quechilero.com\/blog\/wp-json\/wp\/v2\/categories?post=3651"},{"taxonomy":"post_tag","embeddable":true,"href":"https:\/\/quechilero.com\/blog\/wp-json\/wp\/v2\/tags?post=3651"},{"taxonomy":"series","embeddable":true,"href":"https:\/\/quechilero.com\/blog\/wp-json\/wp\/v2\/series?post=3651"}],"curies":[{"name":"wp","href":"https:\/\/api.w.org\/{rel}","templated":true}]}}