{"id":361,"date":"2006-11-06T18:10:48","date_gmt":"2006-11-07T00:10:48","guid":{"rendered":"http:\/\/quechilero.com\/blog\/2006\/11\/06\/viva-firefox\/"},"modified":"2006-11-06T18:10:48","modified_gmt":"2006-11-07T00:10:48","slug":"viva-firefox","status":"publish","type":"post","link":"https:\/\/quechilero.com\/blog\/2006\/11\/06\/viva-firefox\/","title":{"rendered":"Viva FireFox"},"content":{"rendered":"<p><a target=\"_blank\" href=\"http:\/\/www.vivafirefox.cl\/\">Viva FireFox<\/a> ha convocado a todos los <em>FireFoxeros<\/em> a participar de una campa\u00f1a que est\u00e1 lanzando, la cual consiste en crear el dise\u00f1o de un anuncio que se publicar\u00e1 a p\u00e1gina completa en uno de los peri\u00f3dicos de mayor circulaci\u00f3n en Chile, promoviendo por supuesto, el uso de FireFox.<\/p>\n<p>Esa iniciativa seg\u00fan indican en su p\u00e1gina web, ya se realiz\u00f3 en New York, cuando el 16 de diciembre de 2004, 10,000 entusiastas formaron parte de un anuncio a dos p\u00e1ginas, que se public\u00f3 en <em>The New York Times<\/em> promoviendo el uso del navegador.<\/p>\n<p>Ahora los chilenos de <a target=\"_blank\" href=\"http:\/\/www.vivafirefox.cl\/\">Viva FireFox<\/a> quieren hacer su aporte. Se puede participar de varias formas, una de ellas es a trav\u00e9s de donaciones, que principalmente servir\u00e1n para financiar la publicidad.<\/p>\n<p>Ahora que en Guatemala se acaba de celebrar la <em>FireFox Party<\/em>, ser\u00eda interesante que con el mismo entusiasmo, se pensara en una iniciativa similar, donde pudi\u00e9ramos publicar en <a target=\"_blank\" title=\"Prensa Libre\" href=\"http:\/\/www.prensalibre.com\">Prensa Libre<\/a> o en <a target=\"_blank\" title=\"Siglo XXI\" href=\"http:\/\/www.sigloxxi.com\">Siglo XXI<\/a>, una publicidad similar creada por nuestra gente.<\/p>\n<p>So\u00f1ando un poco:<\/p>\n<p>El proyecto podr\u00eda incluir aparte de la publicaci\u00f3n a p\u00e1gina completa, en los diarios mencionados, una serie de publicaciones mas peque\u00f1as y de repente hasta reportajes en estos medios de comunicaci\u00f3n.<\/p>\n<p>Afianzando la idea se podr\u00eda seguir con una campa\u00f1a <em>\u00abNavegue seguro\u00bb<\/em>, donde podr\u00edamos regalar CD&#8217;s con FireFox un d\u00eda (o varios), en especial los domingos en pasos y pedales, visitas a instituciones educativas (p\u00fablicas y privadas), caf\u00e9s internet, de repente hasta conferencias en el MUSAC, por ejemplo.<\/p>\n<p>Y como so\u00f1ar no cuesta nada, aqu\u00ed est\u00e1 la propuesta.<\/p>\n<p>Esto incluir\u00eda un trabajo de hormiga, en especial para la obtenci\u00f3n de fondos a trav\u00e9s de donaciones, de repente <a target=\"_blank\" title=\"Desde Guate\" href=\"http:\/\/www.desdeguate.com\/blog\/2006\/10\/27\/otras-playeras-para-la-firefox-party\/\">Oscar<\/a>, que tiene cuello en la Fundaci\u00f3n Mozilla, se anima a encabezar la inciativa.<\/p>\n<p>\u00bfQue opinan, nos tiramos al agua?<\/p>\n","protected":false},"excerpt":{"rendered":"<p>Viva FireFox ha convocado a todos los FireFoxeros a participar de una campa\u00f1a que est\u00e1 lanzando, la cual consiste en crear el dise\u00f1o de un anuncio que se publicar\u00e1 a p\u00e1gina completa en uno de los peri\u00f3dicos de mayor circulaci\u00f3n en Chile, promoviendo por supuesto, el uso de FireFox. Esa iniciativa seg\u00fan indican en su &#8230; <a title=\"Viva FireFox\" class=\"read-more\" href=\"https:\/\/quechilero.com\/blog\/2006\/11\/06\/viva-firefox\/\" aria-label=\"Leer m\u00e1s sobre Viva FireFox\">Leer m\u00e1s<\/a><\/p>\n","protected":false},"author":1,"featured_media":0,"comment_status":"open","ping_status":"open","sticky":false,"template":"","format":"standard","meta":{"advanced_seo_description":"","jetpack_seo_html_title":"","jetpack_seo_noindex":false,"jetpack_seo_schema_type":"","episode_type":"","audio_file":"","podmotor_file_id":"","podmotor_episode_id":"","cover_image":"","cover_image_id":"","duration":"","filesize":"","filesize_raw":"","date_recorded":"","explicit":"","block":"","_jetpack_newsletter_access":"","_jetpack_dont_email_post_to_subs":false,"_jetpack_newsletter_tier_id":0,"_jetpack_memberships_contains_paywalled_content":false,"_jetpack_feature_clip_id":0,"_jetpack_memberships_contains_paid_content":false,"footnotes":"","jetpack_publicize_message":"","jetpack_publicize_feature_enabled":true,"jetpack_social_post_already_shared":false,"jetpack_social_options":{"image_generator_settings":{"template":"highway","default_image_id":0,"font":"","enabled":false},"version":2},"jetpack_post_was_ever_published":false},"categories":[2],"tags":[4,51,7,32,10,9,27,43,36],"series":[],"class_list":["post-361","post","type-post","status-publish","format-standard","hentry","category-limones","tag-blog","tag-dios","tag-diseno","tag-especial","tag-guatemala","tag-idea","tag-internet","tag-proyecto","tag-trabajo"],"episode_featured_image":false,"episode_player_image":"https:\/\/i0.wp.com\/quechilero.com\/blog\/imagenes\/podcast.png?fit=1831%2C1831&ssl=1","download_link":"","player_link":"","audio_player":false,"episode_data":{"playerMode":"dark","subscribeUrls":{"amazon":{"key":"amazon","url":"","label":"Amazon","class":"amazon","icon":"amazon.png"},"apple_podcasts":{"key":"apple_podcasts","url":"","label":"Apple Podcasts","class":"apple_podcasts","icon":"apple-podcasts.png"},"castbox":{"key":"castbox","url":"","label":"CastBox","class":"castbox","icon":"castbox.png"},"deezer":{"key":"deezer","url":"","label":"Deezer","class":"deezer","icon":"deezer.png"},"google_podcasts":{"key":"google_podcasts","url":"","label":"Google Podcasts","class":"google_podcasts","icon":"google-podcasts.png"},"listen_notes":{"key":"listen_notes","url":"","label":"Listen Notes","class":"listen_notes","icon":"listen-notes.png"},"pandora":{"key":"pandora","url":"","label":"Pandora","class":"pandora","icon":"pandora.png"},"podbean":{"key":"podbean","url":"","label":"Podbean","class":"podbean","icon":"podbean.png"},"podcast_republic":{"key":"podcast_republic","url":"","label":"Podcast Republic","class":"podcast_republic","icon":"podcast-republic.png"},"rss":{"key":"rss","url":"","label":"RSS","class":"rss","icon":"rss.png"},"spotify":{"key":"spotify","url":"","label":"Spotify","class":"spotify","icon":"spotify.png"},"stitcher":{"key":"stitcher","url":"","label":"Stitcher","class":"stitcher","icon":"stitcher.png"},"tunein":{"key":"tunein","url":"","label":"TuneIn","class":"tunein","icon":"tunein.png"},"youtube":{"key":"youtube","url":"","label":"YouTube","class":"youtube","icon":"youtube.png"},"iheartradio":{"key":"iheartradio","url":"","label":"iHeartRadio","class":"iheartradio","icon":"iheartradio.png"},"ivoox":{"key":"ivoox","url":"","label":"iVoox","class":"ivoox","icon":"ivoox.png"}},"rssFeedUrl":"https:\/\/quechilero.com\/blog\/feed\/podcast\/si-la-vida-nos-da-limones","embedCode":"<blockquote class=\"wp-embedded-content\" data-secret=\"6HAY5mWbAz\"><a href=\"https:\/\/quechilero.com\/blog\/2006\/11\/06\/viva-firefox\/\">Viva FireFox<\/a><\/blockquote><iframe sandbox=\"allow-scripts\" security=\"restricted\" src=\"https:\/\/quechilero.com\/blog\/2006\/11\/06\/viva-firefox\/embed\/#?secret=6HAY5mWbAz\" width=\"500\" height=\"350\" title=\"\u00abViva FireFox\u00bb \u2014 Si la Vida nos da Limones...\" data-secret=\"6HAY5mWbAz\" frameborder=\"0\" marginwidth=\"0\" marginheight=\"0\" scrolling=\"no\" class=\"wp-embedded-content\"><\/iframe><script>\n\/*! This file is auto-generated *\/\n!function(d,l){\"use strict\";l.querySelector&&d.addEventListener&&\"undefined\"!=typeof URL&&(d.wp=d.wp||{},d.wp.receiveEmbedMessage||(d.wp.receiveEmbedMessage=function(e){var t=e.data;if((t||t.secret||t.message||t.value)&&!\/[^a-zA-Z0-9]\/.test(t.secret)){for(var s,r,n,a=l.querySelectorAll('iframe[data-secret=\"'+t.secret+'\"]'),o=l.querySelectorAll('blockquote[data-secret=\"'+t.secret+'\"]'),c=new RegExp(\"^https?:$\",\"i\"),i=0;i<o.length;i++)o[i].style.display=\"none\";for(i=0;i<a.length;i++)s=a[i],e.source===s.contentWindow&&(s.removeAttribute(\"style\"),\"height\"===t.message?(1e3<(r=parseInt(t.value,10))?r=1e3:~~r<200&&(r=200),s.height=r):\"link\"===t.message&&(r=new URL(s.getAttribute(\"src\")),n=new URL(t.value),c.test(n.protocol))&&n.host===r.host&&l.activeElement===s&&(d.top.location.href=t.value))}},d.addEventListener(\"message\",d.wp.receiveEmbedMessage,!1),l.addEventListener(\"DOMContentLoaded\",function(){for(var e,t,s=l.querySelectorAll(\"iframe.wp-embedded-content\"),r=0;r<s.length;r++)(t=(e=s[r]).getAttribute(\"data-secret\"))||(t=Math.random().toString(36).substring(2,12),e.src+=\"#?secret=\"+t,e.setAttribute(\"data-secret\",t)),e.contentWindow.postMessage({message:\"ready\",secret:t},\"*\")},!1)))}(window,document);\n\/\/# sourceURL=https:\/\/quechilero.com\/blog\/wp-includes\/js\/wp-embed.min.js\n<\/script>\n"},"jetpack_publicize_connections":[],"jetpack_shortlink":"https:\/\/wp.me\/pDKli-5P","jetpack_sharing_enabled":true,"jetpack-related-posts":[{"id":626,"url":"https:\/\/quechilero.com\/blog\/2007\/08\/09\/maraton-de-blogs-firefox-rapido-y-ligero\/","url_meta":{"origin":361,"position":0},"title":"Marat\u00f3n de Blogs &#8211; FireFox r\u00e1pido y ligero","author":"Pepe Barrascout Ortiz","date":"9 agosto 2007","format":false,"excerpt":"Sigue el Marat\u00f3n de Blogs, con este texto publicado originalmente en el blog Chapin Proyect, excelentes consejos sobre FireFox mi navegador web favorito. Ya de por si es muy r\u00e1pido y con estos consejos se vuelve a\u00fan m\u00e1s r\u00e1pido de utilizar. Para los que a\u00fan siguen usando Internet Explorer, preg\u00fantense\u2026","rel":"","context":"En \u00abLimones\u00bb","block_context":{"text":"Limones","link":"https:\/\/quechilero.com\/blog\/category\/limones\/"},"img":{"alt_text":"","src":"","width":0,"height":0},"classes":[]},{"id":80,"url":"https:\/\/quechilero.com\/blog\/2006\/07\/31\/el-uso-de-memoria-en-firefox\/","url_meta":{"origin":361,"position":1},"title":"El uso de memoria en Firefox","author":"Pepe Barrascout Ortiz","date":"31 julio 2006","format":false,"excerpt":"Un art\u00edculo interesante sobre las p\u00e9rdidas de memoria en Firefox. Se puede leer como identificarlos y lo que se puede hacer. Incluye un listado de los elementos conocidos de p\u00e9rdida de memoria. El texto fue traducido al espa\u00f1ol del original en ingl\u00e9s. La traducci\u00f3n estubo a cargo de www.enespanol.com.ar El\u2026","rel":"","context":"En \u00abLimones\u00bb","block_context":{"text":"Limones","link":"https:\/\/quechilero.com\/blog\/category\/limones\/"},"img":{"alt_text":"Firefox","src":"https:\/\/i0.wp.com\/static.flickr.com\/72\/200608477_ecbbc0093d_o.png?resize=350%2C200","width":350,"height":200},"classes":[]},{"id":317,"url":"https:\/\/quechilero.com\/blog\/2006\/10\/24\/una-mala-y-una-buena-de-firefox-2\/","url_meta":{"origin":361,"position":2},"title":"Una mala y una buena de Firefox 2","author":"Pepe Barrascout Ortiz","date":"24 octubre 2006","format":false,"excerpt":"Desde hace unos d\u00edas he estado siguiendo los avances que han tenido las diferentes RC1, luego RC2 y finalmente la RC3 de FireFox 2, sin embargo decid\u00ed no instalar ninguno de estos candidatos hasta que no saliera la versi\u00f3n definitiva. Posteriormente se anunci\u00f3 para hace algunas semanas que ya estar\u00eda\u2026","rel":"","context":"En \u00abLimones\u00bb","block_context":{"text":"Limones","link":"https:\/\/quechilero.com\/blog\/category\/limones\/"},"img":{"alt_text":"","src":"","width":0,"height":0},"classes":[]},{"id":100,"url":"https:\/\/quechilero.com\/blog\/2006\/08\/01\/firefox-200000000\/","url_meta":{"origin":361,"position":3},"title":"FireFox &#8211; 200,000,000","author":"Pepe Barrascout Ortiz","date":"1 agosto 2006","format":false,"excerpt":"Parece que ese es el n\u00famero de moda en estos d\u00edas, anteayer coment\u00e1bamos que Flickr el sevicio de hospedaje de im\u00e1genes hab\u00eda llegado a la im\u00e1gen 200,000,000, ahora desde Spread Firefox informan que ayer se alcanz\u00f3 este n\u00famero en las descargas del cada vez m\u00e1s popular navegador. Sin embargo como\u2026","rel":"","context":"En \u00abLimones\u00bb","block_context":{"text":"Limones","link":"https:\/\/quechilero.com\/blog\/category\/limones\/"},"img":{"alt_text":"Firefox 200 millones","src":"https:\/\/i0.wp.com\/static.flickr.com\/76\/203896780_981d5072ed.jpg?resize=350%2C200","width":350,"height":200},"classes":[]},{"id":508,"url":"https:\/\/quechilero.com\/blog\/2007\/03\/23\/plugin-para-firefox-e-ie\/","url_meta":{"origin":361,"position":4},"title":"Plugin para Firefox e IE","author":"Pepe Barrascout Ortiz","date":"23 marzo 2007","format":false,"excerpt":"Para hacer mucho mas f\u00e1cil la consulta del material archivado en el directorio de los Blogs de Guatemala, se ha agregado un pluggin que se puede instalar en FireFox 2+ o en Internet Explorer 7+, este pluggin permite realizar b\u00fasquedas en la base de datos del directorio y encontrar textos\u2026","rel":"","context":"En \u00abLimones\u00bb","block_context":{"text":"Limones","link":"https:\/\/quechilero.com\/blog\/category\/limones\/"},"img":{"alt_text":"","src":"","width":0,"height":0},"classes":[]},{"id":394,"url":"https:\/\/quechilero.com\/blog\/2006\/12\/08\/canales-de-noticias-blogs-de-guatemala\/","url_meta":{"origin":361,"position":5},"title":"Canales de Noticias &#8211; Blogs de Guatemala","author":"Pepe Barrascout Ortiz","date":"8 diciembre 2006","format":false,"excerpt":"Dentro de las cosas pendientes que ten\u00edamos en www.blogsdeguatemala.com estaban los canales de noticias. Para obtener informaci\u00f3n relacionada a Guatemala, se utilizaron los servicios de Google News, Yahoo News y Live News desde el punto de vista internacional, Siglo XXI, elPeri\u00f3dico, Emisoras Unidas y Guatevisi\u00f3n como medios locales de informaci\u00f3n.\u2026","rel":"","context":"En \u00abLimones\u00bb","block_context":{"text":"Limones","link":"https:\/\/quechilero.com\/blog\/category\/limones\/"},"img":{"alt_text":"","src":"","width":0,"height":0},"classes":[]}],"jetpack_featured_media_url":"","_links":{"self":[{"href":"https:\/\/quechilero.com\/blog\/wp-json\/wp\/v2\/posts\/361","targetHints":{"allow":["GET"]}}],"collection":[{"href":"https:\/\/quechilero.com\/blog\/wp-json\/wp\/v2\/posts"}],"about":[{"href":"https:\/\/quechilero.com\/blog\/wp-json\/wp\/v2\/types\/post"}],"author":[{"embeddable":true,"href":"https:\/\/quechilero.com\/blog\/wp-json\/wp\/v2\/users\/1"}],"replies":[{"embeddable":true,"href":"https:\/\/quechilero.com\/blog\/wp-json\/wp\/v2\/comments?post=361"}],"version-history":[{"count":0,"href":"https:\/\/quechilero.com\/blog\/wp-json\/wp\/v2\/posts\/361\/revisions"}],"wp:attachment":[{"href":"https:\/\/quechilero.com\/blog\/wp-json\/wp\/v2\/media?parent=361"}],"wp:term":[{"taxonomy":"category","embeddable":true,"href":"https:\/\/quechilero.com\/blog\/wp-json\/wp\/v2\/categories?post=361"},{"taxonomy":"post_tag","embeddable":true,"href":"https:\/\/quechilero.com\/blog\/wp-json\/wp\/v2\/tags?post=361"},{"taxonomy":"series","embeddable":true,"href":"https:\/\/quechilero.com\/blog\/wp-json\/wp\/v2\/series?post=361"}],"curies":[{"name":"wp","href":"https:\/\/api.w.org\/{rel}","templated":true}]}}