{"id":3546,"date":"2009-08-10T08:00:45","date_gmt":"2009-08-10T14:00:45","guid":{"rendered":"http:\/\/quechilero.com\/blog\/?p=3546"},"modified":"2009-08-10T08:00:45","modified_gmt":"2009-08-10T14:00:45","slug":"agosto-2","status":"publish","type":"post","link":"https:\/\/quechilero.com\/blog\/2009\/08\/10\/agosto-2\/","title":{"rendered":"Agosto"},"content":{"rendered":"<p><a href=\"https:\/\/i0.wp.com\/i392.photobucket.com\/albums\/pp7\/pepejaguar\/blog\/N06009.jpg\" target=\"_blank\"><img data-recalc-dims=\"1\" loading=\"lazy\" decoding=\"async\" class=\"alignleft\" style=\"margin: 5px;\" src=\"https:\/\/i0.wp.com\/i392.photobucket.com\/albums\/pp7\/pepejaguar\/blog\/N06009.jpg?resize=383%2C308\" alt=\"\" width=\"383\" height=\"308\" \/><\/a> Para el d\u00eda de hoy, hab\u00eda pensado en publicar algo profundo, trascendente e interesante, sin embargo, no veo la importancia del d\u00eda, pens\u00e9 en hacer una <em>efem\u00e9ride<\/em> de los \u00faltimos treinta y tantos a\u00f1os de la <em>historia del pa\u00eds<\/em>, pero no contaba que <em>la Biblioteca y la Hemeroteca<\/em>, no abren el s\u00e1bado y que cuando si lo hacen, es en horario de oficina.<\/p>\n<p>No me extra\u00f1a porque la <em>educaci\u00f3n de Guatemala<\/em>, est\u00e9 en los suelos. Sin embargo, en el <em>desfile de los bomberos<\/em>, hab\u00eda un gran n\u00famero de <em>estudiantes<\/em>, somatando <em>sus botes<\/em>, que hacen llamar <em>bandas musicales estudiantiles<\/em>, al que por supuesto le dedican mas tiempo en un mes, que lo que le dedican a la investigaci\u00f3n en <em>una biblioteca<\/em>, en toda su vida. En fin, que utop\u00eda pensar que en <em>Guatemala<\/em>, pudiera haber una <a title=\"Biblioteca 24 horas\" href=\"http:\/\/www.google.com\/search?hl=es&amp;q=bibliotea+que+abre+24+horas&amp;btnG=Buscar&amp;lr=\" target=\"_blank\">biblioteca que abra las 24 horas<\/a>, claro, tendr\u00edamos que estar en <em>Espa\u00f1a, Estados Unidos, Francia, Jap\u00f3n<\/em> pero no aqu\u00ed.<\/p>\n<p><strong>Para rescatar el d\u00eda, algunas cosas interesantes:<\/strong><\/p>\n<p>Agosto es el octavo mes del a\u00f1o en el calendario gregoriano y tiene 31 d\u00edas. Se le puso este nombre en honor del emperador romano Augusto Octavio <em>(Augustus Octavius)<\/em>. En el antiguo calendario romano, el a\u00f1o comenzaba en marzo y el sexto mes se llamaba Sextilis pero, en el a\u00f1o 24 antes de nuestra era, Octavio Augusto decidi\u00f3 darle su nombre y desde entonces Sextilis se llam\u00f3 Augustus. Octavio imitaba as\u00ed al ya fallecido Julio C\u00e9sar quien, veinti\u00fan a\u00f1os antes, hab\u00eda hecho lo mismo con el quinto mes, hasta entonces llamado Quinctilis y que con \u00e9l pas\u00f3 a llamarse Iulius en homenaje a la familia Iulia, a la que pertenec\u00eda.<\/p>\n<p>Pero dar su nombre a Sextilis le pareci\u00f3 poco a Octavio, quien consideraba que a\u00fan no hab\u00eda alcanzado la misma gloria que Julio C\u00e9sar, ya que Iulius ten\u00eda 31 d\u00edas y Augustus, s\u00f3lo 29. Por esa raz\u00f3n, el emperador alter\u00f3 la duraci\u00f3n de varios meses, quitando y poniendo d\u00edas, hasta lograr que \u2018su\u2019 mes tuviera 31 d\u00edas. Es por eso que a\u00fan hoy, dos mil a\u00f1os despu\u00e9s, julio y agosto tienen 31 d\u00edas cada uno.<\/p>\n<p>Fue elegido este mes para honrar al emperador porque en \u00e9l venci\u00f3 a Cleopatra y Marco Antonio y entr\u00f3 triunfador en Roma. Agosto comienza <em>(astrol\u00f3gicamente)<\/em> con el signo de Leo y termina en Virgo.<\/p>\n<p>En Irlanda, el mes de agosto se llama L\u00fanasa <em>(del antiguo irland\u00e9s Lughnasadh)<\/em> y toma su nombre del dios Lugh. El primer Lunes de Agosto es uno de los d\u00edas festivos nacionales en la Rep\u00fablica de Irlanda. La piedra de agosto es el sard\u00f3nice, y su flor, la amapola.<\/p>\n<p><strong>Para leer mas<\/strong>, sobre esta fecha:<\/p>\n<p><a title=\"10 de agosto\" href=\"http:\/\/quechilero.com\/blog\/2008\/08\/10\/1972-2\/\">El a\u00f1o pasado<\/a> y <a title=\"10 de agosto\" href=\"http:\/\/quechilero.com\/blog\/2007\/08\/09\/un-nuevo-dia\/\">el a\u00f1o antepasado<\/a>, <a title=\"10 de agosto\" href=\"http:\/\/quechilero.com\/blog\/2006\/08\/10\/dia-noj\/\">hace dos a\u00f1os<\/a>.<\/p>\n<p>Gracias a todos los que desde muy tempranas horas y d\u00edas, me manifestaron sus muestras de cari\u00f1o<\/p>\n<p><em>La imagen es de <a title=\"Pastel de cumplea\u00f1os\" href=\"http:\/\/www.tecnofin.com.mx\/regalos-orsini\/\" target=\"_blank\">Mar\u00eda Orsini<\/a><\/em><\/p>\n","protected":false},"excerpt":{"rendered":"<p>Para el d\u00eda de hoy, hab\u00eda pensado en publicar algo profundo, trascendente e interesante, sin embargo, no veo la importancia del d\u00eda, pens\u00e9 en hacer una efem\u00e9ride de los \u00faltimos treinta y tantos a\u00f1os de la historia del pa\u00eds, pero no contaba que la Biblioteca y la Hemeroteca, no abren el s\u00e1bado y que cuando &#8230; <a title=\"Agosto\" class=\"read-more\" href=\"https:\/\/quechilero.com\/blog\/2009\/08\/10\/agosto-2\/\" aria-label=\"Leer m\u00e1s sobre Agosto\">Leer m\u00e1s<\/a><\/p>\n","protected":false},"author":1,"featured_media":0,"comment_status":"open","ping_status":"open","sticky":false,"template":"","format":"standard","meta":{"advanced_seo_description":"","jetpack_seo_html_title":"","jetpack_seo_noindex":false,"jetpack_seo_schema_type":"","episode_type":"","audio_file":"","podmotor_file_id":"","podmotor_episode_id":"","cover_image":"","cover_image_id":"","duration":"","filesize":"","filesize_raw":"","date_recorded":"","explicit":"","block":"","_jetpack_newsletter_access":"","_jetpack_dont_email_post_to_subs":false,"_jetpack_newsletter_tier_id":0,"_jetpack_memberships_contains_paywalled_content":false,"_jetpack_feature_clip_id":0,"_jetpack_memberships_contains_paid_content":false,"footnotes":"","jetpack_publicize_message":"","jetpack_publicize_feature_enabled":true,"jetpack_social_post_already_shared":false,"jetpack_social_options":{"image_generator_settings":{"template":"highway","default_image_id":0,"font":"","enabled":false},"version":2},"jetpack_post_was_ever_published":false},"categories":[2],"tags":[4,12,51,10,17,5,24],"series":[],"class_list":["post-3546","post","type-post","status-publish","format-standard","hentry","category-limones","tag-blog","tag-cosas","tag-dios","tag-guatemala","tag-historia","tag-tiempo","tag-vida"],"episode_featured_image":false,"episode_player_image":"https:\/\/i0.wp.com\/quechilero.com\/blog\/imagenes\/podcast.png?fit=1831%2C1831&ssl=1","download_link":"","player_link":"","audio_player":false,"episode_data":{"playerMode":"dark","subscribeUrls":{"amazon":{"key":"amazon","url":"","label":"Amazon","class":"amazon","icon":"amazon.png"},"apple_podcasts":{"key":"apple_podcasts","url":"","label":"Apple Podcasts","class":"apple_podcasts","icon":"apple-podcasts.png"},"castbox":{"key":"castbox","url":"","label":"CastBox","class":"castbox","icon":"castbox.png"},"deezer":{"key":"deezer","url":"","label":"Deezer","class":"deezer","icon":"deezer.png"},"google_podcasts":{"key":"google_podcasts","url":"","label":"Google Podcasts","class":"google_podcasts","icon":"google-podcasts.png"},"listen_notes":{"key":"listen_notes","url":"","label":"Listen Notes","class":"listen_notes","icon":"listen-notes.png"},"pandora":{"key":"pandora","url":"","label":"Pandora","class":"pandora","icon":"pandora.png"},"podbean":{"key":"podbean","url":"","label":"Podbean","class":"podbean","icon":"podbean.png"},"podcast_republic":{"key":"podcast_republic","url":"","label":"Podcast Republic","class":"podcast_republic","icon":"podcast-republic.png"},"rss":{"key":"rss","url":"","label":"RSS","class":"rss","icon":"rss.png"},"spotify":{"key":"spotify","url":"","label":"Spotify","class":"spotify","icon":"spotify.png"},"stitcher":{"key":"stitcher","url":"","label":"Stitcher","class":"stitcher","icon":"stitcher.png"},"tunein":{"key":"tunein","url":"","label":"TuneIn","class":"tunein","icon":"tunein.png"},"youtube":{"key":"youtube","url":"","label":"YouTube","class":"youtube","icon":"youtube.png"},"iheartradio":{"key":"iheartradio","url":"","label":"iHeartRadio","class":"iheartradio","icon":"iheartradio.png"},"ivoox":{"key":"ivoox","url":"","label":"iVoox","class":"ivoox","icon":"ivoox.png"}},"rssFeedUrl":"https:\/\/quechilero.com\/blog\/feed\/podcast\/si-la-vida-nos-da-limones","embedCode":"<blockquote class=\"wp-embedded-content\" data-secret=\"P2nUhBygMb\"><a href=\"https:\/\/quechilero.com\/blog\/2009\/08\/10\/agosto-2\/\">Agosto<\/a><\/blockquote><iframe sandbox=\"allow-scripts\" security=\"restricted\" src=\"https:\/\/quechilero.com\/blog\/2009\/08\/10\/agosto-2\/embed\/#?secret=P2nUhBygMb\" width=\"500\" height=\"350\" title=\"\u00abAgosto\u00bb \u2014 Si la Vida nos da Limones...\" data-secret=\"P2nUhBygMb\" frameborder=\"0\" marginwidth=\"0\" marginheight=\"0\" scrolling=\"no\" class=\"wp-embedded-content\"><\/iframe><script>\n\/*! This file is auto-generated *\/\n!function(d,l){\"use strict\";l.querySelector&&d.addEventListener&&\"undefined\"!=typeof URL&&(d.wp=d.wp||{},d.wp.receiveEmbedMessage||(d.wp.receiveEmbedMessage=function(e){var t=e.data;if((t||t.secret||t.message||t.value)&&!\/[^a-zA-Z0-9]\/.test(t.secret)){for(var s,r,n,a=l.querySelectorAll('iframe[data-secret=\"'+t.secret+'\"]'),o=l.querySelectorAll('blockquote[data-secret=\"'+t.secret+'\"]'),c=new RegExp(\"^https?:$\",\"i\"),i=0;i<o.length;i++)o[i].style.display=\"none\";for(i=0;i<a.length;i++)s=a[i],e.source===s.contentWindow&&(s.removeAttribute(\"style\"),\"height\"===t.message?(1e3<(r=parseInt(t.value,10))?r=1e3:~~r<200&&(r=200),s.height=r):\"link\"===t.message&&(r=new URL(s.getAttribute(\"src\")),n=new URL(t.value),c.test(n.protocol))&&n.host===r.host&&l.activeElement===s&&(d.top.location.href=t.value))}},d.addEventListener(\"message\",d.wp.receiveEmbedMessage,!1),l.addEventListener(\"DOMContentLoaded\",function(){for(var e,t,s=l.querySelectorAll(\"iframe.wp-embedded-content\"),r=0;r<s.length;r++)(t=(e=s[r]).getAttribute(\"data-secret\"))||(t=Math.random().toString(36).substring(2,12),e.src+=\"#?secret=\"+t,e.setAttribute(\"data-secret\",t)),e.contentWindow.postMessage({message:\"ready\",secret:t},\"*\")},!1)))}(window,document);\n\/\/# sourceURL=https:\/\/quechilero.com\/blog\/wp-includes\/js\/wp-embed.min.js\n<\/script>\n"},"jetpack_publicize_connections":[],"jetpack_shortlink":"https:\/\/wp.me\/pDKli-Vc","jetpack_sharing_enabled":true,"jetpack-related-posts":[{"id":3263,"url":"https:\/\/quechilero.com\/blog\/2009\/08\/21\/maraton-de-blogs-blog-guatemala\/","url_meta":{"origin":3546,"position":0},"title":"Marat\u00f3n de Blogs: Blog Guatemala","author":"Pepe Barrascout Ortiz","date":"21 agosto 2009","format":false,"excerpt":"Con mas de 3 a\u00f1os de actividad (febrero 2006) y de la mano de Hugo M\u00e9ndez, Blog Guatemala se ha dedicado a presentar el lado bonito de nuestro pa\u00eds, los temas de inter\u00e9s no se hacen esperar y d\u00eda a d\u00eda, son muchos los art\u00edculos de fondo que podemos leer\u2026","rel":"","context":"En \u00abBlogs de Guatemala\u00bb","block_context":{"text":"Blogs de Guatemala","link":"https:\/\/quechilero.com\/blog\/category\/blogs-de-guatemala\/"},"img":{"alt_text":"Marat\u00f3n de Blogs 2009","src":"https:\/\/i0.wp.com\/i392.photobucket.com\/albums\/pp7\/pepejaguar\/maraton2009\/maraton2009.jpg?resize=350%2C200","width":350,"height":200,"srcset":"https:\/\/i0.wp.com\/i392.photobucket.com\/albums\/pp7\/pepejaguar\/maraton2009\/maraton2009.jpg?resize=350%2C200 1x, https:\/\/i0.wp.com\/i392.photobucket.com\/albums\/pp7\/pepejaguar\/maraton2009\/maraton2009.jpg?resize=525%2C300 1.5x"},"classes":[]},{"id":13045,"url":"https:\/\/quechilero.com\/blog\/2012\/03\/29\/leccion-de-vida-sobre-los-negocios\/","url_meta":{"origin":3546,"position":1},"title":"Lecci\u00f3n de vida sobre los negocios","author":"Pepe Barrascout Ortiz","date":"29 marzo 2012","format":false,"excerpt":"Por muy fantasiosa que parezca por momentos, esta historia es real. Lamentablemente me pas\u00f3 a mi y me deja el mal momento y sentimiento desagradable, pero afortunadamente me pas\u00f3 a mi, porque as\u00ed lo puedo compartir para que nadie mas cometa los mismos errores que comet\u00ed. Este caso fue un\u2026","rel":"","context":"En \u00abLimones\u00bb","block_context":{"text":"Limones","link":"https:\/\/quechilero.com\/blog\/category\/limones\/"},"img":{"alt_text":"","src":"","width":0,"height":0},"classes":[]},{"id":1830,"url":"https:\/\/quechilero.com\/blog\/2008\/09\/15\/google-en-centroamerica\/","url_meta":{"origin":3546,"position":2},"title":"Google en Centroam\u00e9rica","author":"Pepe Barrascout Ortiz","date":"15 septiembre 2008","format":false,"excerpt":"Por mucho tiempo hemo visto como las grandes corporaciones mundiales han dejado de lado a la regi\u00f3n centroamericana por no considerarla \"atractiva\" comercialmente hablando. Sin embargo, siempre se habla de los bonitos paisajes, de la calidez de su gente, de sus tradiciones, de su comida, del acento y de tantas\u2026","rel":"","context":"En \u00abLimones\u00bb","block_context":{"text":"Limones","link":"https:\/\/quechilero.com\/blog\/category\/limones\/"},"img":{"alt_text":"","src":"https:\/\/i0.wp.com\/img389.imageshack.us\/img389\/2710\/centroamericana5.gif?resize=350%2C200","width":350,"height":200},"classes":[]},{"id":3217,"url":"https:\/\/quechilero.com\/blog\/2009\/08\/01\/maraton-de-blogs-recapitulando\/","url_meta":{"origin":3546,"position":3},"title":"Marat\u00f3n de Blogs: Recapitulando","author":"Pepe Barrascout Ortiz","date":"1 agosto 2009","format":false,"excerpt":"Ha pasado un a\u00f1o, desde del anterior Marat\u00f3n de Blogs y han sido muchos los Blogs de Guatemala que se han ido sumando, en parte por la relativa facilidad de acceso a internet, que hay en nuestro pa\u00eds, aunque a\u00fan estamos muy lejos, de lo que realmente deber\u00edamos de estar\u2026","rel":"","context":"En \u00abBlogs de Guatemala\u00bb","block_context":{"text":"Blogs de Guatemala","link":"https:\/\/quechilero.com\/blog\/category\/blogs-de-guatemala\/"},"img":{"alt_text":"","src":"","width":0,"height":0},"classes":[]},{"id":9914,"url":"https:\/\/quechilero.com\/blog\/2011\/08\/01\/maraton-de-blogs-confesiones-de-una-lunatica\/","url_meta":{"origin":3546,"position":4},"title":"Marat\u00f3n de Blogs: Confesiones de una Lun\u00e1tica","author":"Pepe Barrascout Ortiz","date":"1 agosto 2011","format":false,"excerpt":"Confesiones de una Lun\u00e1tica, es el blog que escribe Luc\u00eda Le\u00f3n\u00a0y en el que publica una diversidad de temas, relacionados principalmente con la moda, su trabajo y su forma de pensar. Luc\u00eda\u00a0se define como una fashionlover\u00a0y lo deja de manifiesto, en los art\u00edculos, donde hace gala de sus conocimientos y\u2026","rel":"","context":"En \u00abBlogs de Guatemala\u00bb","block_context":{"text":"Blogs de Guatemala","link":"https:\/\/quechilero.com\/blog\/category\/blogs-de-guatemala\/"},"img":{"alt_text":"","src":"https:\/\/i0.wp.com\/i392.photobucket.com\/albums\/pp7\/pepejaguar\/maraton\/confesiones-de-una-lunatica.jpg?resize=350%2C200","width":350,"height":200,"srcset":"https:\/\/i0.wp.com\/i392.photobucket.com\/albums\/pp7\/pepejaguar\/maraton\/confesiones-de-una-lunatica.jpg?resize=350%2C200 1x, https:\/\/i0.wp.com\/i392.photobucket.com\/albums\/pp7\/pepejaguar\/maraton\/confesiones-de-una-lunatica.jpg?resize=525%2C300 1.5x"},"classes":[]},{"id":5203,"url":"https:\/\/quechilero.com\/blog\/2010\/08\/02\/maraton-de-blogs-mi-blog\/","url_meta":{"origin":3546,"position":5},"title":"Marat\u00f3n de Blogs: Mi Blog","author":"Pepe Barrascout Ortiz","date":"2 agosto 2010","format":false,"excerpt":"Mi Blog, es una recopilaci\u00f3n de las experiencias y pensamientos, en los que su autora, comparte con el grupo de lectores, que regularmente visitan y comentan en el blog. Son variados los temas, como pensamientos salen de su mente para ir a parar al teclado que los env\u00eda al blog,\u2026","rel":"","context":"En \u00abBlogs de Guatemala\u00bb","block_context":{"text":"Blogs de Guatemala","link":"https:\/\/quechilero.com\/blog\/category\/blogs-de-guatemala\/"},"img":{"alt_text":"","src":"https:\/\/i0.wp.com\/i392.photobucket.com\/albums\/pp7\/pepejaguar\/maraton\/miblog.png?resize=350%2C200","width":350,"height":200,"srcset":"https:\/\/i0.wp.com\/i392.photobucket.com\/albums\/pp7\/pepejaguar\/maraton\/miblog.png?resize=350%2C200 1x, https:\/\/i0.wp.com\/i392.photobucket.com\/albums\/pp7\/pepejaguar\/maraton\/miblog.png?resize=525%2C300 1.5x"},"classes":[]}],"jetpack_featured_media_url":"","_links":{"self":[{"href":"https:\/\/quechilero.com\/blog\/wp-json\/wp\/v2\/posts\/3546","targetHints":{"allow":["GET"]}}],"collection":[{"href":"https:\/\/quechilero.com\/blog\/wp-json\/wp\/v2\/posts"}],"about":[{"href":"https:\/\/quechilero.com\/blog\/wp-json\/wp\/v2\/types\/post"}],"author":[{"embeddable":true,"href":"https:\/\/quechilero.com\/blog\/wp-json\/wp\/v2\/users\/1"}],"replies":[{"embeddable":true,"href":"https:\/\/quechilero.com\/blog\/wp-json\/wp\/v2\/comments?post=3546"}],"version-history":[{"count":0,"href":"https:\/\/quechilero.com\/blog\/wp-json\/wp\/v2\/posts\/3546\/revisions"}],"wp:attachment":[{"href":"https:\/\/quechilero.com\/blog\/wp-json\/wp\/v2\/media?parent=3546"}],"wp:term":[{"taxonomy":"category","embeddable":true,"href":"https:\/\/quechilero.com\/blog\/wp-json\/wp\/v2\/categories?post=3546"},{"taxonomy":"post_tag","embeddable":true,"href":"https:\/\/quechilero.com\/blog\/wp-json\/wp\/v2\/tags?post=3546"},{"taxonomy":"series","embeddable":true,"href":"https:\/\/quechilero.com\/blog\/wp-json\/wp\/v2\/series?post=3546"}],"curies":[{"name":"wp","href":"https:\/\/api.w.org\/{rel}","templated":true}]}}