{"id":350,"date":"2006-11-03T10:50:34","date_gmt":"2006-11-03T16:50:34","guid":{"rendered":"http:\/\/quechilero.com\/blog\/2006\/11\/03\/periodismo-investigativo\/"},"modified":"2006-11-03T10:50:34","modified_gmt":"2006-11-03T16:50:34","slug":"periodismo-investigativo","status":"publish","type":"post","link":"https:\/\/quechilero.com\/blog\/2006\/11\/03\/periodismo-investigativo\/","title":{"rendered":"Periodismo investigativo"},"content":{"rendered":"<p>Seg\u00fan este reporte, en Argentina, el 25% de los accidentes de tr\u00e1nsito es provocado por los pilotos de autobuses, sin embargo se quejan de que el porcentaje es muy alto, ya que en Europa es del 2%. En Guatemala ser\u00edamos felices de que fuera el 25% ya que aunque no tengo el dato exacto, todos sabemos que ese porcentaje ronda por el 70%.<\/p>\n<p>En Argentina hablan de <span style=\"font-weight: bold;\">pilotos profesionales<\/span>, ac\u00e1 lo que tenemos son cafres, incultos, patanes y vulgares <span style=\"font-style: italic;\">choferes<\/span> de autobus, ni siquiera los podemos llamar pilotos mucho menos profesionales.<\/p>\n<p>\u00bfAcaso hay alguien que nunca haya tenido una mala experiencia relacionada con estas lacras del volante?. Gente que apenas saber leer y escribir en el mejor de los casos, gente que se automargina y cree que no es importante la educaci\u00f3n, la cultura y las buenas costumbres, en su mayor\u00eda son o se dicen mejor dicho <span style=\"font-style: italic;\">\u00abmayas\u00bb<\/span>, pero que lo \u00fanico que hacen es ofender y desprestigiar esa cultura antigua al querer compararse a una sociedad en la que el orden y el nivel cultural era incluso superior al europeo. \u00a1Como se atreven!.<\/p>\n<p>Pero este post no trata sobre la inculutra de nuestros <span style=\"font-style: italic;\">choferes<\/span>, sino m\u00e1s bien de este muy buen reportaje de investigaci\u00f3n realizado al sur del continente, en el que llegan hasta las \u00faltimas consecuencias, para evidenciar y poner a la luz un problema que los afecta.<\/p>\n<p>Ojal\u00e1 que alg\u00fan d\u00eda nuestros \u00bfperiodistas? hicieran aunque sea la mitad de lo que hacen por all\u00e1 y no se contenten con sacar im\u00e1genes de los muertos del d\u00eda o de como quedan bien con el gobernante de turno.<\/p>\n<p><span class=\"embed-youtube\" style=\"text-align:center; display: block;\"><iframe loading=\"lazy\" class=\"youtube-player\" width=\"1200\" height=\"675\" src=\"https:\/\/www.youtube.com\/embed\/czRf1IojZio?version=3&#038;rel=1&#038;showsearch=0&#038;showinfo=1&#038;iv_load_policy=1&#038;fs=1&#038;hl=es-ES&#038;autohide=2&#038;wmode=transparent\" allowfullscreen=\"true\" style=\"border:0;\" sandbox=\"allow-scripts allow-same-origin allow-popups allow-presentation allow-popups-to-escape-sandbox\"><\/iframe><\/span><\/p>\n","protected":false},"excerpt":{"rendered":"<p>Seg\u00fan este reporte, en Argentina, el 25% de los accidentes de tr\u00e1nsito es provocado por los pilotos de autobuses, sin embargo se quejan de que el porcentaje es muy alto, ya que en Europa es del 2%. En Guatemala ser\u00edamos felices de que fuera el 25% ya que aunque no tengo el dato exacto, todos &#8230; <a title=\"Periodismo investigativo\" class=\"read-more\" href=\"https:\/\/quechilero.com\/blog\/2006\/11\/03\/periodismo-investigativo\/\" aria-label=\"Leer m\u00e1s sobre Periodismo investigativo\">Leer m\u00e1s<\/a><\/p>\n","protected":false},"author":1,"featured_media":0,"comment_status":"open","ping_status":"open","sticky":false,"template":"","format":"standard","meta":{"advanced_seo_description":"","jetpack_seo_html_title":"","jetpack_seo_noindex":false,"jetpack_seo_schema_type":"","episode_type":"","audio_file":"","podmotor_file_id":"","podmotor_episode_id":"","cover_image":"","cover_image_id":"","duration":"","filesize":"","filesize_raw":"","date_recorded":"","explicit":"","block":"","_jetpack_newsletter_access":"","_jetpack_dont_email_post_to_subs":false,"_jetpack_newsletter_tier_id":0,"_jetpack_memberships_contains_paywalled_content":false,"_jetpack_feature_clip_id":0,"_jetpack_memberships_contains_paid_content":false,"footnotes":"","jetpack_publicize_message":"","jetpack_publicize_feature_enabled":true,"jetpack_social_post_already_shared":false,"jetpack_social_options":{"image_generator_settings":{"template":"highway","default_image_id":0,"font":"","enabled":false},"version":2},"jetpack_post_was_ever_published":false},"categories":[2],"tags":[10,21,25,53],"series":[],"class_list":["post-350","post","type-post","status-publish","format-standard","hentry","category-limones","tag-guatemala","tag-problema","tag-video","tag-youtube"],"episode_featured_image":false,"episode_player_image":"https:\/\/i0.wp.com\/quechilero.com\/blog\/imagenes\/podcast.png?fit=1831%2C1831&ssl=1","download_link":"","player_link":"","audio_player":false,"episode_data":{"playerMode":"dark","subscribeUrls":{"amazon":{"key":"amazon","url":"","label":"Amazon","class":"amazon","icon":"amazon.png"},"apple_podcasts":{"key":"apple_podcasts","url":"","label":"Apple Podcasts","class":"apple_podcasts","icon":"apple-podcasts.png"},"castbox":{"key":"castbox","url":"","label":"CastBox","class":"castbox","icon":"castbox.png"},"deezer":{"key":"deezer","url":"","label":"Deezer","class":"deezer","icon":"deezer.png"},"google_podcasts":{"key":"google_podcasts","url":"","label":"Google Podcasts","class":"google_podcasts","icon":"google-podcasts.png"},"listen_notes":{"key":"listen_notes","url":"","label":"Listen Notes","class":"listen_notes","icon":"listen-notes.png"},"pandora":{"key":"pandora","url":"","label":"Pandora","class":"pandora","icon":"pandora.png"},"podbean":{"key":"podbean","url":"","label":"Podbean","class":"podbean","icon":"podbean.png"},"podcast_republic":{"key":"podcast_republic","url":"","label":"Podcast Republic","class":"podcast_republic","icon":"podcast-republic.png"},"rss":{"key":"rss","url":"","label":"RSS","class":"rss","icon":"rss.png"},"spotify":{"key":"spotify","url":"","label":"Spotify","class":"spotify","icon":"spotify.png"},"stitcher":{"key":"stitcher","url":"","label":"Stitcher","class":"stitcher","icon":"stitcher.png"},"tunein":{"key":"tunein","url":"","label":"TuneIn","class":"tunein","icon":"tunein.png"},"youtube":{"key":"youtube","url":"","label":"YouTube","class":"youtube","icon":"youtube.png"},"iheartradio":{"key":"iheartradio","url":"","label":"iHeartRadio","class":"iheartradio","icon":"iheartradio.png"},"ivoox":{"key":"ivoox","url":"","label":"iVoox","class":"ivoox","icon":"ivoox.png"}},"rssFeedUrl":"https:\/\/quechilero.com\/blog\/feed\/podcast\/si-la-vida-nos-da-limones","embedCode":"<blockquote class=\"wp-embedded-content\" data-secret=\"TMngaFK3AB\"><a href=\"https:\/\/quechilero.com\/blog\/2006\/11\/03\/periodismo-investigativo\/\">Periodismo investigativo<\/a><\/blockquote><iframe sandbox=\"allow-scripts\" security=\"restricted\" src=\"https:\/\/quechilero.com\/blog\/2006\/11\/03\/periodismo-investigativo\/embed\/#?secret=TMngaFK3AB\" width=\"500\" height=\"350\" title=\"\u00abPeriodismo investigativo\u00bb \u2014 Si la Vida nos da Limones...\" data-secret=\"TMngaFK3AB\" frameborder=\"0\" marginwidth=\"0\" marginheight=\"0\" scrolling=\"no\" class=\"wp-embedded-content\"><\/iframe><script>\n\/*! This file is auto-generated *\/\n!function(d,l){\"use strict\";l.querySelector&&d.addEventListener&&\"undefined\"!=typeof URL&&(d.wp=d.wp||{},d.wp.receiveEmbedMessage||(d.wp.receiveEmbedMessage=function(e){var t=e.data;if((t||t.secret||t.message||t.value)&&!\/[^a-zA-Z0-9]\/.test(t.secret)){for(var s,r,n,a=l.querySelectorAll('iframe[data-secret=\"'+t.secret+'\"]'),o=l.querySelectorAll('blockquote[data-secret=\"'+t.secret+'\"]'),c=new RegExp(\"^https?:$\",\"i\"),i=0;i<o.length;i++)o[i].style.display=\"none\";for(i=0;i<a.length;i++)s=a[i],e.source===s.contentWindow&&(s.removeAttribute(\"style\"),\"height\"===t.message?(1e3<(r=parseInt(t.value,10))?r=1e3:~~r<200&&(r=200),s.height=r):\"link\"===t.message&&(r=new URL(s.getAttribute(\"src\")),n=new URL(t.value),c.test(n.protocol))&&n.host===r.host&&l.activeElement===s&&(d.top.location.href=t.value))}},d.addEventListener(\"message\",d.wp.receiveEmbedMessage,!1),l.addEventListener(\"DOMContentLoaded\",function(){for(var e,t,s=l.querySelectorAll(\"iframe.wp-embedded-content\"),r=0;r<s.length;r++)(t=(e=s[r]).getAttribute(\"data-secret\"))||(t=Math.random().toString(36).substring(2,12),e.src+=\"#?secret=\"+t,e.setAttribute(\"data-secret\",t)),e.contentWindow.postMessage({message:\"ready\",secret:t},\"*\")},!1)))}(window,document);\n\/\/# sourceURL=https:\/\/quechilero.com\/blog\/wp-includes\/js\/wp-embed.min.js\n<\/script>\n"},"jetpack_publicize_connections":[],"jetpack_shortlink":"https:\/\/wp.me\/pDKli-5E","jetpack_sharing_enabled":true,"jetpack-related-posts":[{"id":16612,"url":"https:\/\/quechilero.com\/blog\/2013\/05\/07\/videoblog-pilotos-irresponsables-en-las-carreteras-episodio-009\/","url_meta":{"origin":350,"position":0},"title":"Videoblog: Pilotos irresponsables en las carreteras. Episodio 009","author":"Pepe Barrascout Ortiz","date":"7 mayo 2013","format":false,"excerpt":"https:\/\/youtu.be\/rkB5gpFuTL8 VideoBlog:\u00a0Pilotos irresponsables en las carreteras Viajar por las carreteras del pa\u00eds, puede ser un atentado gracias a la imprudencia de\u00a0pilotos irresponsables, que se desplazan con total impunidad, prepotencia y temeridad, poniendo en peligro sus propias vidas y las de las personas que los acompa\u00f1an e incluso las de inocentes\u2026","rel":"","context":"En \u00abVideoBlog\u00bb","block_context":{"text":"VideoBlog","link":"https:\/\/quechilero.com\/blog\/category\/videoblog\/"},"img":{"alt_text":"","src":"https:\/\/i0.wp.com\/img.youtube.com\/vi\/rkB5gpFuTL8\/0.jpg?resize=350%2C200","width":350,"height":200},"classes":[]},{"id":60,"url":"https:\/\/quechilero.com\/blog\/2006\/08\/01\/la-calle-mas-angosta-del-mundo\/","url_meta":{"origin":350,"position":1},"title":"La calle m\u00e1s angosta del mundo","author":"Pepe Barrascout Ortiz","date":"1 agosto 2006","format":false,"excerpt":"Una curiosidad mas. La calle mas angosta del mundo est\u00e1 en Praga y es tan angosta que se ha colocado un sem\u00e1foro para peatones, puesto que dos personas no la pueden cruzar al mismo tiempo. Intereseante, sobre todo la cultura del sem\u00e1foro peatonal. En nuestra regi\u00f3n solo en Costa Rica\u2026","rel":"","context":"En \u00abLimones\u00bb","block_context":{"text":"Limones","link":"https:\/\/quechilero.com\/blog\/category\/limones\/"},"img":{"alt_text":"","src":"","width":0,"height":0},"classes":[]},{"id":66,"url":"https:\/\/quechilero.com\/blog\/2006\/07\/30\/porque-mtv-no-es-bueno-para-los-padres\/","url_meta":{"origin":350,"position":2},"title":"Porqu\u00e9 MTv no es bueno para los padres.","author":"Pepe Barrascout Ortiz","date":"30 julio 2006","format":false,"excerpt":"Interesante relato urbano adaptado que encontr\u00e9 navegano por la red: Fragemento de una charla en autobus en Argentina: Ana: No s\u00e9 que hacer. Mi vieja lleg\u00f3 ri\u00e9ndose mientras me dec\u00eda que hab\u00eda visto un programa en Mtv que seg\u00fan ella se llama ?Cuidado que tu cuarto te invado? Vicky: tu\u2026","rel":"","context":"En \u00abLimones\u00bb","block_context":{"text":"Limones","link":"https:\/\/quechilero.com\/blog\/category\/limones\/"},"img":{"alt_text":"","src":"","width":0,"height":0},"classes":[]},{"id":4316,"url":"https:\/\/quechilero.com\/blog\/2010\/01\/25\/pagina-del-congreso-aloja-software-malintencionado\/","url_meta":{"origin":350,"position":3},"title":"P\u00e1gina del Congreso aloja software malintencionado","author":"Pepe Barrascout Ortiz","date":"25 enero 2010","format":false,"excerpt":"Por cuestiones de trabajo me encontraba realizando el redise\u00f1o y adaptaci\u00f3n de un sitio web, y uno de sus enlaces externos, era hacia el Congreso de la Rep\u00fablica de Guatemala, espec\u00edficamente a la propuesta de ley para el comercio electr\u00f3nico. Como de todos es sabido, el comercio electr\u00f3nico en Guatemala\u2026","rel":"","context":"En \u00abLimones\u00bb","block_context":{"text":"Limones","link":"https:\/\/quechilero.com\/blog\/category\/limones\/"},"img":{"alt_text":"","src":"","width":0,"height":0},"classes":[]},{"id":1254,"url":"https:\/\/quechilero.com\/blog\/2008\/08\/25\/ivan-castro\/","url_meta":{"origin":350,"position":4},"title":"Marat\u00f3n &#8211; Ivan Castro","author":"Pepe Barrascout Ortiz","date":"25 agosto 2008","format":false,"excerpt":"Hablar de Ivan Castro es hablar de palabras mayores en el mundo de la fotograf\u00eda y edici\u00f3n digital. Un profesional de grandes dimensiones y ampliamente reconocido nacional e internacionalmente es prueba de la excelente calidad de su trabajo como fot\u00f3grafo. En su blog Ivan Castro Fotograf\u00eda podemos ver muestras de\u2026","rel":"","context":"En \u00abBlogs de Guatemala\u00bb","block_context":{"text":"Blogs de Guatemala","link":"https:\/\/quechilero.com\/blog\/category\/blogs-de-guatemala\/"},"img":{"alt_text":"","src":"https:\/\/i0.wp.com\/img253.imageshack.us\/img253\/3518\/maratonvr9.jpg?resize=350%2C200","width":350,"height":200},"classes":[]},{"id":16629,"url":"https:\/\/quechilero.com\/blog\/2013\/04\/03\/guatemala-pesimo-nivel-en-matematica\/","url_meta":{"origin":350,"position":5},"title":"Guatemala: p\u00e9simo nivel en matem\u00e1tica","author":"Pepe Barrascout Ortiz","date":"3 abril 2013","format":false,"excerpt":"Veo la portada de Siglo XXI y a ocho columnas anuncian que el 92.7% de los graduandos, reprueba matem\u00e1ticas. Da tristeza y es lamentable desde todo punto de vista, totalmente inexcusable. Pero este resultado no debe sorprendernos, cuando en Guatemala, el nivel educativo nunca ha sido prioridad, ni para el\u2026","rel":"","context":"En \u00abLimones\u00bb","block_context":{"text":"Limones","link":"https:\/\/quechilero.com\/blog\/category\/limones\/"},"img":{"alt_text":"","src":"","width":0,"height":0},"classes":[]}],"jetpack_featured_media_url":"","_links":{"self":[{"href":"https:\/\/quechilero.com\/blog\/wp-json\/wp\/v2\/posts\/350","targetHints":{"allow":["GET"]}}],"collection":[{"href":"https:\/\/quechilero.com\/blog\/wp-json\/wp\/v2\/posts"}],"about":[{"href":"https:\/\/quechilero.com\/blog\/wp-json\/wp\/v2\/types\/post"}],"author":[{"embeddable":true,"href":"https:\/\/quechilero.com\/blog\/wp-json\/wp\/v2\/users\/1"}],"replies":[{"embeddable":true,"href":"https:\/\/quechilero.com\/blog\/wp-json\/wp\/v2\/comments?post=350"}],"version-history":[{"count":0,"href":"https:\/\/quechilero.com\/blog\/wp-json\/wp\/v2\/posts\/350\/revisions"}],"wp:attachment":[{"href":"https:\/\/quechilero.com\/blog\/wp-json\/wp\/v2\/media?parent=350"}],"wp:term":[{"taxonomy":"category","embeddable":true,"href":"https:\/\/quechilero.com\/blog\/wp-json\/wp\/v2\/categories?post=350"},{"taxonomy":"post_tag","embeddable":true,"href":"https:\/\/quechilero.com\/blog\/wp-json\/wp\/v2\/tags?post=350"},{"taxonomy":"series","embeddable":true,"href":"https:\/\/quechilero.com\/blog\/wp-json\/wp\/v2\/series?post=350"}],"curies":[{"name":"wp","href":"https:\/\/api.w.org\/{rel}","templated":true}]}}