{"id":3487,"date":"2009-09-04T08:00:42","date_gmt":"2009-09-04T14:00:42","guid":{"rendered":"http:\/\/quechilero.com\/blog\/?p=3487"},"modified":"2009-09-04T08:00:42","modified_gmt":"2009-09-04T14:00:42","slug":"te-prometo-anarquia-la-entrevista","status":"publish","type":"post","link":"https:\/\/quechilero.com\/blog\/2009\/09\/04\/te-prometo-anarquia-la-entrevista\/","title":{"rendered":"Te prometo anarqu\u00eda: la entrevista"},"content":{"rendered":"<p><a title=\"Marat\u00f3n de Blogs 2009\" href=\"http:\/\/teprometoanarquia.blogspot.com\/\" target=\"_blank\"><strong>Te prometo anarqu\u00eda<\/strong><\/a> es una propuesta art\u00edstica, de la que ya hablamos anteriormente en el <a title=\"Marat\u00f3n de Blogs 2009\" href=\"http:\/\/quechilero.com\/blog\/2009\/08\/07\/maraton-de-blogs-te-prometo-anarquia\/\">Marat\u00f3n de Blogs 2009<\/a>, ahora aprovecho para seguir promoviendo este espacio, con una entrevista con <em>Rafael Romero<\/em> el creador de <strong><a title=\"Marat\u00f3n de Blogs 2009\" href=\"http:\/\/teprometoanarquia.blogspot.com\/\" target=\"_blank\"><strong>Te prometo anarqu\u00eda<\/strong><\/a><\/strong>.<\/p>\n<p><strong>\u00bfCu\u00e1l es el concepto de <\/strong><strong><a title=\"Marat\u00f3n de Blogs 2009\" href=\"http:\/\/teprometoanarquia.blogspot.com\/\" target=\"_blank\"><strong>Te prometo anarqu\u00eda<\/strong><\/a><\/strong><strong>?<\/strong><\/p>\n<p>Naci\u00f3 como una  inquietud personal de reunir en un espacio com\u00fan varias propuestas  literarias y art\u00edsticas de amigos cercanos y familiares. A partir de  all\u00ed, la idea de ir m\u00e1s all\u00e1 y llevar a cabo una especie de recolecta  con m\u00e1s propuestas y presentarlas de manera conjunta tom\u00f3 m\u00e1s forma  hasta convertirse en lo que es ahora: una revista guatemalteca, virtual,  de car\u00e1cter antol\u00f3gico, abierta a todo tipo de manifestaciones est\u00e9ticas:  literatura, fotograf\u00eda, arte gr\u00e1fico, pintura, etc.<\/p>\n<p><strong>\u00bfPorqu\u00e9 ese t\u00edtulo para el proyecto?<\/strong><\/p>\n<p>El t\u00edtulo no es m\u00e1s que una especie de met\u00e1fora que responde a la necesidad de promover un espacio de libre expresi\u00f3n en donde el escritor o artista decida qu\u00e9  publicar y no sea frenado y\/o obstaculizado por par\u00e1metros editoriales o de otro tipo. No tiene relaci\u00f3n con algo \u201cideol\u00f3gico\u201d. M\u00e1s bien, supone un punto de afluencia que no hace hincapi\u00e9 de ideolog\u00edas, credos, posturas est\u00e9ticas, socio-pol\u00edticas, de g\u00e9nero, etc., y que permite un tipo de expresi\u00f3n menos institucional, menos cohibida, menos elitista y m\u00e1s libre de ataduras.<\/p>\n<p><!--more--><\/p>\n<p><strong>\u00bfQu\u00e9 se puede esperar en <\/strong><strong><a title=\"Marat\u00f3n de Blogs 2009\" href=\"http:\/\/teprometoanarquia.blogspot.com\/\" target=\"_blank\"><strong>Te prometo anarqu\u00eda<\/strong><\/a><\/strong><strong>?<\/strong><\/p>\n<p>Decir que en <strong><a title=\"Marat\u00f3n de Blogs 2009\" href=\"http:\/\/teprometoanarquia.blogspot.com\/\" target=\"_blank\"><strong>Te prometo anarqu\u00eda<\/strong><\/a><\/strong> puede publicar cualquiera es algo delicado y hasta relativo. Si bien es cierto que las puertas est\u00e1n abiertas para todos\/as, me gustar\u00eda que esto no se viera como un hecho deliberado ni mucho menos fr\u00edvolo. Aunque no depende tanto de m\u00ed, ser\u00eda triste que los posibles publicados\/as vieran esta oportunidad desde una perspectiva poco seria y m\u00e1s cercana al puro entretenimiento, al hobbie, a la afici\u00f3n blogger. Tomando en cuenta que <strong><a title=\"Marat\u00f3n de Blogs 2009\" href=\"http:\/\/teprometoanarquia.blogspot.com\/\" target=\"_blank\"><strong>Te prometo anarqu\u00eda<\/strong><\/a><\/strong> es una alternativa m\u00e1s dentro del panorama literario y art\u00edstico existe y quiere seguir as\u00ed para escritores y artistas en general, y para aquellos que quieran empezar a darse a conocer como tales y que por lo tanto busquen un espacio para presentar su propuesta.<\/p>\n<p><strong>\u00bfHa generado pol\u00e9mica <\/strong><strong><a title=\"Marat\u00f3n de Blogs 2009\" href=\"http:\/\/teprometoanarquia.blogspot.com\/\" target=\"_blank\"><strong>Te prometo anarqu\u00eda<\/strong><\/a><\/strong><strong>?<\/strong><\/p>\n<p>Hay quienes desacreditan o infravaloran el esfuerzo de <strong><a title=\"Marat\u00f3n de Blogs 2009\" href=\"http:\/\/teprometoanarquia.blogspot.com\/\" target=\"_blank\"><strong>Te prometo anarqu\u00eda<\/strong><\/a><\/strong> debido al riesgo de promover literatura o arte de cuestionable calidad est\u00e9tica por esa permisividad y facilidad con la que, cada semana, van apareciendo quienes conf\u00edan y creen en el proyecto. Pensar que dicho riesgo no es cierto, es de ilusos, hay que reconocerlo. El punto es que en <strong><a title=\"Marat\u00f3n de Blogs 2009\" href=\"http:\/\/teprometoanarquia.blogspot.com\/\" target=\"_blank\"><strong>Te prometo anarqu\u00eda<\/strong><\/a><\/strong> las \u201ccuestiones de calidad\u201d pasan a un plano secundario porque muchas de las apreciaciones suelen ser subjetivas, relativas y\/o tendenciosas. El objetivo es que en un pa\u00eds como Guatemala, de c\u00edrculos cerrados, poco inter\u00e9s por la lectura, envidias, vanagloria, etc., haya m\u00e1s confianza, m\u00e1s motivaci\u00f3n para escribir y hacer arte. \u00bfPor qu\u00e9 cortar la planta antes de sembrarla? Es una cuesti\u00f3n de gustos y la \u00faltima palabra siempre la tendr\u00e1 el receptor, a final de cuentas.<\/p>\n<p>Que mejor que un video, de la direcci\u00f3n de Rafael Romero, donde nos explica que es Te prometo anarqu\u00eda.<\/p>\n<p><strong>Amalgamas errantes:<\/strong><\/p>\n<p><object classid=\"clsid:d27cdb6e-ae6d-11cf-96b8-444553540000\" width=\"550\" height=\"344\" codebase=\"http:\/\/download.macromedia.com\/pub\/shockwave\/cabs\/flash\/swflash.cab#version=6,0,40,0\"><param name=\"allowFullScreen\" value=\"true\" \/><param name=\"allowscriptaccess\" value=\"always\" \/><param name=\"src\" value=\"http:\/\/www.youtube.com\/v\/p36Zp03d-70&amp;hl=es&amp;fs=1&amp;rel=0&amp;color1=0x402061&amp;color2=0x9461ca\" \/><param name=\"allowfullscreen\" value=\"true\" \/><\/object><\/p>\n","protected":false},"excerpt":{"rendered":"<p>Te prometo anarqu\u00eda es una propuesta art\u00edstica, de la que ya hablamos anteriormente en el Marat\u00f3n de Blogs 2009, ahora aprovecho para seguir promoviendo este espacio, con una entrevista con Rafael Romero el creador de Te prometo anarqu\u00eda. \u00bfCu\u00e1l es el concepto de Te prometo anarqu\u00eda? Naci\u00f3 como una inquietud personal de reunir en un &#8230; <a title=\"Te prometo anarqu\u00eda: la entrevista\" class=\"read-more\" href=\"https:\/\/quechilero.com\/blog\/2009\/09\/04\/te-prometo-anarquia-la-entrevista\/\" aria-label=\"Leer m\u00e1s sobre Te prometo anarqu\u00eda: la entrevista\">Leer m\u00e1s<\/a><\/p>\n","protected":false},"author":1,"featured_media":0,"comment_status":"open","ping_status":"open","sticky":false,"template":"","format":"standard","meta":{"advanced_seo_description":"","jetpack_seo_html_title":"","jetpack_seo_noindex":false,"jetpack_seo_schema_type":"","episode_type":"","audio_file":"","podmotor_file_id":"","podmotor_episode_id":"","cover_image":"","cover_image_id":"","duration":"","filesize":"","filesize_raw":"","date_recorded":"","explicit":"","block":"","_jetpack_newsletter_access":"","_jetpack_dont_email_post_to_subs":false,"_jetpack_newsletter_tier_id":0,"_jetpack_memberships_contains_paywalled_content":false,"_jetpack_feature_clip_id":0,"_jetpack_memberships_contains_paid_content":false,"footnotes":"","jetpack_publicize_message":"","jetpack_publicize_feature_enabled":true,"jetpack_social_post_already_shared":false,"jetpack_social_options":{"image_generator_settings":{"template":"highway","default_image_id":0,"font":"","enabled":false},"version":2},"jetpack_post_was_ever_published":false},"categories":[2],"tags":[11,4,38,49,8,10,9,81,62,93,42,43,24,25,53],"series":[],"class_list":["post-3487","post","type-post","status-publish","format-standard","hentry","category-limones","tag-amigo","tag-blog","tag-confianza","tag-esfuerzo","tag-fotografia","tag-guatemala","tag-idea","tag-lectura","tag-maraton","tag-motivacion","tag-palabra","tag-proyecto","tag-vida","tag-video","tag-youtube"],"episode_featured_image":false,"episode_player_image":"https:\/\/i0.wp.com\/quechilero.com\/blog\/imagenes\/podcast.png?fit=1831%2C1831&ssl=1","download_link":"","player_link":"","audio_player":false,"episode_data":{"playerMode":"dark","subscribeUrls":{"amazon":{"key":"amazon","url":"","label":"Amazon","class":"amazon","icon":"amazon.png"},"apple_podcasts":{"key":"apple_podcasts","url":"","label":"Apple Podcasts","class":"apple_podcasts","icon":"apple-podcasts.png"},"castbox":{"key":"castbox","url":"","label":"CastBox","class":"castbox","icon":"castbox.png"},"deezer":{"key":"deezer","url":"","label":"Deezer","class":"deezer","icon":"deezer.png"},"google_podcasts":{"key":"google_podcasts","url":"","label":"Google Podcasts","class":"google_podcasts","icon":"google-podcasts.png"},"listen_notes":{"key":"listen_notes","url":"","label":"Listen Notes","class":"listen_notes","icon":"listen-notes.png"},"pandora":{"key":"pandora","url":"","label":"Pandora","class":"pandora","icon":"pandora.png"},"podbean":{"key":"podbean","url":"","label":"Podbean","class":"podbean","icon":"podbean.png"},"podcast_republic":{"key":"podcast_republic","url":"","label":"Podcast Republic","class":"podcast_republic","icon":"podcast-republic.png"},"rss":{"key":"rss","url":"","label":"RSS","class":"rss","icon":"rss.png"},"spotify":{"key":"spotify","url":"","label":"Spotify","class":"spotify","icon":"spotify.png"},"stitcher":{"key":"stitcher","url":"","label":"Stitcher","class":"stitcher","icon":"stitcher.png"},"tunein":{"key":"tunein","url":"","label":"TuneIn","class":"tunein","icon":"tunein.png"},"youtube":{"key":"youtube","url":"","label":"YouTube","class":"youtube","icon":"youtube.png"},"iheartradio":{"key":"iheartradio","url":"","label":"iHeartRadio","class":"iheartradio","icon":"iheartradio.png"},"ivoox":{"key":"ivoox","url":"","label":"iVoox","class":"ivoox","icon":"ivoox.png"}},"rssFeedUrl":"https:\/\/quechilero.com\/blog\/feed\/podcast\/si-la-vida-nos-da-limones","embedCode":"<blockquote class=\"wp-embedded-content\" data-secret=\"qTzvo33bCI\"><a href=\"https:\/\/quechilero.com\/blog\/2009\/09\/04\/te-prometo-anarquia-la-entrevista\/\">Te prometo anarqu\u00eda: la entrevista<\/a><\/blockquote><iframe sandbox=\"allow-scripts\" security=\"restricted\" src=\"https:\/\/quechilero.com\/blog\/2009\/09\/04\/te-prometo-anarquia-la-entrevista\/embed\/#?secret=qTzvo33bCI\" width=\"500\" height=\"350\" title=\"\u00abTe prometo anarqu\u00eda: la entrevista\u00bb \u2014 Si la Vida nos da Limones...\" data-secret=\"qTzvo33bCI\" frameborder=\"0\" marginwidth=\"0\" marginheight=\"0\" scrolling=\"no\" class=\"wp-embedded-content\"><\/iframe><script>\n\/*! This file is auto-generated *\/\n!function(d,l){\"use strict\";l.querySelector&&d.addEventListener&&\"undefined\"!=typeof URL&&(d.wp=d.wp||{},d.wp.receiveEmbedMessage||(d.wp.receiveEmbedMessage=function(e){var t=e.data;if((t||t.secret||t.message||t.value)&&!\/[^a-zA-Z0-9]\/.test(t.secret)){for(var s,r,n,a=l.querySelectorAll('iframe[data-secret=\"'+t.secret+'\"]'),o=l.querySelectorAll('blockquote[data-secret=\"'+t.secret+'\"]'),c=new RegExp(\"^https?:$\",\"i\"),i=0;i<o.length;i++)o[i].style.display=\"none\";for(i=0;i<a.length;i++)s=a[i],e.source===s.contentWindow&&(s.removeAttribute(\"style\"),\"height\"===t.message?(1e3<(r=parseInt(t.value,10))?r=1e3:~~r<200&&(r=200),s.height=r):\"link\"===t.message&&(r=new URL(s.getAttribute(\"src\")),n=new URL(t.value),c.test(n.protocol))&&n.host===r.host&&l.activeElement===s&&(d.top.location.href=t.value))}},d.addEventListener(\"message\",d.wp.receiveEmbedMessage,!1),l.addEventListener(\"DOMContentLoaded\",function(){for(var e,t,s=l.querySelectorAll(\"iframe.wp-embedded-content\"),r=0;r<s.length;r++)(t=(e=s[r]).getAttribute(\"data-secret\"))||(t=Math.random().toString(36).substring(2,12),e.src+=\"#?secret=\"+t,e.setAttribute(\"data-secret\",t)),e.contentWindow.postMessage({message:\"ready\",secret:t},\"*\")},!1)))}(window,document);\n\/\/# sourceURL=https:\/\/quechilero.com\/blog\/wp-includes\/js\/wp-embed.min.js\n<\/script>\n"},"jetpack_publicize_connections":[],"jetpack_shortlink":"https:\/\/wp.me\/pDKli-Uf","jetpack_sharing_enabled":true,"jetpack-related-posts":[{"id":5392,"url":"https:\/\/quechilero.com\/blog\/2010\/08\/29\/maraton-de-blogs-te-prometo-anarquia-2\/","url_meta":{"origin":3487,"position":0},"title":"Marat\u00f3n de Blogs: Te Prometo Anarqu\u00eda","author":"Pepe Barrascout Ortiz","date":"29 agosto 2010","format":false,"excerpt":"Te Prometo Anarqu\u00eda, fue uno de los blogs mas apoyados durante el Marat\u00f3n de Blogs 2009, en esa oportunidad el reconocimiento\u00a0consisti\u00f3 en el nombre de dominio www.teprometoanarquia.com que actualmente utiliza. Un a\u00f1o despu\u00e9s, Te Prometo Anarqu\u00eda, publica sus cien textos, pertenecientes a un muy buen n\u00famero de autores, guatemaltecos, para\u2026","rel":"","context":"En \u00abBlogs de Guatemala\u00bb","block_context":{"text":"Blogs de Guatemala","link":"https:\/\/quechilero.com\/blog\/category\/blogs-de-guatemala\/"},"img":{"alt_text":"","src":"https:\/\/i0.wp.com\/i392.photobucket.com\/albums\/pp7\/pepejaguar\/maraton\/teprometoanarquia.png?resize=350%2C200","width":350,"height":200,"srcset":"https:\/\/i0.wp.com\/i392.photobucket.com\/albums\/pp7\/pepejaguar\/maraton\/teprometoanarquia.png?resize=350%2C200 1x, https:\/\/i0.wp.com\/i392.photobucket.com\/albums\/pp7\/pepejaguar\/maraton\/teprometoanarquia.png?resize=525%2C300 1.5x"},"classes":[]},{"id":3239,"url":"https:\/\/quechilero.com\/blog\/2009\/08\/07\/maraton-de-blogs-te-prometo-anarquia\/","url_meta":{"origin":3487,"position":1},"title":"Marat\u00f3n de Blogs: Te Prometo Anarqu\u00eda","author":"Pepe Barrascout Ortiz","date":"7 agosto 2009","format":false,"excerpt":"Es que no es f\u00e1cil entender la anarqu\u00eda, \u00bfporqu\u00e9 pasa?, \u00bfa que se debe?, \u00bfquien la origina?, \u00bfquien la sufre?. \u00bfEs un desorden ordenado, o quiz\u00e1 un orden desordenado?. Nada es verdad y nada es mentira, todo depende del tama\u00f1o del monitor en el que se mira. No hay nada\u2026","rel":"","context":"En \u00abBlogs de Guatemala\u00bb","block_context":{"text":"Blogs de Guatemala","link":"https:\/\/quechilero.com\/blog\/category\/blogs-de-guatemala\/"},"img":{"alt_text":"Marat\u00f3n de Blogs 2009","src":"https:\/\/i0.wp.com\/i392.photobucket.com\/albums\/pp7\/pepejaguar\/maraton2009\/maraton2009.jpg?resize=350%2C200","width":350,"height":200,"srcset":"https:\/\/i0.wp.com\/i392.photobucket.com\/albums\/pp7\/pepejaguar\/maraton2009\/maraton2009.jpg?resize=350%2C200 1x, https:\/\/i0.wp.com\/i392.photobucket.com\/albums\/pp7\/pepejaguar\/maraton2009\/maraton2009.jpg?resize=525%2C300 1.5x"},"classes":[]},{"id":3651,"url":"https:\/\/quechilero.com\/blog\/2009\/09\/10\/premios-de-la-maraton-de-blogs-2009\/","url_meta":{"origin":3487,"position":2},"title":"Premios de la Marat\u00f3n de Blogs 2009","author":"Pepe Barrascout Ortiz","date":"10 septiembre 2009","format":false,"excerpt":"Como parte de las actividades que se realizaron en la Marat\u00f3n de Blogs 2009, en esta ocasi\u00f3n ofrec\u00ed dos nombres de dominio para los blogs que mas votos alcanzara, a trav\u00e9s de los comentarios que se publicaron junto al listado de participantes para el 2009. El otro dominio es para\u2026","rel":"","context":"En \u00abBlogs de Guatemala\u00bb","block_context":{"text":"Blogs de Guatemala","link":"https:\/\/quechilero.com\/blog\/category\/blogs-de-guatemala\/"},"img":{"alt_text":"Marat\u00f3n de Blogs 2009","src":"https:\/\/i0.wp.com\/i392.photobucket.com\/albums\/pp7\/pepejaguar\/maraton2009\/maraton2009.jpg?resize=350%2C200","width":350,"height":200,"srcset":"https:\/\/i0.wp.com\/i392.photobucket.com\/albums\/pp7\/pepejaguar\/maraton2009\/maraton2009.jpg?resize=350%2C200 1x, https:\/\/i0.wp.com\/i392.photobucket.com\/albums\/pp7\/pepejaguar\/maraton2009\/maraton2009.jpg?resize=525%2C300 1.5x"},"classes":[]},{"id":5184,"url":"https:\/\/quechilero.com\/blog\/2010\/08\/01\/maraton-de-blogs-recapitulando-2\/","url_meta":{"origin":3487,"position":3},"title":"Marat\u00f3n de Blogs: Recapitulando","author":"Pepe Barrascout Ortiz","date":"1 agosto 2010","format":false,"excerpt":"Arranca una vez mas, el Marat\u00f3n de Blogs 2010, que tiene como objetivo, dar a conocer y promocionar, los blogs. En lo personal, me gusta promocionar los Blogs de Guatemala, porque hay tantos de tan buena calidad, que merecen ser conocidos y le\u00eddos, seg\u00fan mi criterio personal. La selecci\u00f3n para\u2026","rel":"","context":"En \u00abBlogs de Guatemala\u00bb","block_context":{"text":"Blogs de Guatemala","link":"https:\/\/quechilero.com\/blog\/category\/blogs-de-guatemala\/"},"img":{"alt_text":"","src":"https:\/\/i0.wp.com\/i392.photobucket.com\/albums\/pp7\/pepejaguar\/maraton\/maraton468x602010.jpg?resize=350%2C200","width":350,"height":200},"classes":[]},{"id":3163,"url":"https:\/\/quechilero.com\/blog\/2009\/07\/31\/maraton-de-blogs-2009\/","url_meta":{"origin":3487,"position":4},"title":"Marat\u00f3n de Blogs 2009","author":"Pepe Barrascout Ortiz","date":"31 julio 2009","format":false,"excerpt":"En el a\u00f1o 2006, inici\u00f3 la Marat\u00f3n de Blogs, este a\u00f1o en su cuarta edici\u00f3n sigue evolucionando la tradici\u00f3n. El objetivo principal es la difusi\u00f3n de los blogs, aunado a las actividades promovidas por el \u201cBlog Day\". Haciendo una peque\u00f1a recopilaci\u00f3n y remembranza de los tres a\u00f1os anteriores: 2006, iniciamos\u2026","rel":"","context":"En \u00abBlogs de Guatemala\u00bb","block_context":{"text":"Blogs de Guatemala","link":"https:\/\/quechilero.com\/blog\/category\/blogs-de-guatemala\/"},"img":{"alt_text":"Marat\u00f3n de Blogs 2009","src":"https:\/\/i0.wp.com\/i392.photobucket.com\/albums\/pp7\/pepejaguar\/maraton2009\/maraton2009.jpg?resize=350%2C200","width":350,"height":200,"srcset":"https:\/\/i0.wp.com\/i392.photobucket.com\/albums\/pp7\/pepejaguar\/maraton2009\/maraton2009.jpg?resize=350%2C200 1x, https:\/\/i0.wp.com\/i392.photobucket.com\/albums\/pp7\/pepejaguar\/maraton2009\/maraton2009.jpg?resize=525%2C300 1.5x"},"classes":[]},{"id":5166,"url":"https:\/\/quechilero.com\/blog\/2010\/07\/31\/maraton-de-blogs-2010-listado\/","url_meta":{"origin":3487,"position":5},"title":"Marat\u00f3n de Blogs 2010","author":"Pepe Barrascout Ortiz","date":"31 julio 2010","format":false,"excerpt":"El 2010, es el quinto a\u00f1o consecutivo, en el que se realiza el Marat\u00f3n de Blogs, cuyo principal objetivo es la difusi\u00f3n de los blogs, como parte de las celebraciones del\u00a0\u201cBlog Day\u201c. Cada a\u00f1o, se han ido implementando y mejorando, nuevas mec\u00e1nicas y actividades, para lograr el objetivo de promover\u2026","rel":"","context":"En \u00abBlogs de Guatemala\u00bb","block_context":{"text":"Blogs de Guatemala","link":"https:\/\/quechilero.com\/blog\/category\/blogs-de-guatemala\/"},"img":{"alt_text":"","src":"https:\/\/i0.wp.com\/i392.photobucket.com\/albums\/pp7\/pepejaguar\/maraton\/maraton468x602010.jpg?resize=350%2C200","width":350,"height":200},"classes":[]}],"jetpack_featured_media_url":"","_links":{"self":[{"href":"https:\/\/quechilero.com\/blog\/wp-json\/wp\/v2\/posts\/3487","targetHints":{"allow":["GET"]}}],"collection":[{"href":"https:\/\/quechilero.com\/blog\/wp-json\/wp\/v2\/posts"}],"about":[{"href":"https:\/\/quechilero.com\/blog\/wp-json\/wp\/v2\/types\/post"}],"author":[{"embeddable":true,"href":"https:\/\/quechilero.com\/blog\/wp-json\/wp\/v2\/users\/1"}],"replies":[{"embeddable":true,"href":"https:\/\/quechilero.com\/blog\/wp-json\/wp\/v2\/comments?post=3487"}],"version-history":[{"count":0,"href":"https:\/\/quechilero.com\/blog\/wp-json\/wp\/v2\/posts\/3487\/revisions"}],"wp:attachment":[{"href":"https:\/\/quechilero.com\/blog\/wp-json\/wp\/v2\/media?parent=3487"}],"wp:term":[{"taxonomy":"category","embeddable":true,"href":"https:\/\/quechilero.com\/blog\/wp-json\/wp\/v2\/categories?post=3487"},{"taxonomy":"post_tag","embeddable":true,"href":"https:\/\/quechilero.com\/blog\/wp-json\/wp\/v2\/tags?post=3487"},{"taxonomy":"series","embeddable":true,"href":"https:\/\/quechilero.com\/blog\/wp-json\/wp\/v2\/series?post=3487"}],"curies":[{"name":"wp","href":"https:\/\/api.w.org\/{rel}","templated":true}]}}