{"id":339,"date":"2006-12-15T09:02:09","date_gmt":"2006-12-15T15:02:09","guid":{"rendered":"http:\/\/quechilero.com\/blog\/2006\/12\/15\/de-la-mistica\/"},"modified":"2006-12-15T09:02:09","modified_gmt":"2006-12-15T15:02:09","slug":"de-la-mistica","status":"publish","type":"post","link":"https:\/\/quechilero.com\/blog\/2006\/12\/15\/de-la-mistica\/","title":{"rendered":"De la m\u00edstica"},"content":{"rendered":"<p>\u00abCaptar a Dios es tenerlo en todas las dimensiones de la vida, no apenas en  situaciones privilegiadas, como cuando se comulga o se reza. Tener una  experiencia de Dios es siempre, andando en la calle, respirando el aire  contaminado, alegr\u00e1ndose, tomando cerveza, buscando entender un texto que se  est\u00e1 estudiando. Dios viene mezclado en todo esto; y cualquier situaci\u00f3n es  suficientemente buena como para captarlo y decir: &#8216;\u00c9l est\u00e1 con nosotros&#8217;.\u00bb<\/p>\n<p>\u00abLa clave del m\u00edstico es intentar ver lo que est\u00e1 por detr\u00e1s de cada cosa, lo  que la constituye y sustenta. No quedar preso de lo superficial, mas hacer de  todo un s\u00edmbolo, una se\u00f1al, un sacramento, una imagen.\u00bb<\/p>\n<p>\u00abPara quien tiene la experiencia de Dios, el mundo es un gran mensaje.\u00bb<\/p>\n<p><strong><em>Del libro \u00abMaktub\u00bb, de Paulo  Coelho<\/em><\/strong><\/p>\n","protected":false},"excerpt":{"rendered":"<p>\u00abCaptar a Dios es tenerlo en todas las dimensiones de la vida, no apenas en situaciones privilegiadas, como cuando se comulga o se reza. Tener una experiencia de Dios es siempre, andando en la calle, respirando el aire contaminado, alegr\u00e1ndose, tomando cerveza, buscando entender un texto que se est\u00e1 estudiando. Dios viene mezclado en todo &#8230; <a title=\"De la m\u00edstica\" class=\"read-more\" href=\"https:\/\/quechilero.com\/blog\/2006\/12\/15\/de-la-mistica\/\" aria-label=\"Leer m\u00e1s sobre De la m\u00edstica\">Leer m\u00e1s<\/a><\/p>\n","protected":false},"author":1,"featured_media":0,"comment_status":"open","ping_status":"open","sticky":false,"template":"","format":"standard","meta":{"advanced_seo_description":"","jetpack_seo_html_title":"","jetpack_seo_noindex":false,"jetpack_seo_schema_type":"","episode_type":"","audio_file":"","podmotor_file_id":"","podmotor_episode_id":"","cover_image":"","cover_image_id":"","duration":"","filesize":"","filesize_raw":"","date_recorded":"","explicit":"","block":"","_jetpack_newsletter_access":"","_jetpack_dont_email_post_to_subs":false,"_jetpack_newsletter_tier_id":0,"_jetpack_memberships_contains_paywalled_content":false,"_jetpack_feature_clip_id":0,"_jetpack_memberships_contains_paid_content":false,"footnotes":"","jetpack_publicize_message":"","jetpack_publicize_feature_enabled":true,"jetpack_social_post_already_shared":false,"jetpack_social_options":{"image_generator_settings":{"template":"highway","default_image_id":0,"font":"","enabled":false},"version":2},"jetpack_post_was_ever_published":false},"categories":[2],"tags":[51,72,24],"series":[],"class_list":["post-339","post","type-post","status-publish","format-standard","hentry","category-limones","tag-dios","tag-libro","tag-vida"],"episode_featured_image":false,"episode_player_image":"https:\/\/i0.wp.com\/quechilero.com\/blog\/imagenes\/podcast.png?fit=1831%2C1831&ssl=1","download_link":"","player_link":"","audio_player":false,"episode_data":{"playerMode":"dark","subscribeUrls":{"amazon":{"key":"amazon","url":"","label":"Amazon","class":"amazon","icon":"amazon.png"},"apple_podcasts":{"key":"apple_podcasts","url":"","label":"Apple Podcasts","class":"apple_podcasts","icon":"apple-podcasts.png"},"castbox":{"key":"castbox","url":"","label":"CastBox","class":"castbox","icon":"castbox.png"},"deezer":{"key":"deezer","url":"","label":"Deezer","class":"deezer","icon":"deezer.png"},"google_podcasts":{"key":"google_podcasts","url":"","label":"Google Podcasts","class":"google_podcasts","icon":"google-podcasts.png"},"listen_notes":{"key":"listen_notes","url":"","label":"Listen Notes","class":"listen_notes","icon":"listen-notes.png"},"pandora":{"key":"pandora","url":"","label":"Pandora","class":"pandora","icon":"pandora.png"},"podbean":{"key":"podbean","url":"","label":"Podbean","class":"podbean","icon":"podbean.png"},"podcast_republic":{"key":"podcast_republic","url":"","label":"Podcast Republic","class":"podcast_republic","icon":"podcast-republic.png"},"rss":{"key":"rss","url":"","label":"RSS","class":"rss","icon":"rss.png"},"spotify":{"key":"spotify","url":"","label":"Spotify","class":"spotify","icon":"spotify.png"},"stitcher":{"key":"stitcher","url":"","label":"Stitcher","class":"stitcher","icon":"stitcher.png"},"tunein":{"key":"tunein","url":"","label":"TuneIn","class":"tunein","icon":"tunein.png"},"youtube":{"key":"youtube","url":"","label":"YouTube","class":"youtube","icon":"youtube.png"},"iheartradio":{"key":"iheartradio","url":"","label":"iHeartRadio","class":"iheartradio","icon":"iheartradio.png"},"ivoox":{"key":"ivoox","url":"","label":"iVoox","class":"ivoox","icon":"ivoox.png"}},"rssFeedUrl":"https:\/\/quechilero.com\/blog\/feed\/podcast\/si-la-vida-nos-da-limones","embedCode":"<blockquote class=\"wp-embedded-content\" data-secret=\"3UNDMCaHGa\"><a href=\"https:\/\/quechilero.com\/blog\/2006\/12\/15\/de-la-mistica\/\">De la m\u00edstica<\/a><\/blockquote><iframe sandbox=\"allow-scripts\" security=\"restricted\" src=\"https:\/\/quechilero.com\/blog\/2006\/12\/15\/de-la-mistica\/embed\/#?secret=3UNDMCaHGa\" width=\"500\" height=\"350\" title=\"\u00abDe la m\u00edstica\u00bb \u2014 Si la Vida nos da Limones...\" data-secret=\"3UNDMCaHGa\" frameborder=\"0\" marginwidth=\"0\" marginheight=\"0\" scrolling=\"no\" class=\"wp-embedded-content\"><\/iframe><script>\n\/*! This file is auto-generated *\/\n!function(d,l){\"use strict\";l.querySelector&&d.addEventListener&&\"undefined\"!=typeof URL&&(d.wp=d.wp||{},d.wp.receiveEmbedMessage||(d.wp.receiveEmbedMessage=function(e){var t=e.data;if((t||t.secret||t.message||t.value)&&!\/[^a-zA-Z0-9]\/.test(t.secret)){for(var s,r,n,a=l.querySelectorAll('iframe[data-secret=\"'+t.secret+'\"]'),o=l.querySelectorAll('blockquote[data-secret=\"'+t.secret+'\"]'),c=new RegExp(\"^https?:$\",\"i\"),i=0;i<o.length;i++)o[i].style.display=\"none\";for(i=0;i<a.length;i++)s=a[i],e.source===s.contentWindow&&(s.removeAttribute(\"style\"),\"height\"===t.message?(1e3<(r=parseInt(t.value,10))?r=1e3:~~r<200&&(r=200),s.height=r):\"link\"===t.message&&(r=new URL(s.getAttribute(\"src\")),n=new URL(t.value),c.test(n.protocol))&&n.host===r.host&&l.activeElement===s&&(d.top.location.href=t.value))}},d.addEventListener(\"message\",d.wp.receiveEmbedMessage,!1),l.addEventListener(\"DOMContentLoaded\",function(){for(var e,t,s=l.querySelectorAll(\"iframe.wp-embedded-content\"),r=0;r<s.length;r++)(t=(e=s[r]).getAttribute(\"data-secret\"))||(t=Math.random().toString(36).substring(2,12),e.src+=\"#?secret=\"+t,e.setAttribute(\"data-secret\",t)),e.contentWindow.postMessage({message:\"ready\",secret:t},\"*\")},!1)))}(window,document);\n\/\/# sourceURL=https:\/\/quechilero.com\/blog\/wp-includes\/js\/wp-embed.min.js\n<\/script>\n"},"jetpack_publicize_connections":[],"jetpack_shortlink":"https:\/\/wp.me\/pDKli-5t","jetpack_sharing_enabled":true,"jetpack-related-posts":[{"id":27276,"url":"https:\/\/quechilero.com\/blog\/2014\/03\/04\/podcast-en-la-vida-de-san-agustin-episodio-49\/","url_meta":{"origin":339,"position":0},"title":"Podcast: En la Vida de San Agust\u00edn, episodio 49","author":"Pepe Barrascout Ortiz","date":"4 marzo 2014","format":false,"excerpt":"Del \u00e9xtasis de Ostia y la muerte de M\u00f3nica La conversaci\u00f3n con las se\u00f1oras termina con la lecci\u00f3n de M\u00f3nica a sus amigas. Luego, Agust\u00edn dar\u00e1 detalles sobre la relaci\u00f3n de M\u00f3nica con su suegra. Tambi\u00e9n seremos testigos de la experiencia m\u00edstica que madre e hijo hicieron de Dios en\u2026","rel":"","context":"En \u00abPodcast\u00bb","block_context":{"text":"Podcast","link":"https:\/\/quechilero.com\/blog\/category\/podcast\/"},"img":{"alt_text":"Las 6 de la ma\u00f1ana. Podcast","src":"https:\/\/i0.wp.com\/lh3.googleusercontent.com\/-MuDpgG_t8tg\/Uics8DjfI0I\/AAAAAAAACFg\/DQ_9XUG-gUE\/s800\/san-agustin.png?resize=350%2C200&ssl=1","width":350,"height":200,"srcset":"https:\/\/i0.wp.com\/lh3.googleusercontent.com\/-MuDpgG_t8tg\/Uics8DjfI0I\/AAAAAAAACFg\/DQ_9XUG-gUE\/s800\/san-agustin.png?resize=350%2C200&ssl=1 1x, https:\/\/i0.wp.com\/lh3.googleusercontent.com\/-MuDpgG_t8tg\/Uics8DjfI0I\/AAAAAAAACFg\/DQ_9XUG-gUE\/s800\/san-agustin.png?resize=525%2C300&ssl=1 1.5x"},"classes":[]},{"id":27323,"url":"https:\/\/quechilero.com\/blog\/2013\/09\/06\/podcast-en-la-vida-de-san-agustin-episodio-02\/","url_meta":{"origin":339,"position":1},"title":"Podcast: En la Vida de San Agust\u00edn, episodio 02","author":"Pepe Barrascout Ortiz","date":"6 septiembre 2013","format":false,"excerpt":"De la escucha de Dios en las Escrituras Conocemos a Alipio y Posidio como los mejores amigos de Agust\u00edn. Los tres conversan sobre las preocupaciones de la \u00e9poca, como obispos, pastores y jueces. Los acompa\u00f1amos en el ambiente del comedor y escuchamos a Agust\u00edn sobre el significado del Cuerpo M\u00edstico\u2026","rel":"","context":"En \u00abPodcast\u00bb","block_context":{"text":"Podcast","link":"https:\/\/quechilero.com\/blog\/category\/podcast\/"},"img":{"alt_text":"Las 6 de la ma\u00f1ana. Podcast","src":"https:\/\/i0.wp.com\/lh3.googleusercontent.com\/-MuDpgG_t8tg\/Uics8DjfI0I\/AAAAAAAACFg\/DQ_9XUG-gUE\/s800\/san-agustin.png?resize=350%2C200&ssl=1","width":350,"height":200,"srcset":"https:\/\/i0.wp.com\/lh3.googleusercontent.com\/-MuDpgG_t8tg\/Uics8DjfI0I\/AAAAAAAACFg\/DQ_9XUG-gUE\/s800\/san-agustin.png?resize=350%2C200&ssl=1 1x, https:\/\/i0.wp.com\/lh3.googleusercontent.com\/-MuDpgG_t8tg\/Uics8DjfI0I\/AAAAAAAACFg\/DQ_9XUG-gUE\/s800\/san-agustin.png?resize=525%2C300&ssl=1 1.5x"},"classes":[]},{"id":16760,"url":"https:\/\/quechilero.com\/blog\/2013\/06\/12\/la-%ef%bb%bfconversion\/","url_meta":{"origin":339,"position":2},"title":"La \ufeffconversi\u00f3n","author":"Pepe Barrascout Ortiz","date":"12 junio 2013","format":false,"excerpt":"Conoc\u00ed a Regina Sylvia en la \u00e9poca hippie, cuando nuestras mentes viv\u00edan pobladas de dioses astronautas, purple haze y discos voladores. Regina camin\u00f3 por muchas rutas esot\u00e9ricas y m\u00edsticas. Hoy est\u00e1 en Piren\u00f3polis (Goi\u00e1s), dirigiendo una comunidad Cristiana, volcada a la devoci\u00f3n de Mar\u00eda. \"La conversi\u00f3n no es un momento\u2026","rel":"","context":"En \u00abLimones\u00bb","block_context":{"text":"Limones","link":"https:\/\/quechilero.com\/blog\/category\/limones\/"},"img":{"alt_text":"","src":"","width":0,"height":0},"classes":[]},{"id":19846,"url":"https:\/\/quechilero.com\/blog\/2015\/02\/22\/el-rutero-del-piloto\/","url_meta":{"origin":339,"position":3},"title":"El \u00abrutero\u00bb del piloto","author":"Pepe Barrascout Ortiz","date":"22 febrero 2015","format":false,"excerpt":"En los siglos XV y XVI, durante la era de la gran exploraci\u00f3n mar\u00edtima, los veleros atravesaban oc\u00e9anos inmensos y peligrosos y navegaban frente a costas amenazadoras. Los pilotos usaban diversas t\u00e9cnicas de navegaci\u00f3n; entre ellas, un libro llamado \"rutero\", un diario de sucesos registrados por un viajero anterior, donde\u2026","rel":"","context":"En \u00abLimones\u00bb","block_context":{"text":"Limones","link":"https:\/\/quechilero.com\/blog\/category\/limones\/"},"img":{"alt_text":"","src":"","width":0,"height":0},"classes":[]},{"id":19380,"url":"https:\/\/quechilero.com\/blog\/2014\/09\/21\/todo-lo-que-dios-creo-es-para-nuestro-placer-y-nuestro-bien\/","url_meta":{"origin":339,"position":4},"title":"Todo lo que Dios cre\u00f3 es para nuestro placer y nuestro bien","author":"Pepe Barrascout Ortiz","date":"21 septiembre 2014","format":false,"excerpt":"Dios determin\u00f3 que todas las necesidades de la vida fueran muy agradables: respirar, comer, dormir, hacer ejercicio y hacer el amor. \"T\u00fa creaste todas las cosas, y porque te place existen y fueron creadas.\" (Ap.4:11) Dios nos cre\u00f3 para disfrutar de todo ello. Cre\u00f3 esos mismos nervios que perciben sensaciones\u2026","rel":"","context":"En \u00abLimones\u00bb","block_context":{"text":"Limones","link":"https:\/\/quechilero.com\/blog\/category\/limones\/"},"img":{"alt_text":"","src":"","width":0,"height":0},"classes":[]},{"id":12970,"url":"https:\/\/quechilero.com\/blog\/2012\/03\/27\/caminata-terrenal\/","url_meta":{"origin":339,"position":5},"title":"Caminata Terrenal","author":"Pepe Barrascout Ortiz","date":"27 marzo 2012","format":false,"excerpt":"Despu\u00e9s de la misi\u00f3n del Apolo XV, el coronel James Irwin relat\u00f3 algunos de los puntos sobresalientes de su experiencia. Cont\u00f3 de sus cuerpos sin peso flotando libres en la c\u00e1psula espacial, el semic\u00edrculo en aumento de la tierra como se ve desde la luna, y el descenso triunfal de\u2026","rel":"","context":"En \u00abLimones\u00bb","block_context":{"text":"Limones","link":"https:\/\/quechilero.com\/blog\/category\/limones\/"},"img":{"alt_text":"","src":"","width":0,"height":0},"classes":[]}],"jetpack_featured_media_url":"","_links":{"self":[{"href":"https:\/\/quechilero.com\/blog\/wp-json\/wp\/v2\/posts\/339","targetHints":{"allow":["GET"]}}],"collection":[{"href":"https:\/\/quechilero.com\/blog\/wp-json\/wp\/v2\/posts"}],"about":[{"href":"https:\/\/quechilero.com\/blog\/wp-json\/wp\/v2\/types\/post"}],"author":[{"embeddable":true,"href":"https:\/\/quechilero.com\/blog\/wp-json\/wp\/v2\/users\/1"}],"replies":[{"embeddable":true,"href":"https:\/\/quechilero.com\/blog\/wp-json\/wp\/v2\/comments?post=339"}],"version-history":[{"count":0,"href":"https:\/\/quechilero.com\/blog\/wp-json\/wp\/v2\/posts\/339\/revisions"}],"wp:attachment":[{"href":"https:\/\/quechilero.com\/blog\/wp-json\/wp\/v2\/media?parent=339"}],"wp:term":[{"taxonomy":"category","embeddable":true,"href":"https:\/\/quechilero.com\/blog\/wp-json\/wp\/v2\/categories?post=339"},{"taxonomy":"post_tag","embeddable":true,"href":"https:\/\/quechilero.com\/blog\/wp-json\/wp\/v2\/tags?post=339"},{"taxonomy":"series","embeddable":true,"href":"https:\/\/quechilero.com\/blog\/wp-json\/wp\/v2\/series?post=339"}],"curies":[{"name":"wp","href":"https:\/\/api.w.org\/{rel}","templated":true}]}}