{"id":338,"date":"2006-11-29T08:40:49","date_gmt":"2006-11-29T14:40:49","guid":{"rendered":"http:\/\/quechilero.com\/blog\/2006\/11\/29\/el-caballo-y-el-cerdo\/"},"modified":"2006-11-29T08:40:49","modified_gmt":"2006-11-29T14:40:49","slug":"el-caballo-y-el-cerdo","status":"publish","type":"post","link":"https:\/\/quechilero.com\/blog\/2006\/11\/29\/el-caballo-y-el-cerdo\/","title":{"rendered":"El caballo y el cerdo"},"content":{"rendered":"<p>Un hacendado coleccionaba caballos y s\u00f3lo le faltaba una determinada raza. Un  d\u00eda se dio cuenta que su vecino ten\u00eda precisamente un caballo de esa raza. As\u00ed  que trat\u00f3, d\u00eda tras d\u00eda, de convencer a su vecino de que se lo vendiera, hasta  que lo logr\u00f3.<\/p>\n<p>Un mes despu\u00e9s, el caballo enferm\u00f3, y el nuevo due\u00f1o llam\u00f3 al veterinario,  quien le dijo: \u00abBien&#8230; su caballo tiene un virus y es necesario que tome este  medicamento por tres d\u00edas consecutivos. Despu\u00e9s de los tres d\u00edas veremos si ha  mejorado. Si no lo ha hecho, entonces no queda m\u00e1s remedio que  sacrificarlo.\u00bb<\/p>\n<p>El cerdo escuch\u00f3 la conversaci\u00f3n.<\/p>\n<p>Al siguiente d\u00eda le dieron el medicamento y se fueron. El cerdo se acerc\u00f3 y  le dijo: \u00ab\u00a1Fuerza, amigo! \u00a1Lev\u00e1ntate de ah\u00ed, o te sacrificar\u00e1n!\u00bb<\/p>\n<p>Al segundo d\u00eda le dieron otra dosis de la medicina. Cuando los hombres se  fueron, el cerdo se acerc\u00f3 y nuevamente le dijo \u00ab\u00a1Vamos, mi gran amigo!  \u00a1Lev\u00e1ntate o morir\u00e1s! \u00a1Vamos, yo te ayudo!\u00bb<\/p>\n<p>Al tercer d\u00eda le dieron la \u00faltima dosis. Al ver que no hab\u00eda mejorado, el  veterinario dijo: \u00abProbablemente vamos a tener que sacrificarlo ma\u00f1ana, porque  puede contagiarle el virus a los dem\u00e1s caballos\u00bb.<\/p>\n<p>Cuando se fueron, el cerdo se acerc\u00f3 y le dijo: \u00ab\u00a1Vamos, amigo!&#8230; \u00a1Es ahora  o nunca!&#8230; \u00a1\u00c1nimo!&#8230; \u00a1Fuerza!&#8230; Yo te ayudo&#8230; \u00a1Vamos!&#8230; Un, dos, tres&#8230;  despacio&#8230; ya casi&#8230; eso&#8230; eso&#8230; Ahora corre despacio&#8230; m\u00e1s r\u00e1pido&#8230;  \u00a1Fant\u00e1stico!&#8230; Corre&#8230; Corre&#8230; \u00a1Venciste, campe\u00f3n!\u00bb<\/p>\n<p>En eso, llega el due\u00f1o del caballo, lo ve corriendo y entusiasmado dice:  \u00ab\u00a1Milagro! \u00a1Milagro! \u00a1El caballo se ha curado! \u00a1Hay que hacer una fiesta! \u00a1Vamos  a matar al cerdo para celebrar este acontecimiento!\u00bb<\/p>\n<p>Moraleja:<\/p>\n<p>Esto sucede con frecuencia en el ambiente de trabajo y en nuestra vida: no  siempre se percibe qui\u00e9n es el verdadero motor del \u00e9xito.<\/p>\n<p>Saber vivir y ser reconocidos es un arte&#8230; y no todos somos artistas.<\/p>\n","protected":false},"excerpt":{"rendered":"<p>Un hacendado coleccionaba caballos y s\u00f3lo le faltaba una determinada raza. Un d\u00eda se dio cuenta que su vecino ten\u00eda precisamente un caballo de esa raza. As\u00ed que trat\u00f3, d\u00eda tras d\u00eda, de convencer a su vecino de que se lo vendiera, hasta que lo logr\u00f3. Un mes despu\u00e9s, el caballo enferm\u00f3, y el nuevo &#8230; <a title=\"El caballo y el cerdo\" class=\"read-more\" href=\"https:\/\/quechilero.com\/blog\/2006\/11\/29\/el-caballo-y-el-cerdo\/\" aria-label=\"Leer m\u00e1s sobre El caballo y el cerdo\">Leer m\u00e1s<\/a><\/p>\n","protected":false},"author":1,"featured_media":0,"comment_status":"open","ping_status":"open","sticky":false,"template":"","format":"standard","meta":{"advanced_seo_description":"","jetpack_seo_html_title":"","jetpack_seo_noindex":false,"jetpack_seo_schema_type":"","episode_type":"","audio_file":"","podmotor_file_id":"","podmotor_episode_id":"","cover_image":"","cover_image_id":"","duration":"","filesize":"","filesize_raw":"","date_recorded":"","explicit":"","block":"","_jetpack_newsletter_access":"","_jetpack_dont_email_post_to_subs":false,"_jetpack_newsletter_tier_id":0,"_jetpack_memberships_contains_paywalled_content":false,"_jetpack_feature_clip_id":0,"_jetpack_memberships_contains_paid_content":false,"footnotes":"","jetpack_publicize_message":"","jetpack_publicize_feature_enabled":true,"jetpack_social_post_already_shared":false,"jetpack_social_options":{"image_generator_settings":{"template":"highway","default_image_id":0,"font":"","enabled":false},"version":2},"jetpack_post_was_ever_published":false},"categories":[2],"tags":[11,18,36,41,24],"series":[],"class_list":["post-338","post","type-post","status-publish","format-standard","hentry","category-limones","tag-amigo","tag-hombre","tag-trabajo","tag-verdad","tag-vida"],"episode_featured_image":false,"episode_player_image":"https:\/\/i0.wp.com\/quechilero.com\/blog\/imagenes\/podcast.png?fit=1831%2C1831&ssl=1","download_link":"","player_link":"","audio_player":false,"episode_data":{"playerMode":"dark","subscribeUrls":{"amazon":{"key":"amazon","url":"","label":"Amazon","class":"amazon","icon":"amazon.png"},"apple_podcasts":{"key":"apple_podcasts","url":"","label":"Apple Podcasts","class":"apple_podcasts","icon":"apple-podcasts.png"},"castbox":{"key":"castbox","url":"","label":"CastBox","class":"castbox","icon":"castbox.png"},"deezer":{"key":"deezer","url":"","label":"Deezer","class":"deezer","icon":"deezer.png"},"google_podcasts":{"key":"google_podcasts","url":"","label":"Google Podcasts","class":"google_podcasts","icon":"google-podcasts.png"},"listen_notes":{"key":"listen_notes","url":"","label":"Listen Notes","class":"listen_notes","icon":"listen-notes.png"},"pandora":{"key":"pandora","url":"","label":"Pandora","class":"pandora","icon":"pandora.png"},"podbean":{"key":"podbean","url":"","label":"Podbean","class":"podbean","icon":"podbean.png"},"podcast_republic":{"key":"podcast_republic","url":"","label":"Podcast Republic","class":"podcast_republic","icon":"podcast-republic.png"},"rss":{"key":"rss","url":"","label":"RSS","class":"rss","icon":"rss.png"},"spotify":{"key":"spotify","url":"","label":"Spotify","class":"spotify","icon":"spotify.png"},"stitcher":{"key":"stitcher","url":"","label":"Stitcher","class":"stitcher","icon":"stitcher.png"},"tunein":{"key":"tunein","url":"","label":"TuneIn","class":"tunein","icon":"tunein.png"},"youtube":{"key":"youtube","url":"","label":"YouTube","class":"youtube","icon":"youtube.png"},"iheartradio":{"key":"iheartradio","url":"","label":"iHeartRadio","class":"iheartradio","icon":"iheartradio.png"},"ivoox":{"key":"ivoox","url":"","label":"iVoox","class":"ivoox","icon":"ivoox.png"}},"rssFeedUrl":"https:\/\/quechilero.com\/blog\/feed\/podcast\/si-la-vida-nos-da-limones","embedCode":"<blockquote class=\"wp-embedded-content\" data-secret=\"d84tqW0dRY\"><a href=\"https:\/\/quechilero.com\/blog\/2006\/11\/29\/el-caballo-y-el-cerdo\/\">El caballo y el cerdo<\/a><\/blockquote><iframe sandbox=\"allow-scripts\" security=\"restricted\" src=\"https:\/\/quechilero.com\/blog\/2006\/11\/29\/el-caballo-y-el-cerdo\/embed\/#?secret=d84tqW0dRY\" width=\"500\" height=\"350\" title=\"\u00abEl caballo y el cerdo\u00bb \u2014 Si la Vida nos da Limones...\" data-secret=\"d84tqW0dRY\" frameborder=\"0\" marginwidth=\"0\" marginheight=\"0\" scrolling=\"no\" class=\"wp-embedded-content\"><\/iframe><script>\n\/*! This file is auto-generated *\/\n!function(d,l){\"use strict\";l.querySelector&&d.addEventListener&&\"undefined\"!=typeof URL&&(d.wp=d.wp||{},d.wp.receiveEmbedMessage||(d.wp.receiveEmbedMessage=function(e){var t=e.data;if((t||t.secret||t.message||t.value)&&!\/[^a-zA-Z0-9]\/.test(t.secret)){for(var s,r,n,a=l.querySelectorAll('iframe[data-secret=\"'+t.secret+'\"]'),o=l.querySelectorAll('blockquote[data-secret=\"'+t.secret+'\"]'),c=new RegExp(\"^https?:$\",\"i\"),i=0;i<o.length;i++)o[i].style.display=\"none\";for(i=0;i<a.length;i++)s=a[i],e.source===s.contentWindow&&(s.removeAttribute(\"style\"),\"height\"===t.message?(1e3<(r=parseInt(t.value,10))?r=1e3:~~r<200&&(r=200),s.height=r):\"link\"===t.message&&(r=new URL(s.getAttribute(\"src\")),n=new URL(t.value),c.test(n.protocol))&&n.host===r.host&&l.activeElement===s&&(d.top.location.href=t.value))}},d.addEventListener(\"message\",d.wp.receiveEmbedMessage,!1),l.addEventListener(\"DOMContentLoaded\",function(){for(var e,t,s=l.querySelectorAll(\"iframe.wp-embedded-content\"),r=0;r<s.length;r++)(t=(e=s[r]).getAttribute(\"data-secret\"))||(t=Math.random().toString(36).substring(2,12),e.src+=\"#?secret=\"+t,e.setAttribute(\"data-secret\",t)),e.contentWindow.postMessage({message:\"ready\",secret:t},\"*\")},!1)))}(window,document);\n\/\/# sourceURL=https:\/\/quechilero.com\/blog\/wp-includes\/js\/wp-embed.min.js\n<\/script>\n"},"jetpack_publicize_connections":[],"jetpack_shortlink":"https:\/\/wp.me\/pDKli-5s","jetpack_sharing_enabled":true,"jetpack-related-posts":[{"id":513,"url":"https:\/\/quechilero.com\/blog\/2007\/04\/07\/el-cerdo-y-el-caballo\/","url_meta":{"origin":338,"position":0},"title":"El cerdo y el caballo","author":"Pepe Barrascout Ortiz","date":"7 abril 2007","format":false,"excerpt":"Hab\u00eda una vez un criador de caballos al que le faltaba uno de una determinada raza. Un d\u00eda se dio cuenta que su vecino ten\u00eda \u00e9ste caballo y lo convenci\u00f3 para que se lo vendiera. Un mes despu\u00e9s el caballo enferm\u00f3 y llam\u00f3 al veterinario que le dijo: - ?Su\u2026","rel":"","context":"En \u00abLimones\u00bb","block_context":{"text":"Limones","link":"https:\/\/quechilero.com\/blog\/category\/limones\/"},"img":{"alt_text":"","src":"","width":0,"height":0},"classes":[]},{"id":17373,"url":"https:\/\/quechilero.com\/blog\/2013\/11\/05\/ya-no-tengo-cascaras-para-mis-cerdos\/","url_meta":{"origin":338,"position":1},"title":"Ya no tengo c\u00e1scaras para mis cerdos","author":"Pepe Barrascout Ortiz","date":"5 noviembre 2013","format":false,"excerpt":"La monta\u00f1a Hefu queda a treinta li de nuestra aldea. All\u00ed, cerca de un peque\u00f1o lago, existe un templo que todos llaman el Templo de la Madre Wang. Nadie sabe en qu\u00e9 \u00e9poca vivi\u00f3 la madre Wang, pero los viejos cuentan que era una mujer que fabricaba y vend\u00eda vino.\u2026","rel":"","context":"En \u00abLimones\u00bb","block_context":{"text":"Limones","link":"https:\/\/quechilero.com\/blog\/category\/limones\/"},"img":{"alt_text":"","src":"","width":0,"height":0},"classes":[]},{"id":16820,"url":"https:\/\/quechilero.com\/blog\/2013\/07\/13\/la-vaca-y-el-cerdo\/","url_meta":{"origin":338,"position":2},"title":"La vaca y el cerdo","author":"Pepe Barrascout Ortiz","date":"13 julio 2013","format":false,"excerpt":"- \u00bfPor qu\u00e9 es as\u00ed? -dijo el hombre rico a su ministro-, \u00bfPor qu\u00e9 las personas me llaman taca\u00f1o si saben que cuando yo muera le dejar\u00e9 todo a la Iglesia y a mis hijos? - Perm\u00edtame contarle una f\u00e1bula sobre el cerdo y la vaca -dijo el ministro. El\u2026","rel":"","context":"En \u00abLimones\u00bb","block_context":{"text":"Limones","link":"https:\/\/quechilero.com\/blog\/category\/limones\/"},"img":{"alt_text":"","src":"","width":0,"height":0},"classes":[]},{"id":12551,"url":"https:\/\/quechilero.com\/blog\/2012\/02\/20\/salvados-por-animales\/","url_meta":{"origin":338,"position":3},"title":"Salvados por animales","author":"Pepe Barrascout Ortiz","date":"20 febrero 2012","format":false,"excerpt":"En 1814, los revolucionarios chilenos trataron de derrocar a los espa\u00f1oles. En una batalla muy particular los rebeldes estaban atemorizados porque estaban acorralados por los espa\u00f1oles y cuando ya las esperanzas de sobrevivir se agotaban, su l\u00edder Bernardo O'Higgins les propuso una peculiar estrategia. Pidi\u00f3 a cada hombre que buscara\u2026","rel":"","context":"En \u00abLimones\u00bb","block_context":{"text":"Limones","link":"https:\/\/quechilero.com\/blog\/category\/limones\/"},"img":{"alt_text":"","src":"","width":0,"height":0},"classes":[]},{"id":18729,"url":"https:\/\/quechilero.com\/blog\/2014\/08\/07\/alegres-y-tristes\/","url_meta":{"origin":338,"position":4},"title":"Alegres y tristes","author":"Pepe Barrascout Ortiz","date":"7 agosto 2014","format":false,"excerpt":"Cuenta una vieja leyenda que tres hombres estaban una vez cruzando un desierto a caballo durante la noche. Cuando se acercaban a un riachuelo seco escucharon una voz que les orden\u00f3 desmontarse, recoger unas piedras, pon\u00e9rselas en los bolsillos, y no mirarlas hasta la ma\u00f1ana siguiente. A los hombres se\u2026","rel":"","context":"En \u00abLimones\u00bb","block_context":{"text":"Limones","link":"https:\/\/quechilero.com\/blog\/category\/limones\/"},"img":{"alt_text":"","src":"","width":0,"height":0},"classes":[]},{"id":21209,"url":"https:\/\/quechilero.com\/blog\/2015\/06\/13\/el-cerdo-y-la-cerda\/","url_meta":{"origin":338,"position":5},"title":"El cerdo y la cerda","author":"Pepe Barrascout Ortiz","date":"13 junio 2015","format":false,"excerpt":"Hab\u00eda una vez un hombre que ten\u00eda una caba\u00f1a en las monta\u00f1as y un Porsche para llegar all\u00ed. Cada s\u00e1bado por la ma\u00f1ana, el hombre conduc\u00eda hasta su caba\u00f1a por un peligroso camino lleno de curvas cerradas, abismos sin vallas protectoras y enga\u00f1osos virajes. Pero a este hombre no le\u2026","rel":"","context":"En \u00abLimones\u00bb","block_context":{"text":"Limones","link":"https:\/\/quechilero.com\/blog\/category\/limones\/"},"img":{"alt_text":"","src":"","width":0,"height":0},"classes":[]}],"jetpack_featured_media_url":"","_links":{"self":[{"href":"https:\/\/quechilero.com\/blog\/wp-json\/wp\/v2\/posts\/338","targetHints":{"allow":["GET"]}}],"collection":[{"href":"https:\/\/quechilero.com\/blog\/wp-json\/wp\/v2\/posts"}],"about":[{"href":"https:\/\/quechilero.com\/blog\/wp-json\/wp\/v2\/types\/post"}],"author":[{"embeddable":true,"href":"https:\/\/quechilero.com\/blog\/wp-json\/wp\/v2\/users\/1"}],"replies":[{"embeddable":true,"href":"https:\/\/quechilero.com\/blog\/wp-json\/wp\/v2\/comments?post=338"}],"version-history":[{"count":0,"href":"https:\/\/quechilero.com\/blog\/wp-json\/wp\/v2\/posts\/338\/revisions"}],"wp:attachment":[{"href":"https:\/\/quechilero.com\/blog\/wp-json\/wp\/v2\/media?parent=338"}],"wp:term":[{"taxonomy":"category","embeddable":true,"href":"https:\/\/quechilero.com\/blog\/wp-json\/wp\/v2\/categories?post=338"},{"taxonomy":"post_tag","embeddable":true,"href":"https:\/\/quechilero.com\/blog\/wp-json\/wp\/v2\/tags?post=338"},{"taxonomy":"series","embeddable":true,"href":"https:\/\/quechilero.com\/blog\/wp-json\/wp\/v2\/series?post=338"}],"curies":[{"name":"wp","href":"https:\/\/api.w.org\/{rel}","templated":true}]}}