{"id":337,"date":"2006-11-30T08:42:03","date_gmt":"2006-11-30T14:42:03","guid":{"rendered":"http:\/\/quechilero.com\/blog\/2006\/11\/30\/los-caminos-del-senor\/"},"modified":"2006-11-30T08:42:03","modified_gmt":"2006-11-30T14:42:03","slug":"los-caminos-del-senor","status":"publish","type":"post","link":"https:\/\/quechilero.com\/blog\/2006\/11\/30\/los-caminos-del-senor\/","title":{"rendered":"Los caminos del Se\u00f1or"},"content":{"rendered":"<p>Tener la seguridad de que los caminos del Se\u00f1or no son los nuestros, pero s\u00ed  que son los mejores, es una afirmaci\u00f3n y una gracia de Dios poder aceptarla. Es  confiar abnegadamente en su infinita providencia, pues humanamente hablando, en  el momento de dificultad es probable que preguntemos \u00ab\u00bfPor qu\u00e9?\u00bb, pero si nos  preguntamos \u00ab\u00bfPara qu\u00e9?\u00bb, entonces cambia la respuesta.<\/p>\n<p>Todo lleva un recorrido, en el que renacer a una vida interior nueva, dejando  de lado convicciones que no nos ayudan a crecer, cambi\u00e1ndolas por principios que  nos fortalecen, sin duda que en este camino nuevo aparecer\u00e1 el Se\u00f1or, sanar\u00e1  nuestras heridas, nos subir\u00e1 sobre sus hombros y nos llevar\u00e1 a una vida m\u00e1s  plena.<\/p>\n<p>El secreto est\u00e1 en que nos entreguemos a \u00c9l como un ni\u00f1o en los brazos de su  madre. Y hablando de la madre, no tengamos duda de que Mar\u00eda, que en su infinita  bondad se entreg\u00f3 a los designios de Dios para que nuestro Salvador llegara a  este mundo y redimiera nuestros pecados, ser\u00e1 nuestra compa\u00f1era de camino.<\/p>\n<p>Yo un d\u00eda de mucho dolor en mi vida me pregunt\u00e9, sin conocer a Dios, \u00ab\u00bfPara  qu\u00e9, Se\u00f1or, este momento?\u00bb y desde hace doce a\u00f1os no me separo de Su lado.<\/p>\n<p><strong><em>Ana Mar\u00eda Ferrara<\/em><\/strong><\/p>\n","protected":false},"excerpt":{"rendered":"<p>Tener la seguridad de que los caminos del Se\u00f1or no son los nuestros, pero s\u00ed que son los mejores, es una afirmaci\u00f3n y una gracia de Dios poder aceptarla. Es confiar abnegadamente en su infinita providencia, pues humanamente hablando, en el momento de dificultad es probable que preguntemos \u00ab\u00bfPor qu\u00e9?\u00bb, pero si nos preguntamos \u00ab\u00bfPara &#8230; <a title=\"Los caminos del Se\u00f1or\" class=\"read-more\" href=\"https:\/\/quechilero.com\/blog\/2006\/11\/30\/los-caminos-del-senor\/\" aria-label=\"Leer m\u00e1s sobre Los caminos del Se\u00f1or\">Leer m\u00e1s<\/a><\/p>\n","protected":false},"author":1,"featured_media":0,"comment_status":"open","ping_status":"open","sticky":false,"template":"","format":"standard","meta":{"advanced_seo_description":"","jetpack_seo_html_title":"","jetpack_seo_noindex":false,"jetpack_seo_schema_type":"","episode_type":"","audio_file":"","podmotor_file_id":"","podmotor_episode_id":"","cover_image":"","cover_image_id":"","duration":"","filesize":"","filesize_raw":"","date_recorded":"","explicit":"","block":"","_jetpack_newsletter_access":"","_jetpack_dont_email_post_to_subs":false,"_jetpack_newsletter_tier_id":0,"_jetpack_memberships_contains_paywalled_content":false,"_jetpack_feature_clip_id":0,"_jetpack_memberships_contains_paid_content":false,"footnotes":"","jetpack_publicize_message":"","jetpack_publicize_feature_enabled":true,"jetpack_social_post_already_shared":false,"jetpack_social_options":{"image_generator_settings":{"template":"highway","default_image_id":0,"font":"","enabled":false},"version":2},"jetpack_post_was_ever_published":false},"categories":[2],"tags":[37,67,51,39,22,24],"series":[],"class_list":["post-337","post","type-post","status-publish","format-standard","hentry","category-limones","tag-ayuda","tag-crecer","tag-dios","tag-madre","tag-respuesta","tag-vida"],"episode_featured_image":false,"episode_player_image":"https:\/\/i0.wp.com\/quechilero.com\/blog\/imagenes\/podcast.png?fit=1831%2C1831&ssl=1","download_link":"","player_link":"","audio_player":false,"episode_data":{"playerMode":"dark","subscribeUrls":{"amazon":{"key":"amazon","url":"","label":"Amazon","class":"amazon","icon":"amazon.png"},"apple_podcasts":{"key":"apple_podcasts","url":"","label":"Apple Podcasts","class":"apple_podcasts","icon":"apple-podcasts.png"},"castbox":{"key":"castbox","url":"","label":"CastBox","class":"castbox","icon":"castbox.png"},"deezer":{"key":"deezer","url":"","label":"Deezer","class":"deezer","icon":"deezer.png"},"google_podcasts":{"key":"google_podcasts","url":"","label":"Google Podcasts","class":"google_podcasts","icon":"google-podcasts.png"},"listen_notes":{"key":"listen_notes","url":"","label":"Listen Notes","class":"listen_notes","icon":"listen-notes.png"},"pandora":{"key":"pandora","url":"","label":"Pandora","class":"pandora","icon":"pandora.png"},"podbean":{"key":"podbean","url":"","label":"Podbean","class":"podbean","icon":"podbean.png"},"podcast_republic":{"key":"podcast_republic","url":"","label":"Podcast Republic","class":"podcast_republic","icon":"podcast-republic.png"},"rss":{"key":"rss","url":"","label":"RSS","class":"rss","icon":"rss.png"},"spotify":{"key":"spotify","url":"","label":"Spotify","class":"spotify","icon":"spotify.png"},"stitcher":{"key":"stitcher","url":"","label":"Stitcher","class":"stitcher","icon":"stitcher.png"},"tunein":{"key":"tunein","url":"","label":"TuneIn","class":"tunein","icon":"tunein.png"},"youtube":{"key":"youtube","url":"","label":"YouTube","class":"youtube","icon":"youtube.png"},"iheartradio":{"key":"iheartradio","url":"","label":"iHeartRadio","class":"iheartradio","icon":"iheartradio.png"},"ivoox":{"key":"ivoox","url":"","label":"iVoox","class":"ivoox","icon":"ivoox.png"}},"rssFeedUrl":"https:\/\/quechilero.com\/blog\/feed\/podcast\/si-la-vida-nos-da-limones","embedCode":"<blockquote class=\"wp-embedded-content\" data-secret=\"EI5WyFtC9x\"><a href=\"https:\/\/quechilero.com\/blog\/2006\/11\/30\/los-caminos-del-senor\/\">Los caminos del Se\u00f1or<\/a><\/blockquote><iframe sandbox=\"allow-scripts\" security=\"restricted\" src=\"https:\/\/quechilero.com\/blog\/2006\/11\/30\/los-caminos-del-senor\/embed\/#?secret=EI5WyFtC9x\" width=\"500\" height=\"350\" title=\"\u00abLos caminos del Se\u00f1or\u00bb \u2014 Si la Vida nos da Limones...\" data-secret=\"EI5WyFtC9x\" frameborder=\"0\" marginwidth=\"0\" marginheight=\"0\" scrolling=\"no\" class=\"wp-embedded-content\"><\/iframe><script>\n\/*! This file is auto-generated *\/\n!function(d,l){\"use strict\";l.querySelector&&d.addEventListener&&\"undefined\"!=typeof URL&&(d.wp=d.wp||{},d.wp.receiveEmbedMessage||(d.wp.receiveEmbedMessage=function(e){var t=e.data;if((t||t.secret||t.message||t.value)&&!\/[^a-zA-Z0-9]\/.test(t.secret)){for(var s,r,n,a=l.querySelectorAll('iframe[data-secret=\"'+t.secret+'\"]'),o=l.querySelectorAll('blockquote[data-secret=\"'+t.secret+'\"]'),c=new RegExp(\"^https?:$\",\"i\"),i=0;i<o.length;i++)o[i].style.display=\"none\";for(i=0;i<a.length;i++)s=a[i],e.source===s.contentWindow&&(s.removeAttribute(\"style\"),\"height\"===t.message?(1e3<(r=parseInt(t.value,10))?r=1e3:~~r<200&&(r=200),s.height=r):\"link\"===t.message&&(r=new URL(s.getAttribute(\"src\")),n=new URL(t.value),c.test(n.protocol))&&n.host===r.host&&l.activeElement===s&&(d.top.location.href=t.value))}},d.addEventListener(\"message\",d.wp.receiveEmbedMessage,!1),l.addEventListener(\"DOMContentLoaded\",function(){for(var e,t,s=l.querySelectorAll(\"iframe.wp-embedded-content\"),r=0;r<s.length;r++)(t=(e=s[r]).getAttribute(\"data-secret\"))||(t=Math.random().toString(36).substring(2,12),e.src+=\"#?secret=\"+t,e.setAttribute(\"data-secret\",t)),e.contentWindow.postMessage({message:\"ready\",secret:t},\"*\")},!1)))}(window,document);\n\/\/# sourceURL=https:\/\/quechilero.com\/blog\/wp-includes\/js\/wp-embed.min.js\n<\/script>\n"},"jetpack_publicize_connections":[],"jetpack_shortlink":"https:\/\/wp.me\/pDKli-5r","jetpack_sharing_enabled":true,"jetpack-related-posts":[{"id":15360,"url":"https:\/\/quechilero.com\/blog\/2012\/12\/16\/tercer-domingo-de-adviento\/","url_meta":{"origin":337,"position":0},"title":"Tercer Domingo de Adviento","author":"Pepe Barrascout Ortiz","date":"16 diciembre 2012","format":false,"excerpt":"Tercer Domingo de Adviento (ciclo B) Reunida la familia o grupo de personas, se encienden las candelas del primero domingo, la del segundo y la del tercer domingo. Hermanos: A medida que avanza el Adviento y crece nuestra expectativa por un encuentro m\u00e1s intenso con Jes\u00fas, la Palabra de Dios,\u2026","rel":"","context":"En \u00abLimones\u00bb","block_context":{"text":"Limones","link":"https:\/\/quechilero.com\/blog\/category\/limones\/"},"img":{"alt_text":"","src":"https:\/\/i0.wp.com\/i392.photobucket.com\/albums\/pp7\/pepejaguar\/blog\/3-domingo-adviento.png?resize=350%2C200","width":350,"height":200,"srcset":"https:\/\/i0.wp.com\/i392.photobucket.com\/albums\/pp7\/pepejaguar\/blog\/3-domingo-adviento.png?resize=350%2C200 1x, https:\/\/i0.wp.com\/i392.photobucket.com\/albums\/pp7\/pepejaguar\/blog\/3-domingo-adviento.png?resize=525%2C300 1.5x"},"classes":[]},{"id":6452,"url":"https:\/\/quechilero.com\/blog\/2011\/02\/04\/el-hijo-malagradecido\/","url_meta":{"origin":337,"position":1},"title":"El hijo malagradecido","author":"Pepe Barrascout Ortiz","date":"4 febrero 2011","format":false,"excerpt":"Se cuenta que una se\u00f1ora de edad, viviendo en gran pobreza, se quejaba de su hijo que viv\u00eda en Estados Unidos y que era rico. Dec\u00eda que \u00e9l era cruel y malagradecido. \"\u00bf\u00c9l nunca le manda dinero?\" -le preguntaron a ella. \"Ni un centavo...\" -contest\u00f3. \"Manda frecuentemente algunos retratos, pero\u2026","rel":"","context":"En \u00abLimones\u00bb","block_context":{"text":"Limones","link":"https:\/\/quechilero.com\/blog\/category\/limones\/"},"img":{"alt_text":"","src":"","width":0,"height":0},"classes":[]},{"id":15358,"url":"https:\/\/quechilero.com\/blog\/2012\/12\/02\/primer-domingo-de-adviento\/","url_meta":{"origin":337,"position":2},"title":"Primer Domingo de Adviento","author":"Pepe Barrascout Ortiz","date":"2 diciembre 2012","format":false,"excerpt":"Primer Domingo de Adviento (ciclo B) Cabeza de Familia: Hermanos: Al iniciar hoy el Adviento, comenzamos el A\u00f1o Lit\u00fargico, s\u00edmbolo de nuestra larga traves\u00eda por la vida. Vamos caminando por el desierto, atravesando unas veces, bellos oasis; otras sofocantes desiertos. Lo hacemos con alegr\u00eda y con miedo, con fe y\u2026","rel":"","context":"En \u00abLimones\u00bb","block_context":{"text":"Limones","link":"https:\/\/quechilero.com\/blog\/category\/limones\/"},"img":{"alt_text":"","src":"https:\/\/i0.wp.com\/i392.photobucket.com\/albums\/pp7\/pepejaguar\/blog\/1-domingo-adviento.png?resize=350%2C200","width":350,"height":200,"srcset":"https:\/\/i0.wp.com\/i392.photobucket.com\/albums\/pp7\/pepejaguar\/blog\/1-domingo-adviento.png?resize=350%2C200 1x, https:\/\/i0.wp.com\/i392.photobucket.com\/albums\/pp7\/pepejaguar\/blog\/1-domingo-adviento.png?resize=525%2C300 1.5x"},"classes":[]},{"id":12450,"url":"https:\/\/quechilero.com\/blog\/2012\/06\/18\/epifania-del-senor\/","url_meta":{"origin":337,"position":3},"title":"Epifan\u00eda del Se\u00f1or","author":"Pepe Barrascout Ortiz","date":"18 junio 2012","format":false,"excerpt":"Con los pastores pas\u00f3 hace unos d\u00edas un acontecimiento extra\u00f1o que result\u00f3 bien. Cuidaban sus reba\u00f1os cumpliendo su rudo oficio cuando vieron una tan extra\u00f1a como clara visi\u00f3n de \u00e1ngeles que les dec\u00edan cosas al principio incomprensibles y al poco rato comprobadas. S\u00ed, all\u00ed, en una casucha, estaba el Ni\u00f1o\u2026","rel":"","context":"En \u00abLimones\u00bb","block_context":{"text":"Limones","link":"https:\/\/quechilero.com\/blog\/category\/limones\/"},"img":{"alt_text":"","src":"","width":0,"height":0},"classes":[]},{"id":27328,"url":"https:\/\/quechilero.com\/blog\/2010\/10\/02\/el-santo-rosario-misterios-gozosos\/","url_meta":{"origin":337,"position":4},"title":"El Santo Rosario: Misterios Gozosos","author":"Pepe Barrascout Ortiz","date":"2 octubre 2010","format":false,"excerpt":"Los Misterios Gozosos los rezamos los Lunes y S\u00e1bados \u00a0 En el nombre del Padre, y del Hijo, y del Esp\u00edritu Santo. Am\u00e9n. Dios m\u00edo, ven en mi auxilio. Se\u00f1or, date prisa en socorrerme. Gloria al Padre, Gloria al Hijo y Gloria al Esp\u00edritu Santo, Am\u00e9n. Primer Misterio Gozoso. La\u2026","rel":"","context":"En \u00abEl Santo Rosario\u00bb","block_context":{"text":"El Santo Rosario","link":"https:\/\/quechilero.com\/blog\/category\/podcast\/el-santo-rosario\/"},"img":{"alt_text":"Misterios Gozosos","src":"https:\/\/i0.wp.com\/i392.photobucket.com\/albums\/pp7\/pepejaguar\/blog\/Misterios-Gozosos_zps4a26ae91.jpg?resize=350%2C200","width":350,"height":200,"srcset":"https:\/\/i0.wp.com\/i392.photobucket.com\/albums\/pp7\/pepejaguar\/blog\/Misterios-Gozosos_zps4a26ae91.jpg?resize=350%2C200 1x, https:\/\/i0.wp.com\/i392.photobucket.com\/albums\/pp7\/pepejaguar\/blog\/Misterios-Gozosos_zps4a26ae91.jpg?resize=525%2C300 1.5x"},"classes":[]},{"id":16679,"url":"https:\/\/quechilero.com\/blog\/2013\/04\/30\/mes-de-%ef%bb%bfmaria-madre-de-dios-y-madre-nuestra\/","url_meta":{"origin":337,"position":5},"title":"Mes de \ufeffMar\u00eda, madre de Dios y madre nuestra","author":"Pepe Barrascout Ortiz","date":"30 abril 2013","format":false,"excerpt":"Mar\u00eda fue sin duda, una mujer llena de profunda alegr\u00eda, una alegr\u00eda interior, que le brotaba por su gran fe, su incondicionalidad a los designios de Dios y por supuesto, a su maternidad. La alegr\u00eda de Mar\u00eda la lleva incluso con las cruces de su vida, ya que sabe que\u2026","rel":"","context":"En \u00abLimones\u00bb","block_context":{"text":"Limones","link":"https:\/\/quechilero.com\/blog\/category\/limones\/"},"img":{"alt_text":"","src":"","width":0,"height":0},"classes":[]}],"jetpack_featured_media_url":"","_links":{"self":[{"href":"https:\/\/quechilero.com\/blog\/wp-json\/wp\/v2\/posts\/337","targetHints":{"allow":["GET"]}}],"collection":[{"href":"https:\/\/quechilero.com\/blog\/wp-json\/wp\/v2\/posts"}],"about":[{"href":"https:\/\/quechilero.com\/blog\/wp-json\/wp\/v2\/types\/post"}],"author":[{"embeddable":true,"href":"https:\/\/quechilero.com\/blog\/wp-json\/wp\/v2\/users\/1"}],"replies":[{"embeddable":true,"href":"https:\/\/quechilero.com\/blog\/wp-json\/wp\/v2\/comments?post=337"}],"version-history":[{"count":0,"href":"https:\/\/quechilero.com\/blog\/wp-json\/wp\/v2\/posts\/337\/revisions"}],"wp:attachment":[{"href":"https:\/\/quechilero.com\/blog\/wp-json\/wp\/v2\/media?parent=337"}],"wp:term":[{"taxonomy":"category","embeddable":true,"href":"https:\/\/quechilero.com\/blog\/wp-json\/wp\/v2\/categories?post=337"},{"taxonomy":"post_tag","embeddable":true,"href":"https:\/\/quechilero.com\/blog\/wp-json\/wp\/v2\/tags?post=337"},{"taxonomy":"series","embeddable":true,"href":"https:\/\/quechilero.com\/blog\/wp-json\/wp\/v2\/series?post=337"}],"curies":[{"name":"wp","href":"https:\/\/api.w.org\/{rel}","templated":true}]}}